{"id":60512,"date":"2021-01-25T23:37:13","date_gmt":"2021-01-25T23:37:13","guid":{"rendered":"https:\/\/www.ucaldas.edu.co\/portal\/?p=60512"},"modified":"2021-01-25T23:37:13","modified_gmt":"2021-01-25T23:37:13","slug":"propuestas-de-proyectos-elegibles-para-el-fortalecimiento-de-capacidades-institucionales-y-de-investigacion-de-las-instituciones-de-educacion-superior-publicas","status":"publish","type":"post","link":"https:\/\/www.ucaldas.edu.co\/portal\/propuestas-de-proyectos-elegibles-para-el-fortalecimiento-de-capacidades-institucionales-y-de-investigacion-de-las-instituciones-de-educacion-superior-publicas\/","title":{"rendered":"Propuestas de proyectos elegibles para el fortalecimiento de capacidades institucionales y de investigaci\u00f3n de las Instituciones de Educaci\u00f3n Superior P\u00fablicas"},"content":{"rendered":"<p>&nbsp;<\/p>\n<p style=\"text-align: center;\">TERCERA CONVOCATORIA CONFORMACI\u00d3N DE LISTADO<\/p>\n<p style=\"text-align: center;\"><strong>Propuestas de proyectos elegibles para el fortalecimiento de capacidades institucionales y de investigaci\u00f3n de las Instituciones de Educaci\u00f3n Superior P\u00fablicas<\/strong><\/p>\n<p style=\"text-align: right;\">25\/01\/2021<\/p>\n<p><img loading=\"lazy\" decoding=\"async\" class=\"size-full wp-image-59439 aligncenter\" src=\"https:\/\/www.ucaldas.edu.co\/portal\/wp-content\/uploads\/2020\/11\/minciencias.jpg\" alt=\"\" width=\"700\" height=\"400\" srcset=\"https:\/\/www.ucaldas.edu.co\/portal\/wp-content\/uploads\/2020\/11\/minciencias.jpg 700w, https:\/\/www.ucaldas.edu.co\/portal\/wp-content\/uploads\/2020\/11\/minciencias-300x171.jpg 300w\" sizes=\"auto, (max-width: 700px) 100vw, 700px\" \/><\/p>\n<p>Minciencias tiene abierta la convocatoria 011 con el fin de conformar un listado de propuestas de proyectos elegibles para el fortalecimiento de capacidades institucionales de las IES p\u00fablicas, en todas las \u00e1reas del conocimiento, a trav\u00e9s de:<\/p>\n<p><!--more--><\/p>\n<ol>\n<li>propuestas de proyectos de inversi\u00f3n para el fortalecimiento institucional y de investigaci\u00f3n y desarrollo experimental (I+D) o investigaci\u00f3n creaci\u00f3n, ejecutados en alianza, que aborden problem\u00e1ticas o necesidades regionales; y\/o<\/li>\n<li>ii) propuestas de proyectos de inversi\u00f3n de adecuaci\u00f3n de infraestructura y equipamiento para el desarrollo de actividades de ciencia, tecnolog\u00eda e innovaci\u00f3n o investigaci\u00f3n creaci\u00f3n.<\/li>\n<\/ol>\n<p>&nbsp;<\/p>\n<p>La convocatoria est\u00e1 dirigida a Instituciones de Educaci\u00f3n Superior \u00a0p\u00fablicas colombianas y sus sedes, registradas en el Sistema Nacional de Informaci\u00f3n de Instituciones de Educaci\u00f3n Superior (SNIES) a la fecha de la apertura de la convocatoria, reconocidas y vigiladas por el Ministerio de Educaci\u00f3n Nacional de Colombia, interesadas en fortalecer sus capacidades institucionales de acuerdo con alguno de los Mecanismos de Participaci\u00f3n de la convocatoria.<\/p>\n<p>&nbsp;<\/p>\n<p><strong>Mecanismo de Participaci\u00f3n 1:<\/strong> Propuestas de proyectos de inversi\u00f3n para el fortalecimiento institucional y de investigaci\u00f3n y desarrollo experimental (I+D) o investigaci\u00f3n creaci\u00f3n, ejecutados en alianza, que aborden problem\u00e1ticas o necesidades regionales.<\/p>\n<p><strong>\u00a0<\/strong><\/p>\n<p><strong>Mecanismo de Participaci\u00f3n 2<\/strong>: IES p\u00fablicas interesadas en adelantar proyectos de adecuaci\u00f3n de infraestructura y equipamiento para el desarrollo de actividades de CTeI o investigaci\u00f3n creaci\u00f3n, cuya necesidad se encuentre alineada con un documento estrat\u00e9gico institucional vigente al momento de la apertura de la convocatoria.<\/p>\n<p>&nbsp;<\/p>\n<p>La convocatoria cierra el 5 de abril de 2021 y fueron asignados recursos disponibles cercanos a los 78 mil millones de pesos.<\/p>\n<p>&nbsp;<\/p>\n<p><strong><a href=\"https:\/\/minciencias.gov.co\/convocatorias\/plan-bienal-convocatorias-fctei\/tercera-convocatoria-para-la-conformacion-un-listado\">Convocatoria completa aqu\u00ed<\/a><\/strong><\/p>\n<p><strong>\u00a0<\/strong><\/p>\n<p><strong>Informes: <\/strong>Oficina de Comunicaciones y Prensa Universidad de Caldas.<\/p>\n<p><strong>Redacci\u00f3n:<\/strong> *con informaci\u00f3n de minciencias.gov.co<\/p>\n<p>&nbsp;<\/p>\n","protected":false},"excerpt":{"rendered":"<p>&nbsp; TERCERA CONVOCATORIA CONFORMACI\u00d3N DE LISTADO Propuestas de proyectos elegibles para el fortalecimiento de capacidades institucionales y de investigaci\u00f3n de las Instituciones de Educaci\u00f3n Superior P\u00fablicas 25\/01\/2021 Minciencias tiene abierta la convocatoria 011 con el fin de conformar un listado de propuestas de proyectos elegibles para el fortalecimiento de capacidades institucionales de las IES p\u00fablicas, [&hellip;]<\/p>\n","protected":false},"author":2,"featured_media":59439,"comment_status":"closed","ping_status":"open","sticky":false,"template":"","format":"standard","meta":{"footnotes":""},"categories":[48,53,620],"tags":[141,191,928,4543],"class_list":["post-60512","post","type-post","status-publish","format-standard","has-post-thumbnail","hentry","category-actualidad","category-universidad-al-dia","category-ucaldas-transparente","tag-convocatoria","tag-investigacion","tag-creacion","tag-minciencias"],"yoast_head":"<!-- This site is optimized with the Yoast SEO plugin v27.5 - https:\/\/yoast.com\/product\/yoast-seo-wordpress\/ -->\n<title>Propuestas de proyectos elegibles para el fortalecimiento de capacidades institucionales y de investigaci\u00f3n de las Instituciones de Educaci\u00f3n Superior P\u00fablicas .<\/title>\n<meta name=\"robots\" content=\"index, follow, max-snippet:-1, max-image-preview:large, max-video-preview:-1\" \/>\n<link rel=\"canonical\" href=\"https:\/\/www.ucaldas.edu.co\/portal\/propuestas-de-proyectos-elegibles-para-el-fortalecimiento-de-capacidades-institucionales-y-de-investigacion-de-las-instituciones-de-educacion-superior-publicas\/\" \/>\n<script type=\"application\/ld+json\" class=\"yoast-schema-graph\">{\"@context\":\"https:\\\/\\\/schema.org\",\"@graph\":[{\"@type\":\"Article\",\"@id\":\"https:\\\/\\\/www.ucaldas.edu.co\\\/portal\\\/propuestas-de-proyectos-elegibles-para-el-fortalecimiento-de-capacidades-institucionales-y-de-investigacion-de-las-instituciones-de-educacion-superior-publicas\\\/#article\",\"isPartOf\":{\"@id\":\"https:\\\/\\\/www.ucaldas.edu.co\\\/portal\\\/propuestas-de-proyectos-elegibles-para-el-fortalecimiento-de-capacidades-institucionales-y-de-investigacion-de-las-instituciones-de-educacion-superior-publicas\\\/\"},\"author\":{\"name\":\"ofiprensa\",\"@id\":\"https:\\\/\\\/www.ucaldas.edu.co\\\/portal\\\/#\\\/schema\\\/person\\\/a1b482e23449158b4bc319926c074fdf\"},\"headline\":\"Propuestas de proyectos elegibles para el fortalecimiento de capacidades institucionales y de investigaci\u00f3n de las Instituciones de Educaci\u00f3n Superior P\u00fablicas\",\"datePublished\":\"2021-01-25T23:37:13+00:00\",\"mainEntityOfPage\":{\"@id\":\"https:\\\/\\\/www.ucaldas.edu.co\\\/portal\\\/propuestas-de-proyectos-elegibles-para-el-fortalecimiento-de-capacidades-institucionales-y-de-investigacion-de-las-instituciones-de-educacion-superior-publicas\\\/\"},\"wordCount\":362,\"publisher\":{\"@id\":\"https:\\\/\\\/www.ucaldas.edu.co\\\/portal\\\/#organization\"},\"image\":{\"@id\":\"https:\\\/\\\/www.ucaldas.edu.co\\\/portal\\\/propuestas-de-proyectos-elegibles-para-el-fortalecimiento-de-capacidades-institucionales-y-de-investigacion-de-las-instituciones-de-educacion-superior-publicas\\\/#primaryimage\"},\"thumbnailUrl\":\"https:\\\/\\\/www.ucaldas.edu.co\\\/portal\\\/wp-content\\\/uploads\\\/2020\\\/11\\\/minciencias.jpg\",\"keywords\":[\"Convocatoria\",\"investigaci\u00f3n\",\"creaci\u00f3n\",\"Minciencias\"],\"articleSection\":[\"Actualidad\",\"Universidad al D\u00eda\",\"UCaldas Transparente\"],\"inLanguage\":\"es\"},{\"@type\":\"WebPage\",\"@id\":\"https:\\\/\\\/www.ucaldas.edu.co\\\/portal\\\/propuestas-de-proyectos-elegibles-para-el-fortalecimiento-de-capacidades-institucionales-y-de-investigacion-de-las-instituciones-de-educacion-superior-publicas\\\/\",\"url\":\"https:\\\/\\\/www.ucaldas.edu.co\\\/portal\\\/propuestas-de-proyectos-elegibles-para-el-fortalecimiento-de-capacidades-institucionales-y-de-investigacion-de-las-instituciones-de-educacion-superior-publicas\\\/\",\"name\":\"Propuestas de proyectos elegibles para el fortalecimiento de capacidades institucionales y de investigaci\u00f3n de las Instituciones de Educaci\u00f3n Superior P\u00fablicas .\",\"isPartOf\":{\"@id\":\"https:\\\/\\\/www.ucaldas.edu.co\\\/portal\\\/#website\"},\"primaryImageOfPage\":{\"@id\":\"https:\\\/\\\/www.ucaldas.edu.co\\\/portal\\\/propuestas-de-proyectos-elegibles-para-el-fortalecimiento-de-capacidades-institucionales-y-de-investigacion-de-las-instituciones-de-educacion-superior-publicas\\\/#primaryimage\"},\"image\":{\"@id\":\"https:\\\/\\\/www.ucaldas.edu.co\\\/portal\\\/propuestas-de-proyectos-elegibles-para-el-fortalecimiento-de-capacidades-institucionales-y-de-investigacion-de-las-instituciones-de-educacion-superior-publicas\\\/#primaryimage\"},\"thumbnailUrl\":\"https:\\\/\\\/www.ucaldas.edu.co\\\/portal\\\/wp-content\\\/uploads\\\/2020\\\/11\\\/minciencias.jpg\",\"datePublished\":\"2021-01-25T23:37:13+00:00\",\"breadcrumb\":{\"@id\":\"https:\\\/\\\/www.ucaldas.edu.co\\\/portal\\\/propuestas-de-proyectos-elegibles-para-el-fortalecimiento-de-capacidades-institucionales-y-de-investigacion-de-las-instituciones-de-educacion-superior-publicas\\\/#breadcrumb\"},\"inLanguage\":\"es\",\"potentialAction\":[{\"@type\":\"ReadAction\",\"target\":[\"https:\\\/\\\/www.ucaldas.edu.co\\\/portal\\\/propuestas-de-proyectos-elegibles-para-el-fortalecimiento-de-capacidades-institucionales-y-de-investigacion-de-las-instituciones-de-educacion-superior-publicas\\\/\"]}]},{\"@type\":\"ImageObject\",\"inLanguage\":\"es\",\"@id\":\"https:\\\/\\\/www.ucaldas.edu.co\\\/portal\\\/propuestas-de-proyectos-elegibles-para-el-fortalecimiento-de-capacidades-institucionales-y-de-investigacion-de-las-instituciones-de-educacion-superior-publicas\\\/#primaryimage\",\"url\":\"https:\\\/\\\/www.ucaldas.edu.co\\\/portal\\\/wp-content\\\/uploads\\\/2020\\\/11\\\/minciencias.jpg\",\"contentUrl\":\"https:\\\/\\\/www.ucaldas.edu.co\\\/portal\\\/wp-content\\\/uploads\\\/2020\\\/11\\\/minciencias.jpg\",\"width\":700,\"height\":400},{\"@type\":\"BreadcrumbList\",\"@id\":\"https:\\\/\\\/www.ucaldas.edu.co\\\/portal\\\/propuestas-de-proyectos-elegibles-para-el-fortalecimiento-de-capacidades-institucionales-y-de-investigacion-de-las-instituciones-de-educacion-superior-publicas\\\/#breadcrumb\",\"itemListElement\":[{\"@type\":\"ListItem\",\"position\":1,\"name\":\"Portada\",\"item\":\"https:\\\/\\\/www.ucaldas.edu.co\\\/portal\\\/\"},{\"@type\":\"ListItem\",\"position\":2,\"name\":\"Propuestas de proyectos elegibles para el fortalecimiento de capacidades institucionales y de investigaci\u00f3n de las Instituciones de Educaci\u00f3n Superior P\u00fablicas\"}]},{\"@type\":\"WebSite\",\"@id\":\"https:\\\/\\\/www.ucaldas.edu.co\\\/portal\\\/#website\",\"url\":\"https:\\\/\\\/www.ucaldas.edu.co\\\/portal\\\/\",\"name\":\"Universidad de Caldas\",\"description\":\"\",\"publisher\":{\"@id\":\"https:\\\/\\\/www.ucaldas.edu.co\\\/portal\\\/#organization\"},\"alternateName\":\"U. de Caldas\",\"potentialAction\":[{\"@type\":\"SearchAction\",\"target\":{\"@type\":\"EntryPoint\",\"urlTemplate\":\"https:\\\/\\\/www.ucaldas.edu.co\\\/portal\\\/?s={search_term_string}\"},\"query-input\":{\"@type\":\"PropertyValueSpecification\",\"valueRequired\":true,\"valueName\":\"search_term_string\"}}],\"inLanguage\":\"es\"},{\"@type\":\"Organization\",\"@id\":\"https:\\\/\\\/www.ucaldas.edu.co\\\/portal\\\/#organization\",\"name\":\"Universidad de Caldas\",\"alternateName\":\"U. de Caldas\",\"url\":\"https:\\\/\\\/www.ucaldas.edu.co\\\/portal\\\/\",\"logo\":{\"@type\":\"ImageObject\",\"inLanguage\":\"es\",\"@id\":\"https:\\\/\\\/www.ucaldas.edu.co\\\/portal\\\/#\\\/schema\\\/logo\\\/image\\\/\",\"url\":\"https:\\\/\\\/www.ucaldas.edu.co\\\/portal\\\/wp-content\\\/uploads\\\/2023\\\/11\\\/Logo_horizontal_oscuroU-2023.png\",\"contentUrl\":\"https:\\\/\\\/www.ucaldas.edu.co\\\/portal\\\/wp-content\\\/uploads\\\/2023\\\/11\\\/Logo_horizontal_oscuroU-2023.png\",\"width\":263,\"height\":101,\"caption\":\"Universidad de Caldas\"},\"image\":{\"@id\":\"https:\\\/\\\/www.ucaldas.edu.co\\\/portal\\\/#\\\/schema\\\/logo\\\/image\\\/\"},\"sameAs\":[\"https:\\\/\\\/www.facebook.com\\\/udecaldas\",\"https:\\\/\\\/x.com\\\/udecaldas\",\"https:\\\/\\\/www.youtube.com\\\/universidadcaldas\",\"https:\\\/\\\/www.instagram.com\\\/udecaldas\\\/\"]},{\"@type\":\"Person\",\"@id\":\"https:\\\/\\\/www.ucaldas.edu.co\\\/portal\\\/#\\\/schema\\\/person\\\/a1b482e23449158b4bc319926c074fdf\",\"name\":\"ofiprensa\",\"image\":{\"@type\":\"ImageObject\",\"inLanguage\":\"es\",\"@id\":\"https:\\\/\\\/www.ucaldas.edu.co\\\/portal\\\/wp-content\\\/litespeed\\\/avatar\\\/09ea5085e600095a7a811142c6944527.jpg?ver=1777497608\",\"url\":\"https:\\\/\\\/www.ucaldas.edu.co\\\/portal\\\/wp-content\\\/litespeed\\\/avatar\\\/09ea5085e600095a7a811142c6944527.jpg?ver=1777497608\",\"contentUrl\":\"https:\\\/\\\/www.ucaldas.edu.co\\\/portal\\\/wp-content\\\/litespeed\\\/avatar\\\/09ea5085e600095a7a811142c6944527.jpg?ver=1777497608\",\"caption\":\"ofiprensa\"},\"url\":\"https:\\\/\\\/www.ucaldas.edu.co\\\/portal\\\/author\\\/ofiprensa\\\/\"}]}<\/script>\n<!-- \/ Yoast SEO plugin. -->","yoast_head_json":{"title":"Propuestas de proyectos elegibles para el fortalecimiento de capacidades institucionales y de investigaci\u00f3n de las Instituciones de Educaci\u00f3n Superior P\u00fablicas .","robots":{"index":"index","follow":"follow","max-snippet":"max-snippet:-1","max-image-preview":"max-image-preview:large","max-video-preview":"max-video-preview:-1"},"canonical":"https:\/\/www.ucaldas.edu.co\/portal\/propuestas-de-proyectos-elegibles-para-el-fortalecimiento-de-capacidades-institucionales-y-de-investigacion-de-las-instituciones-de-educacion-superior-publicas\/","schema":{"@context":"https:\/\/schema.org","@graph":[{"@type":"Article","@id":"https:\/\/www.ucaldas.edu.co\/portal\/propuestas-de-proyectos-elegibles-para-el-fortalecimiento-de-capacidades-institucionales-y-de-investigacion-de-las-instituciones-de-educacion-superior-publicas\/#article","isPartOf":{"@id":"https:\/\/www.ucaldas.edu.co\/portal\/propuestas-de-proyectos-elegibles-para-el-fortalecimiento-de-capacidades-institucionales-y-de-investigacion-de-las-instituciones-de-educacion-superior-publicas\/"},"author":{"name":"ofiprensa","@id":"https:\/\/www.ucaldas.edu.co\/portal\/#\/schema\/person\/a1b482e23449158b4bc319926c074fdf"},"headline":"Propuestas de proyectos elegibles para el fortalecimiento de capacidades institucionales y de investigaci\u00f3n de las Instituciones de Educaci\u00f3n Superior P\u00fablicas","datePublished":"2021-01-25T23:37:13+00:00","mainEntityOfPage":{"@id":"https:\/\/www.ucaldas.edu.co\/portal\/propuestas-de-proyectos-elegibles-para-el-fortalecimiento-de-capacidades-institucionales-y-de-investigacion-de-las-instituciones-de-educacion-superior-publicas\/"},"wordCount":362,"publisher":{"@id":"https:\/\/www.ucaldas.edu.co\/portal\/#organization"},"image":{"@id":"https:\/\/www.ucaldas.edu.co\/portal\/propuestas-de-proyectos-elegibles-para-el-fortalecimiento-de-capacidades-institucionales-y-de-investigacion-de-las-instituciones-de-educacion-superior-publicas\/#primaryimage"},"thumbnailUrl":"https:\/\/www.ucaldas.edu.co\/portal\/wp-content\/uploads\/2020\/11\/minciencias.jpg","keywords":["Convocatoria","investigaci\u00f3n","creaci\u00f3n","Minciencias"],"articleSection":["Actualidad","Universidad al D\u00eda","UCaldas Transparente"],"inLanguage":"es"},{"@type":"WebPage","@id":"https:\/\/www.ucaldas.edu.co\/portal\/propuestas-de-proyectos-elegibles-para-el-fortalecimiento-de-capacidades-institucionales-y-de-investigacion-de-las-instituciones-de-educacion-superior-publicas\/","url":"https:\/\/www.ucaldas.edu.co\/portal\/propuestas-de-proyectos-elegibles-para-el-fortalecimiento-de-capacidades-institucionales-y-de-investigacion-de-las-instituciones-de-educacion-superior-publicas\/","name":"Propuestas de proyectos elegibles para el fortalecimiento de capacidades institucionales y de investigaci\u00f3n de las Instituciones de Educaci\u00f3n Superior P\u00fablicas .","isPartOf":{"@id":"https:\/\/www.ucaldas.edu.co\/portal\/#website"},"primaryImageOfPage":{"@id":"https:\/\/www.ucaldas.edu.co\/portal\/propuestas-de-proyectos-elegibles-para-el-fortalecimiento-de-capacidades-institucionales-y-de-investigacion-de-las-instituciones-de-educacion-superior-publicas\/#primaryimage"},"image":{"@id":"https:\/\/www.ucaldas.edu.co\/portal\/propuestas-de-proyectos-elegibles-para-el-fortalecimiento-de-capacidades-institucionales-y-de-investigacion-de-las-instituciones-de-educacion-superior-publicas\/#primaryimage"},"thumbnailUrl":"https:\/\/www.ucaldas.edu.co\/portal\/wp-content\/uploads\/2020\/11\/minciencias.jpg","datePublished":"2021-01-25T23:37:13+00:00","breadcrumb":{"@id":"https:\/\/www.ucaldas.edu.co\/portal\/propuestas-de-proyectos-elegibles-para-el-fortalecimiento-de-capacidades-institucionales-y-de-investigacion-de-las-instituciones-de-educacion-superior-publicas\/#breadcrumb"},"inLanguage":"es","potentialAction":[{"@type":"ReadAction","target":["https:\/\/www.ucaldas.edu.co\/portal\/propuestas-de-proyectos-elegibles-para-el-fortalecimiento-de-capacidades-institucionales-y-de-investigacion-de-las-instituciones-de-educacion-superior-publicas\/"]}]},{"@type":"ImageObject","inLanguage":"es","@id":"https:\/\/www.ucaldas.edu.co\/portal\/propuestas-de-proyectos-elegibles-para-el-fortalecimiento-de-capacidades-institucionales-y-de-investigacion-de-las-instituciones-de-educacion-superior-publicas\/#primaryimage","url":"https:\/\/www.ucaldas.edu.co\/portal\/wp-content\/uploads\/2020\/11\/minciencias.jpg","contentUrl":"https:\/\/www.ucaldas.edu.co\/portal\/wp-content\/uploads\/2020\/11\/minciencias.jpg","width":700,"height":400},{"@type":"BreadcrumbList","@id":"https:\/\/www.ucaldas.edu.co\/portal\/propuestas-de-proyectos-elegibles-para-el-fortalecimiento-de-capacidades-institucionales-y-de-investigacion-de-las-instituciones-de-educacion-superior-publicas\/#breadcrumb","itemListElement":[{"@type":"ListItem","position":1,"name":"Portada","item":"https:\/\/www.ucaldas.edu.co\/portal\/"},{"@type":"ListItem","position":2,"name":"Propuestas de proyectos elegibles para el fortalecimiento de capacidades institucionales y de investigaci\u00f3n de las Instituciones de Educaci\u00f3n Superior P\u00fablicas"}]},{"@type":"WebSite","@id":"https:\/\/www.ucaldas.edu.co\/portal\/#website","url":"https:\/\/www.ucaldas.edu.co\/portal\/","name":"Universidad de Caldas","description":"","publisher":{"@id":"https:\/\/www.ucaldas.edu.co\/portal\/#organization"},"alternateName":"U. de Caldas","potentialAction":[{"@type":"SearchAction","target":{"@type":"EntryPoint","urlTemplate":"https:\/\/www.ucaldas.edu.co\/portal\/?s={search_term_string}"},"query-input":{"@type":"PropertyValueSpecification","valueRequired":true,"valueName":"search_term_string"}}],"inLanguage":"es"},{"@type":"Organization","@id":"https:\/\/www.ucaldas.edu.co\/portal\/#organization","name":"Universidad de Caldas","alternateName":"U. de Caldas","url":"https:\/\/www.ucaldas.edu.co\/portal\/","logo":{"@type":"ImageObject","inLanguage":"es","@id":"https:\/\/www.ucaldas.edu.co\/portal\/#\/schema\/logo\/image\/","url":"https:\/\/www.ucaldas.edu.co\/portal\/wp-content\/uploads\/2023\/11\/Logo_horizontal_oscuroU-2023.png","contentUrl":"https:\/\/www.ucaldas.edu.co\/portal\/wp-content\/uploads\/2023\/11\/Logo_horizontal_oscuroU-2023.png","width":263,"height":101,"caption":"Universidad de Caldas"},"image":{"@id":"https:\/\/www.ucaldas.edu.co\/portal\/#\/schema\/logo\/image\/"},"sameAs":["https:\/\/www.facebook.com\/udecaldas","https:\/\/x.com\/udecaldas","https:\/\/www.youtube.com\/universidadcaldas","https:\/\/www.instagram.com\/udecaldas\/"]},{"@type":"Person","@id":"https:\/\/www.ucaldas.edu.co\/portal\/#\/schema\/person\/a1b482e23449158b4bc319926c074fdf","name":"ofiprensa","image":{"@type":"ImageObject","inLanguage":"es","@id":"https:\/\/www.ucaldas.edu.co\/portal\/wp-content\/litespeed\/avatar\/09ea5085e600095a7a811142c6944527.jpg?ver=1777497608","url":"https:\/\/www.ucaldas.edu.co\/portal\/wp-content\/litespeed\/avatar\/09ea5085e600095a7a811142c6944527.jpg?ver=1777497608","contentUrl":"https:\/\/www.ucaldas.edu.co\/portal\/wp-content\/litespeed\/avatar\/09ea5085e600095a7a811142c6944527.jpg?ver=1777497608","caption":"ofiprensa"},"url":"https:\/\/www.ucaldas.edu.co\/portal\/author\/ofiprensa\/"}]}},"_links":{"self":[{"href":"https:\/\/www.ucaldas.edu.co\/portal\/wp-json\/wp\/v2\/posts\/60512","targetHints":{"allow":["GET"]}}],"collection":[{"href":"https:\/\/www.ucaldas.edu.co\/portal\/wp-json\/wp\/v2\/posts"}],"about":[{"href":"https:\/\/www.ucaldas.edu.co\/portal\/wp-json\/wp\/v2\/types\/post"}],"author":[{"embeddable":true,"href":"https:\/\/www.ucaldas.edu.co\/portal\/wp-json\/wp\/v2\/users\/2"}],"replies":[{"embeddable":true,"href":"https:\/\/www.ucaldas.edu.co\/portal\/wp-json\/wp\/v2\/comments?post=60512"}],"version-history":[{"count":0,"href":"https:\/\/www.ucaldas.edu.co\/portal\/wp-json\/wp\/v2\/posts\/60512\/revisions"}],"wp:featuredmedia":[{"embeddable":true,"href":"https:\/\/www.ucaldas.edu.co\/portal\/wp-json\/wp\/v2\/media\/59439"}],"wp:attachment":[{"href":"https:\/\/www.ucaldas.edu.co\/portal\/wp-json\/wp\/v2\/media?parent=60512"}],"wp:term":[{"taxonomy":"category","embeddable":true,"href":"https:\/\/www.ucaldas.edu.co\/portal\/wp-json\/wp\/v2\/categories?post=60512"},{"taxonomy":"post_tag","embeddable":true,"href":"https:\/\/www.ucaldas.edu.co\/portal\/wp-json\/wp\/v2\/tags?post=60512"}],"curies":[{"name":"wp","href":"https:\/\/api.w.org\/{rel}","templated":true}]}}