{"id":60318,"date":"2020-12-19T00:15:06","date_gmt":"2020-12-19T00:15:06","guid":{"rendered":"https:\/\/www.ucaldas.edu.co\/portal\/?p=60318"},"modified":"2020-12-19T00:15:06","modified_gmt":"2020-12-19T00:15:06","slug":"mediante-el-acuerdo-n-40-el-consejo-superior-aprobo-el-presupuesto-para-la-vigencia-fiscal-2021","status":"publish","type":"post","link":"https:\/\/www.ucaldas.edu.co\/portal\/mediante-el-acuerdo-n-40-el-consejo-superior-aprobo-el-presupuesto-para-la-vigencia-fiscal-2021\/","title":{"rendered":"Mediante el Acuerdo N\u00b0 40 el Consejo Superior aprob\u00f3 el presupuesto para la vigencia fiscal 2021"},"content":{"rendered":"<p style=\"text-align: center;\">EL PRESUPUESTO APROBADO FUE DE $190.661.689.143<\/p>\n<p style=\"text-align: center;\"><strong>Mediante el Acuerdo N\u00b0 40 el Consejo Superior aprob\u00f3 el presupuesto para la vigencia fiscal 2021<\/strong><\/p>\n<p style=\"text-align: right;\">18\/12\/2020<\/p>\n<p><img loading=\"lazy\" decoding=\"async\" class=\"size-full wp-image-60303 aligncenter\" src=\"https:\/\/www.ucaldas.edu.co\/portal\/wp-content\/uploads\/2020\/12\/consejo-superior.jpg\" alt=\"\" width=\"700\" height=\"400\" srcset=\"https:\/\/www.ucaldas.edu.co\/portal\/wp-content\/uploads\/2020\/12\/consejo-superior.jpg 700w, https:\/\/www.ucaldas.edu.co\/portal\/wp-content\/uploads\/2020\/12\/consejo-superior-300x171.jpg 300w\" sizes=\"auto, (max-width: 700px) 100vw, 700px\" \/><\/p>\n<p>El Consejo Superior de la Universidad de Caldas, mediante el Acuerdo N\u00b0 40 del 9 de diciembre del presente a\u00f1o, aprob\u00f3 el presupuesto de ingresos y gastos de la instituci\u00f3n para la vigencia fiscal 2021.<\/p>\n<p>&nbsp;<\/p>\n<p>El Acuerdo se da en cumplimiento de la misi\u00f3n de la Universidad de Caldas y con base en el Acuerdo N\u00b0 01 de 1998 Estatuto Financiero, por el que se hace necesario aprobar el presupuesto de ingresos y gastos de la instituci\u00f3n para la vigencia fiscal 2021, por parte del Consejo Superior de acuerdo con lo establecido en el art\u00edculo 9, numeral 6, del Acuerdo N\u00b0 47 de 2017.<\/p>\n<p>&nbsp;<\/p>\n<p>El Consejo aprob\u00f3 un presupuesto de ingresos (ingresos corrientes y aportes de la Naci\u00f3n) de la Universidad de Caldas para la vigencia fiscal comprendida entre el 1 de enero y el 31 de diciembre de 2021 en la suma de $190.661.689.143 (ciento noventa mil seiscientos sesenta y un millones seiscientos ochenta y nueve mil ciento cuarenta y tres pesos).<\/p>\n<p>&nbsp;<\/p>\n<p>En concordancia con el Acuerdo N\u00b0 01 de 1998 del Estatuto Financiero, en su art\u00edculo 32, el Rector cuando lo considere necesario propondr\u00e1 al Consejo Superior la reducci\u00f3n o el aplazamiento de las apropiaciones presupuestales a efectos de conservar el equilibrio presupuestal y superar el faltante presupuestal.<\/p>\n<p>&nbsp;<\/p>\n<p>La administraci\u00f3n a trav\u00e9s de las estrategias que sean avaladas por el Consejo Superior, gestionara la superaci\u00f3n del faltante presupuestal para la vigencia 2021 por valor de $25.166.130.980, las cuales hacen parte constitutiva del manual de presupuesto.<\/p>\n<p>&nbsp;<\/p>\n<p><strong><a href=\"https:\/\/www.ucaldas.edu.co\/portal\/wp-content\/uploads\/2020\/12\/Acuerdo-40-Aprobaci\u00f3n-presupuesto-2021-firmado.pdf\">Conozca aqu\u00ed el acuerdo completo.<\/a><\/strong><\/p>\n<p>&nbsp;<\/p>\n<p><strong>Informes: <\/strong>Oficina de Comunicaciones y Prensa Universidad de Caldas.<\/p>\n<p><strong>Redacci\u00f3n:<\/strong> Mateo Buritic\u00e1 Giraldo<\/p>\n<p>&nbsp;<\/p>\n","protected":false},"excerpt":{"rendered":"<p>EL PRESUPUESTO APROBADO FUE DE $190.661.689.143 Mediante el Acuerdo N\u00b0 40 el Consejo Superior aprob\u00f3 el presupuesto para la vigencia fiscal 2021 18\/12\/2020 El Consejo Superior de la Universidad de Caldas, mediante el Acuerdo N\u00b0 40 del 9 de diciembre del presente a\u00f1o, aprob\u00f3 el presupuesto de ingresos y gastos de la instituci\u00f3n para la [&hellip;]<\/p>\n","protected":false},"author":2,"featured_media":60303,"comment_status":"closed","ping_status":"open","sticky":false,"template":"","format":"standard","meta":{"footnotes":""},"categories":[48,53],"tags":[1090,5716],"class_list":["post-60318","post","type-post","status-publish","format-standard","has-post-thumbnail","hentry","category-actualidad","category-universidad-al-dia","tag-consejo-superior","tag-presupuesto-universidad-de-caldas"],"yoast_head":"<!-- This site is optimized with the Yoast SEO plugin v27.5 - https:\/\/yoast.com\/product\/yoast-seo-wordpress\/ -->\n<title>Mediante el Acuerdo N\u00b0 40 el Consejo Superior aprob\u00f3 el presupuesto para la vigencia fiscal 2021 .<\/title>\n<meta name=\"robots\" content=\"index, follow, max-snippet:-1, max-image-preview:large, max-video-preview:-1\" \/>\n<link rel=\"canonical\" href=\"https:\/\/www.ucaldas.edu.co\/portal\/mediante-el-acuerdo-n-40-el-consejo-superior-aprobo-el-presupuesto-para-la-vigencia-fiscal-2021\/\" \/>\n<script type=\"application\/ld+json\" class=\"yoast-schema-graph\">{\"@context\":\"https:\\\/\\\/schema.org\",\"@graph\":[{\"@type\":\"Article\",\"@id\":\"https:\\\/\\\/www.ucaldas.edu.co\\\/portal\\\/mediante-el-acuerdo-n-40-el-consejo-superior-aprobo-el-presupuesto-para-la-vigencia-fiscal-2021\\\/#article\",\"isPartOf\":{\"@id\":\"https:\\\/\\\/www.ucaldas.edu.co\\\/portal\\\/mediante-el-acuerdo-n-40-el-consejo-superior-aprobo-el-presupuesto-para-la-vigencia-fiscal-2021\\\/\"},\"author\":{\"name\":\"ofiprensa\",\"@id\":\"https:\\\/\\\/www.ucaldas.edu.co\\\/portal\\\/#\\\/schema\\\/person\\\/a1b482e23449158b4bc319926c074fdf\"},\"headline\":\"Mediante el Acuerdo N\u00b0 40 el Consejo Superior aprob\u00f3 el presupuesto para la vigencia fiscal 2021\",\"datePublished\":\"2020-12-19T00:15:06+00:00\",\"mainEntityOfPage\":{\"@id\":\"https:\\\/\\\/www.ucaldas.edu.co\\\/portal\\\/mediante-el-acuerdo-n-40-el-consejo-superior-aprobo-el-presupuesto-para-la-vigencia-fiscal-2021\\\/\"},\"wordCount\":298,\"publisher\":{\"@id\":\"https:\\\/\\\/www.ucaldas.edu.co\\\/portal\\\/#organization\"},\"image\":{\"@id\":\"https:\\\/\\\/www.ucaldas.edu.co\\\/portal\\\/mediante-el-acuerdo-n-40-el-consejo-superior-aprobo-el-presupuesto-para-la-vigencia-fiscal-2021\\\/#primaryimage\"},\"thumbnailUrl\":\"https:\\\/\\\/www.ucaldas.edu.co\\\/portal\\\/wp-content\\\/uploads\\\/2020\\\/12\\\/consejo-superior.jpg\",\"keywords\":[\"Consejo Superior\",\"presupuesto universidad de caldas\"],\"articleSection\":[\"Actualidad\",\"Universidad al D\u00eda\"],\"inLanguage\":\"es\"},{\"@type\":\"WebPage\",\"@id\":\"https:\\\/\\\/www.ucaldas.edu.co\\\/portal\\\/mediante-el-acuerdo-n-40-el-consejo-superior-aprobo-el-presupuesto-para-la-vigencia-fiscal-2021\\\/\",\"url\":\"https:\\\/\\\/www.ucaldas.edu.co\\\/portal\\\/mediante-el-acuerdo-n-40-el-consejo-superior-aprobo-el-presupuesto-para-la-vigencia-fiscal-2021\\\/\",\"name\":\"Mediante el Acuerdo N\u00b0 40 el Consejo Superior aprob\u00f3 el presupuesto para la vigencia fiscal 2021 .\",\"isPartOf\":{\"@id\":\"https:\\\/\\\/www.ucaldas.edu.co\\\/portal\\\/#website\"},\"primaryImageOfPage\":{\"@id\":\"https:\\\/\\\/www.ucaldas.edu.co\\\/portal\\\/mediante-el-acuerdo-n-40-el-consejo-superior-aprobo-el-presupuesto-para-la-vigencia-fiscal-2021\\\/#primaryimage\"},\"image\":{\"@id\":\"https:\\\/\\\/www.ucaldas.edu.co\\\/portal\\\/mediante-el-acuerdo-n-40-el-consejo-superior-aprobo-el-presupuesto-para-la-vigencia-fiscal-2021\\\/#primaryimage\"},\"thumbnailUrl\":\"https:\\\/\\\/www.ucaldas.edu.co\\\/portal\\\/wp-content\\\/uploads\\\/2020\\\/12\\\/consejo-superior.jpg\",\"datePublished\":\"2020-12-19T00:15:06+00:00\",\"breadcrumb\":{\"@id\":\"https:\\\/\\\/www.ucaldas.edu.co\\\/portal\\\/mediante-el-acuerdo-n-40-el-consejo-superior-aprobo-el-presupuesto-para-la-vigencia-fiscal-2021\\\/#breadcrumb\"},\"inLanguage\":\"es\",\"potentialAction\":[{\"@type\":\"ReadAction\",\"target\":[\"https:\\\/\\\/www.ucaldas.edu.co\\\/portal\\\/mediante-el-acuerdo-n-40-el-consejo-superior-aprobo-el-presupuesto-para-la-vigencia-fiscal-2021\\\/\"]}]},{\"@type\":\"ImageObject\",\"inLanguage\":\"es\",\"@id\":\"https:\\\/\\\/www.ucaldas.edu.co\\\/portal\\\/mediante-el-acuerdo-n-40-el-consejo-superior-aprobo-el-presupuesto-para-la-vigencia-fiscal-2021\\\/#primaryimage\",\"url\":\"https:\\\/\\\/www.ucaldas.edu.co\\\/portal\\\/wp-content\\\/uploads\\\/2020\\\/12\\\/consejo-superior.jpg\",\"contentUrl\":\"https:\\\/\\\/www.ucaldas.edu.co\\\/portal\\\/wp-content\\\/uploads\\\/2020\\\/12\\\/consejo-superior.jpg\",\"width\":700,\"height\":400},{\"@type\":\"BreadcrumbList\",\"@id\":\"https:\\\/\\\/www.ucaldas.edu.co\\\/portal\\\/mediante-el-acuerdo-n-40-el-consejo-superior-aprobo-el-presupuesto-para-la-vigencia-fiscal-2021\\\/#breadcrumb\",\"itemListElement\":[{\"@type\":\"ListItem\",\"position\":1,\"name\":\"Portada\",\"item\":\"https:\\\/\\\/www.ucaldas.edu.co\\\/portal\\\/\"},{\"@type\":\"ListItem\",\"position\":2,\"name\":\"Mediante el Acuerdo N\u00b0 40 el Consejo Superior aprob\u00f3 el presupuesto para la vigencia fiscal 2021\"}]},{\"@type\":\"WebSite\",\"@id\":\"https:\\\/\\\/www.ucaldas.edu.co\\\/portal\\\/#website\",\"url\":\"https:\\\/\\\/www.ucaldas.edu.co\\\/portal\\\/\",\"name\":\"Universidad de Caldas\",\"description\":\"\",\"publisher\":{\"@id\":\"https:\\\/\\\/www.ucaldas.edu.co\\\/portal\\\/#organization\"},\"alternateName\":\"U. de Caldas\",\"potentialAction\":[{\"@type\":\"SearchAction\",\"target\":{\"@type\":\"EntryPoint\",\"urlTemplate\":\"https:\\\/\\\/www.ucaldas.edu.co\\\/portal\\\/?s={search_term_string}\"},\"query-input\":{\"@type\":\"PropertyValueSpecification\",\"valueRequired\":true,\"valueName\":\"search_term_string\"}}],\"inLanguage\":\"es\"},{\"@type\":\"Organization\",\"@id\":\"https:\\\/\\\/www.ucaldas.edu.co\\\/portal\\\/#organization\",\"name\":\"Universidad de Caldas\",\"alternateName\":\"U. de Caldas\",\"url\":\"https:\\\/\\\/www.ucaldas.edu.co\\\/portal\\\/\",\"logo\":{\"@type\":\"ImageObject\",\"inLanguage\":\"es\",\"@id\":\"https:\\\/\\\/www.ucaldas.edu.co\\\/portal\\\/#\\\/schema\\\/logo\\\/image\\\/\",\"url\":\"https:\\\/\\\/www.ucaldas.edu.co\\\/portal\\\/wp-content\\\/uploads\\\/2023\\\/11\\\/Logo_horizontal_oscuroU-2023.png\",\"contentUrl\":\"https:\\\/\\\/www.ucaldas.edu.co\\\/portal\\\/wp-content\\\/uploads\\\/2023\\\/11\\\/Logo_horizontal_oscuroU-2023.png\",\"width\":263,\"height\":101,\"caption\":\"Universidad de Caldas\"},\"image\":{\"@id\":\"https:\\\/\\\/www.ucaldas.edu.co\\\/portal\\\/#\\\/schema\\\/logo\\\/image\\\/\"},\"sameAs\":[\"https:\\\/\\\/www.facebook.com\\\/udecaldas\",\"https:\\\/\\\/x.com\\\/udecaldas\",\"https:\\\/\\\/www.youtube.com\\\/universidadcaldas\",\"https:\\\/\\\/www.instagram.com\\\/udecaldas\\\/\"]},{\"@type\":\"Person\",\"@id\":\"https:\\\/\\\/www.ucaldas.edu.co\\\/portal\\\/#\\\/schema\\\/person\\\/a1b482e23449158b4bc319926c074fdf\",\"name\":\"ofiprensa\",\"image\":{\"@type\":\"ImageObject\",\"inLanguage\":\"es\",\"@id\":\"https:\\\/\\\/www.ucaldas.edu.co\\\/portal\\\/wp-content\\\/litespeed\\\/avatar\\\/09ea5085e600095a7a811142c6944527.jpg?ver=1777497608\",\"url\":\"https:\\\/\\\/www.ucaldas.edu.co\\\/portal\\\/wp-content\\\/litespeed\\\/avatar\\\/09ea5085e600095a7a811142c6944527.jpg?ver=1777497608\",\"contentUrl\":\"https:\\\/\\\/www.ucaldas.edu.co\\\/portal\\\/wp-content\\\/litespeed\\\/avatar\\\/09ea5085e600095a7a811142c6944527.jpg?ver=1777497608\",\"caption\":\"ofiprensa\"},\"url\":\"https:\\\/\\\/www.ucaldas.edu.co\\\/portal\\\/author\\\/ofiprensa\\\/\"}]}<\/script>\n<!-- \/ Yoast SEO plugin. -->","yoast_head_json":{"title":"Mediante el Acuerdo N\u00b0 40 el Consejo Superior aprob\u00f3 el presupuesto para la vigencia fiscal 2021 .","robots":{"index":"index","follow":"follow","max-snippet":"max-snippet:-1","max-image-preview":"max-image-preview:large","max-video-preview":"max-video-preview:-1"},"canonical":"https:\/\/www.ucaldas.edu.co\/portal\/mediante-el-acuerdo-n-40-el-consejo-superior-aprobo-el-presupuesto-para-la-vigencia-fiscal-2021\/","schema":{"@context":"https:\/\/schema.org","@graph":[{"@type":"Article","@id":"https:\/\/www.ucaldas.edu.co\/portal\/mediante-el-acuerdo-n-40-el-consejo-superior-aprobo-el-presupuesto-para-la-vigencia-fiscal-2021\/#article","isPartOf":{"@id":"https:\/\/www.ucaldas.edu.co\/portal\/mediante-el-acuerdo-n-40-el-consejo-superior-aprobo-el-presupuesto-para-la-vigencia-fiscal-2021\/"},"author":{"name":"ofiprensa","@id":"https:\/\/www.ucaldas.edu.co\/portal\/#\/schema\/person\/a1b482e23449158b4bc319926c074fdf"},"headline":"Mediante el Acuerdo N\u00b0 40 el Consejo Superior aprob\u00f3 el presupuesto para la vigencia fiscal 2021","datePublished":"2020-12-19T00:15:06+00:00","mainEntityOfPage":{"@id":"https:\/\/www.ucaldas.edu.co\/portal\/mediante-el-acuerdo-n-40-el-consejo-superior-aprobo-el-presupuesto-para-la-vigencia-fiscal-2021\/"},"wordCount":298,"publisher":{"@id":"https:\/\/www.ucaldas.edu.co\/portal\/#organization"},"image":{"@id":"https:\/\/www.ucaldas.edu.co\/portal\/mediante-el-acuerdo-n-40-el-consejo-superior-aprobo-el-presupuesto-para-la-vigencia-fiscal-2021\/#primaryimage"},"thumbnailUrl":"https:\/\/www.ucaldas.edu.co\/portal\/wp-content\/uploads\/2020\/12\/consejo-superior.jpg","keywords":["Consejo Superior","presupuesto universidad de caldas"],"articleSection":["Actualidad","Universidad al D\u00eda"],"inLanguage":"es"},{"@type":"WebPage","@id":"https:\/\/www.ucaldas.edu.co\/portal\/mediante-el-acuerdo-n-40-el-consejo-superior-aprobo-el-presupuesto-para-la-vigencia-fiscal-2021\/","url":"https:\/\/www.ucaldas.edu.co\/portal\/mediante-el-acuerdo-n-40-el-consejo-superior-aprobo-el-presupuesto-para-la-vigencia-fiscal-2021\/","name":"Mediante el Acuerdo N\u00b0 40 el Consejo Superior aprob\u00f3 el presupuesto para la vigencia fiscal 2021 .","isPartOf":{"@id":"https:\/\/www.ucaldas.edu.co\/portal\/#website"},"primaryImageOfPage":{"@id":"https:\/\/www.ucaldas.edu.co\/portal\/mediante-el-acuerdo-n-40-el-consejo-superior-aprobo-el-presupuesto-para-la-vigencia-fiscal-2021\/#primaryimage"},"image":{"@id":"https:\/\/www.ucaldas.edu.co\/portal\/mediante-el-acuerdo-n-40-el-consejo-superior-aprobo-el-presupuesto-para-la-vigencia-fiscal-2021\/#primaryimage"},"thumbnailUrl":"https:\/\/www.ucaldas.edu.co\/portal\/wp-content\/uploads\/2020\/12\/consejo-superior.jpg","datePublished":"2020-12-19T00:15:06+00:00","breadcrumb":{"@id":"https:\/\/www.ucaldas.edu.co\/portal\/mediante-el-acuerdo-n-40-el-consejo-superior-aprobo-el-presupuesto-para-la-vigencia-fiscal-2021\/#breadcrumb"},"inLanguage":"es","potentialAction":[{"@type":"ReadAction","target":["https:\/\/www.ucaldas.edu.co\/portal\/mediante-el-acuerdo-n-40-el-consejo-superior-aprobo-el-presupuesto-para-la-vigencia-fiscal-2021\/"]}]},{"@type":"ImageObject","inLanguage":"es","@id":"https:\/\/www.ucaldas.edu.co\/portal\/mediante-el-acuerdo-n-40-el-consejo-superior-aprobo-el-presupuesto-para-la-vigencia-fiscal-2021\/#primaryimage","url":"https:\/\/www.ucaldas.edu.co\/portal\/wp-content\/uploads\/2020\/12\/consejo-superior.jpg","contentUrl":"https:\/\/www.ucaldas.edu.co\/portal\/wp-content\/uploads\/2020\/12\/consejo-superior.jpg","width":700,"height":400},{"@type":"BreadcrumbList","@id":"https:\/\/www.ucaldas.edu.co\/portal\/mediante-el-acuerdo-n-40-el-consejo-superior-aprobo-el-presupuesto-para-la-vigencia-fiscal-2021\/#breadcrumb","itemListElement":[{"@type":"ListItem","position":1,"name":"Portada","item":"https:\/\/www.ucaldas.edu.co\/portal\/"},{"@type":"ListItem","position":2,"name":"Mediante el Acuerdo N\u00b0 40 el Consejo Superior aprob\u00f3 el presupuesto para la vigencia fiscal 2021"}]},{"@type":"WebSite","@id":"https:\/\/www.ucaldas.edu.co\/portal\/#website","url":"https:\/\/www.ucaldas.edu.co\/portal\/","name":"Universidad de Caldas","description":"","publisher":{"@id":"https:\/\/www.ucaldas.edu.co\/portal\/#organization"},"alternateName":"U. de Caldas","potentialAction":[{"@type":"SearchAction","target":{"@type":"EntryPoint","urlTemplate":"https:\/\/www.ucaldas.edu.co\/portal\/?s={search_term_string}"},"query-input":{"@type":"PropertyValueSpecification","valueRequired":true,"valueName":"search_term_string"}}],"inLanguage":"es"},{"@type":"Organization","@id":"https:\/\/www.ucaldas.edu.co\/portal\/#organization","name":"Universidad de Caldas","alternateName":"U. de Caldas","url":"https:\/\/www.ucaldas.edu.co\/portal\/","logo":{"@type":"ImageObject","inLanguage":"es","@id":"https:\/\/www.ucaldas.edu.co\/portal\/#\/schema\/logo\/image\/","url":"https:\/\/www.ucaldas.edu.co\/portal\/wp-content\/uploads\/2023\/11\/Logo_horizontal_oscuroU-2023.png","contentUrl":"https:\/\/www.ucaldas.edu.co\/portal\/wp-content\/uploads\/2023\/11\/Logo_horizontal_oscuroU-2023.png","width":263,"height":101,"caption":"Universidad de Caldas"},"image":{"@id":"https:\/\/www.ucaldas.edu.co\/portal\/#\/schema\/logo\/image\/"},"sameAs":["https:\/\/www.facebook.com\/udecaldas","https:\/\/x.com\/udecaldas","https:\/\/www.youtube.com\/universidadcaldas","https:\/\/www.instagram.com\/udecaldas\/"]},{"@type":"Person","@id":"https:\/\/www.ucaldas.edu.co\/portal\/#\/schema\/person\/a1b482e23449158b4bc319926c074fdf","name":"ofiprensa","image":{"@type":"ImageObject","inLanguage":"es","@id":"https:\/\/www.ucaldas.edu.co\/portal\/wp-content\/litespeed\/avatar\/09ea5085e600095a7a811142c6944527.jpg?ver=1777497608","url":"https:\/\/www.ucaldas.edu.co\/portal\/wp-content\/litespeed\/avatar\/09ea5085e600095a7a811142c6944527.jpg?ver=1777497608","contentUrl":"https:\/\/www.ucaldas.edu.co\/portal\/wp-content\/litespeed\/avatar\/09ea5085e600095a7a811142c6944527.jpg?ver=1777497608","caption":"ofiprensa"},"url":"https:\/\/www.ucaldas.edu.co\/portal\/author\/ofiprensa\/"}]}},"_links":{"self":[{"href":"https:\/\/www.ucaldas.edu.co\/portal\/wp-json\/wp\/v2\/posts\/60318","targetHints":{"allow":["GET"]}}],"collection":[{"href":"https:\/\/www.ucaldas.edu.co\/portal\/wp-json\/wp\/v2\/posts"}],"about":[{"href":"https:\/\/www.ucaldas.edu.co\/portal\/wp-json\/wp\/v2\/types\/post"}],"author":[{"embeddable":true,"href":"https:\/\/www.ucaldas.edu.co\/portal\/wp-json\/wp\/v2\/users\/2"}],"replies":[{"embeddable":true,"href":"https:\/\/www.ucaldas.edu.co\/portal\/wp-json\/wp\/v2\/comments?post=60318"}],"version-history":[{"count":0,"href":"https:\/\/www.ucaldas.edu.co\/portal\/wp-json\/wp\/v2\/posts\/60318\/revisions"}],"wp:featuredmedia":[{"embeddable":true,"href":"https:\/\/www.ucaldas.edu.co\/portal\/wp-json\/wp\/v2\/media\/60303"}],"wp:attachment":[{"href":"https:\/\/www.ucaldas.edu.co\/portal\/wp-json\/wp\/v2\/media?parent=60318"}],"wp:term":[{"taxonomy":"category","embeddable":true,"href":"https:\/\/www.ucaldas.edu.co\/portal\/wp-json\/wp\/v2\/categories?post=60318"},{"taxonomy":"post_tag","embeddable":true,"href":"https:\/\/www.ucaldas.edu.co\/portal\/wp-json\/wp\/v2\/tags?post=60318"}],"curies":[{"name":"wp","href":"https:\/\/api.w.org\/{rel}","templated":true}]}}