{"id":60315,"date":"2020-12-19T00:13:25","date_gmt":"2020-12-19T00:13:25","guid":{"rendered":"https:\/\/www.ucaldas.edu.co\/portal\/?p=60315"},"modified":"2020-12-19T00:13:25","modified_gmt":"2020-12-19T00:13:25","slug":"la-academia-es-el-ancla-que-permanece-en-el-tiempo-viceministro-de-creatividad-y-economia-naranja","status":"publish","type":"post","link":"https:\/\/www.ucaldas.edu.co\/portal\/la-academia-es-el-ancla-que-permanece-en-el-tiempo-viceministro-de-creatividad-y-economia-naranja\/","title":{"rendered":"\u201cLa academia es el ancla que permanece en el tiempo\u201d Viceministro de Creatividad y Econom\u00eda Naranja"},"content":{"rendered":"<p style=\"text-align: center;\">EL PAPEL DE LAS UNIVERSIDADES EN LA CONSTRUCCI\u00d2N DE CULTURA<\/p>\n<p style=\"text-align: center;\"><strong>\u201cLa academia es el ancla que permanece en el tiempo\u201d Viceministro de Creatividad y Econom\u00eda Naranja<\/strong><\/p>\n<p style=\"text-align: right;\">18\/12\/2020<\/p>\n<p><img loading=\"lazy\" decoding=\"async\" class=\"size-full wp-image-60316 aligncenter\" src=\"https:\/\/www.ucaldas.edu.co\/portal\/wp-content\/uploads\/2020\/12\/WhatsApp-Image-2020-12-18-at-4.30.39-PM.jpeg\" alt=\"\" width=\"700\" height=\"400\" srcset=\"https:\/\/www.ucaldas.edu.co\/portal\/wp-content\/uploads\/2020\/12\/WhatsApp-Image-2020-12-18-at-4.30.39-PM.jpeg 700w, https:\/\/www.ucaldas.edu.co\/portal\/wp-content\/uploads\/2020\/12\/WhatsApp-Image-2020-12-18-at-4.30.39-PM-300x171.jpeg 300w\" sizes=\"auto, (max-width: 700px) 100vw, 700px\" \/><\/p>\n<p>El Viceministro de Creatividad y Econom\u00eda Naranja Felipe Buitrago Restrepo anunci\u00f3 durante la suscripci\u00f3n de la \u201cAgenda Creativa 2020-2023\u201d para Manizales y Caldas, que el Centro Cultural Universitario Rogelio Salmona ser\u00e1 una de las cuatro \u00e1reas de desarrollo naranja que tendr\u00e1 la capital de del departamento durante la ejecuci\u00f3n de la estrategia de reactivaci\u00f3n del sector cultural del pa\u00eds.<\/p>\n<p>&nbsp;<\/p>\n<p>\u201cManizales y Caldas lideran procesos de transformaci\u00f3n en Colombia, la econom\u00eda creativa es una de las iniciativas m\u00e1s fuertes del pa\u00eds gracias a procesos como: la conservaci\u00f3n del patrimonio, el paisaje cultural cafetero, el desarrollo del turismo, la innovaci\u00f3n y dise\u00f1o audiovisual principales fortalezas de esta regi\u00f3n de Colombia\u201d agreg\u00f3 Buitrago Restrepo.<\/p>\n<p>&nbsp;<\/p>\n<p>Durante la presentaci\u00f3n de la \u201cagenda creativa\u201d local se presentaron\u00a0 4 proyectos de impacto directo a emprendedores y\/o actores culturales y\u00a0 3\u00a0 proyectos de plan de gesti\u00f3n e impacto directo a emprendedores, Los 7 proyectos priorizados que hacen parte de la agenda creativa movilizar\u00e1n inversiones por $21.801 millones de pesos en proyectos de reactivaci\u00f3n econ\u00f3mica<strong>.<\/strong><\/p>\n<p>&nbsp;<\/p>\n<p>Una Agenda Creativa Naranja es una ruta de viaje estrat\u00e9gica y operativa para que un territorio transite por la senda de la reactivaci\u00f3n del sector con una visi\u00f3n integral, de acuerdo con sus particularidades y sus fortalezas. Estas agendas se han consolidado gracias a la estrategia Nodos y Mesas de Econom\u00eda Naranja, cuyo esp\u00edritu es la conformaci\u00f3n de redes de instituciones p\u00fablicas, privadas acad\u00e9micas y agremiaciones, que alientan una gobernanza efectiva en materia naranja, con estructuras y procesos robustos que permitan una implementaci\u00f3n de actuaciones conjuntas.<\/p>\n<p>&nbsp;<\/p>\n<p><strong>Anexo:<\/strong><\/p>\n<p><strong><a href=\"https:\/\/www.ivoox.com\/8220-la-academia-es-ancla-permanece-en-audios-mp3_rf_62650678_1.html\">Audio viceministro de Creatividad y Econom\u00eda Naranja Felipe Buitrago Restrepo<\/a><\/strong><\/p>\n<p><strong>\u00a0<\/strong><\/p>\n<p><strong>Informes: <\/strong>Oficina de Comunicaciones y Prensa Universidad de Caldas.<\/p>\n<p><strong>Redacci\u00f3n:<\/strong> Adriana Salazar Villegas<\/p>\n<p>&nbsp;<\/p>\n","protected":false},"excerpt":{"rendered":"<p>EL PAPEL DE LAS UNIVERSIDADES EN LA CONSTRUCCI\u00d2N DE CULTURA \u201cLa academia es el ancla que permanece en el tiempo\u201d Viceministro de Creatividad y Econom\u00eda Naranja 18\/12\/2020 El Viceministro de Creatividad y Econom\u00eda Naranja Felipe Buitrago Restrepo anunci\u00f3 durante la suscripci\u00f3n de la \u201cAgenda Creativa 2020-2023\u201d para Manizales y Caldas, que el Centro Cultural Universitario [&hellip;]<\/p>\n","protected":false},"author":2,"featured_media":60316,"comment_status":"closed","ping_status":"open","sticky":false,"template":"","format":"standard","meta":{"footnotes":""},"categories":[48,53],"tags":[3049,4939,5723],"class_list":["post-60315","post","type-post","status-publish","format-standard","has-post-thumbnail","hentry","category-actualidad","category-universidad-al-dia","tag-economia-naranja","tag-reactivacion","tag-industrias-culturales"],"yoast_head":"<!-- This site is optimized with the Yoast SEO plugin v27.5 - https:\/\/yoast.com\/product\/yoast-seo-wordpress\/ -->\n<title>\u201cLa academia es el ancla que permanece en el tiempo\u201d Viceministro de Creatividad y Econom\u00eda Naranja .<\/title>\n<meta name=\"robots\" content=\"index, follow, max-snippet:-1, max-image-preview:large, max-video-preview:-1\" \/>\n<link rel=\"canonical\" href=\"https:\/\/www.ucaldas.edu.co\/portal\/la-academia-es-el-ancla-que-permanece-en-el-tiempo-viceministro-de-creatividad-y-economia-naranja\/\" \/>\n<script type=\"application\/ld+json\" class=\"yoast-schema-graph\">{\"@context\":\"https:\\\/\\\/schema.org\",\"@graph\":[{\"@type\":\"Article\",\"@id\":\"https:\\\/\\\/www.ucaldas.edu.co\\\/portal\\\/la-academia-es-el-ancla-que-permanece-en-el-tiempo-viceministro-de-creatividad-y-economia-naranja\\\/#article\",\"isPartOf\":{\"@id\":\"https:\\\/\\\/www.ucaldas.edu.co\\\/portal\\\/la-academia-es-el-ancla-que-permanece-en-el-tiempo-viceministro-de-creatividad-y-economia-naranja\\\/\"},\"author\":{\"name\":\"ofiprensa\",\"@id\":\"https:\\\/\\\/www.ucaldas.edu.co\\\/portal\\\/#\\\/schema\\\/person\\\/a1b482e23449158b4bc319926c074fdf\"},\"headline\":\"\u201cLa academia es el ancla que permanece en el tiempo\u201d Viceministro de Creatividad y Econom\u00eda Naranja\",\"datePublished\":\"2020-12-19T00:13:25+00:00\",\"mainEntityOfPage\":{\"@id\":\"https:\\\/\\\/www.ucaldas.edu.co\\\/portal\\\/la-academia-es-el-ancla-que-permanece-en-el-tiempo-viceministro-de-creatividad-y-economia-naranja\\\/\"},\"wordCount\":352,\"publisher\":{\"@id\":\"https:\\\/\\\/www.ucaldas.edu.co\\\/portal\\\/#organization\"},\"image\":{\"@id\":\"https:\\\/\\\/www.ucaldas.edu.co\\\/portal\\\/la-academia-es-el-ancla-que-permanece-en-el-tiempo-viceministro-de-creatividad-y-economia-naranja\\\/#primaryimage\"},\"thumbnailUrl\":\"https:\\\/\\\/www.ucaldas.edu.co\\\/portal\\\/wp-content\\\/uploads\\\/2020\\\/12\\\/WhatsApp-Image-2020-12-18-at-4.30.39-PM.jpeg\",\"keywords\":[\"econom\u00eda naranja\",\"reactivaci\u00f3n\",\"industrias culturales\"],\"articleSection\":[\"Actualidad\",\"Universidad al D\u00eda\"],\"inLanguage\":\"es\"},{\"@type\":\"WebPage\",\"@id\":\"https:\\\/\\\/www.ucaldas.edu.co\\\/portal\\\/la-academia-es-el-ancla-que-permanece-en-el-tiempo-viceministro-de-creatividad-y-economia-naranja\\\/\",\"url\":\"https:\\\/\\\/www.ucaldas.edu.co\\\/portal\\\/la-academia-es-el-ancla-que-permanece-en-el-tiempo-viceministro-de-creatividad-y-economia-naranja\\\/\",\"name\":\"\u201cLa academia es el ancla que permanece en el tiempo\u201d Viceministro de Creatividad y Econom\u00eda Naranja .\",\"isPartOf\":{\"@id\":\"https:\\\/\\\/www.ucaldas.edu.co\\\/portal\\\/#website\"},\"primaryImageOfPage\":{\"@id\":\"https:\\\/\\\/www.ucaldas.edu.co\\\/portal\\\/la-academia-es-el-ancla-que-permanece-en-el-tiempo-viceministro-de-creatividad-y-economia-naranja\\\/#primaryimage\"},\"image\":{\"@id\":\"https:\\\/\\\/www.ucaldas.edu.co\\\/portal\\\/la-academia-es-el-ancla-que-permanece-en-el-tiempo-viceministro-de-creatividad-y-economia-naranja\\\/#primaryimage\"},\"thumbnailUrl\":\"https:\\\/\\\/www.ucaldas.edu.co\\\/portal\\\/wp-content\\\/uploads\\\/2020\\\/12\\\/WhatsApp-Image-2020-12-18-at-4.30.39-PM.jpeg\",\"datePublished\":\"2020-12-19T00:13:25+00:00\",\"breadcrumb\":{\"@id\":\"https:\\\/\\\/www.ucaldas.edu.co\\\/portal\\\/la-academia-es-el-ancla-que-permanece-en-el-tiempo-viceministro-de-creatividad-y-economia-naranja\\\/#breadcrumb\"},\"inLanguage\":\"es\",\"potentialAction\":[{\"@type\":\"ReadAction\",\"target\":[\"https:\\\/\\\/www.ucaldas.edu.co\\\/portal\\\/la-academia-es-el-ancla-que-permanece-en-el-tiempo-viceministro-de-creatividad-y-economia-naranja\\\/\"]}]},{\"@type\":\"ImageObject\",\"inLanguage\":\"es\",\"@id\":\"https:\\\/\\\/www.ucaldas.edu.co\\\/portal\\\/la-academia-es-el-ancla-que-permanece-en-el-tiempo-viceministro-de-creatividad-y-economia-naranja\\\/#primaryimage\",\"url\":\"https:\\\/\\\/www.ucaldas.edu.co\\\/portal\\\/wp-content\\\/uploads\\\/2020\\\/12\\\/WhatsApp-Image-2020-12-18-at-4.30.39-PM.jpeg\",\"contentUrl\":\"https:\\\/\\\/www.ucaldas.edu.co\\\/portal\\\/wp-content\\\/uploads\\\/2020\\\/12\\\/WhatsApp-Image-2020-12-18-at-4.30.39-PM.jpeg\",\"width\":700,\"height\":400},{\"@type\":\"BreadcrumbList\",\"@id\":\"https:\\\/\\\/www.ucaldas.edu.co\\\/portal\\\/la-academia-es-el-ancla-que-permanece-en-el-tiempo-viceministro-de-creatividad-y-economia-naranja\\\/#breadcrumb\",\"itemListElement\":[{\"@type\":\"ListItem\",\"position\":1,\"name\":\"Portada\",\"item\":\"https:\\\/\\\/www.ucaldas.edu.co\\\/portal\\\/\"},{\"@type\":\"ListItem\",\"position\":2,\"name\":\"\u201cLa academia es el ancla que permanece en el tiempo\u201d Viceministro de Creatividad y Econom\u00eda Naranja\"}]},{\"@type\":\"WebSite\",\"@id\":\"https:\\\/\\\/www.ucaldas.edu.co\\\/portal\\\/#website\",\"url\":\"https:\\\/\\\/www.ucaldas.edu.co\\\/portal\\\/\",\"name\":\"Universidad de Caldas\",\"description\":\"\",\"publisher\":{\"@id\":\"https:\\\/\\\/www.ucaldas.edu.co\\\/portal\\\/#organization\"},\"alternateName\":\"U. de Caldas\",\"potentialAction\":[{\"@type\":\"SearchAction\",\"target\":{\"@type\":\"EntryPoint\",\"urlTemplate\":\"https:\\\/\\\/www.ucaldas.edu.co\\\/portal\\\/?s={search_term_string}\"},\"query-input\":{\"@type\":\"PropertyValueSpecification\",\"valueRequired\":true,\"valueName\":\"search_term_string\"}}],\"inLanguage\":\"es\"},{\"@type\":\"Organization\",\"@id\":\"https:\\\/\\\/www.ucaldas.edu.co\\\/portal\\\/#organization\",\"name\":\"Universidad de Caldas\",\"alternateName\":\"U. de Caldas\",\"url\":\"https:\\\/\\\/www.ucaldas.edu.co\\\/portal\\\/\",\"logo\":{\"@type\":\"ImageObject\",\"inLanguage\":\"es\",\"@id\":\"https:\\\/\\\/www.ucaldas.edu.co\\\/portal\\\/#\\\/schema\\\/logo\\\/image\\\/\",\"url\":\"https:\\\/\\\/www.ucaldas.edu.co\\\/portal\\\/wp-content\\\/uploads\\\/2023\\\/11\\\/Logo_horizontal_oscuroU-2023.png\",\"contentUrl\":\"https:\\\/\\\/www.ucaldas.edu.co\\\/portal\\\/wp-content\\\/uploads\\\/2023\\\/11\\\/Logo_horizontal_oscuroU-2023.png\",\"width\":263,\"height\":101,\"caption\":\"Universidad de Caldas\"},\"image\":{\"@id\":\"https:\\\/\\\/www.ucaldas.edu.co\\\/portal\\\/#\\\/schema\\\/logo\\\/image\\\/\"},\"sameAs\":[\"https:\\\/\\\/www.facebook.com\\\/udecaldas\",\"https:\\\/\\\/x.com\\\/udecaldas\",\"https:\\\/\\\/www.youtube.com\\\/universidadcaldas\",\"https:\\\/\\\/www.instagram.com\\\/udecaldas\\\/\"]},{\"@type\":\"Person\",\"@id\":\"https:\\\/\\\/www.ucaldas.edu.co\\\/portal\\\/#\\\/schema\\\/person\\\/a1b482e23449158b4bc319926c074fdf\",\"name\":\"ofiprensa\",\"image\":{\"@type\":\"ImageObject\",\"inLanguage\":\"es\",\"@id\":\"https:\\\/\\\/www.ucaldas.edu.co\\\/portal\\\/wp-content\\\/litespeed\\\/avatar\\\/09ea5085e600095a7a811142c6944527.jpg?ver=1777497608\",\"url\":\"https:\\\/\\\/www.ucaldas.edu.co\\\/portal\\\/wp-content\\\/litespeed\\\/avatar\\\/09ea5085e600095a7a811142c6944527.jpg?ver=1777497608\",\"contentUrl\":\"https:\\\/\\\/www.ucaldas.edu.co\\\/portal\\\/wp-content\\\/litespeed\\\/avatar\\\/09ea5085e600095a7a811142c6944527.jpg?ver=1777497608\",\"caption\":\"ofiprensa\"},\"url\":\"https:\\\/\\\/www.ucaldas.edu.co\\\/portal\\\/author\\\/ofiprensa\\\/\"}]}<\/script>\n<!-- \/ Yoast SEO plugin. -->","yoast_head_json":{"title":"\u201cLa academia es el ancla que permanece en el tiempo\u201d Viceministro de Creatividad y Econom\u00eda Naranja .","robots":{"index":"index","follow":"follow","max-snippet":"max-snippet:-1","max-image-preview":"max-image-preview:large","max-video-preview":"max-video-preview:-1"},"canonical":"https:\/\/www.ucaldas.edu.co\/portal\/la-academia-es-el-ancla-que-permanece-en-el-tiempo-viceministro-de-creatividad-y-economia-naranja\/","schema":{"@context":"https:\/\/schema.org","@graph":[{"@type":"Article","@id":"https:\/\/www.ucaldas.edu.co\/portal\/la-academia-es-el-ancla-que-permanece-en-el-tiempo-viceministro-de-creatividad-y-economia-naranja\/#article","isPartOf":{"@id":"https:\/\/www.ucaldas.edu.co\/portal\/la-academia-es-el-ancla-que-permanece-en-el-tiempo-viceministro-de-creatividad-y-economia-naranja\/"},"author":{"name":"ofiprensa","@id":"https:\/\/www.ucaldas.edu.co\/portal\/#\/schema\/person\/a1b482e23449158b4bc319926c074fdf"},"headline":"\u201cLa academia es el ancla que permanece en el tiempo\u201d Viceministro de Creatividad y Econom\u00eda Naranja","datePublished":"2020-12-19T00:13:25+00:00","mainEntityOfPage":{"@id":"https:\/\/www.ucaldas.edu.co\/portal\/la-academia-es-el-ancla-que-permanece-en-el-tiempo-viceministro-de-creatividad-y-economia-naranja\/"},"wordCount":352,"publisher":{"@id":"https:\/\/www.ucaldas.edu.co\/portal\/#organization"},"image":{"@id":"https:\/\/www.ucaldas.edu.co\/portal\/la-academia-es-el-ancla-que-permanece-en-el-tiempo-viceministro-de-creatividad-y-economia-naranja\/#primaryimage"},"thumbnailUrl":"https:\/\/www.ucaldas.edu.co\/portal\/wp-content\/uploads\/2020\/12\/WhatsApp-Image-2020-12-18-at-4.30.39-PM.jpeg","keywords":["econom\u00eda naranja","reactivaci\u00f3n","industrias culturales"],"articleSection":["Actualidad","Universidad al D\u00eda"],"inLanguage":"es"},{"@type":"WebPage","@id":"https:\/\/www.ucaldas.edu.co\/portal\/la-academia-es-el-ancla-que-permanece-en-el-tiempo-viceministro-de-creatividad-y-economia-naranja\/","url":"https:\/\/www.ucaldas.edu.co\/portal\/la-academia-es-el-ancla-que-permanece-en-el-tiempo-viceministro-de-creatividad-y-economia-naranja\/","name":"\u201cLa academia es el ancla que permanece en el tiempo\u201d Viceministro de Creatividad y Econom\u00eda Naranja .","isPartOf":{"@id":"https:\/\/www.ucaldas.edu.co\/portal\/#website"},"primaryImageOfPage":{"@id":"https:\/\/www.ucaldas.edu.co\/portal\/la-academia-es-el-ancla-que-permanece-en-el-tiempo-viceministro-de-creatividad-y-economia-naranja\/#primaryimage"},"image":{"@id":"https:\/\/www.ucaldas.edu.co\/portal\/la-academia-es-el-ancla-que-permanece-en-el-tiempo-viceministro-de-creatividad-y-economia-naranja\/#primaryimage"},"thumbnailUrl":"https:\/\/www.ucaldas.edu.co\/portal\/wp-content\/uploads\/2020\/12\/WhatsApp-Image-2020-12-18-at-4.30.39-PM.jpeg","datePublished":"2020-12-19T00:13:25+00:00","breadcrumb":{"@id":"https:\/\/www.ucaldas.edu.co\/portal\/la-academia-es-el-ancla-que-permanece-en-el-tiempo-viceministro-de-creatividad-y-economia-naranja\/#breadcrumb"},"inLanguage":"es","potentialAction":[{"@type":"ReadAction","target":["https:\/\/www.ucaldas.edu.co\/portal\/la-academia-es-el-ancla-que-permanece-en-el-tiempo-viceministro-de-creatividad-y-economia-naranja\/"]}]},{"@type":"ImageObject","inLanguage":"es","@id":"https:\/\/www.ucaldas.edu.co\/portal\/la-academia-es-el-ancla-que-permanece-en-el-tiempo-viceministro-de-creatividad-y-economia-naranja\/#primaryimage","url":"https:\/\/www.ucaldas.edu.co\/portal\/wp-content\/uploads\/2020\/12\/WhatsApp-Image-2020-12-18-at-4.30.39-PM.jpeg","contentUrl":"https:\/\/www.ucaldas.edu.co\/portal\/wp-content\/uploads\/2020\/12\/WhatsApp-Image-2020-12-18-at-4.30.39-PM.jpeg","width":700,"height":400},{"@type":"BreadcrumbList","@id":"https:\/\/www.ucaldas.edu.co\/portal\/la-academia-es-el-ancla-que-permanece-en-el-tiempo-viceministro-de-creatividad-y-economia-naranja\/#breadcrumb","itemListElement":[{"@type":"ListItem","position":1,"name":"Portada","item":"https:\/\/www.ucaldas.edu.co\/portal\/"},{"@type":"ListItem","position":2,"name":"\u201cLa academia es el ancla que permanece en el tiempo\u201d Viceministro de Creatividad y Econom\u00eda Naranja"}]},{"@type":"WebSite","@id":"https:\/\/www.ucaldas.edu.co\/portal\/#website","url":"https:\/\/www.ucaldas.edu.co\/portal\/","name":"Universidad de Caldas","description":"","publisher":{"@id":"https:\/\/www.ucaldas.edu.co\/portal\/#organization"},"alternateName":"U. de Caldas","potentialAction":[{"@type":"SearchAction","target":{"@type":"EntryPoint","urlTemplate":"https:\/\/www.ucaldas.edu.co\/portal\/?s={search_term_string}"},"query-input":{"@type":"PropertyValueSpecification","valueRequired":true,"valueName":"search_term_string"}}],"inLanguage":"es"},{"@type":"Organization","@id":"https:\/\/www.ucaldas.edu.co\/portal\/#organization","name":"Universidad de Caldas","alternateName":"U. de Caldas","url":"https:\/\/www.ucaldas.edu.co\/portal\/","logo":{"@type":"ImageObject","inLanguage":"es","@id":"https:\/\/www.ucaldas.edu.co\/portal\/#\/schema\/logo\/image\/","url":"https:\/\/www.ucaldas.edu.co\/portal\/wp-content\/uploads\/2023\/11\/Logo_horizontal_oscuroU-2023.png","contentUrl":"https:\/\/www.ucaldas.edu.co\/portal\/wp-content\/uploads\/2023\/11\/Logo_horizontal_oscuroU-2023.png","width":263,"height":101,"caption":"Universidad de Caldas"},"image":{"@id":"https:\/\/www.ucaldas.edu.co\/portal\/#\/schema\/logo\/image\/"},"sameAs":["https:\/\/www.facebook.com\/udecaldas","https:\/\/x.com\/udecaldas","https:\/\/www.youtube.com\/universidadcaldas","https:\/\/www.instagram.com\/udecaldas\/"]},{"@type":"Person","@id":"https:\/\/www.ucaldas.edu.co\/portal\/#\/schema\/person\/a1b482e23449158b4bc319926c074fdf","name":"ofiprensa","image":{"@type":"ImageObject","inLanguage":"es","@id":"https:\/\/www.ucaldas.edu.co\/portal\/wp-content\/litespeed\/avatar\/09ea5085e600095a7a811142c6944527.jpg?ver=1777497608","url":"https:\/\/www.ucaldas.edu.co\/portal\/wp-content\/litespeed\/avatar\/09ea5085e600095a7a811142c6944527.jpg?ver=1777497608","contentUrl":"https:\/\/www.ucaldas.edu.co\/portal\/wp-content\/litespeed\/avatar\/09ea5085e600095a7a811142c6944527.jpg?ver=1777497608","caption":"ofiprensa"},"url":"https:\/\/www.ucaldas.edu.co\/portal\/author\/ofiprensa\/"}]}},"_links":{"self":[{"href":"https:\/\/www.ucaldas.edu.co\/portal\/wp-json\/wp\/v2\/posts\/60315","targetHints":{"allow":["GET"]}}],"collection":[{"href":"https:\/\/www.ucaldas.edu.co\/portal\/wp-json\/wp\/v2\/posts"}],"about":[{"href":"https:\/\/www.ucaldas.edu.co\/portal\/wp-json\/wp\/v2\/types\/post"}],"author":[{"embeddable":true,"href":"https:\/\/www.ucaldas.edu.co\/portal\/wp-json\/wp\/v2\/users\/2"}],"replies":[{"embeddable":true,"href":"https:\/\/www.ucaldas.edu.co\/portal\/wp-json\/wp\/v2\/comments?post=60315"}],"version-history":[{"count":0,"href":"https:\/\/www.ucaldas.edu.co\/portal\/wp-json\/wp\/v2\/posts\/60315\/revisions"}],"wp:featuredmedia":[{"embeddable":true,"href":"https:\/\/www.ucaldas.edu.co\/portal\/wp-json\/wp\/v2\/media\/60316"}],"wp:attachment":[{"href":"https:\/\/www.ucaldas.edu.co\/portal\/wp-json\/wp\/v2\/media?parent=60315"}],"wp:term":[{"taxonomy":"category","embeddable":true,"href":"https:\/\/www.ucaldas.edu.co\/portal\/wp-json\/wp\/v2\/categories?post=60315"},{"taxonomy":"post_tag","embeddable":true,"href":"https:\/\/www.ucaldas.edu.co\/portal\/wp-json\/wp\/v2\/tags?post=60315"}],"curies":[{"name":"wp","href":"https:\/\/api.w.org\/{rel}","templated":true}]}}