{"id":60185,"date":"2020-12-10T23:50:41","date_gmt":"2020-12-10T23:50:41","guid":{"rendered":"https:\/\/www.ucaldas.edu.co\/portal\/?p=60185"},"modified":"2020-12-10T23:50:41","modified_gmt":"2020-12-10T23:50:41","slug":"en-primer-trimestre-de-2021-finalizaria-la-construccion-del-centro-de-innovacion-de-la-dorada","status":"publish","type":"post","link":"https:\/\/www.ucaldas.edu.co\/portal\/en-primer-trimestre-de-2021-finalizaria-la-construccion-del-centro-de-innovacion-de-la-dorada\/","title":{"rendered":"En primer trimestre de 2021 finalizar\u00eda la construcci\u00f3n  del Centro de Innovaci\u00f3n de La Dorada"},"content":{"rendered":"<p style=\"text-align: center;\">AVANCE DE UN 60% EN OBRAS DE INFRAESTRUCTURA<\/p>\n<p style=\"text-align: center;\"><strong>En primer trimestre de 2021 finalizar\u00eda la construcci\u00f3n<\/strong><\/p>\n<p style=\"text-align: center;\"><strong> del Centro de Innovaci\u00f3n de La Dorada <\/strong><\/p>\n<p style=\"text-align: right;\">10 \/12\/2020<\/p>\n<p><img loading=\"lazy\" decoding=\"async\" class=\"size-full wp-image-60186 aligncenter\" src=\"https:\/\/www.ucaldas.edu.co\/portal\/wp-content\/uploads\/2020\/12\/CentroDeInnovaci\u00f3nLaDorada.jpeg\" alt=\"\" width=\"700\" height=\"400\" srcset=\"https:\/\/www.ucaldas.edu.co\/portal\/wp-content\/uploads\/2020\/12\/CentroDeInnovaci\u00f3nLaDorada.jpeg 700w, https:\/\/www.ucaldas.edu.co\/portal\/wp-content\/uploads\/2020\/12\/CentroDeInnovaci\u00f3nLaDorada-300x171.jpeg 300w\" sizes=\"auto, (max-width: 700px) 100vw, 700px\" \/><\/p>\n<p style=\"text-align: right;\"><span style=\"font-size: 8pt;\">Foto cortes\u00eda\/Alcald\u00eda de La Dorada<\/span><\/p>\n<p>En un 60 % avanzan las obras de infraestructura del Centro de Innovaci\u00f3n de La Dorada, se tiene previsto que durante el primer\u00a0 trimestre de 2021 culmine la construcci\u00f3n de esta importante obra que beneficiar\u00e1 no s\u00f3lo al departamento de Caldas sino a los habitantes del Magdalena medio.<\/p>\n<p><!--more--><\/p>\n<p>De acuerdo con la vicerrectora de Proyecci\u00f3n Universitaria Patricia Salazar Villegas \u201cen este momento se gestionan recursos importantes que permitan la terminaci\u00f3n total de la obra civil y se va a crear un comit\u00e9 en el que se pensar\u00e1 la proyecci\u00f3n del centro de innovaci\u00f3n a futuro\u201d<\/p>\n<p>El Centro de Innovaci\u00f3n de La Dorada tiene una extensi\u00f3n de 48 mil metros cuadrados y el costo del proyecto es de 16 mil millones de pesos gestionados por la Universidad de Caldas y la Gobernaci\u00f3n del Departamento ante el \u00d3rgano Colegiado de Administraci\u00f3n y Decisi\u00f3n (OCAD), es decir, por regal\u00edas del Fondo de Ciencia y Tecnolog\u00eda.<\/p>\n<p>Durante la m\u00e1s reciente de visita del comit\u00e9 t\u00e9cnico a las obras del Centro de Innovaci\u00f3n de la Dorada, la secretaria de Desarrollo Empleo e Innovaci\u00f3n de la Gobernaci\u00f3n de Caldas Paula Andrea Toro Santana anunci\u00f3 que se espera que la obra civil culmin\u00e9 en marzo de 2021 y que esta obra haga parte de un componente estrat\u00e9gico que permita avanzar temas de formaci\u00f3n, entrenamiento, trabajo conjunto y co \u2013 creaci\u00f3n en esta zona del departamento.<\/p>\n<p>El centro de innovaci\u00f3n est\u00e1\u00a0 dise\u00f1ado para potenciar la biotecnolog\u00eda y los desarrollos\u00a0 en los sectores agropecuarios y ganaderos, preponderantes en esta zona del pa\u00eds, adem\u00e1s contar\u00e1 con aulas para clases de algunos de los 16 programas que ofrece la universidad en el Magdalena medio.<\/p>\n<p><strong>Anexos:<\/strong><\/p>\n<p><strong><a href=\"https:\/\/www.ivoox.com\/en-marzo-finalizarian-obras-del-centro-de-audios-mp3_rf_62171845_1.html\">Audio vicerrectora de Proyecci\u00f3n Universitaria Patricia Salazar Villegas<\/a><\/strong><\/p>\n<p><strong><a href=\"https:\/\/www.ivoox.com\/en-primer-trimestre-2021-finalizaria-construccion-audios-mp3_rf_62172168_1.html\">Audio secretaria de Desarrollo Empleo e Innovaci\u00f3n de Caldas Paula Andrea Toro Santana<\/a><\/strong><\/p>\n<p><strong>\u00a0<\/strong><\/p>\n<p><strong>Informes: <\/strong>Oficina de Comunicaciones y Prensa Universidad de Caldas.<\/p>\n<p><strong>Redacci\u00f3n:<\/strong> Adriana Salazar Villegas<\/p>\n<p>&nbsp;<\/p>\n","protected":false},"excerpt":{"rendered":"<p>AVANCE DE UN 60% EN OBRAS DE INFRAESTRUCTURA En primer trimestre de 2021 finalizar\u00eda la construcci\u00f3n del Centro de Innovaci\u00f3n de La Dorada 10 \/12\/2020 Foto cortes\u00eda\/Alcald\u00eda de La Dorada En un 60 % avanzan las obras de infraestructura del Centro de Innovaci\u00f3n de La Dorada, se tiene previsto que durante el primer\u00a0 trimestre de [&hellip;]<\/p>\n","protected":false},"author":2,"featured_media":60186,"comment_status":"closed","ping_status":"open","sticky":false,"template":"","format":"standard","meta":{"footnotes":""},"categories":[48,53],"tags":[363,486,642,3046,5671],"class_list":["post-60185","post","type-post","status-publish","format-standard","has-post-thumbnail","hentry","category-actualidad","category-universidad-al-dia","tag-innovacion","tag-la-dorada","tag-tecnologia","tag-centro-de-innovacion","tag-obras-de-infraestructura"],"yoast_head":"<!-- This site is optimized with the Yoast SEO plugin v27.5 - https:\/\/yoast.com\/product\/yoast-seo-wordpress\/ -->\n<title>En primer trimestre de 2021 finalizar\u00eda la construcci\u00f3n del Centro de Innovaci\u00f3n de La Dorada .<\/title>\n<meta name=\"robots\" content=\"index, follow, max-snippet:-1, max-image-preview:large, max-video-preview:-1\" \/>\n<link rel=\"canonical\" href=\"https:\/\/www.ucaldas.edu.co\/portal\/en-primer-trimestre-de-2021-finalizaria-la-construccion-del-centro-de-innovacion-de-la-dorada\/\" \/>\n<script type=\"application\/ld+json\" class=\"yoast-schema-graph\">{\"@context\":\"https:\\\/\\\/schema.org\",\"@graph\":[{\"@type\":\"Article\",\"@id\":\"https:\\\/\\\/www.ucaldas.edu.co\\\/portal\\\/en-primer-trimestre-de-2021-finalizaria-la-construccion-del-centro-de-innovacion-de-la-dorada\\\/#article\",\"isPartOf\":{\"@id\":\"https:\\\/\\\/www.ucaldas.edu.co\\\/portal\\\/en-primer-trimestre-de-2021-finalizaria-la-construccion-del-centro-de-innovacion-de-la-dorada\\\/\"},\"author\":{\"name\":\"ofiprensa\",\"@id\":\"https:\\\/\\\/www.ucaldas.edu.co\\\/portal\\\/#\\\/schema\\\/person\\\/a1b482e23449158b4bc319926c074fdf\"},\"headline\":\"En primer trimestre de 2021 finalizar\u00eda la construcci\u00f3n del Centro de Innovaci\u00f3n de La Dorada\",\"datePublished\":\"2020-12-10T23:50:41+00:00\",\"mainEntityOfPage\":{\"@id\":\"https:\\\/\\\/www.ucaldas.edu.co\\\/portal\\\/en-primer-trimestre-de-2021-finalizaria-la-construccion-del-centro-de-innovacion-de-la-dorada\\\/\"},\"wordCount\":380,\"publisher\":{\"@id\":\"https:\\\/\\\/www.ucaldas.edu.co\\\/portal\\\/#organization\"},\"image\":{\"@id\":\"https:\\\/\\\/www.ucaldas.edu.co\\\/portal\\\/en-primer-trimestre-de-2021-finalizaria-la-construccion-del-centro-de-innovacion-de-la-dorada\\\/#primaryimage\"},\"thumbnailUrl\":\"https:\\\/\\\/www.ucaldas.edu.co\\\/portal\\\/wp-content\\\/uploads\\\/2020\\\/12\\\/CentroDeInnovaci\u00f3nLaDorada.jpeg\",\"keywords\":[\"innovaci\u00f3n\",\"La Dorada\",\"tecnolog\u00eda\",\"centro de innovaci\u00f3n\",\"obras de infraestructura\"],\"articleSection\":[\"Actualidad\",\"Universidad al D\u00eda\"],\"inLanguage\":\"es\"},{\"@type\":\"WebPage\",\"@id\":\"https:\\\/\\\/www.ucaldas.edu.co\\\/portal\\\/en-primer-trimestre-de-2021-finalizaria-la-construccion-del-centro-de-innovacion-de-la-dorada\\\/\",\"url\":\"https:\\\/\\\/www.ucaldas.edu.co\\\/portal\\\/en-primer-trimestre-de-2021-finalizaria-la-construccion-del-centro-de-innovacion-de-la-dorada\\\/\",\"name\":\"En primer trimestre de 2021 finalizar\u00eda la construcci\u00f3n del Centro de Innovaci\u00f3n de La Dorada .\",\"isPartOf\":{\"@id\":\"https:\\\/\\\/www.ucaldas.edu.co\\\/portal\\\/#website\"},\"primaryImageOfPage\":{\"@id\":\"https:\\\/\\\/www.ucaldas.edu.co\\\/portal\\\/en-primer-trimestre-de-2021-finalizaria-la-construccion-del-centro-de-innovacion-de-la-dorada\\\/#primaryimage\"},\"image\":{\"@id\":\"https:\\\/\\\/www.ucaldas.edu.co\\\/portal\\\/en-primer-trimestre-de-2021-finalizaria-la-construccion-del-centro-de-innovacion-de-la-dorada\\\/#primaryimage\"},\"thumbnailUrl\":\"https:\\\/\\\/www.ucaldas.edu.co\\\/portal\\\/wp-content\\\/uploads\\\/2020\\\/12\\\/CentroDeInnovaci\u00f3nLaDorada.jpeg\",\"datePublished\":\"2020-12-10T23:50:41+00:00\",\"breadcrumb\":{\"@id\":\"https:\\\/\\\/www.ucaldas.edu.co\\\/portal\\\/en-primer-trimestre-de-2021-finalizaria-la-construccion-del-centro-de-innovacion-de-la-dorada\\\/#breadcrumb\"},\"inLanguage\":\"es\",\"potentialAction\":[{\"@type\":\"ReadAction\",\"target\":[\"https:\\\/\\\/www.ucaldas.edu.co\\\/portal\\\/en-primer-trimestre-de-2021-finalizaria-la-construccion-del-centro-de-innovacion-de-la-dorada\\\/\"]}]},{\"@type\":\"ImageObject\",\"inLanguage\":\"es\",\"@id\":\"https:\\\/\\\/www.ucaldas.edu.co\\\/portal\\\/en-primer-trimestre-de-2021-finalizaria-la-construccion-del-centro-de-innovacion-de-la-dorada\\\/#primaryimage\",\"url\":\"https:\\\/\\\/www.ucaldas.edu.co\\\/portal\\\/wp-content\\\/uploads\\\/2020\\\/12\\\/CentroDeInnovaci\u00f3nLaDorada.jpeg\",\"contentUrl\":\"https:\\\/\\\/www.ucaldas.edu.co\\\/portal\\\/wp-content\\\/uploads\\\/2020\\\/12\\\/CentroDeInnovaci\u00f3nLaDorada.jpeg\",\"width\":700,\"height\":400},{\"@type\":\"BreadcrumbList\",\"@id\":\"https:\\\/\\\/www.ucaldas.edu.co\\\/portal\\\/en-primer-trimestre-de-2021-finalizaria-la-construccion-del-centro-de-innovacion-de-la-dorada\\\/#breadcrumb\",\"itemListElement\":[{\"@type\":\"ListItem\",\"position\":1,\"name\":\"Portada\",\"item\":\"https:\\\/\\\/www.ucaldas.edu.co\\\/portal\\\/\"},{\"@type\":\"ListItem\",\"position\":2,\"name\":\"En primer trimestre de 2021 finalizar\u00eda la construcci\u00f3n del Centro de Innovaci\u00f3n de La Dorada\"}]},{\"@type\":\"WebSite\",\"@id\":\"https:\\\/\\\/www.ucaldas.edu.co\\\/portal\\\/#website\",\"url\":\"https:\\\/\\\/www.ucaldas.edu.co\\\/portal\\\/\",\"name\":\"Universidad de Caldas\",\"description\":\"\",\"publisher\":{\"@id\":\"https:\\\/\\\/www.ucaldas.edu.co\\\/portal\\\/#organization\"},\"alternateName\":\"U. de Caldas\",\"potentialAction\":[{\"@type\":\"SearchAction\",\"target\":{\"@type\":\"EntryPoint\",\"urlTemplate\":\"https:\\\/\\\/www.ucaldas.edu.co\\\/portal\\\/?s={search_term_string}\"},\"query-input\":{\"@type\":\"PropertyValueSpecification\",\"valueRequired\":true,\"valueName\":\"search_term_string\"}}],\"inLanguage\":\"es\"},{\"@type\":\"Organization\",\"@id\":\"https:\\\/\\\/www.ucaldas.edu.co\\\/portal\\\/#organization\",\"name\":\"Universidad de Caldas\",\"alternateName\":\"U. de Caldas\",\"url\":\"https:\\\/\\\/www.ucaldas.edu.co\\\/portal\\\/\",\"logo\":{\"@type\":\"ImageObject\",\"inLanguage\":\"es\",\"@id\":\"https:\\\/\\\/www.ucaldas.edu.co\\\/portal\\\/#\\\/schema\\\/logo\\\/image\\\/\",\"url\":\"https:\\\/\\\/www.ucaldas.edu.co\\\/portal\\\/wp-content\\\/uploads\\\/2023\\\/11\\\/Logo_horizontal_oscuroU-2023.png\",\"contentUrl\":\"https:\\\/\\\/www.ucaldas.edu.co\\\/portal\\\/wp-content\\\/uploads\\\/2023\\\/11\\\/Logo_horizontal_oscuroU-2023.png\",\"width\":263,\"height\":101,\"caption\":\"Universidad de Caldas\"},\"image\":{\"@id\":\"https:\\\/\\\/www.ucaldas.edu.co\\\/portal\\\/#\\\/schema\\\/logo\\\/image\\\/\"},\"sameAs\":[\"https:\\\/\\\/www.facebook.com\\\/udecaldas\",\"https:\\\/\\\/x.com\\\/udecaldas\",\"https:\\\/\\\/www.youtube.com\\\/universidadcaldas\",\"https:\\\/\\\/www.instagram.com\\\/udecaldas\\\/\"]},{\"@type\":\"Person\",\"@id\":\"https:\\\/\\\/www.ucaldas.edu.co\\\/portal\\\/#\\\/schema\\\/person\\\/a1b482e23449158b4bc319926c074fdf\",\"name\":\"ofiprensa\",\"image\":{\"@type\":\"ImageObject\",\"inLanguage\":\"es\",\"@id\":\"https:\\\/\\\/www.ucaldas.edu.co\\\/portal\\\/wp-content\\\/litespeed\\\/avatar\\\/09ea5085e600095a7a811142c6944527.jpg?ver=1777497608\",\"url\":\"https:\\\/\\\/www.ucaldas.edu.co\\\/portal\\\/wp-content\\\/litespeed\\\/avatar\\\/09ea5085e600095a7a811142c6944527.jpg?ver=1777497608\",\"contentUrl\":\"https:\\\/\\\/www.ucaldas.edu.co\\\/portal\\\/wp-content\\\/litespeed\\\/avatar\\\/09ea5085e600095a7a811142c6944527.jpg?ver=1777497608\",\"caption\":\"ofiprensa\"},\"url\":\"https:\\\/\\\/www.ucaldas.edu.co\\\/portal\\\/author\\\/ofiprensa\\\/\"}]}<\/script>\n<!-- \/ Yoast SEO plugin. -->","yoast_head_json":{"title":"En primer trimestre de 2021 finalizar\u00eda la construcci\u00f3n del Centro de Innovaci\u00f3n de La Dorada .","robots":{"index":"index","follow":"follow","max-snippet":"max-snippet:-1","max-image-preview":"max-image-preview:large","max-video-preview":"max-video-preview:-1"},"canonical":"https:\/\/www.ucaldas.edu.co\/portal\/en-primer-trimestre-de-2021-finalizaria-la-construccion-del-centro-de-innovacion-de-la-dorada\/","schema":{"@context":"https:\/\/schema.org","@graph":[{"@type":"Article","@id":"https:\/\/www.ucaldas.edu.co\/portal\/en-primer-trimestre-de-2021-finalizaria-la-construccion-del-centro-de-innovacion-de-la-dorada\/#article","isPartOf":{"@id":"https:\/\/www.ucaldas.edu.co\/portal\/en-primer-trimestre-de-2021-finalizaria-la-construccion-del-centro-de-innovacion-de-la-dorada\/"},"author":{"name":"ofiprensa","@id":"https:\/\/www.ucaldas.edu.co\/portal\/#\/schema\/person\/a1b482e23449158b4bc319926c074fdf"},"headline":"En primer trimestre de 2021 finalizar\u00eda la construcci\u00f3n del Centro de Innovaci\u00f3n de La Dorada","datePublished":"2020-12-10T23:50:41+00:00","mainEntityOfPage":{"@id":"https:\/\/www.ucaldas.edu.co\/portal\/en-primer-trimestre-de-2021-finalizaria-la-construccion-del-centro-de-innovacion-de-la-dorada\/"},"wordCount":380,"publisher":{"@id":"https:\/\/www.ucaldas.edu.co\/portal\/#organization"},"image":{"@id":"https:\/\/www.ucaldas.edu.co\/portal\/en-primer-trimestre-de-2021-finalizaria-la-construccion-del-centro-de-innovacion-de-la-dorada\/#primaryimage"},"thumbnailUrl":"https:\/\/www.ucaldas.edu.co\/portal\/wp-content\/uploads\/2020\/12\/CentroDeInnovaci\u00f3nLaDorada.jpeg","keywords":["innovaci\u00f3n","La Dorada","tecnolog\u00eda","centro de innovaci\u00f3n","obras de infraestructura"],"articleSection":["Actualidad","Universidad al D\u00eda"],"inLanguage":"es"},{"@type":"WebPage","@id":"https:\/\/www.ucaldas.edu.co\/portal\/en-primer-trimestre-de-2021-finalizaria-la-construccion-del-centro-de-innovacion-de-la-dorada\/","url":"https:\/\/www.ucaldas.edu.co\/portal\/en-primer-trimestre-de-2021-finalizaria-la-construccion-del-centro-de-innovacion-de-la-dorada\/","name":"En primer trimestre de 2021 finalizar\u00eda la construcci\u00f3n del Centro de Innovaci\u00f3n de La Dorada .","isPartOf":{"@id":"https:\/\/www.ucaldas.edu.co\/portal\/#website"},"primaryImageOfPage":{"@id":"https:\/\/www.ucaldas.edu.co\/portal\/en-primer-trimestre-de-2021-finalizaria-la-construccion-del-centro-de-innovacion-de-la-dorada\/#primaryimage"},"image":{"@id":"https:\/\/www.ucaldas.edu.co\/portal\/en-primer-trimestre-de-2021-finalizaria-la-construccion-del-centro-de-innovacion-de-la-dorada\/#primaryimage"},"thumbnailUrl":"https:\/\/www.ucaldas.edu.co\/portal\/wp-content\/uploads\/2020\/12\/CentroDeInnovaci\u00f3nLaDorada.jpeg","datePublished":"2020-12-10T23:50:41+00:00","breadcrumb":{"@id":"https:\/\/www.ucaldas.edu.co\/portal\/en-primer-trimestre-de-2021-finalizaria-la-construccion-del-centro-de-innovacion-de-la-dorada\/#breadcrumb"},"inLanguage":"es","potentialAction":[{"@type":"ReadAction","target":["https:\/\/www.ucaldas.edu.co\/portal\/en-primer-trimestre-de-2021-finalizaria-la-construccion-del-centro-de-innovacion-de-la-dorada\/"]}]},{"@type":"ImageObject","inLanguage":"es","@id":"https:\/\/www.ucaldas.edu.co\/portal\/en-primer-trimestre-de-2021-finalizaria-la-construccion-del-centro-de-innovacion-de-la-dorada\/#primaryimage","url":"https:\/\/www.ucaldas.edu.co\/portal\/wp-content\/uploads\/2020\/12\/CentroDeInnovaci\u00f3nLaDorada.jpeg","contentUrl":"https:\/\/www.ucaldas.edu.co\/portal\/wp-content\/uploads\/2020\/12\/CentroDeInnovaci\u00f3nLaDorada.jpeg","width":700,"height":400},{"@type":"BreadcrumbList","@id":"https:\/\/www.ucaldas.edu.co\/portal\/en-primer-trimestre-de-2021-finalizaria-la-construccion-del-centro-de-innovacion-de-la-dorada\/#breadcrumb","itemListElement":[{"@type":"ListItem","position":1,"name":"Portada","item":"https:\/\/www.ucaldas.edu.co\/portal\/"},{"@type":"ListItem","position":2,"name":"En primer trimestre de 2021 finalizar\u00eda la construcci\u00f3n del Centro de Innovaci\u00f3n de La Dorada"}]},{"@type":"WebSite","@id":"https:\/\/www.ucaldas.edu.co\/portal\/#website","url":"https:\/\/www.ucaldas.edu.co\/portal\/","name":"Universidad de Caldas","description":"","publisher":{"@id":"https:\/\/www.ucaldas.edu.co\/portal\/#organization"},"alternateName":"U. de Caldas","potentialAction":[{"@type":"SearchAction","target":{"@type":"EntryPoint","urlTemplate":"https:\/\/www.ucaldas.edu.co\/portal\/?s={search_term_string}"},"query-input":{"@type":"PropertyValueSpecification","valueRequired":true,"valueName":"search_term_string"}}],"inLanguage":"es"},{"@type":"Organization","@id":"https:\/\/www.ucaldas.edu.co\/portal\/#organization","name":"Universidad de Caldas","alternateName":"U. de Caldas","url":"https:\/\/www.ucaldas.edu.co\/portal\/","logo":{"@type":"ImageObject","inLanguage":"es","@id":"https:\/\/www.ucaldas.edu.co\/portal\/#\/schema\/logo\/image\/","url":"https:\/\/www.ucaldas.edu.co\/portal\/wp-content\/uploads\/2023\/11\/Logo_horizontal_oscuroU-2023.png","contentUrl":"https:\/\/www.ucaldas.edu.co\/portal\/wp-content\/uploads\/2023\/11\/Logo_horizontal_oscuroU-2023.png","width":263,"height":101,"caption":"Universidad de Caldas"},"image":{"@id":"https:\/\/www.ucaldas.edu.co\/portal\/#\/schema\/logo\/image\/"},"sameAs":["https:\/\/www.facebook.com\/udecaldas","https:\/\/x.com\/udecaldas","https:\/\/www.youtube.com\/universidadcaldas","https:\/\/www.instagram.com\/udecaldas\/"]},{"@type":"Person","@id":"https:\/\/www.ucaldas.edu.co\/portal\/#\/schema\/person\/a1b482e23449158b4bc319926c074fdf","name":"ofiprensa","image":{"@type":"ImageObject","inLanguage":"es","@id":"https:\/\/www.ucaldas.edu.co\/portal\/wp-content\/litespeed\/avatar\/09ea5085e600095a7a811142c6944527.jpg?ver=1777497608","url":"https:\/\/www.ucaldas.edu.co\/portal\/wp-content\/litespeed\/avatar\/09ea5085e600095a7a811142c6944527.jpg?ver=1777497608","contentUrl":"https:\/\/www.ucaldas.edu.co\/portal\/wp-content\/litespeed\/avatar\/09ea5085e600095a7a811142c6944527.jpg?ver=1777497608","caption":"ofiprensa"},"url":"https:\/\/www.ucaldas.edu.co\/portal\/author\/ofiprensa\/"}]}},"_links":{"self":[{"href":"https:\/\/www.ucaldas.edu.co\/portal\/wp-json\/wp\/v2\/posts\/60185","targetHints":{"allow":["GET"]}}],"collection":[{"href":"https:\/\/www.ucaldas.edu.co\/portal\/wp-json\/wp\/v2\/posts"}],"about":[{"href":"https:\/\/www.ucaldas.edu.co\/portal\/wp-json\/wp\/v2\/types\/post"}],"author":[{"embeddable":true,"href":"https:\/\/www.ucaldas.edu.co\/portal\/wp-json\/wp\/v2\/users\/2"}],"replies":[{"embeddable":true,"href":"https:\/\/www.ucaldas.edu.co\/portal\/wp-json\/wp\/v2\/comments?post=60185"}],"version-history":[{"count":0,"href":"https:\/\/www.ucaldas.edu.co\/portal\/wp-json\/wp\/v2\/posts\/60185\/revisions"}],"wp:featuredmedia":[{"embeddable":true,"href":"https:\/\/www.ucaldas.edu.co\/portal\/wp-json\/wp\/v2\/media\/60186"}],"wp:attachment":[{"href":"https:\/\/www.ucaldas.edu.co\/portal\/wp-json\/wp\/v2\/media?parent=60185"}],"wp:term":[{"taxonomy":"category","embeddable":true,"href":"https:\/\/www.ucaldas.edu.co\/portal\/wp-json\/wp\/v2\/categories?post=60185"},{"taxonomy":"post_tag","embeddable":true,"href":"https:\/\/www.ucaldas.edu.co\/portal\/wp-json\/wp\/v2\/tags?post=60185"}],"curies":[{"name":"wp","href":"https:\/\/api.w.org\/{rel}","templated":true}]}}