{"id":59936,"date":"2020-11-30T22:15:41","date_gmt":"2020-11-30T22:15:41","guid":{"rendered":"https:\/\/www.ucaldas.edu.co\/portal\/?p=59936"},"modified":"2020-11-30T22:15:41","modified_gmt":"2020-11-30T22:15:41","slug":"invitacion-a-presentar-propuestas-para-realizar-la-evaluacion-institucional-y-de-impactos-de-la-inversion-del-fondo-de-investigacion-en-salud-fis","status":"publish","type":"post","link":"https:\/\/www.ucaldas.edu.co\/portal\/invitacion-a-presentar-propuestas-para-realizar-la-evaluacion-institucional-y-de-impactos-de-la-inversion-del-fondo-de-investigacion-en-salud-fis\/","title":{"rendered":"Invitaci\u00f3n a presentar propuestas para realizar la evaluaci\u00f3n institucional y de impactos de la inversi\u00f3n del Fondo de Investigaci\u00f3n en Salud (FIS)"},"content":{"rendered":"<p style=\"text-align: center;\">CONVOCATORIA MINCIENCIAS HASTA EL 29 DE ENERO DE 2021<\/p>\n<p style=\"text-align: center;\"><strong>Invitaci\u00f3n a presentar propuestas para realizar la evaluaci\u00f3n institucional y de impactos de la inversi\u00f3n del Fondo de Investigaci\u00f3n en Salud (FIS)<\/strong><\/p>\n<p style=\"text-align: right;\">30\/11\/2020<\/p>\n<p><img loading=\"lazy\" decoding=\"async\" class=\"alignnone size-full wp-image-54962 aligncenter\" src=\"https:\/\/www.ucaldas.edu.co\/portal\/wp-content\/uploads\/2020\/03\/MINCIENCIAS-min.png\" alt=\"\" width=\"700\" height=\"400\" srcset=\"https:\/\/www.ucaldas.edu.co\/portal\/wp-content\/uploads\/2020\/03\/MINCIENCIAS-min.png 700w, https:\/\/www.ucaldas.edu.co\/portal\/wp-content\/uploads\/2020\/03\/MINCIENCIAS-min-300x171.png 300w\" sizes=\"auto, (max-width: 700px) 100vw, 700px\" \/><\/p>\n<p>Minciencias tiene abierta una nueva convocatoria encaminada a realizar una evaluaci\u00f3n institucional y de impactos de la inversi\u00f3n de Colciencias ahora Minciencias a trav\u00e9s del FIS, con el fin de generar recomendaciones para mejorar la institucionalidad y potenciar los resultados e impactos de la investigaci\u00f3n financiada con recursos del Fondo para el periodo de 2011-2019.<\/p>\n<p><!--more--><\/p>\n<p>Esta convocatoria est\u00e1 dirigida a personas jur\u00eddicas nacionales o extranjeras con sucursal en Colombia, instituciones de educaci\u00f3n superior con grupos de investigaci\u00f3n reconocidos por el Ministerio de Ciencia, Tecnolog\u00eda e Innovaci\u00f3n en la convocatoria 833-2018, centros de investigaci\u00f3n aut\u00f3nomos o dependientes con reconocimiento por El Ministerio de Ciencia, Tecnolog\u00eda e Innovaci\u00f3n.<\/p>\n<p>Minciencias ha realizado algunos estudios relacionados con la formulaci\u00f3n y evaluaci\u00f3n de pol\u00edticas, estrategias e instrumentos para la creaci\u00f3n y el fortalecimiento de las capacidades de Ciencia, Tecnolog\u00eda e Innovaci\u00f3n (CTeI) en Colombia. En este sentido, ha analizado la capacidad innovadora de las empresas, la formaci\u00f3n de recurso humano en CTeI, el desarrollo tecnol\u00f3gico, as\u00ed como en la apropiaci\u00f3n social de CTeI y la consolidaci\u00f3n de la comunidad cient\u00edfica y del Sistema Nacional de Ciencia, Tecnolog\u00eda e Innovaci\u00f3n (SNCTeI).<\/p>\n<p>Los recursos destinados para esta convocatoria ascienden a 1000 millones de pesos, el cierre de la convocatoria se tiene programado para\u00a0 el 29 de enero de 2021 y la publicaci\u00f3n de resultados definitivos ser\u00e1 el 12 de mayo de 2021.<\/p>\n<p>&nbsp;<\/p>\n<p>Consulte la informaci\u00f3n completa de la convocatoria <strong><a href=\"https:\/\/minciencias.gov.co\/convocatorias\/invitacion-para-presentacion-propuestas\/invitacion-presentar-propuestas-para-realizar\">aqu\u00ed<\/a><\/strong><\/p>\n<p><strong>\u00a0<\/strong><\/p>\n<p><strong>Informes: <\/strong>Oficina de Comunicaciones y Prensa Universidad de Caldas.<\/p>\n<p><strong>Redacci\u00f3n:<\/strong> Adriana Salazar Villegas<\/p>\n<p>&nbsp;<\/p>\n","protected":false},"excerpt":{"rendered":"<p>CONVOCATORIA MINCIENCIAS HASTA EL 29 DE ENERO DE 2021 Invitaci\u00f3n a presentar propuestas para realizar la evaluaci\u00f3n institucional y de impactos de la inversi\u00f3n del Fondo de Investigaci\u00f3n en Salud (FIS) 30\/11\/2020 Minciencias tiene abierta una nueva convocatoria encaminada a realizar una evaluaci\u00f3n institucional y de impactos de la inversi\u00f3n de Colciencias ahora Minciencias a [&hellip;]<\/p>\n","protected":false},"author":2,"featured_media":54962,"comment_status":"closed","ping_status":"open","sticky":false,"template":"","format":"standard","meta":{"footnotes":""},"categories":[48,53,620],"tags":[5608,141,363,642,4543],"class_list":["post-59936","post","type-post","status-publish","format-standard","has-post-thumbnail","hentry","category-actualidad","category-universidad-al-dia","category-ucaldas-transparente","tag-fis","tag-convocatoria","tag-innovacion","tag-tecnologia","tag-minciencias"],"yoast_head":"<!-- This site is optimized with the Yoast SEO plugin v27.5 - https:\/\/yoast.com\/product\/yoast-seo-wordpress\/ -->\n<title>Invitaci\u00f3n a presentar propuestas para realizar la evaluaci\u00f3n institucional y de impactos de la inversi\u00f3n del Fondo de Investigaci\u00f3n en Salud (FIS) .<\/title>\n<meta name=\"robots\" content=\"index, follow, max-snippet:-1, max-image-preview:large, max-video-preview:-1\" \/>\n<link rel=\"canonical\" href=\"https:\/\/www.ucaldas.edu.co\/portal\/invitacion-a-presentar-propuestas-para-realizar-la-evaluacion-institucional-y-de-impactos-de-la-inversion-del-fondo-de-investigacion-en-salud-fis\/\" \/>\n<script type=\"application\/ld+json\" class=\"yoast-schema-graph\">{\"@context\":\"https:\\\/\\\/schema.org\",\"@graph\":[{\"@type\":\"Article\",\"@id\":\"https:\\\/\\\/www.ucaldas.edu.co\\\/portal\\\/invitacion-a-presentar-propuestas-para-realizar-la-evaluacion-institucional-y-de-impactos-de-la-inversion-del-fondo-de-investigacion-en-salud-fis\\\/#article\",\"isPartOf\":{\"@id\":\"https:\\\/\\\/www.ucaldas.edu.co\\\/portal\\\/invitacion-a-presentar-propuestas-para-realizar-la-evaluacion-institucional-y-de-impactos-de-la-inversion-del-fondo-de-investigacion-en-salud-fis\\\/\"},\"author\":{\"name\":\"ofiprensa\",\"@id\":\"https:\\\/\\\/www.ucaldas.edu.co\\\/portal\\\/#\\\/schema\\\/person\\\/a1b482e23449158b4bc319926c074fdf\"},\"headline\":\"Invitaci\u00f3n a presentar propuestas para realizar la evaluaci\u00f3n institucional y de impactos de la inversi\u00f3n del Fondo de Investigaci\u00f3n en Salud (FIS)\",\"datePublished\":\"2020-11-30T22:15:41+00:00\",\"mainEntityOfPage\":{\"@id\":\"https:\\\/\\\/www.ucaldas.edu.co\\\/portal\\\/invitacion-a-presentar-propuestas-para-realizar-la-evaluacion-institucional-y-de-impactos-de-la-inversion-del-fondo-de-investigacion-en-salud-fis\\\/\"},\"wordCount\":331,\"publisher\":{\"@id\":\"https:\\\/\\\/www.ucaldas.edu.co\\\/portal\\\/#organization\"},\"image\":{\"@id\":\"https:\\\/\\\/www.ucaldas.edu.co\\\/portal\\\/invitacion-a-presentar-propuestas-para-realizar-la-evaluacion-institucional-y-de-impactos-de-la-inversion-del-fondo-de-investigacion-en-salud-fis\\\/#primaryimage\"},\"thumbnailUrl\":\"https:\\\/\\\/www.ucaldas.edu.co\\\/portal\\\/wp-content\\\/uploads\\\/2020\\\/03\\\/MINCIENCIAS-min.png\",\"keywords\":[\"FIS\",\"Convocatoria\",\"innovaci\u00f3n\",\"tecnolog\u00eda\",\"Minciencias\"],\"articleSection\":[\"Actualidad\",\"Universidad al D\u00eda\",\"UCaldas Transparente\"],\"inLanguage\":\"es\"},{\"@type\":\"WebPage\",\"@id\":\"https:\\\/\\\/www.ucaldas.edu.co\\\/portal\\\/invitacion-a-presentar-propuestas-para-realizar-la-evaluacion-institucional-y-de-impactos-de-la-inversion-del-fondo-de-investigacion-en-salud-fis\\\/\",\"url\":\"https:\\\/\\\/www.ucaldas.edu.co\\\/portal\\\/invitacion-a-presentar-propuestas-para-realizar-la-evaluacion-institucional-y-de-impactos-de-la-inversion-del-fondo-de-investigacion-en-salud-fis\\\/\",\"name\":\"Invitaci\u00f3n a presentar propuestas para realizar la evaluaci\u00f3n institucional y de impactos de la inversi\u00f3n del Fondo de Investigaci\u00f3n en Salud (FIS) .\",\"isPartOf\":{\"@id\":\"https:\\\/\\\/www.ucaldas.edu.co\\\/portal\\\/#website\"},\"primaryImageOfPage\":{\"@id\":\"https:\\\/\\\/www.ucaldas.edu.co\\\/portal\\\/invitacion-a-presentar-propuestas-para-realizar-la-evaluacion-institucional-y-de-impactos-de-la-inversion-del-fondo-de-investigacion-en-salud-fis\\\/#primaryimage\"},\"image\":{\"@id\":\"https:\\\/\\\/www.ucaldas.edu.co\\\/portal\\\/invitacion-a-presentar-propuestas-para-realizar-la-evaluacion-institucional-y-de-impactos-de-la-inversion-del-fondo-de-investigacion-en-salud-fis\\\/#primaryimage\"},\"thumbnailUrl\":\"https:\\\/\\\/www.ucaldas.edu.co\\\/portal\\\/wp-content\\\/uploads\\\/2020\\\/03\\\/MINCIENCIAS-min.png\",\"datePublished\":\"2020-11-30T22:15:41+00:00\",\"breadcrumb\":{\"@id\":\"https:\\\/\\\/www.ucaldas.edu.co\\\/portal\\\/invitacion-a-presentar-propuestas-para-realizar-la-evaluacion-institucional-y-de-impactos-de-la-inversion-del-fondo-de-investigacion-en-salud-fis\\\/#breadcrumb\"},\"inLanguage\":\"es\",\"potentialAction\":[{\"@type\":\"ReadAction\",\"target\":[\"https:\\\/\\\/www.ucaldas.edu.co\\\/portal\\\/invitacion-a-presentar-propuestas-para-realizar-la-evaluacion-institucional-y-de-impactos-de-la-inversion-del-fondo-de-investigacion-en-salud-fis\\\/\"]}]},{\"@type\":\"ImageObject\",\"inLanguage\":\"es\",\"@id\":\"https:\\\/\\\/www.ucaldas.edu.co\\\/portal\\\/invitacion-a-presentar-propuestas-para-realizar-la-evaluacion-institucional-y-de-impactos-de-la-inversion-del-fondo-de-investigacion-en-salud-fis\\\/#primaryimage\",\"url\":\"https:\\\/\\\/www.ucaldas.edu.co\\\/portal\\\/wp-content\\\/uploads\\\/2020\\\/03\\\/MINCIENCIAS-min.png\",\"contentUrl\":\"https:\\\/\\\/www.ucaldas.edu.co\\\/portal\\\/wp-content\\\/uploads\\\/2020\\\/03\\\/MINCIENCIAS-min.png\",\"width\":700,\"height\":400},{\"@type\":\"BreadcrumbList\",\"@id\":\"https:\\\/\\\/www.ucaldas.edu.co\\\/portal\\\/invitacion-a-presentar-propuestas-para-realizar-la-evaluacion-institucional-y-de-impactos-de-la-inversion-del-fondo-de-investigacion-en-salud-fis\\\/#breadcrumb\",\"itemListElement\":[{\"@type\":\"ListItem\",\"position\":1,\"name\":\"Portada\",\"item\":\"https:\\\/\\\/www.ucaldas.edu.co\\\/portal\\\/\"},{\"@type\":\"ListItem\",\"position\":2,\"name\":\"Invitaci\u00f3n a presentar propuestas para realizar la evaluaci\u00f3n institucional y de impactos de la inversi\u00f3n del Fondo de Investigaci\u00f3n en Salud (FIS)\"}]},{\"@type\":\"WebSite\",\"@id\":\"https:\\\/\\\/www.ucaldas.edu.co\\\/portal\\\/#website\",\"url\":\"https:\\\/\\\/www.ucaldas.edu.co\\\/portal\\\/\",\"name\":\"Universidad de Caldas\",\"description\":\"\",\"publisher\":{\"@id\":\"https:\\\/\\\/www.ucaldas.edu.co\\\/portal\\\/#organization\"},\"alternateName\":\"U. de Caldas\",\"potentialAction\":[{\"@type\":\"SearchAction\",\"target\":{\"@type\":\"EntryPoint\",\"urlTemplate\":\"https:\\\/\\\/www.ucaldas.edu.co\\\/portal\\\/?s={search_term_string}\"},\"query-input\":{\"@type\":\"PropertyValueSpecification\",\"valueRequired\":true,\"valueName\":\"search_term_string\"}}],\"inLanguage\":\"es\"},{\"@type\":\"Organization\",\"@id\":\"https:\\\/\\\/www.ucaldas.edu.co\\\/portal\\\/#organization\",\"name\":\"Universidad de Caldas\",\"alternateName\":\"U. de Caldas\",\"url\":\"https:\\\/\\\/www.ucaldas.edu.co\\\/portal\\\/\",\"logo\":{\"@type\":\"ImageObject\",\"inLanguage\":\"es\",\"@id\":\"https:\\\/\\\/www.ucaldas.edu.co\\\/portal\\\/#\\\/schema\\\/logo\\\/image\\\/\",\"url\":\"https:\\\/\\\/www.ucaldas.edu.co\\\/portal\\\/wp-content\\\/uploads\\\/2023\\\/11\\\/Logo_horizontal_oscuroU-2023.png\",\"contentUrl\":\"https:\\\/\\\/www.ucaldas.edu.co\\\/portal\\\/wp-content\\\/uploads\\\/2023\\\/11\\\/Logo_horizontal_oscuroU-2023.png\",\"width\":263,\"height\":101,\"caption\":\"Universidad de Caldas\"},\"image\":{\"@id\":\"https:\\\/\\\/www.ucaldas.edu.co\\\/portal\\\/#\\\/schema\\\/logo\\\/image\\\/\"},\"sameAs\":[\"https:\\\/\\\/www.facebook.com\\\/udecaldas\",\"https:\\\/\\\/x.com\\\/udecaldas\",\"https:\\\/\\\/www.youtube.com\\\/universidadcaldas\",\"https:\\\/\\\/www.instagram.com\\\/udecaldas\\\/\"]},{\"@type\":\"Person\",\"@id\":\"https:\\\/\\\/www.ucaldas.edu.co\\\/portal\\\/#\\\/schema\\\/person\\\/a1b482e23449158b4bc319926c074fdf\",\"name\":\"ofiprensa\",\"image\":{\"@type\":\"ImageObject\",\"inLanguage\":\"es\",\"@id\":\"https:\\\/\\\/www.ucaldas.edu.co\\\/portal\\\/wp-content\\\/litespeed\\\/avatar\\\/09ea5085e600095a7a811142c6944527.jpg?ver=1777497608\",\"url\":\"https:\\\/\\\/www.ucaldas.edu.co\\\/portal\\\/wp-content\\\/litespeed\\\/avatar\\\/09ea5085e600095a7a811142c6944527.jpg?ver=1777497608\",\"contentUrl\":\"https:\\\/\\\/www.ucaldas.edu.co\\\/portal\\\/wp-content\\\/litespeed\\\/avatar\\\/09ea5085e600095a7a811142c6944527.jpg?ver=1777497608\",\"caption\":\"ofiprensa\"},\"url\":\"https:\\\/\\\/www.ucaldas.edu.co\\\/portal\\\/author\\\/ofiprensa\\\/\"}]}<\/script>\n<!-- \/ Yoast SEO plugin. -->","yoast_head_json":{"title":"Invitaci\u00f3n a presentar propuestas para realizar la evaluaci\u00f3n institucional y de impactos de la inversi\u00f3n del Fondo de Investigaci\u00f3n en Salud (FIS) .","robots":{"index":"index","follow":"follow","max-snippet":"max-snippet:-1","max-image-preview":"max-image-preview:large","max-video-preview":"max-video-preview:-1"},"canonical":"https:\/\/www.ucaldas.edu.co\/portal\/invitacion-a-presentar-propuestas-para-realizar-la-evaluacion-institucional-y-de-impactos-de-la-inversion-del-fondo-de-investigacion-en-salud-fis\/","schema":{"@context":"https:\/\/schema.org","@graph":[{"@type":"Article","@id":"https:\/\/www.ucaldas.edu.co\/portal\/invitacion-a-presentar-propuestas-para-realizar-la-evaluacion-institucional-y-de-impactos-de-la-inversion-del-fondo-de-investigacion-en-salud-fis\/#article","isPartOf":{"@id":"https:\/\/www.ucaldas.edu.co\/portal\/invitacion-a-presentar-propuestas-para-realizar-la-evaluacion-institucional-y-de-impactos-de-la-inversion-del-fondo-de-investigacion-en-salud-fis\/"},"author":{"name":"ofiprensa","@id":"https:\/\/www.ucaldas.edu.co\/portal\/#\/schema\/person\/a1b482e23449158b4bc319926c074fdf"},"headline":"Invitaci\u00f3n a presentar propuestas para realizar la evaluaci\u00f3n institucional y de impactos de la inversi\u00f3n del Fondo de Investigaci\u00f3n en Salud (FIS)","datePublished":"2020-11-30T22:15:41+00:00","mainEntityOfPage":{"@id":"https:\/\/www.ucaldas.edu.co\/portal\/invitacion-a-presentar-propuestas-para-realizar-la-evaluacion-institucional-y-de-impactos-de-la-inversion-del-fondo-de-investigacion-en-salud-fis\/"},"wordCount":331,"publisher":{"@id":"https:\/\/www.ucaldas.edu.co\/portal\/#organization"},"image":{"@id":"https:\/\/www.ucaldas.edu.co\/portal\/invitacion-a-presentar-propuestas-para-realizar-la-evaluacion-institucional-y-de-impactos-de-la-inversion-del-fondo-de-investigacion-en-salud-fis\/#primaryimage"},"thumbnailUrl":"https:\/\/www.ucaldas.edu.co\/portal\/wp-content\/uploads\/2020\/03\/MINCIENCIAS-min.png","keywords":["FIS","Convocatoria","innovaci\u00f3n","tecnolog\u00eda","Minciencias"],"articleSection":["Actualidad","Universidad al D\u00eda","UCaldas Transparente"],"inLanguage":"es"},{"@type":"WebPage","@id":"https:\/\/www.ucaldas.edu.co\/portal\/invitacion-a-presentar-propuestas-para-realizar-la-evaluacion-institucional-y-de-impactos-de-la-inversion-del-fondo-de-investigacion-en-salud-fis\/","url":"https:\/\/www.ucaldas.edu.co\/portal\/invitacion-a-presentar-propuestas-para-realizar-la-evaluacion-institucional-y-de-impactos-de-la-inversion-del-fondo-de-investigacion-en-salud-fis\/","name":"Invitaci\u00f3n a presentar propuestas para realizar la evaluaci\u00f3n institucional y de impactos de la inversi\u00f3n del Fondo de Investigaci\u00f3n en Salud (FIS) .","isPartOf":{"@id":"https:\/\/www.ucaldas.edu.co\/portal\/#website"},"primaryImageOfPage":{"@id":"https:\/\/www.ucaldas.edu.co\/portal\/invitacion-a-presentar-propuestas-para-realizar-la-evaluacion-institucional-y-de-impactos-de-la-inversion-del-fondo-de-investigacion-en-salud-fis\/#primaryimage"},"image":{"@id":"https:\/\/www.ucaldas.edu.co\/portal\/invitacion-a-presentar-propuestas-para-realizar-la-evaluacion-institucional-y-de-impactos-de-la-inversion-del-fondo-de-investigacion-en-salud-fis\/#primaryimage"},"thumbnailUrl":"https:\/\/www.ucaldas.edu.co\/portal\/wp-content\/uploads\/2020\/03\/MINCIENCIAS-min.png","datePublished":"2020-11-30T22:15:41+00:00","breadcrumb":{"@id":"https:\/\/www.ucaldas.edu.co\/portal\/invitacion-a-presentar-propuestas-para-realizar-la-evaluacion-institucional-y-de-impactos-de-la-inversion-del-fondo-de-investigacion-en-salud-fis\/#breadcrumb"},"inLanguage":"es","potentialAction":[{"@type":"ReadAction","target":["https:\/\/www.ucaldas.edu.co\/portal\/invitacion-a-presentar-propuestas-para-realizar-la-evaluacion-institucional-y-de-impactos-de-la-inversion-del-fondo-de-investigacion-en-salud-fis\/"]}]},{"@type":"ImageObject","inLanguage":"es","@id":"https:\/\/www.ucaldas.edu.co\/portal\/invitacion-a-presentar-propuestas-para-realizar-la-evaluacion-institucional-y-de-impactos-de-la-inversion-del-fondo-de-investigacion-en-salud-fis\/#primaryimage","url":"https:\/\/www.ucaldas.edu.co\/portal\/wp-content\/uploads\/2020\/03\/MINCIENCIAS-min.png","contentUrl":"https:\/\/www.ucaldas.edu.co\/portal\/wp-content\/uploads\/2020\/03\/MINCIENCIAS-min.png","width":700,"height":400},{"@type":"BreadcrumbList","@id":"https:\/\/www.ucaldas.edu.co\/portal\/invitacion-a-presentar-propuestas-para-realizar-la-evaluacion-institucional-y-de-impactos-de-la-inversion-del-fondo-de-investigacion-en-salud-fis\/#breadcrumb","itemListElement":[{"@type":"ListItem","position":1,"name":"Portada","item":"https:\/\/www.ucaldas.edu.co\/portal\/"},{"@type":"ListItem","position":2,"name":"Invitaci\u00f3n a presentar propuestas para realizar la evaluaci\u00f3n institucional y de impactos de la inversi\u00f3n del Fondo de Investigaci\u00f3n en Salud (FIS)"}]},{"@type":"WebSite","@id":"https:\/\/www.ucaldas.edu.co\/portal\/#website","url":"https:\/\/www.ucaldas.edu.co\/portal\/","name":"Universidad de Caldas","description":"","publisher":{"@id":"https:\/\/www.ucaldas.edu.co\/portal\/#organization"},"alternateName":"U. de Caldas","potentialAction":[{"@type":"SearchAction","target":{"@type":"EntryPoint","urlTemplate":"https:\/\/www.ucaldas.edu.co\/portal\/?s={search_term_string}"},"query-input":{"@type":"PropertyValueSpecification","valueRequired":true,"valueName":"search_term_string"}}],"inLanguage":"es"},{"@type":"Organization","@id":"https:\/\/www.ucaldas.edu.co\/portal\/#organization","name":"Universidad de Caldas","alternateName":"U. de Caldas","url":"https:\/\/www.ucaldas.edu.co\/portal\/","logo":{"@type":"ImageObject","inLanguage":"es","@id":"https:\/\/www.ucaldas.edu.co\/portal\/#\/schema\/logo\/image\/","url":"https:\/\/www.ucaldas.edu.co\/portal\/wp-content\/uploads\/2023\/11\/Logo_horizontal_oscuroU-2023.png","contentUrl":"https:\/\/www.ucaldas.edu.co\/portal\/wp-content\/uploads\/2023\/11\/Logo_horizontal_oscuroU-2023.png","width":263,"height":101,"caption":"Universidad de Caldas"},"image":{"@id":"https:\/\/www.ucaldas.edu.co\/portal\/#\/schema\/logo\/image\/"},"sameAs":["https:\/\/www.facebook.com\/udecaldas","https:\/\/x.com\/udecaldas","https:\/\/www.youtube.com\/universidadcaldas","https:\/\/www.instagram.com\/udecaldas\/"]},{"@type":"Person","@id":"https:\/\/www.ucaldas.edu.co\/portal\/#\/schema\/person\/a1b482e23449158b4bc319926c074fdf","name":"ofiprensa","image":{"@type":"ImageObject","inLanguage":"es","@id":"https:\/\/www.ucaldas.edu.co\/portal\/wp-content\/litespeed\/avatar\/09ea5085e600095a7a811142c6944527.jpg?ver=1777497608","url":"https:\/\/www.ucaldas.edu.co\/portal\/wp-content\/litespeed\/avatar\/09ea5085e600095a7a811142c6944527.jpg?ver=1777497608","contentUrl":"https:\/\/www.ucaldas.edu.co\/portal\/wp-content\/litespeed\/avatar\/09ea5085e600095a7a811142c6944527.jpg?ver=1777497608","caption":"ofiprensa"},"url":"https:\/\/www.ucaldas.edu.co\/portal\/author\/ofiprensa\/"}]}},"_links":{"self":[{"href":"https:\/\/www.ucaldas.edu.co\/portal\/wp-json\/wp\/v2\/posts\/59936","targetHints":{"allow":["GET"]}}],"collection":[{"href":"https:\/\/www.ucaldas.edu.co\/portal\/wp-json\/wp\/v2\/posts"}],"about":[{"href":"https:\/\/www.ucaldas.edu.co\/portal\/wp-json\/wp\/v2\/types\/post"}],"author":[{"embeddable":true,"href":"https:\/\/www.ucaldas.edu.co\/portal\/wp-json\/wp\/v2\/users\/2"}],"replies":[{"embeddable":true,"href":"https:\/\/www.ucaldas.edu.co\/portal\/wp-json\/wp\/v2\/comments?post=59936"}],"version-history":[{"count":0,"href":"https:\/\/www.ucaldas.edu.co\/portal\/wp-json\/wp\/v2\/posts\/59936\/revisions"}],"wp:featuredmedia":[{"embeddable":true,"href":"https:\/\/www.ucaldas.edu.co\/portal\/wp-json\/wp\/v2\/media\/54962"}],"wp:attachment":[{"href":"https:\/\/www.ucaldas.edu.co\/portal\/wp-json\/wp\/v2\/media?parent=59936"}],"wp:term":[{"taxonomy":"category","embeddable":true,"href":"https:\/\/www.ucaldas.edu.co\/portal\/wp-json\/wp\/v2\/categories?post=59936"},{"taxonomy":"post_tag","embeddable":true,"href":"https:\/\/www.ucaldas.edu.co\/portal\/wp-json\/wp\/v2\/tags?post=59936"}],"curies":[{"name":"wp","href":"https:\/\/api.w.org\/{rel}","templated":true}]}}