{"id":59865,"date":"2020-11-26T22:53:29","date_gmt":"2020-11-26T22:53:29","guid":{"rendered":"https:\/\/www.ucaldas.edu.co\/portal\/?p=59865"},"modified":"2020-11-26T22:55:07","modified_gmt":"2020-11-26T22:55:07","slug":"finalizo-taller-en-emprendimiento-para-mujeres-jovenes-de-programas-t-y-t-de-universidad-en-tu-colegio","status":"publish","type":"post","link":"https:\/\/www.ucaldas.edu.co\/portal\/finalizo-taller-en-emprendimiento-para-mujeres-jovenes-de-programas-t-y-t-de-universidad-en-tu-colegio\/","title":{"rendered":"Finaliz\u00f3\u00a0 \u201cTaller en Emprendimiento para mujeres j\u00f3venes de programas T y T de Universidad en tu Colegio\u201d"},"content":{"rendered":"<p style=\"text-align: center;\">UNIVERSIDAD DE CALDAS, LA FUNDACI\u00d3N LUKER<\/p>\n<p style=\"text-align: center;\">Y EL CONSORCIO CAMPUS IBERUS DE ESPA\u00d1A<\/p>\n<p style=\"text-align: center;\"><strong>Finaliz\u00f3\u00a0 \u201cTaller en Emprendimiento para mujeres j\u00f3venes de programas T y T de Universidad en tu Colegio\u201d<\/strong><\/p>\n<p style=\"text-align: right;\">26\/11\/2020<\/p>\n<p><img loading=\"lazy\" decoding=\"async\" class=\"size-full wp-image-59866 aligncenter\" src=\"https:\/\/www.ucaldas.edu.co\/portal\/wp-content\/uploads\/2020\/11\/ProyectoLuker.jpeg\" alt=\"\" width=\"700\" height=\"400\" srcset=\"https:\/\/www.ucaldas.edu.co\/portal\/wp-content\/uploads\/2020\/11\/ProyectoLuker.jpeg 700w, https:\/\/www.ucaldas.edu.co\/portal\/wp-content\/uploads\/2020\/11\/ProyectoLuker-300x171.jpeg 300w\" sizes=\"auto, (max-width: 700px) 100vw, 700px\" \/><\/p>\n<p>Con la participaci\u00f3n de 20 estudiantes mujeres de programas de nivel Tecnol\u00f3gico de la Facultad de Ciencias Agropecuarias, finaliz\u00f3 el <strong>\u201c<\/strong>Taller en Emprendimiento para mujeres j\u00f3venes de programas T y T de Universidad en tu Colegio\u201d, realizado gracias al acuerdo de cooperaci\u00f3n entre la Universidad de Caldas, La Fundaci\u00f3n Luker y el Consorcio Campus Iberus de Espa\u00f1a.<\/p>\n<p><!--more--><\/p>\n<p>Durante el desarrollo del taller, las participantes se instruyeron en tem\u00e1ticas como mujer y sociedad, fundamentos de empresa, motivaci\u00f3n y liderazgo femenino y elaboraci\u00f3n de planes de negoci<strong>o<\/strong>, los cuales fueron facilitados por docentes de diferentes Universidades adscritas a Campus Iberus.<\/p>\n<p>\u201cAdem\u00e1s de la formaci\u00f3n en emprendimiento para las j\u00f3venes y el intercambio de experiencias con docentes de Universidades espa\u00f1olas, se promovi\u00f3 la generaci\u00f3n de 6 planes de y desde la Fundaci\u00f3n Luker se ha gestionado un reconocimiento econ\u00f3mico para el mejor plan de negocios y una menci\u00f3n para los dem\u00e1s\u201d manifest\u00f3 Eduardo Restrepo Salgado, jefe de la\u00a0 oficina de Educaci\u00f3n a Distancia y virtualidad.<\/p>\n<p>El desarrollo de la actividad cont\u00f3 con el liderazgo de la Vicerrector\u00eda Acad\u00e9mica y su Oficina de Educaci\u00f3n a Distancia y Virtualidad y el apoyo de la coordinaci\u00f3n de los programas de Universidad en tu colegio en la Facultad de Ciencias Agropecuarias, la Fundaci\u00f3n Luker y el Consorcio Campus virtual.<\/p>\n<p>&nbsp;<\/p>\n<table>\n<tbody>\n<tr>\n<td width=\"589\"><strong>PARA DESTACAR: <\/strong><\/p>\n<p>Como mejor plan de negocios fue seleccionado \u201cBambuarte\u201d, proyecto liderado por las estudiantes: Mar\u00eda Alejandra Urrego, Manuela Loaiza Cruz y Celeste Aristiz\u00e1bal<\/td>\n<\/tr>\n<\/tbody>\n<\/table>\n<p>&nbsp;<\/p>\n<p><strong>Informes:<\/strong> Oficina de Comunicaciones y Prensa Universidad de Caldas.<\/p>\n<p><strong>Redacci\u00f3n:<\/strong> Daniela S\u00e1nchez R\u00edos<\/p>\n<p>&nbsp;<\/p>\n","protected":false},"excerpt":{"rendered":"<p>UNIVERSIDAD DE CALDAS, LA FUNDACI\u00d3N LUKER Y EL CONSORCIO CAMPUS IBERUS DE ESPA\u00d1A Finaliz\u00f3\u00a0 \u201cTaller en Emprendimiento para mujeres j\u00f3venes de programas T y T de Universidad en tu Colegio\u201d 26\/11\/2020 Con la participaci\u00f3n de 20 estudiantes mujeres de programas de nivel Tecnol\u00f3gico de la Facultad de Ciencias Agropecuarias, finaliz\u00f3 el \u201cTaller en Emprendimiento para [&hellip;]<\/p>\n","protected":false},"author":2,"featured_media":59866,"comment_status":"closed","ping_status":"open","sticky":false,"template":"","format":"standard","meta":{"footnotes":""},"categories":[53,617,48],"tags":[2423,2568,5598,429],"class_list":["post-59865","post","type-post","status-publish","format-standard","has-post-thumbnail","hentry","category-universidad-al-dia","category-ucaldas-colaborativa","category-actualidad","tag-mujeres","tag-negocio","tag-liderazgo","tag-emprendimiento"],"yoast_head":"<!-- This site is optimized with the Yoast SEO plugin v27.5 - https:\/\/yoast.com\/product\/yoast-seo-wordpress\/ -->\n<title>Finaliz\u00f3\u00a0 \u201cTaller en Emprendimiento para mujeres j\u00f3venes de programas T y T de Universidad en tu Colegio\u201d .<\/title>\n<meta name=\"robots\" content=\"index, follow, max-snippet:-1, max-image-preview:large, max-video-preview:-1\" \/>\n<link rel=\"canonical\" href=\"https:\/\/www.ucaldas.edu.co\/portal\/finalizo-taller-en-emprendimiento-para-mujeres-jovenes-de-programas-t-y-t-de-universidad-en-tu-colegio\/\" \/>\n<script type=\"application\/ld+json\" class=\"yoast-schema-graph\">{\"@context\":\"https:\\\/\\\/schema.org\",\"@graph\":[{\"@type\":\"Article\",\"@id\":\"https:\\\/\\\/www.ucaldas.edu.co\\\/portal\\\/finalizo-taller-en-emprendimiento-para-mujeres-jovenes-de-programas-t-y-t-de-universidad-en-tu-colegio\\\/#article\",\"isPartOf\":{\"@id\":\"https:\\\/\\\/www.ucaldas.edu.co\\\/portal\\\/finalizo-taller-en-emprendimiento-para-mujeres-jovenes-de-programas-t-y-t-de-universidad-en-tu-colegio\\\/\"},\"author\":{\"name\":\"ofiprensa\",\"@id\":\"https:\\\/\\\/www.ucaldas.edu.co\\\/portal\\\/#\\\/schema\\\/person\\\/a1b482e23449158b4bc319926c074fdf\"},\"headline\":\"Finaliz\u00f3\u00a0 \u201cTaller en Emprendimiento para mujeres j\u00f3venes de programas T y T de Universidad en tu Colegio\u201d\",\"datePublished\":\"2020-11-26T22:53:29+00:00\",\"dateModified\":\"2020-11-26T22:55:07+00:00\",\"mainEntityOfPage\":{\"@id\":\"https:\\\/\\\/www.ucaldas.edu.co\\\/portal\\\/finalizo-taller-en-emprendimiento-para-mujeres-jovenes-de-programas-t-y-t-de-universidad-en-tu-colegio\\\/\"},\"wordCount\":330,\"publisher\":{\"@id\":\"https:\\\/\\\/www.ucaldas.edu.co\\\/portal\\\/#organization\"},\"image\":{\"@id\":\"https:\\\/\\\/www.ucaldas.edu.co\\\/portal\\\/finalizo-taller-en-emprendimiento-para-mujeres-jovenes-de-programas-t-y-t-de-universidad-en-tu-colegio\\\/#primaryimage\"},\"thumbnailUrl\":\"https:\\\/\\\/www.ucaldas.edu.co\\\/portal\\\/wp-content\\\/uploads\\\/2020\\\/11\\\/ProyectoLuker.jpeg\",\"keywords\":[\"mujeres\",\"negocio\",\"liderazgo\",\"Emprendimiento\"],\"articleSection\":[\"Universidad al D\u00eda\",\"UCaldas Colaborativa\",\"Actualidad\"],\"inLanguage\":\"es\"},{\"@type\":\"WebPage\",\"@id\":\"https:\\\/\\\/www.ucaldas.edu.co\\\/portal\\\/finalizo-taller-en-emprendimiento-para-mujeres-jovenes-de-programas-t-y-t-de-universidad-en-tu-colegio\\\/\",\"url\":\"https:\\\/\\\/www.ucaldas.edu.co\\\/portal\\\/finalizo-taller-en-emprendimiento-para-mujeres-jovenes-de-programas-t-y-t-de-universidad-en-tu-colegio\\\/\",\"name\":\"Finaliz\u00f3\u00a0 \u201cTaller en Emprendimiento para mujeres j\u00f3venes de programas T y T de Universidad en tu Colegio\u201d .\",\"isPartOf\":{\"@id\":\"https:\\\/\\\/www.ucaldas.edu.co\\\/portal\\\/#website\"},\"primaryImageOfPage\":{\"@id\":\"https:\\\/\\\/www.ucaldas.edu.co\\\/portal\\\/finalizo-taller-en-emprendimiento-para-mujeres-jovenes-de-programas-t-y-t-de-universidad-en-tu-colegio\\\/#primaryimage\"},\"image\":{\"@id\":\"https:\\\/\\\/www.ucaldas.edu.co\\\/portal\\\/finalizo-taller-en-emprendimiento-para-mujeres-jovenes-de-programas-t-y-t-de-universidad-en-tu-colegio\\\/#primaryimage\"},\"thumbnailUrl\":\"https:\\\/\\\/www.ucaldas.edu.co\\\/portal\\\/wp-content\\\/uploads\\\/2020\\\/11\\\/ProyectoLuker.jpeg\",\"datePublished\":\"2020-11-26T22:53:29+00:00\",\"dateModified\":\"2020-11-26T22:55:07+00:00\",\"breadcrumb\":{\"@id\":\"https:\\\/\\\/www.ucaldas.edu.co\\\/portal\\\/finalizo-taller-en-emprendimiento-para-mujeres-jovenes-de-programas-t-y-t-de-universidad-en-tu-colegio\\\/#breadcrumb\"},\"inLanguage\":\"es\",\"potentialAction\":[{\"@type\":\"ReadAction\",\"target\":[\"https:\\\/\\\/www.ucaldas.edu.co\\\/portal\\\/finalizo-taller-en-emprendimiento-para-mujeres-jovenes-de-programas-t-y-t-de-universidad-en-tu-colegio\\\/\"]}]},{\"@type\":\"ImageObject\",\"inLanguage\":\"es\",\"@id\":\"https:\\\/\\\/www.ucaldas.edu.co\\\/portal\\\/finalizo-taller-en-emprendimiento-para-mujeres-jovenes-de-programas-t-y-t-de-universidad-en-tu-colegio\\\/#primaryimage\",\"url\":\"https:\\\/\\\/www.ucaldas.edu.co\\\/portal\\\/wp-content\\\/uploads\\\/2020\\\/11\\\/ProyectoLuker.jpeg\",\"contentUrl\":\"https:\\\/\\\/www.ucaldas.edu.co\\\/portal\\\/wp-content\\\/uploads\\\/2020\\\/11\\\/ProyectoLuker.jpeg\",\"width\":700,\"height\":400},{\"@type\":\"BreadcrumbList\",\"@id\":\"https:\\\/\\\/www.ucaldas.edu.co\\\/portal\\\/finalizo-taller-en-emprendimiento-para-mujeres-jovenes-de-programas-t-y-t-de-universidad-en-tu-colegio\\\/#breadcrumb\",\"itemListElement\":[{\"@type\":\"ListItem\",\"position\":1,\"name\":\"Portada\",\"item\":\"https:\\\/\\\/www.ucaldas.edu.co\\\/portal\\\/\"},{\"@type\":\"ListItem\",\"position\":2,\"name\":\"Finaliz\u00f3\u00a0 \u201cTaller en Emprendimiento para mujeres j\u00f3venes de programas T y T de Universidad en tu Colegio\u201d\"}]},{\"@type\":\"WebSite\",\"@id\":\"https:\\\/\\\/www.ucaldas.edu.co\\\/portal\\\/#website\",\"url\":\"https:\\\/\\\/www.ucaldas.edu.co\\\/portal\\\/\",\"name\":\"Universidad de Caldas\",\"description\":\"\",\"publisher\":{\"@id\":\"https:\\\/\\\/www.ucaldas.edu.co\\\/portal\\\/#organization\"},\"alternateName\":\"U. de Caldas\",\"potentialAction\":[{\"@type\":\"SearchAction\",\"target\":{\"@type\":\"EntryPoint\",\"urlTemplate\":\"https:\\\/\\\/www.ucaldas.edu.co\\\/portal\\\/?s={search_term_string}\"},\"query-input\":{\"@type\":\"PropertyValueSpecification\",\"valueRequired\":true,\"valueName\":\"search_term_string\"}}],\"inLanguage\":\"es\"},{\"@type\":\"Organization\",\"@id\":\"https:\\\/\\\/www.ucaldas.edu.co\\\/portal\\\/#organization\",\"name\":\"Universidad de Caldas\",\"alternateName\":\"U. de Caldas\",\"url\":\"https:\\\/\\\/www.ucaldas.edu.co\\\/portal\\\/\",\"logo\":{\"@type\":\"ImageObject\",\"inLanguage\":\"es\",\"@id\":\"https:\\\/\\\/www.ucaldas.edu.co\\\/portal\\\/#\\\/schema\\\/logo\\\/image\\\/\",\"url\":\"https:\\\/\\\/www.ucaldas.edu.co\\\/portal\\\/wp-content\\\/uploads\\\/2023\\\/11\\\/Logo_horizontal_oscuroU-2023.png\",\"contentUrl\":\"https:\\\/\\\/www.ucaldas.edu.co\\\/portal\\\/wp-content\\\/uploads\\\/2023\\\/11\\\/Logo_horizontal_oscuroU-2023.png\",\"width\":263,\"height\":101,\"caption\":\"Universidad de Caldas\"},\"image\":{\"@id\":\"https:\\\/\\\/www.ucaldas.edu.co\\\/portal\\\/#\\\/schema\\\/logo\\\/image\\\/\"},\"sameAs\":[\"https:\\\/\\\/www.facebook.com\\\/udecaldas\",\"https:\\\/\\\/x.com\\\/udecaldas\",\"https:\\\/\\\/www.youtube.com\\\/universidadcaldas\",\"https:\\\/\\\/www.instagram.com\\\/udecaldas\\\/\"]},{\"@type\":\"Person\",\"@id\":\"https:\\\/\\\/www.ucaldas.edu.co\\\/portal\\\/#\\\/schema\\\/person\\\/a1b482e23449158b4bc319926c074fdf\",\"name\":\"ofiprensa\",\"image\":{\"@type\":\"ImageObject\",\"inLanguage\":\"es\",\"@id\":\"https:\\\/\\\/www.ucaldas.edu.co\\\/portal\\\/wp-content\\\/litespeed\\\/avatar\\\/09ea5085e600095a7a811142c6944527.jpg?ver=1777497608\",\"url\":\"https:\\\/\\\/www.ucaldas.edu.co\\\/portal\\\/wp-content\\\/litespeed\\\/avatar\\\/09ea5085e600095a7a811142c6944527.jpg?ver=1777497608\",\"contentUrl\":\"https:\\\/\\\/www.ucaldas.edu.co\\\/portal\\\/wp-content\\\/litespeed\\\/avatar\\\/09ea5085e600095a7a811142c6944527.jpg?ver=1777497608\",\"caption\":\"ofiprensa\"},\"url\":\"https:\\\/\\\/www.ucaldas.edu.co\\\/portal\\\/author\\\/ofiprensa\\\/\"}]}<\/script>\n<!-- \/ Yoast SEO plugin. -->","yoast_head_json":{"title":"Finaliz\u00f3\u00a0 \u201cTaller en Emprendimiento para mujeres j\u00f3venes de programas T y T de Universidad en tu Colegio\u201d .","robots":{"index":"index","follow":"follow","max-snippet":"max-snippet:-1","max-image-preview":"max-image-preview:large","max-video-preview":"max-video-preview:-1"},"canonical":"https:\/\/www.ucaldas.edu.co\/portal\/finalizo-taller-en-emprendimiento-para-mujeres-jovenes-de-programas-t-y-t-de-universidad-en-tu-colegio\/","schema":{"@context":"https:\/\/schema.org","@graph":[{"@type":"Article","@id":"https:\/\/www.ucaldas.edu.co\/portal\/finalizo-taller-en-emprendimiento-para-mujeres-jovenes-de-programas-t-y-t-de-universidad-en-tu-colegio\/#article","isPartOf":{"@id":"https:\/\/www.ucaldas.edu.co\/portal\/finalizo-taller-en-emprendimiento-para-mujeres-jovenes-de-programas-t-y-t-de-universidad-en-tu-colegio\/"},"author":{"name":"ofiprensa","@id":"https:\/\/www.ucaldas.edu.co\/portal\/#\/schema\/person\/a1b482e23449158b4bc319926c074fdf"},"headline":"Finaliz\u00f3\u00a0 \u201cTaller en Emprendimiento para mujeres j\u00f3venes de programas T y T de Universidad en tu Colegio\u201d","datePublished":"2020-11-26T22:53:29+00:00","dateModified":"2020-11-26T22:55:07+00:00","mainEntityOfPage":{"@id":"https:\/\/www.ucaldas.edu.co\/portal\/finalizo-taller-en-emprendimiento-para-mujeres-jovenes-de-programas-t-y-t-de-universidad-en-tu-colegio\/"},"wordCount":330,"publisher":{"@id":"https:\/\/www.ucaldas.edu.co\/portal\/#organization"},"image":{"@id":"https:\/\/www.ucaldas.edu.co\/portal\/finalizo-taller-en-emprendimiento-para-mujeres-jovenes-de-programas-t-y-t-de-universidad-en-tu-colegio\/#primaryimage"},"thumbnailUrl":"https:\/\/www.ucaldas.edu.co\/portal\/wp-content\/uploads\/2020\/11\/ProyectoLuker.jpeg","keywords":["mujeres","negocio","liderazgo","Emprendimiento"],"articleSection":["Universidad al D\u00eda","UCaldas Colaborativa","Actualidad"],"inLanguage":"es"},{"@type":"WebPage","@id":"https:\/\/www.ucaldas.edu.co\/portal\/finalizo-taller-en-emprendimiento-para-mujeres-jovenes-de-programas-t-y-t-de-universidad-en-tu-colegio\/","url":"https:\/\/www.ucaldas.edu.co\/portal\/finalizo-taller-en-emprendimiento-para-mujeres-jovenes-de-programas-t-y-t-de-universidad-en-tu-colegio\/","name":"Finaliz\u00f3\u00a0 \u201cTaller en Emprendimiento para mujeres j\u00f3venes de programas T y T de Universidad en tu Colegio\u201d .","isPartOf":{"@id":"https:\/\/www.ucaldas.edu.co\/portal\/#website"},"primaryImageOfPage":{"@id":"https:\/\/www.ucaldas.edu.co\/portal\/finalizo-taller-en-emprendimiento-para-mujeres-jovenes-de-programas-t-y-t-de-universidad-en-tu-colegio\/#primaryimage"},"image":{"@id":"https:\/\/www.ucaldas.edu.co\/portal\/finalizo-taller-en-emprendimiento-para-mujeres-jovenes-de-programas-t-y-t-de-universidad-en-tu-colegio\/#primaryimage"},"thumbnailUrl":"https:\/\/www.ucaldas.edu.co\/portal\/wp-content\/uploads\/2020\/11\/ProyectoLuker.jpeg","datePublished":"2020-11-26T22:53:29+00:00","dateModified":"2020-11-26T22:55:07+00:00","breadcrumb":{"@id":"https:\/\/www.ucaldas.edu.co\/portal\/finalizo-taller-en-emprendimiento-para-mujeres-jovenes-de-programas-t-y-t-de-universidad-en-tu-colegio\/#breadcrumb"},"inLanguage":"es","potentialAction":[{"@type":"ReadAction","target":["https:\/\/www.ucaldas.edu.co\/portal\/finalizo-taller-en-emprendimiento-para-mujeres-jovenes-de-programas-t-y-t-de-universidad-en-tu-colegio\/"]}]},{"@type":"ImageObject","inLanguage":"es","@id":"https:\/\/www.ucaldas.edu.co\/portal\/finalizo-taller-en-emprendimiento-para-mujeres-jovenes-de-programas-t-y-t-de-universidad-en-tu-colegio\/#primaryimage","url":"https:\/\/www.ucaldas.edu.co\/portal\/wp-content\/uploads\/2020\/11\/ProyectoLuker.jpeg","contentUrl":"https:\/\/www.ucaldas.edu.co\/portal\/wp-content\/uploads\/2020\/11\/ProyectoLuker.jpeg","width":700,"height":400},{"@type":"BreadcrumbList","@id":"https:\/\/www.ucaldas.edu.co\/portal\/finalizo-taller-en-emprendimiento-para-mujeres-jovenes-de-programas-t-y-t-de-universidad-en-tu-colegio\/#breadcrumb","itemListElement":[{"@type":"ListItem","position":1,"name":"Portada","item":"https:\/\/www.ucaldas.edu.co\/portal\/"},{"@type":"ListItem","position":2,"name":"Finaliz\u00f3\u00a0 \u201cTaller en Emprendimiento para mujeres j\u00f3venes de programas T y T de Universidad en tu Colegio\u201d"}]},{"@type":"WebSite","@id":"https:\/\/www.ucaldas.edu.co\/portal\/#website","url":"https:\/\/www.ucaldas.edu.co\/portal\/","name":"Universidad de Caldas","description":"","publisher":{"@id":"https:\/\/www.ucaldas.edu.co\/portal\/#organization"},"alternateName":"U. de Caldas","potentialAction":[{"@type":"SearchAction","target":{"@type":"EntryPoint","urlTemplate":"https:\/\/www.ucaldas.edu.co\/portal\/?s={search_term_string}"},"query-input":{"@type":"PropertyValueSpecification","valueRequired":true,"valueName":"search_term_string"}}],"inLanguage":"es"},{"@type":"Organization","@id":"https:\/\/www.ucaldas.edu.co\/portal\/#organization","name":"Universidad de Caldas","alternateName":"U. de Caldas","url":"https:\/\/www.ucaldas.edu.co\/portal\/","logo":{"@type":"ImageObject","inLanguage":"es","@id":"https:\/\/www.ucaldas.edu.co\/portal\/#\/schema\/logo\/image\/","url":"https:\/\/www.ucaldas.edu.co\/portal\/wp-content\/uploads\/2023\/11\/Logo_horizontal_oscuroU-2023.png","contentUrl":"https:\/\/www.ucaldas.edu.co\/portal\/wp-content\/uploads\/2023\/11\/Logo_horizontal_oscuroU-2023.png","width":263,"height":101,"caption":"Universidad de Caldas"},"image":{"@id":"https:\/\/www.ucaldas.edu.co\/portal\/#\/schema\/logo\/image\/"},"sameAs":["https:\/\/www.facebook.com\/udecaldas","https:\/\/x.com\/udecaldas","https:\/\/www.youtube.com\/universidadcaldas","https:\/\/www.instagram.com\/udecaldas\/"]},{"@type":"Person","@id":"https:\/\/www.ucaldas.edu.co\/portal\/#\/schema\/person\/a1b482e23449158b4bc319926c074fdf","name":"ofiprensa","image":{"@type":"ImageObject","inLanguage":"es","@id":"https:\/\/www.ucaldas.edu.co\/portal\/wp-content\/litespeed\/avatar\/09ea5085e600095a7a811142c6944527.jpg?ver=1777497608","url":"https:\/\/www.ucaldas.edu.co\/portal\/wp-content\/litespeed\/avatar\/09ea5085e600095a7a811142c6944527.jpg?ver=1777497608","contentUrl":"https:\/\/www.ucaldas.edu.co\/portal\/wp-content\/litespeed\/avatar\/09ea5085e600095a7a811142c6944527.jpg?ver=1777497608","caption":"ofiprensa"},"url":"https:\/\/www.ucaldas.edu.co\/portal\/author\/ofiprensa\/"}]}},"_links":{"self":[{"href":"https:\/\/www.ucaldas.edu.co\/portal\/wp-json\/wp\/v2\/posts\/59865","targetHints":{"allow":["GET"]}}],"collection":[{"href":"https:\/\/www.ucaldas.edu.co\/portal\/wp-json\/wp\/v2\/posts"}],"about":[{"href":"https:\/\/www.ucaldas.edu.co\/portal\/wp-json\/wp\/v2\/types\/post"}],"author":[{"embeddable":true,"href":"https:\/\/www.ucaldas.edu.co\/portal\/wp-json\/wp\/v2\/users\/2"}],"replies":[{"embeddable":true,"href":"https:\/\/www.ucaldas.edu.co\/portal\/wp-json\/wp\/v2\/comments?post=59865"}],"version-history":[{"count":0,"href":"https:\/\/www.ucaldas.edu.co\/portal\/wp-json\/wp\/v2\/posts\/59865\/revisions"}],"wp:featuredmedia":[{"embeddable":true,"href":"https:\/\/www.ucaldas.edu.co\/portal\/wp-json\/wp\/v2\/media\/59866"}],"wp:attachment":[{"href":"https:\/\/www.ucaldas.edu.co\/portal\/wp-json\/wp\/v2\/media?parent=59865"}],"wp:term":[{"taxonomy":"category","embeddable":true,"href":"https:\/\/www.ucaldas.edu.co\/portal\/wp-json\/wp\/v2\/categories?post=59865"},{"taxonomy":"post_tag","embeddable":true,"href":"https:\/\/www.ucaldas.edu.co\/portal\/wp-json\/wp\/v2\/tags?post=59865"}],"curies":[{"name":"wp","href":"https:\/\/api.w.org\/{rel}","templated":true}]}}