{"id":59805,"date":"2020-11-24T01:03:08","date_gmt":"2020-11-24T01:03:08","guid":{"rendered":"https:\/\/www.ucaldas.edu.co\/portal\/?p=59805"},"modified":"2020-11-24T01:03:08","modified_gmt":"2020-11-24T01:03:08","slug":"presentacion-nuevas-herramientas-de-visibilizacion-de-la-oferta-de-posgrados","status":"publish","type":"post","link":"https:\/\/www.ucaldas.edu.co\/portal\/presentacion-nuevas-herramientas-de-visibilizacion-de-la-oferta-de-posgrados\/","title":{"rendered":"Presentaci\u00f3n nuevas herramientas de visibilizaci\u00f3n de la oferta de posgrados"},"content":{"rendered":"<p>&nbsp;<\/p>\n<p style=\"text-align: center;\">CAMPA\u00d1A \u201cPROYECTA TU FUTURO Y CRECE CON NOSOTROS\u201d<\/p>\n<p style=\"text-align: center;\"><strong>Presentaci\u00f3n nuevas herramientas de visibilizaci\u00f3n de la oferta de posgrados<\/strong><\/p>\n<p style=\"text-align: right;\">23\/11\/2020<\/p>\n<p>&nbsp;<\/p>\n<p><img loading=\"lazy\" decoding=\"async\" class=\"size-full wp-image-59806 aligncenter\" src=\"https:\/\/www.ucaldas.edu.co\/portal\/wp-content\/uploads\/2020\/11\/posgrados.jpg\" alt=\"\" width=\"700\" height=\"400\" srcset=\"https:\/\/www.ucaldas.edu.co\/portal\/wp-content\/uploads\/2020\/11\/posgrados.jpg 700w, https:\/\/www.ucaldas.edu.co\/portal\/wp-content\/uploads\/2020\/11\/posgrados-300x171.jpg 300w\" sizes=\"auto, (max-width: 700px) 100vw, 700px\" \/><\/p>\n<p>El pr\u00f3ximo 27 de noviembre a las 2:00 p.m. la Vicerrector\u00eda de Investigaciones y Posgrados, realizar\u00e1 a trav\u00e9s de <a href=\"https:\/\/www.facebook.com\/udecaldas\/\">https:\/\/www.facebook.com\/udecaldas\/<\/a> la presentaci\u00f3n de las nuevas herramientas de visibilizaci\u00f3n de la oferta de posgrados de la Universidad de Caldas, evento dirigido a docentes y directores de programas.<\/p>\n<p><!--more--><\/p>\n<p>Este espacio hace parte de la campa\u00f1a de visibilizaci\u00f3n \u201cProyecta tu futuro y crece con nosotros\u201d, que presenta el portafolio de la oferta posgradual de la instituci\u00f3n, que no solo permitir\u00e1 su visibilidad, sino que los aspirantes lograr\u00e1n una comunicaci\u00f3n m\u00e1s directa con cada uno de los directores de los programas para conocer m\u00e1s a fondo el estudio que desean realizar.<\/p>\n<p>Durante la presentaci\u00f3n, los docentes y directores de programa, conocer\u00e1n m\u00e1s a fondo los procesos que la Vicerrector\u00eda de Investigaciones y Posgrados realiza para potenciar la oferta acad\u00e9mica de la instituci\u00f3n.<\/p>\n<p>&nbsp;<\/p>\n<p><strong>Informes: <\/strong>Oficina de Comunicaciones y Prensa Universidad de Caldas.<\/p>\n<p><strong>Redacci\u00f3n:<\/strong> Mateo Buritic\u00e1 Giraldo<\/p>\n<p>&nbsp;<\/p>\n","protected":false},"excerpt":{"rendered":"<p>&nbsp; CAMPA\u00d1A \u201cPROYECTA TU FUTURO Y CRECE CON NOSOTROS\u201d Presentaci\u00f3n nuevas herramientas de visibilizaci\u00f3n de la oferta de posgrados 23\/11\/2020 &nbsp; El pr\u00f3ximo 27 de noviembre a las 2:00 p.m. la Vicerrector\u00eda de Investigaciones y Posgrados, realizar\u00e1 a trav\u00e9s de https:\/\/www.facebook.com\/udecaldas\/ la presentaci\u00f3n de las nuevas herramientas de visibilizaci\u00f3n de la oferta de posgrados de [&hellip;]<\/p>\n","protected":false},"author":2,"featured_media":59806,"comment_status":"closed","ping_status":"open","sticky":false,"template":"","format":"standard","meta":{"footnotes":""},"categories":[48,53,62],"tags":[819,2602,5581],"class_list":["post-59805","post","type-post","status-publish","format-standard","has-post-thumbnail","hentry","category-actualidad","category-universidad-al-dia","category-eventos","tag-posgrados","tag-portafolio","tag-programas-de-posgrado"],"yoast_head":"<!-- This site is optimized with the Yoast SEO plugin v27.5 - https:\/\/yoast.com\/product\/yoast-seo-wordpress\/ -->\n<title>Presentaci\u00f3n nuevas herramientas de visibilizaci\u00f3n de la oferta de posgrados .<\/title>\n<meta name=\"robots\" content=\"index, follow, max-snippet:-1, max-image-preview:large, max-video-preview:-1\" \/>\n<link rel=\"canonical\" href=\"https:\/\/www.ucaldas.edu.co\/portal\/presentacion-nuevas-herramientas-de-visibilizacion-de-la-oferta-de-posgrados\/\" \/>\n<script type=\"application\/ld+json\" class=\"yoast-schema-graph\">{\"@context\":\"https:\\\/\\\/schema.org\",\"@graph\":[{\"@type\":\"Article\",\"@id\":\"https:\\\/\\\/www.ucaldas.edu.co\\\/portal\\\/presentacion-nuevas-herramientas-de-visibilizacion-de-la-oferta-de-posgrados\\\/#article\",\"isPartOf\":{\"@id\":\"https:\\\/\\\/www.ucaldas.edu.co\\\/portal\\\/presentacion-nuevas-herramientas-de-visibilizacion-de-la-oferta-de-posgrados\\\/\"},\"author\":{\"name\":\"ofiprensa\",\"@id\":\"https:\\\/\\\/www.ucaldas.edu.co\\\/portal\\\/#\\\/schema\\\/person\\\/a1b482e23449158b4bc319926c074fdf\"},\"headline\":\"Presentaci\u00f3n nuevas herramientas de visibilizaci\u00f3n de la oferta de posgrados\",\"datePublished\":\"2020-11-24T01:03:08+00:00\",\"mainEntityOfPage\":{\"@id\":\"https:\\\/\\\/www.ucaldas.edu.co\\\/portal\\\/presentacion-nuevas-herramientas-de-visibilizacion-de-la-oferta-de-posgrados\\\/\"},\"wordCount\":210,\"publisher\":{\"@id\":\"https:\\\/\\\/www.ucaldas.edu.co\\\/portal\\\/#organization\"},\"image\":{\"@id\":\"https:\\\/\\\/www.ucaldas.edu.co\\\/portal\\\/presentacion-nuevas-herramientas-de-visibilizacion-de-la-oferta-de-posgrados\\\/#primaryimage\"},\"thumbnailUrl\":\"https:\\\/\\\/www.ucaldas.edu.co\\\/portal\\\/wp-content\\\/uploads\\\/2020\\\/11\\\/posgrados.jpg\",\"keywords\":[\"posgrados\",\"portafolio\",\"programas de posgrado\"],\"articleSection\":[\"Actualidad\",\"Universidad al D\u00eda\",\"Eventos\"],\"inLanguage\":\"es\"},{\"@type\":\"WebPage\",\"@id\":\"https:\\\/\\\/www.ucaldas.edu.co\\\/portal\\\/presentacion-nuevas-herramientas-de-visibilizacion-de-la-oferta-de-posgrados\\\/\",\"url\":\"https:\\\/\\\/www.ucaldas.edu.co\\\/portal\\\/presentacion-nuevas-herramientas-de-visibilizacion-de-la-oferta-de-posgrados\\\/\",\"name\":\"Presentaci\u00f3n nuevas herramientas de visibilizaci\u00f3n de la oferta de posgrados .\",\"isPartOf\":{\"@id\":\"https:\\\/\\\/www.ucaldas.edu.co\\\/portal\\\/#website\"},\"primaryImageOfPage\":{\"@id\":\"https:\\\/\\\/www.ucaldas.edu.co\\\/portal\\\/presentacion-nuevas-herramientas-de-visibilizacion-de-la-oferta-de-posgrados\\\/#primaryimage\"},\"image\":{\"@id\":\"https:\\\/\\\/www.ucaldas.edu.co\\\/portal\\\/presentacion-nuevas-herramientas-de-visibilizacion-de-la-oferta-de-posgrados\\\/#primaryimage\"},\"thumbnailUrl\":\"https:\\\/\\\/www.ucaldas.edu.co\\\/portal\\\/wp-content\\\/uploads\\\/2020\\\/11\\\/posgrados.jpg\",\"datePublished\":\"2020-11-24T01:03:08+00:00\",\"breadcrumb\":{\"@id\":\"https:\\\/\\\/www.ucaldas.edu.co\\\/portal\\\/presentacion-nuevas-herramientas-de-visibilizacion-de-la-oferta-de-posgrados\\\/#breadcrumb\"},\"inLanguage\":\"es\",\"potentialAction\":[{\"@type\":\"ReadAction\",\"target\":[\"https:\\\/\\\/www.ucaldas.edu.co\\\/portal\\\/presentacion-nuevas-herramientas-de-visibilizacion-de-la-oferta-de-posgrados\\\/\"]}]},{\"@type\":\"ImageObject\",\"inLanguage\":\"es\",\"@id\":\"https:\\\/\\\/www.ucaldas.edu.co\\\/portal\\\/presentacion-nuevas-herramientas-de-visibilizacion-de-la-oferta-de-posgrados\\\/#primaryimage\",\"url\":\"https:\\\/\\\/www.ucaldas.edu.co\\\/portal\\\/wp-content\\\/uploads\\\/2020\\\/11\\\/posgrados.jpg\",\"contentUrl\":\"https:\\\/\\\/www.ucaldas.edu.co\\\/portal\\\/wp-content\\\/uploads\\\/2020\\\/11\\\/posgrados.jpg\",\"width\":700,\"height\":400},{\"@type\":\"BreadcrumbList\",\"@id\":\"https:\\\/\\\/www.ucaldas.edu.co\\\/portal\\\/presentacion-nuevas-herramientas-de-visibilizacion-de-la-oferta-de-posgrados\\\/#breadcrumb\",\"itemListElement\":[{\"@type\":\"ListItem\",\"position\":1,\"name\":\"Portada\",\"item\":\"https:\\\/\\\/www.ucaldas.edu.co\\\/portal\\\/\"},{\"@type\":\"ListItem\",\"position\":2,\"name\":\"Presentaci\u00f3n nuevas herramientas de visibilizaci\u00f3n de la oferta de posgrados\"}]},{\"@type\":\"WebSite\",\"@id\":\"https:\\\/\\\/www.ucaldas.edu.co\\\/portal\\\/#website\",\"url\":\"https:\\\/\\\/www.ucaldas.edu.co\\\/portal\\\/\",\"name\":\"Universidad de Caldas\",\"description\":\"\",\"publisher\":{\"@id\":\"https:\\\/\\\/www.ucaldas.edu.co\\\/portal\\\/#organization\"},\"alternateName\":\"U. de Caldas\",\"potentialAction\":[{\"@type\":\"SearchAction\",\"target\":{\"@type\":\"EntryPoint\",\"urlTemplate\":\"https:\\\/\\\/www.ucaldas.edu.co\\\/portal\\\/?s={search_term_string}\"},\"query-input\":{\"@type\":\"PropertyValueSpecification\",\"valueRequired\":true,\"valueName\":\"search_term_string\"}}],\"inLanguage\":\"es\"},{\"@type\":\"Organization\",\"@id\":\"https:\\\/\\\/www.ucaldas.edu.co\\\/portal\\\/#organization\",\"name\":\"Universidad de Caldas\",\"alternateName\":\"U. de Caldas\",\"url\":\"https:\\\/\\\/www.ucaldas.edu.co\\\/portal\\\/\",\"logo\":{\"@type\":\"ImageObject\",\"inLanguage\":\"es\",\"@id\":\"https:\\\/\\\/www.ucaldas.edu.co\\\/portal\\\/#\\\/schema\\\/logo\\\/image\\\/\",\"url\":\"https:\\\/\\\/www.ucaldas.edu.co\\\/portal\\\/wp-content\\\/uploads\\\/2023\\\/11\\\/Logo_horizontal_oscuroU-2023.png\",\"contentUrl\":\"https:\\\/\\\/www.ucaldas.edu.co\\\/portal\\\/wp-content\\\/uploads\\\/2023\\\/11\\\/Logo_horizontal_oscuroU-2023.png\",\"width\":263,\"height\":101,\"caption\":\"Universidad de Caldas\"},\"image\":{\"@id\":\"https:\\\/\\\/www.ucaldas.edu.co\\\/portal\\\/#\\\/schema\\\/logo\\\/image\\\/\"},\"sameAs\":[\"https:\\\/\\\/www.facebook.com\\\/udecaldas\",\"https:\\\/\\\/x.com\\\/udecaldas\",\"https:\\\/\\\/www.youtube.com\\\/universidadcaldas\",\"https:\\\/\\\/www.instagram.com\\\/udecaldas\\\/\"]},{\"@type\":\"Person\",\"@id\":\"https:\\\/\\\/www.ucaldas.edu.co\\\/portal\\\/#\\\/schema\\\/person\\\/a1b482e23449158b4bc319926c074fdf\",\"name\":\"ofiprensa\",\"image\":{\"@type\":\"ImageObject\",\"inLanguage\":\"es\",\"@id\":\"https:\\\/\\\/www.ucaldas.edu.co\\\/portal\\\/wp-content\\\/litespeed\\\/avatar\\\/09ea5085e600095a7a811142c6944527.jpg?ver=1777497608\",\"url\":\"https:\\\/\\\/www.ucaldas.edu.co\\\/portal\\\/wp-content\\\/litespeed\\\/avatar\\\/09ea5085e600095a7a811142c6944527.jpg?ver=1777497608\",\"contentUrl\":\"https:\\\/\\\/www.ucaldas.edu.co\\\/portal\\\/wp-content\\\/litespeed\\\/avatar\\\/09ea5085e600095a7a811142c6944527.jpg?ver=1777497608\",\"caption\":\"ofiprensa\"},\"url\":\"https:\\\/\\\/www.ucaldas.edu.co\\\/portal\\\/author\\\/ofiprensa\\\/\"}]}<\/script>\n<!-- \/ Yoast SEO plugin. -->","yoast_head_json":{"title":"Presentaci\u00f3n nuevas herramientas de visibilizaci\u00f3n de la oferta de posgrados .","robots":{"index":"index","follow":"follow","max-snippet":"max-snippet:-1","max-image-preview":"max-image-preview:large","max-video-preview":"max-video-preview:-1"},"canonical":"https:\/\/www.ucaldas.edu.co\/portal\/presentacion-nuevas-herramientas-de-visibilizacion-de-la-oferta-de-posgrados\/","schema":{"@context":"https:\/\/schema.org","@graph":[{"@type":"Article","@id":"https:\/\/www.ucaldas.edu.co\/portal\/presentacion-nuevas-herramientas-de-visibilizacion-de-la-oferta-de-posgrados\/#article","isPartOf":{"@id":"https:\/\/www.ucaldas.edu.co\/portal\/presentacion-nuevas-herramientas-de-visibilizacion-de-la-oferta-de-posgrados\/"},"author":{"name":"ofiprensa","@id":"https:\/\/www.ucaldas.edu.co\/portal\/#\/schema\/person\/a1b482e23449158b4bc319926c074fdf"},"headline":"Presentaci\u00f3n nuevas herramientas de visibilizaci\u00f3n de la oferta de posgrados","datePublished":"2020-11-24T01:03:08+00:00","mainEntityOfPage":{"@id":"https:\/\/www.ucaldas.edu.co\/portal\/presentacion-nuevas-herramientas-de-visibilizacion-de-la-oferta-de-posgrados\/"},"wordCount":210,"publisher":{"@id":"https:\/\/www.ucaldas.edu.co\/portal\/#organization"},"image":{"@id":"https:\/\/www.ucaldas.edu.co\/portal\/presentacion-nuevas-herramientas-de-visibilizacion-de-la-oferta-de-posgrados\/#primaryimage"},"thumbnailUrl":"https:\/\/www.ucaldas.edu.co\/portal\/wp-content\/uploads\/2020\/11\/posgrados.jpg","keywords":["posgrados","portafolio","programas de posgrado"],"articleSection":["Actualidad","Universidad al D\u00eda","Eventos"],"inLanguage":"es"},{"@type":"WebPage","@id":"https:\/\/www.ucaldas.edu.co\/portal\/presentacion-nuevas-herramientas-de-visibilizacion-de-la-oferta-de-posgrados\/","url":"https:\/\/www.ucaldas.edu.co\/portal\/presentacion-nuevas-herramientas-de-visibilizacion-de-la-oferta-de-posgrados\/","name":"Presentaci\u00f3n nuevas herramientas de visibilizaci\u00f3n de la oferta de posgrados .","isPartOf":{"@id":"https:\/\/www.ucaldas.edu.co\/portal\/#website"},"primaryImageOfPage":{"@id":"https:\/\/www.ucaldas.edu.co\/portal\/presentacion-nuevas-herramientas-de-visibilizacion-de-la-oferta-de-posgrados\/#primaryimage"},"image":{"@id":"https:\/\/www.ucaldas.edu.co\/portal\/presentacion-nuevas-herramientas-de-visibilizacion-de-la-oferta-de-posgrados\/#primaryimage"},"thumbnailUrl":"https:\/\/www.ucaldas.edu.co\/portal\/wp-content\/uploads\/2020\/11\/posgrados.jpg","datePublished":"2020-11-24T01:03:08+00:00","breadcrumb":{"@id":"https:\/\/www.ucaldas.edu.co\/portal\/presentacion-nuevas-herramientas-de-visibilizacion-de-la-oferta-de-posgrados\/#breadcrumb"},"inLanguage":"es","potentialAction":[{"@type":"ReadAction","target":["https:\/\/www.ucaldas.edu.co\/portal\/presentacion-nuevas-herramientas-de-visibilizacion-de-la-oferta-de-posgrados\/"]}]},{"@type":"ImageObject","inLanguage":"es","@id":"https:\/\/www.ucaldas.edu.co\/portal\/presentacion-nuevas-herramientas-de-visibilizacion-de-la-oferta-de-posgrados\/#primaryimage","url":"https:\/\/www.ucaldas.edu.co\/portal\/wp-content\/uploads\/2020\/11\/posgrados.jpg","contentUrl":"https:\/\/www.ucaldas.edu.co\/portal\/wp-content\/uploads\/2020\/11\/posgrados.jpg","width":700,"height":400},{"@type":"BreadcrumbList","@id":"https:\/\/www.ucaldas.edu.co\/portal\/presentacion-nuevas-herramientas-de-visibilizacion-de-la-oferta-de-posgrados\/#breadcrumb","itemListElement":[{"@type":"ListItem","position":1,"name":"Portada","item":"https:\/\/www.ucaldas.edu.co\/portal\/"},{"@type":"ListItem","position":2,"name":"Presentaci\u00f3n nuevas herramientas de visibilizaci\u00f3n de la oferta de posgrados"}]},{"@type":"WebSite","@id":"https:\/\/www.ucaldas.edu.co\/portal\/#website","url":"https:\/\/www.ucaldas.edu.co\/portal\/","name":"Universidad de Caldas","description":"","publisher":{"@id":"https:\/\/www.ucaldas.edu.co\/portal\/#organization"},"alternateName":"U. de Caldas","potentialAction":[{"@type":"SearchAction","target":{"@type":"EntryPoint","urlTemplate":"https:\/\/www.ucaldas.edu.co\/portal\/?s={search_term_string}"},"query-input":{"@type":"PropertyValueSpecification","valueRequired":true,"valueName":"search_term_string"}}],"inLanguage":"es"},{"@type":"Organization","@id":"https:\/\/www.ucaldas.edu.co\/portal\/#organization","name":"Universidad de Caldas","alternateName":"U. de Caldas","url":"https:\/\/www.ucaldas.edu.co\/portal\/","logo":{"@type":"ImageObject","inLanguage":"es","@id":"https:\/\/www.ucaldas.edu.co\/portal\/#\/schema\/logo\/image\/","url":"https:\/\/www.ucaldas.edu.co\/portal\/wp-content\/uploads\/2023\/11\/Logo_horizontal_oscuroU-2023.png","contentUrl":"https:\/\/www.ucaldas.edu.co\/portal\/wp-content\/uploads\/2023\/11\/Logo_horizontal_oscuroU-2023.png","width":263,"height":101,"caption":"Universidad de Caldas"},"image":{"@id":"https:\/\/www.ucaldas.edu.co\/portal\/#\/schema\/logo\/image\/"},"sameAs":["https:\/\/www.facebook.com\/udecaldas","https:\/\/x.com\/udecaldas","https:\/\/www.youtube.com\/universidadcaldas","https:\/\/www.instagram.com\/udecaldas\/"]},{"@type":"Person","@id":"https:\/\/www.ucaldas.edu.co\/portal\/#\/schema\/person\/a1b482e23449158b4bc319926c074fdf","name":"ofiprensa","image":{"@type":"ImageObject","inLanguage":"es","@id":"https:\/\/www.ucaldas.edu.co\/portal\/wp-content\/litespeed\/avatar\/09ea5085e600095a7a811142c6944527.jpg?ver=1777497608","url":"https:\/\/www.ucaldas.edu.co\/portal\/wp-content\/litespeed\/avatar\/09ea5085e600095a7a811142c6944527.jpg?ver=1777497608","contentUrl":"https:\/\/www.ucaldas.edu.co\/portal\/wp-content\/litespeed\/avatar\/09ea5085e600095a7a811142c6944527.jpg?ver=1777497608","caption":"ofiprensa"},"url":"https:\/\/www.ucaldas.edu.co\/portal\/author\/ofiprensa\/"}]}},"_links":{"self":[{"href":"https:\/\/www.ucaldas.edu.co\/portal\/wp-json\/wp\/v2\/posts\/59805","targetHints":{"allow":["GET"]}}],"collection":[{"href":"https:\/\/www.ucaldas.edu.co\/portal\/wp-json\/wp\/v2\/posts"}],"about":[{"href":"https:\/\/www.ucaldas.edu.co\/portal\/wp-json\/wp\/v2\/types\/post"}],"author":[{"embeddable":true,"href":"https:\/\/www.ucaldas.edu.co\/portal\/wp-json\/wp\/v2\/users\/2"}],"replies":[{"embeddable":true,"href":"https:\/\/www.ucaldas.edu.co\/portal\/wp-json\/wp\/v2\/comments?post=59805"}],"version-history":[{"count":0,"href":"https:\/\/www.ucaldas.edu.co\/portal\/wp-json\/wp\/v2\/posts\/59805\/revisions"}],"wp:featuredmedia":[{"embeddable":true,"href":"https:\/\/www.ucaldas.edu.co\/portal\/wp-json\/wp\/v2\/media\/59806"}],"wp:attachment":[{"href":"https:\/\/www.ucaldas.edu.co\/portal\/wp-json\/wp\/v2\/media?parent=59805"}],"wp:term":[{"taxonomy":"category","embeddable":true,"href":"https:\/\/www.ucaldas.edu.co\/portal\/wp-json\/wp\/v2\/categories?post=59805"},{"taxonomy":"post_tag","embeddable":true,"href":"https:\/\/www.ucaldas.edu.co\/portal\/wp-json\/wp\/v2\/tags?post=59805"}],"curies":[{"name":"wp","href":"https:\/\/api.w.org\/{rel}","templated":true}]}}