{"id":59784,"date":"2020-11-20T23:16:54","date_gmt":"2020-11-20T23:16:54","guid":{"rendered":"https:\/\/www.ucaldas.edu.co\/portal\/?p=59784"},"modified":"2020-11-20T23:16:54","modified_gmt":"2020-11-20T23:16:54","slug":"convocatoria-diseno-de-productos-para-la-tienda-virtual-u-caldas","status":"publish","type":"post","link":"https:\/\/www.ucaldas.edu.co\/portal\/convocatoria-diseno-de-productos-para-la-tienda-virtual-u-caldas\/","title":{"rendered":"Convocatoria dise\u00f1o de productos para la Tienda Virtual\u00a0U Caldas"},"content":{"rendered":"<p style=\"text-align: center;\">\n<p style=\"text-align: center;\">PODR\u00c1N PARTICIPAR ESTUDIANTES, EGRESADOS, DOCENTES Y FUNCIONARIOS<\/p>\n<p style=\"text-align: center;\"><strong>Convocatoria dise\u00f1o de productos para la Tienda Virtual\u00a0<\/strong><b>U Caldas<\/b><\/p>\n<p style=\"text-align: right;\">20\/11\/2020<\/p>\n<p><img loading=\"lazy\" decoding=\"async\" class=\"alignnone size-full wp-image-59785\" src=\"https:\/\/www.ucaldas.edu.co\/portal\/wp-content\/uploads\/2020\/11\/convocatoria-tienda.jpg\" alt=\"\" width=\"700\" height=\"400\" srcset=\"https:\/\/www.ucaldas.edu.co\/portal\/wp-content\/uploads\/2020\/11\/convocatoria-tienda.jpg 700w, https:\/\/www.ucaldas.edu.co\/portal\/wp-content\/uploads\/2020\/11\/convocatoria-tienda-300x171.jpg 300w\" sizes=\"auto, (max-width: 700px) 100vw, 700px\" \/><\/p>\n<p>La Vicerrector\u00eda de Proyecci\u00f3n Universitaria desde la Facultad de Artes y Humanidades de la Universidad de Caldas, abren convocatoria de dise\u00f1o de productos para ser ofertados en la Tienda Virtual U Caldas, dirigida a estudiantes, egresados, docentes y funcionarios de la instituci\u00f3n.<\/p>\n<p><!--more--><\/p>\n<p>Este un ejercicio que busca fomentar y fortalecer el sentido de pertenencia hacia el alma mater, adem\u00e1s de generar visibilidad de la imagen institucional de la Universidad en el contexto local, nacional e internacional a trav\u00e9s de la comercializaci\u00f3n de productos institucionales.<\/p>\n<p>La convocatoria nace como una estrategia de comercio electr\u00f3nico de productos de diferente naturaleza que potencie la apropiaci\u00f3n de los programas acad\u00e9micos y de la Universidad en general, actuando como punto de encuentro para impulsar y promover la oferta acad\u00e9mica y cultural en colaboraci\u00f3n con el \u00e1rea de Mercadeo de la instituci\u00f3n y otras dependencias, invitando a la comunidad acad\u00e9mica de los diferentes departamentos de la Universidad en el desarrollo de nuevos productos.<\/p>\n<p>Los dise\u00f1os deben estar orientados a fomentar el sentido de pertenencia del alma mater, pretendiendo que la imagen institucional resalte en diferentes contextos. Por tal motivo, se invita a presentar la forma en que la comunidad ve la Universidad de Caldas por medio del dise\u00f1o de separadores, libretas, tazas, buzos, camisetas, posters, etc.<\/p>\n<p>Los autores de las obras seleccionadas recibir\u00e1n un 10% del sobre la ganancia neta de cada producto vendido a t\u00edtulo de regal\u00edas. Esta liquidaci\u00f3n se realizar\u00e1 anualmente. Durante el tiempo de explotaci\u00f3n de la obra, el autor no podr\u00e1 fabricar o explotar comercialmente los mismos productos que aquellos comercializados por la Tienda Virtual U Caldas.<\/p>\n<p>&nbsp;<\/p>\n<p>Los participantes deben justificar que si pertenecen a alguno de los estamentos de la comunidad universitaria, as\u00ed:<\/p>\n<ul>\n<li>Estudiantes: Enviar copia del recibo de matr\u00edcula vigente.<\/li>\n<li>Egresados: Enviar copia del carn\u00e9 de egresados y\/o copia del acta de grado que lo identifique como egresado de la instituci\u00f3n.<\/li>\n<li>Docentes y funcionarios: Se realizar\u00e1 una validaci\u00f3n de la vinculaci\u00f3n en la Oficina de Gesti\u00f3n Humana.<\/li>\n<\/ul>\n<p>Cronograma de la convocatoria:<\/p>\n<p>&nbsp;<\/p>\n<table>\n<tbody>\n<tr>\n<td width=\"330\">Cierre de la convocatoria<\/td>\n<td width=\"258\">9 de diciembre<\/td>\n<\/tr>\n<tr>\n<td width=\"330\">Env\u00edo de correos con resultados<\/td>\n<td width=\"258\">18 de diciembre<\/td>\n<\/tr>\n<tr>\n<td width=\"330\">Lanzamiento de productos<\/td>\n<td width=\"258\">Marzo de 2021<\/td>\n<\/tr>\n<\/tbody>\n<\/table>\n<p>&nbsp;<\/p>\n<p><strong><a href=\"https:\/\/vpu.ucaldas.edu.co\/wp-content\/uploads\/2020\/10\/CONVOCATORIA-TIENDA-VIRTUAL-2020-1.pdf\">Conozca aqu\u00ed la convocatoria completa.<\/a><\/strong><\/p>\n<p>&nbsp;<\/p>\n<p><strong>Informes: <\/strong>Oficina de Comunicaciones y Prensa Universidad de Caldas.<\/p>\n<p><strong>Redacci\u00f3n:<\/strong> Mateo Buritic\u00e1 Giraldo<\/p>\n<p>&nbsp;<\/p>\n","protected":false},"excerpt":{"rendered":"<p>PODR\u00c1N PARTICIPAR ESTUDIANTES, EGRESADOS, DOCENTES Y FUNCIONARIOS Convocatoria dise\u00f1o de productos para la Tienda Virtual\u00a0U Caldas 20\/11\/2020 La Vicerrector\u00eda de Proyecci\u00f3n Universitaria desde la Facultad de Artes y Humanidades de la Universidad de Caldas, abren convocatoria de dise\u00f1o de productos para ser ofertados en la Tienda Virtual U Caldas, dirigida a estudiantes, egresados, docentes y [&hellip;]<\/p>\n","protected":false},"author":2,"featured_media":59785,"comment_status":"closed","ping_status":"open","sticky":false,"template":"","format":"standard","meta":{"footnotes":""},"categories":[48,53,624],"tags":[73,5570,5571],"class_list":["post-59784","post","type-post","status-publish","format-standard","has-post-thumbnail","hentry","category-actualidad","category-universidad-al-dia","category-ucaldas-activa","tag-proyeccion","tag-convocatoria-diseno","tag-tienda-virtual"],"yoast_head":"<!-- This site is optimized with the Yoast SEO plugin v27.5 - https:\/\/yoast.com\/product\/yoast-seo-wordpress\/ -->\n<title>Convocatoria dise\u00f1o de productos para la Tienda Virtual\u00a0U Caldas .<\/title>\n<meta name=\"robots\" content=\"index, follow, max-snippet:-1, max-image-preview:large, max-video-preview:-1\" \/>\n<link rel=\"canonical\" href=\"https:\/\/www.ucaldas.edu.co\/portal\/convocatoria-diseno-de-productos-para-la-tienda-virtual-u-caldas\/\" \/>\n<script type=\"application\/ld+json\" class=\"yoast-schema-graph\">{\"@context\":\"https:\\\/\\\/schema.org\",\"@graph\":[{\"@type\":\"Article\",\"@id\":\"https:\\\/\\\/www.ucaldas.edu.co\\\/portal\\\/convocatoria-diseno-de-productos-para-la-tienda-virtual-u-caldas\\\/#article\",\"isPartOf\":{\"@id\":\"https:\\\/\\\/www.ucaldas.edu.co\\\/portal\\\/convocatoria-diseno-de-productos-para-la-tienda-virtual-u-caldas\\\/\"},\"author\":{\"name\":\"ofiprensa\",\"@id\":\"https:\\\/\\\/www.ucaldas.edu.co\\\/portal\\\/#\\\/schema\\\/person\\\/a1b482e23449158b4bc319926c074fdf\"},\"headline\":\"Convocatoria dise\u00f1o de productos para la Tienda Virtual\u00a0U Caldas\",\"datePublished\":\"2020-11-20T23:16:54+00:00\",\"mainEntityOfPage\":{\"@id\":\"https:\\\/\\\/www.ucaldas.edu.co\\\/portal\\\/convocatoria-diseno-de-productos-para-la-tienda-virtual-u-caldas\\\/\"},\"wordCount\":430,\"publisher\":{\"@id\":\"https:\\\/\\\/www.ucaldas.edu.co\\\/portal\\\/#organization\"},\"image\":{\"@id\":\"https:\\\/\\\/www.ucaldas.edu.co\\\/portal\\\/convocatoria-diseno-de-productos-para-la-tienda-virtual-u-caldas\\\/#primaryimage\"},\"thumbnailUrl\":\"https:\\\/\\\/www.ucaldas.edu.co\\\/portal\\\/wp-content\\\/uploads\\\/2020\\\/11\\\/convocatoria-tienda.jpg\",\"keywords\":[\"Proyecci\u00f3n\",\"convocatoria dise\u00f1o\",\"tienda virtual\"],\"articleSection\":[\"Actualidad\",\"Universidad al D\u00eda\",\"UCaldas Activa\"],\"inLanguage\":\"es\"},{\"@type\":\"WebPage\",\"@id\":\"https:\\\/\\\/www.ucaldas.edu.co\\\/portal\\\/convocatoria-diseno-de-productos-para-la-tienda-virtual-u-caldas\\\/\",\"url\":\"https:\\\/\\\/www.ucaldas.edu.co\\\/portal\\\/convocatoria-diseno-de-productos-para-la-tienda-virtual-u-caldas\\\/\",\"name\":\"Convocatoria dise\u00f1o de productos para la Tienda Virtual\u00a0U Caldas .\",\"isPartOf\":{\"@id\":\"https:\\\/\\\/www.ucaldas.edu.co\\\/portal\\\/#website\"},\"primaryImageOfPage\":{\"@id\":\"https:\\\/\\\/www.ucaldas.edu.co\\\/portal\\\/convocatoria-diseno-de-productos-para-la-tienda-virtual-u-caldas\\\/#primaryimage\"},\"image\":{\"@id\":\"https:\\\/\\\/www.ucaldas.edu.co\\\/portal\\\/convocatoria-diseno-de-productos-para-la-tienda-virtual-u-caldas\\\/#primaryimage\"},\"thumbnailUrl\":\"https:\\\/\\\/www.ucaldas.edu.co\\\/portal\\\/wp-content\\\/uploads\\\/2020\\\/11\\\/convocatoria-tienda.jpg\",\"datePublished\":\"2020-11-20T23:16:54+00:00\",\"breadcrumb\":{\"@id\":\"https:\\\/\\\/www.ucaldas.edu.co\\\/portal\\\/convocatoria-diseno-de-productos-para-la-tienda-virtual-u-caldas\\\/#breadcrumb\"},\"inLanguage\":\"es\",\"potentialAction\":[{\"@type\":\"ReadAction\",\"target\":[\"https:\\\/\\\/www.ucaldas.edu.co\\\/portal\\\/convocatoria-diseno-de-productos-para-la-tienda-virtual-u-caldas\\\/\"]}]},{\"@type\":\"ImageObject\",\"inLanguage\":\"es\",\"@id\":\"https:\\\/\\\/www.ucaldas.edu.co\\\/portal\\\/convocatoria-diseno-de-productos-para-la-tienda-virtual-u-caldas\\\/#primaryimage\",\"url\":\"https:\\\/\\\/www.ucaldas.edu.co\\\/portal\\\/wp-content\\\/uploads\\\/2020\\\/11\\\/convocatoria-tienda.jpg\",\"contentUrl\":\"https:\\\/\\\/www.ucaldas.edu.co\\\/portal\\\/wp-content\\\/uploads\\\/2020\\\/11\\\/convocatoria-tienda.jpg\",\"width\":700,\"height\":400},{\"@type\":\"BreadcrumbList\",\"@id\":\"https:\\\/\\\/www.ucaldas.edu.co\\\/portal\\\/convocatoria-diseno-de-productos-para-la-tienda-virtual-u-caldas\\\/#breadcrumb\",\"itemListElement\":[{\"@type\":\"ListItem\",\"position\":1,\"name\":\"Portada\",\"item\":\"https:\\\/\\\/www.ucaldas.edu.co\\\/portal\\\/\"},{\"@type\":\"ListItem\",\"position\":2,\"name\":\"Convocatoria dise\u00f1o de productos para la Tienda Virtual\u00a0U Caldas\"}]},{\"@type\":\"WebSite\",\"@id\":\"https:\\\/\\\/www.ucaldas.edu.co\\\/portal\\\/#website\",\"url\":\"https:\\\/\\\/www.ucaldas.edu.co\\\/portal\\\/\",\"name\":\"Universidad de Caldas\",\"description\":\"\",\"publisher\":{\"@id\":\"https:\\\/\\\/www.ucaldas.edu.co\\\/portal\\\/#organization\"},\"alternateName\":\"U. de Caldas\",\"potentialAction\":[{\"@type\":\"SearchAction\",\"target\":{\"@type\":\"EntryPoint\",\"urlTemplate\":\"https:\\\/\\\/www.ucaldas.edu.co\\\/portal\\\/?s={search_term_string}\"},\"query-input\":{\"@type\":\"PropertyValueSpecification\",\"valueRequired\":true,\"valueName\":\"search_term_string\"}}],\"inLanguage\":\"es\"},{\"@type\":\"Organization\",\"@id\":\"https:\\\/\\\/www.ucaldas.edu.co\\\/portal\\\/#organization\",\"name\":\"Universidad de Caldas\",\"alternateName\":\"U. de Caldas\",\"url\":\"https:\\\/\\\/www.ucaldas.edu.co\\\/portal\\\/\",\"logo\":{\"@type\":\"ImageObject\",\"inLanguage\":\"es\",\"@id\":\"https:\\\/\\\/www.ucaldas.edu.co\\\/portal\\\/#\\\/schema\\\/logo\\\/image\\\/\",\"url\":\"https:\\\/\\\/www.ucaldas.edu.co\\\/portal\\\/wp-content\\\/uploads\\\/2023\\\/11\\\/Logo_horizontal_oscuroU-2023.png\",\"contentUrl\":\"https:\\\/\\\/www.ucaldas.edu.co\\\/portal\\\/wp-content\\\/uploads\\\/2023\\\/11\\\/Logo_horizontal_oscuroU-2023.png\",\"width\":263,\"height\":101,\"caption\":\"Universidad de Caldas\"},\"image\":{\"@id\":\"https:\\\/\\\/www.ucaldas.edu.co\\\/portal\\\/#\\\/schema\\\/logo\\\/image\\\/\"},\"sameAs\":[\"https:\\\/\\\/www.facebook.com\\\/udecaldas\",\"https:\\\/\\\/x.com\\\/udecaldas\",\"https:\\\/\\\/www.youtube.com\\\/universidadcaldas\",\"https:\\\/\\\/www.instagram.com\\\/udecaldas\\\/\"]},{\"@type\":\"Person\",\"@id\":\"https:\\\/\\\/www.ucaldas.edu.co\\\/portal\\\/#\\\/schema\\\/person\\\/a1b482e23449158b4bc319926c074fdf\",\"name\":\"ofiprensa\",\"image\":{\"@type\":\"ImageObject\",\"inLanguage\":\"es\",\"@id\":\"https:\\\/\\\/www.ucaldas.edu.co\\\/portal\\\/wp-content\\\/litespeed\\\/avatar\\\/09ea5085e600095a7a811142c6944527.jpg?ver=1777497608\",\"url\":\"https:\\\/\\\/www.ucaldas.edu.co\\\/portal\\\/wp-content\\\/litespeed\\\/avatar\\\/09ea5085e600095a7a811142c6944527.jpg?ver=1777497608\",\"contentUrl\":\"https:\\\/\\\/www.ucaldas.edu.co\\\/portal\\\/wp-content\\\/litespeed\\\/avatar\\\/09ea5085e600095a7a811142c6944527.jpg?ver=1777497608\",\"caption\":\"ofiprensa\"},\"url\":\"https:\\\/\\\/www.ucaldas.edu.co\\\/portal\\\/author\\\/ofiprensa\\\/\"}]}<\/script>\n<!-- \/ Yoast SEO plugin. -->","yoast_head_json":{"title":"Convocatoria dise\u00f1o de productos para la Tienda Virtual\u00a0U Caldas .","robots":{"index":"index","follow":"follow","max-snippet":"max-snippet:-1","max-image-preview":"max-image-preview:large","max-video-preview":"max-video-preview:-1"},"canonical":"https:\/\/www.ucaldas.edu.co\/portal\/convocatoria-diseno-de-productos-para-la-tienda-virtual-u-caldas\/","schema":{"@context":"https:\/\/schema.org","@graph":[{"@type":"Article","@id":"https:\/\/www.ucaldas.edu.co\/portal\/convocatoria-diseno-de-productos-para-la-tienda-virtual-u-caldas\/#article","isPartOf":{"@id":"https:\/\/www.ucaldas.edu.co\/portal\/convocatoria-diseno-de-productos-para-la-tienda-virtual-u-caldas\/"},"author":{"name":"ofiprensa","@id":"https:\/\/www.ucaldas.edu.co\/portal\/#\/schema\/person\/a1b482e23449158b4bc319926c074fdf"},"headline":"Convocatoria dise\u00f1o de productos para la Tienda Virtual\u00a0U Caldas","datePublished":"2020-11-20T23:16:54+00:00","mainEntityOfPage":{"@id":"https:\/\/www.ucaldas.edu.co\/portal\/convocatoria-diseno-de-productos-para-la-tienda-virtual-u-caldas\/"},"wordCount":430,"publisher":{"@id":"https:\/\/www.ucaldas.edu.co\/portal\/#organization"},"image":{"@id":"https:\/\/www.ucaldas.edu.co\/portal\/convocatoria-diseno-de-productos-para-la-tienda-virtual-u-caldas\/#primaryimage"},"thumbnailUrl":"https:\/\/www.ucaldas.edu.co\/portal\/wp-content\/uploads\/2020\/11\/convocatoria-tienda.jpg","keywords":["Proyecci\u00f3n","convocatoria dise\u00f1o","tienda virtual"],"articleSection":["Actualidad","Universidad al D\u00eda","UCaldas Activa"],"inLanguage":"es"},{"@type":"WebPage","@id":"https:\/\/www.ucaldas.edu.co\/portal\/convocatoria-diseno-de-productos-para-la-tienda-virtual-u-caldas\/","url":"https:\/\/www.ucaldas.edu.co\/portal\/convocatoria-diseno-de-productos-para-la-tienda-virtual-u-caldas\/","name":"Convocatoria dise\u00f1o de productos para la Tienda Virtual\u00a0U Caldas .","isPartOf":{"@id":"https:\/\/www.ucaldas.edu.co\/portal\/#website"},"primaryImageOfPage":{"@id":"https:\/\/www.ucaldas.edu.co\/portal\/convocatoria-diseno-de-productos-para-la-tienda-virtual-u-caldas\/#primaryimage"},"image":{"@id":"https:\/\/www.ucaldas.edu.co\/portal\/convocatoria-diseno-de-productos-para-la-tienda-virtual-u-caldas\/#primaryimage"},"thumbnailUrl":"https:\/\/www.ucaldas.edu.co\/portal\/wp-content\/uploads\/2020\/11\/convocatoria-tienda.jpg","datePublished":"2020-11-20T23:16:54+00:00","breadcrumb":{"@id":"https:\/\/www.ucaldas.edu.co\/portal\/convocatoria-diseno-de-productos-para-la-tienda-virtual-u-caldas\/#breadcrumb"},"inLanguage":"es","potentialAction":[{"@type":"ReadAction","target":["https:\/\/www.ucaldas.edu.co\/portal\/convocatoria-diseno-de-productos-para-la-tienda-virtual-u-caldas\/"]}]},{"@type":"ImageObject","inLanguage":"es","@id":"https:\/\/www.ucaldas.edu.co\/portal\/convocatoria-diseno-de-productos-para-la-tienda-virtual-u-caldas\/#primaryimage","url":"https:\/\/www.ucaldas.edu.co\/portal\/wp-content\/uploads\/2020\/11\/convocatoria-tienda.jpg","contentUrl":"https:\/\/www.ucaldas.edu.co\/portal\/wp-content\/uploads\/2020\/11\/convocatoria-tienda.jpg","width":700,"height":400},{"@type":"BreadcrumbList","@id":"https:\/\/www.ucaldas.edu.co\/portal\/convocatoria-diseno-de-productos-para-la-tienda-virtual-u-caldas\/#breadcrumb","itemListElement":[{"@type":"ListItem","position":1,"name":"Portada","item":"https:\/\/www.ucaldas.edu.co\/portal\/"},{"@type":"ListItem","position":2,"name":"Convocatoria dise\u00f1o de productos para la Tienda Virtual\u00a0U Caldas"}]},{"@type":"WebSite","@id":"https:\/\/www.ucaldas.edu.co\/portal\/#website","url":"https:\/\/www.ucaldas.edu.co\/portal\/","name":"Universidad de Caldas","description":"","publisher":{"@id":"https:\/\/www.ucaldas.edu.co\/portal\/#organization"},"alternateName":"U. de Caldas","potentialAction":[{"@type":"SearchAction","target":{"@type":"EntryPoint","urlTemplate":"https:\/\/www.ucaldas.edu.co\/portal\/?s={search_term_string}"},"query-input":{"@type":"PropertyValueSpecification","valueRequired":true,"valueName":"search_term_string"}}],"inLanguage":"es"},{"@type":"Organization","@id":"https:\/\/www.ucaldas.edu.co\/portal\/#organization","name":"Universidad de Caldas","alternateName":"U. de Caldas","url":"https:\/\/www.ucaldas.edu.co\/portal\/","logo":{"@type":"ImageObject","inLanguage":"es","@id":"https:\/\/www.ucaldas.edu.co\/portal\/#\/schema\/logo\/image\/","url":"https:\/\/www.ucaldas.edu.co\/portal\/wp-content\/uploads\/2023\/11\/Logo_horizontal_oscuroU-2023.png","contentUrl":"https:\/\/www.ucaldas.edu.co\/portal\/wp-content\/uploads\/2023\/11\/Logo_horizontal_oscuroU-2023.png","width":263,"height":101,"caption":"Universidad de Caldas"},"image":{"@id":"https:\/\/www.ucaldas.edu.co\/portal\/#\/schema\/logo\/image\/"},"sameAs":["https:\/\/www.facebook.com\/udecaldas","https:\/\/x.com\/udecaldas","https:\/\/www.youtube.com\/universidadcaldas","https:\/\/www.instagram.com\/udecaldas\/"]},{"@type":"Person","@id":"https:\/\/www.ucaldas.edu.co\/portal\/#\/schema\/person\/a1b482e23449158b4bc319926c074fdf","name":"ofiprensa","image":{"@type":"ImageObject","inLanguage":"es","@id":"https:\/\/www.ucaldas.edu.co\/portal\/wp-content\/litespeed\/avatar\/09ea5085e600095a7a811142c6944527.jpg?ver=1777497608","url":"https:\/\/www.ucaldas.edu.co\/portal\/wp-content\/litespeed\/avatar\/09ea5085e600095a7a811142c6944527.jpg?ver=1777497608","contentUrl":"https:\/\/www.ucaldas.edu.co\/portal\/wp-content\/litespeed\/avatar\/09ea5085e600095a7a811142c6944527.jpg?ver=1777497608","caption":"ofiprensa"},"url":"https:\/\/www.ucaldas.edu.co\/portal\/author\/ofiprensa\/"}]}},"_links":{"self":[{"href":"https:\/\/www.ucaldas.edu.co\/portal\/wp-json\/wp\/v2\/posts\/59784","targetHints":{"allow":["GET"]}}],"collection":[{"href":"https:\/\/www.ucaldas.edu.co\/portal\/wp-json\/wp\/v2\/posts"}],"about":[{"href":"https:\/\/www.ucaldas.edu.co\/portal\/wp-json\/wp\/v2\/types\/post"}],"author":[{"embeddable":true,"href":"https:\/\/www.ucaldas.edu.co\/portal\/wp-json\/wp\/v2\/users\/2"}],"replies":[{"embeddable":true,"href":"https:\/\/www.ucaldas.edu.co\/portal\/wp-json\/wp\/v2\/comments?post=59784"}],"version-history":[{"count":0,"href":"https:\/\/www.ucaldas.edu.co\/portal\/wp-json\/wp\/v2\/posts\/59784\/revisions"}],"wp:featuredmedia":[{"embeddable":true,"href":"https:\/\/www.ucaldas.edu.co\/portal\/wp-json\/wp\/v2\/media\/59785"}],"wp:attachment":[{"href":"https:\/\/www.ucaldas.edu.co\/portal\/wp-json\/wp\/v2\/media?parent=59784"}],"wp:term":[{"taxonomy":"category","embeddable":true,"href":"https:\/\/www.ucaldas.edu.co\/portal\/wp-json\/wp\/v2\/categories?post=59784"},{"taxonomy":"post_tag","embeddable":true,"href":"https:\/\/www.ucaldas.edu.co\/portal\/wp-json\/wp\/v2\/tags?post=59784"}],"curies":[{"name":"wp","href":"https:\/\/api.w.org\/{rel}","templated":true}]}}