{"id":59725,"date":"2020-11-17T23:52:39","date_gmt":"2020-11-17T23:52:39","guid":{"rendered":"https:\/\/www.ucaldas.edu.co\/portal\/?p=59725"},"modified":"2020-11-17T23:52:39","modified_gmt":"2020-11-17T23:52:39","slug":"se-acerca-la-ultima-sesion-del-seminario-permanente-constitucion-y-derecho-comparado","status":"publish","type":"post","link":"https:\/\/www.ucaldas.edu.co\/portal\/se-acerca-la-ultima-sesion-del-seminario-permanente-constitucion-y-derecho-comparado\/","title":{"rendered":"Se acerca la \u00faltima sesi\u00f3n del Seminario Permanente Constituci\u00f3n y Derecho Comparado"},"content":{"rendered":"<p>&nbsp;<\/p>\n<p style=\"text-align: center;\">TEMA: DEBATE ENTRE SCHMITT Y KELSEN: \u00bfUNA DISTINCI\u00d3N SIN UNA DIFERENCIA?<\/p>\n<p style=\"text-align: center;\"><strong>Se acerca la \u00faltima sesi\u00f3n del Seminario Permanente Constituci\u00f3n y Derecho Comparado<\/strong><\/p>\n<p style=\"text-align: right;\">17\/11\/2020<\/p>\n<p><img loading=\"lazy\" decoding=\"async\" class=\"size-full wp-image-59726 aligncenter\" src=\"https:\/\/www.ucaldas.edu.co\/portal\/wp-content\/uploads\/2020\/11\/seminario-derecho.jpg\" alt=\"\" width=\"700\" height=\"400\" srcset=\"https:\/\/www.ucaldas.edu.co\/portal\/wp-content\/uploads\/2020\/11\/seminario-derecho.jpg 700w, https:\/\/www.ucaldas.edu.co\/portal\/wp-content\/uploads\/2020\/11\/seminario-derecho-300x171.jpg 300w\" sizes=\"auto, (max-width: 700px) 100vw, 700px\" \/><\/p>\n<p>El Seminario Permanente Constituci\u00f3n y Derecho Comparado finaliza el pr\u00f3ximo 20 de noviembre con el tema \u201cDebate entre Schmitt y Kelsen: \u00bfUna distinci\u00f3n sin una diferencia?\u201d, a cargo del docente Andr\u00e9s Rosler de la Universidad de Buenos Aires, Argentina.<\/p>\n<p><!--more--><\/p>\n<p>Milton C\u00e9sar Jim\u00e9nez Ram\u00edrez, docente investigador del Departamento de Jur\u00eddicas y organizador del evento, comenta que el ponente presentar\u00e1 un an\u00e1lisis sobre el debate entre Kelsen y Schmitt sobre la pol\u00edtica, incidencia del derecho y con la idea del control del poder, relacionado con situaciones que se viven en la actualidad.<\/p>\n<p>Jim\u00e9nez Ram\u00edrez resalta que este espacio se caracteriz\u00f3 por su responsabilidad social con invitados de car\u00e1cter internacional, el cual fue totalmente abierto al p\u00fablico universitario y en general. Expresa adem\u00e1s que el seminario benefici\u00f3 a la escuela de Derecho de la instituci\u00f3n, el grupo de investigaci\u00f3n Poderes P\u00fablicos, el semillero de investigaci\u00f3n FORUM, los cuales generaron importantes relaciones acad\u00e9micas con los invitados a las sesiones.<\/p>\n<p>El seminario, seg\u00fan lo afirma el docente Jim\u00e9nez, fue un evento afortunado puesto que logr\u00f3 adaptarse con \u00e9xito a la virtualidad y permiti\u00f3 presentar a la comunidad acad\u00e9mica y p\u00fablico en general, docentes reconocidos a nivel mundial con tem\u00e1ticas fundamentales y de actualidad para el derecho.<\/p>\n<p>Como dato a destacar, el conjunto de todas las sesiones realizadas del seminario, cuentan con cerca de 10 mil reproducciones las cuales d\u00eda a d\u00eda aumentan gracias a la constante divulgaci\u00f3n virtual.<\/p>\n<p><strong><a href=\"https:\/\/www.youtube.com\/channel\/UCMV1L6klkM3hv0i3jyQHFXQ\">Enlace de la m\u00e1s reciente sesi\u00f3n del seminario.<\/a><\/strong><\/p>\n<p>&nbsp;<\/p>\n<p><strong>Anexo:<\/strong><\/p>\n<p><strong><a href=\"https:\/\/www.ucaldas.edu.co\/portal\/wp-content\/uploads\/2020\/11\/milton-derecho.mp3\">Audio docente Milton C\u00e9sar Jim\u00e9nez Ram\u00edrez.<\/a><\/strong><\/p>\n<p>&nbsp;<\/p>\n<p><strong>Informes: <\/strong>Oficina de Comunicaciones y Prensa Universidad de Caldas.<\/p>\n<p><strong>Redacci\u00f3n:<\/strong> Mateo Buritic\u00e1 Giraldo<\/p>\n<p>&nbsp;<\/p>\n","protected":false},"excerpt":{"rendered":"<p>&nbsp; TEMA: DEBATE ENTRE SCHMITT Y KELSEN: \u00bfUNA DISTINCI\u00d3N SIN UNA DIFERENCIA? Se acerca la \u00faltima sesi\u00f3n del Seminario Permanente Constituci\u00f3n y Derecho Comparado 17\/11\/2020 El Seminario Permanente Constituci\u00f3n y Derecho Comparado finaliza el pr\u00f3ximo 20 de noviembre con el tema \u201cDebate entre Schmitt y Kelsen: \u00bfUna distinci\u00f3n sin una diferencia?\u201d, a cargo del docente [&hellip;]<\/p>\n","protected":false},"author":2,"featured_media":59726,"comment_status":"closed","ping_status":"open","sticky":false,"template":"","format":"standard","meta":{"footnotes":""},"categories":[53,62,48],"tags":[5382,5545,5096],"class_list":["post-59725","post","type-post","status-publish","format-standard","has-post-thumbnail","hentry","category-universidad-al-dia","category-eventos","category-actualidad","tag-forum","tag-seminario-derecho","tag-derecho-comparado"],"yoast_head":"<!-- This site is optimized with the Yoast SEO plugin v27.5 - https:\/\/yoast.com\/product\/yoast-seo-wordpress\/ -->\n<title>Se acerca la \u00faltima sesi\u00f3n del Seminario Permanente Constituci\u00f3n y Derecho Comparado .<\/title>\n<meta name=\"robots\" content=\"index, follow, max-snippet:-1, max-image-preview:large, max-video-preview:-1\" \/>\n<link rel=\"canonical\" href=\"https:\/\/www.ucaldas.edu.co\/portal\/se-acerca-la-ultima-sesion-del-seminario-permanente-constitucion-y-derecho-comparado\/\" \/>\n<script type=\"application\/ld+json\" class=\"yoast-schema-graph\">{\"@context\":\"https:\\\/\\\/schema.org\",\"@graph\":[{\"@type\":\"Article\",\"@id\":\"https:\\\/\\\/www.ucaldas.edu.co\\\/portal\\\/se-acerca-la-ultima-sesion-del-seminario-permanente-constitucion-y-derecho-comparado\\\/#article\",\"isPartOf\":{\"@id\":\"https:\\\/\\\/www.ucaldas.edu.co\\\/portal\\\/se-acerca-la-ultima-sesion-del-seminario-permanente-constitucion-y-derecho-comparado\\\/\"},\"author\":{\"name\":\"ofiprensa\",\"@id\":\"https:\\\/\\\/www.ucaldas.edu.co\\\/portal\\\/#\\\/schema\\\/person\\\/a1b482e23449158b4bc319926c074fdf\"},\"headline\":\"Se acerca la \u00faltima sesi\u00f3n del Seminario Permanente Constituci\u00f3n y Derecho Comparado\",\"datePublished\":\"2020-11-17T23:52:39+00:00\",\"mainEntityOfPage\":{\"@id\":\"https:\\\/\\\/www.ucaldas.edu.co\\\/portal\\\/se-acerca-la-ultima-sesion-del-seminario-permanente-constitucion-y-derecho-comparado\\\/\"},\"wordCount\":337,\"publisher\":{\"@id\":\"https:\\\/\\\/www.ucaldas.edu.co\\\/portal\\\/#organization\"},\"image\":{\"@id\":\"https:\\\/\\\/www.ucaldas.edu.co\\\/portal\\\/se-acerca-la-ultima-sesion-del-seminario-permanente-constitucion-y-derecho-comparado\\\/#primaryimage\"},\"thumbnailUrl\":\"https:\\\/\\\/www.ucaldas.edu.co\\\/portal\\\/wp-content\\\/uploads\\\/2020\\\/11\\\/seminario-derecho.jpg\",\"keywords\":[\"forum\",\"seminario derecho\",\"derecho comparado\"],\"articleSection\":[\"Universidad al D\u00eda\",\"Eventos\",\"Actualidad\"],\"inLanguage\":\"es\"},{\"@type\":\"WebPage\",\"@id\":\"https:\\\/\\\/www.ucaldas.edu.co\\\/portal\\\/se-acerca-la-ultima-sesion-del-seminario-permanente-constitucion-y-derecho-comparado\\\/\",\"url\":\"https:\\\/\\\/www.ucaldas.edu.co\\\/portal\\\/se-acerca-la-ultima-sesion-del-seminario-permanente-constitucion-y-derecho-comparado\\\/\",\"name\":\"Se acerca la \u00faltima sesi\u00f3n del Seminario Permanente Constituci\u00f3n y Derecho Comparado .\",\"isPartOf\":{\"@id\":\"https:\\\/\\\/www.ucaldas.edu.co\\\/portal\\\/#website\"},\"primaryImageOfPage\":{\"@id\":\"https:\\\/\\\/www.ucaldas.edu.co\\\/portal\\\/se-acerca-la-ultima-sesion-del-seminario-permanente-constitucion-y-derecho-comparado\\\/#primaryimage\"},\"image\":{\"@id\":\"https:\\\/\\\/www.ucaldas.edu.co\\\/portal\\\/se-acerca-la-ultima-sesion-del-seminario-permanente-constitucion-y-derecho-comparado\\\/#primaryimage\"},\"thumbnailUrl\":\"https:\\\/\\\/www.ucaldas.edu.co\\\/portal\\\/wp-content\\\/uploads\\\/2020\\\/11\\\/seminario-derecho.jpg\",\"datePublished\":\"2020-11-17T23:52:39+00:00\",\"breadcrumb\":{\"@id\":\"https:\\\/\\\/www.ucaldas.edu.co\\\/portal\\\/se-acerca-la-ultima-sesion-del-seminario-permanente-constitucion-y-derecho-comparado\\\/#breadcrumb\"},\"inLanguage\":\"es\",\"potentialAction\":[{\"@type\":\"ReadAction\",\"target\":[\"https:\\\/\\\/www.ucaldas.edu.co\\\/portal\\\/se-acerca-la-ultima-sesion-del-seminario-permanente-constitucion-y-derecho-comparado\\\/\"]}]},{\"@type\":\"ImageObject\",\"inLanguage\":\"es\",\"@id\":\"https:\\\/\\\/www.ucaldas.edu.co\\\/portal\\\/se-acerca-la-ultima-sesion-del-seminario-permanente-constitucion-y-derecho-comparado\\\/#primaryimage\",\"url\":\"https:\\\/\\\/www.ucaldas.edu.co\\\/portal\\\/wp-content\\\/uploads\\\/2020\\\/11\\\/seminario-derecho.jpg\",\"contentUrl\":\"https:\\\/\\\/www.ucaldas.edu.co\\\/portal\\\/wp-content\\\/uploads\\\/2020\\\/11\\\/seminario-derecho.jpg\",\"width\":700,\"height\":400},{\"@type\":\"BreadcrumbList\",\"@id\":\"https:\\\/\\\/www.ucaldas.edu.co\\\/portal\\\/se-acerca-la-ultima-sesion-del-seminario-permanente-constitucion-y-derecho-comparado\\\/#breadcrumb\",\"itemListElement\":[{\"@type\":\"ListItem\",\"position\":1,\"name\":\"Portada\",\"item\":\"https:\\\/\\\/www.ucaldas.edu.co\\\/portal\\\/\"},{\"@type\":\"ListItem\",\"position\":2,\"name\":\"Se acerca la \u00faltima sesi\u00f3n del Seminario Permanente Constituci\u00f3n y Derecho Comparado\"}]},{\"@type\":\"WebSite\",\"@id\":\"https:\\\/\\\/www.ucaldas.edu.co\\\/portal\\\/#website\",\"url\":\"https:\\\/\\\/www.ucaldas.edu.co\\\/portal\\\/\",\"name\":\"Universidad de Caldas\",\"description\":\"\",\"publisher\":{\"@id\":\"https:\\\/\\\/www.ucaldas.edu.co\\\/portal\\\/#organization\"},\"alternateName\":\"U. de Caldas\",\"potentialAction\":[{\"@type\":\"SearchAction\",\"target\":{\"@type\":\"EntryPoint\",\"urlTemplate\":\"https:\\\/\\\/www.ucaldas.edu.co\\\/portal\\\/?s={search_term_string}\"},\"query-input\":{\"@type\":\"PropertyValueSpecification\",\"valueRequired\":true,\"valueName\":\"search_term_string\"}}],\"inLanguage\":\"es\"},{\"@type\":\"Organization\",\"@id\":\"https:\\\/\\\/www.ucaldas.edu.co\\\/portal\\\/#organization\",\"name\":\"Universidad de Caldas\",\"alternateName\":\"U. de Caldas\",\"url\":\"https:\\\/\\\/www.ucaldas.edu.co\\\/portal\\\/\",\"logo\":{\"@type\":\"ImageObject\",\"inLanguage\":\"es\",\"@id\":\"https:\\\/\\\/www.ucaldas.edu.co\\\/portal\\\/#\\\/schema\\\/logo\\\/image\\\/\",\"url\":\"https:\\\/\\\/www.ucaldas.edu.co\\\/portal\\\/wp-content\\\/uploads\\\/2023\\\/11\\\/Logo_horizontal_oscuroU-2023.png\",\"contentUrl\":\"https:\\\/\\\/www.ucaldas.edu.co\\\/portal\\\/wp-content\\\/uploads\\\/2023\\\/11\\\/Logo_horizontal_oscuroU-2023.png\",\"width\":263,\"height\":101,\"caption\":\"Universidad de Caldas\"},\"image\":{\"@id\":\"https:\\\/\\\/www.ucaldas.edu.co\\\/portal\\\/#\\\/schema\\\/logo\\\/image\\\/\"},\"sameAs\":[\"https:\\\/\\\/www.facebook.com\\\/udecaldas\",\"https:\\\/\\\/x.com\\\/udecaldas\",\"https:\\\/\\\/www.youtube.com\\\/universidadcaldas\",\"https:\\\/\\\/www.instagram.com\\\/udecaldas\\\/\"]},{\"@type\":\"Person\",\"@id\":\"https:\\\/\\\/www.ucaldas.edu.co\\\/portal\\\/#\\\/schema\\\/person\\\/a1b482e23449158b4bc319926c074fdf\",\"name\":\"ofiprensa\",\"image\":{\"@type\":\"ImageObject\",\"inLanguage\":\"es\",\"@id\":\"https:\\\/\\\/www.ucaldas.edu.co\\\/portal\\\/wp-content\\\/litespeed\\\/avatar\\\/09ea5085e600095a7a811142c6944527.jpg?ver=1777497608\",\"url\":\"https:\\\/\\\/www.ucaldas.edu.co\\\/portal\\\/wp-content\\\/litespeed\\\/avatar\\\/09ea5085e600095a7a811142c6944527.jpg?ver=1777497608\",\"contentUrl\":\"https:\\\/\\\/www.ucaldas.edu.co\\\/portal\\\/wp-content\\\/litespeed\\\/avatar\\\/09ea5085e600095a7a811142c6944527.jpg?ver=1777497608\",\"caption\":\"ofiprensa\"},\"url\":\"https:\\\/\\\/www.ucaldas.edu.co\\\/portal\\\/author\\\/ofiprensa\\\/\"}]}<\/script>\n<!-- \/ Yoast SEO plugin. -->","yoast_head_json":{"title":"Se acerca la \u00faltima sesi\u00f3n del Seminario Permanente Constituci\u00f3n y Derecho Comparado .","robots":{"index":"index","follow":"follow","max-snippet":"max-snippet:-1","max-image-preview":"max-image-preview:large","max-video-preview":"max-video-preview:-1"},"canonical":"https:\/\/www.ucaldas.edu.co\/portal\/se-acerca-la-ultima-sesion-del-seminario-permanente-constitucion-y-derecho-comparado\/","schema":{"@context":"https:\/\/schema.org","@graph":[{"@type":"Article","@id":"https:\/\/www.ucaldas.edu.co\/portal\/se-acerca-la-ultima-sesion-del-seminario-permanente-constitucion-y-derecho-comparado\/#article","isPartOf":{"@id":"https:\/\/www.ucaldas.edu.co\/portal\/se-acerca-la-ultima-sesion-del-seminario-permanente-constitucion-y-derecho-comparado\/"},"author":{"name":"ofiprensa","@id":"https:\/\/www.ucaldas.edu.co\/portal\/#\/schema\/person\/a1b482e23449158b4bc319926c074fdf"},"headline":"Se acerca la \u00faltima sesi\u00f3n del Seminario Permanente Constituci\u00f3n y Derecho Comparado","datePublished":"2020-11-17T23:52:39+00:00","mainEntityOfPage":{"@id":"https:\/\/www.ucaldas.edu.co\/portal\/se-acerca-la-ultima-sesion-del-seminario-permanente-constitucion-y-derecho-comparado\/"},"wordCount":337,"publisher":{"@id":"https:\/\/www.ucaldas.edu.co\/portal\/#organization"},"image":{"@id":"https:\/\/www.ucaldas.edu.co\/portal\/se-acerca-la-ultima-sesion-del-seminario-permanente-constitucion-y-derecho-comparado\/#primaryimage"},"thumbnailUrl":"https:\/\/www.ucaldas.edu.co\/portal\/wp-content\/uploads\/2020\/11\/seminario-derecho.jpg","keywords":["forum","seminario derecho","derecho comparado"],"articleSection":["Universidad al D\u00eda","Eventos","Actualidad"],"inLanguage":"es"},{"@type":"WebPage","@id":"https:\/\/www.ucaldas.edu.co\/portal\/se-acerca-la-ultima-sesion-del-seminario-permanente-constitucion-y-derecho-comparado\/","url":"https:\/\/www.ucaldas.edu.co\/portal\/se-acerca-la-ultima-sesion-del-seminario-permanente-constitucion-y-derecho-comparado\/","name":"Se acerca la \u00faltima sesi\u00f3n del Seminario Permanente Constituci\u00f3n y Derecho Comparado .","isPartOf":{"@id":"https:\/\/www.ucaldas.edu.co\/portal\/#website"},"primaryImageOfPage":{"@id":"https:\/\/www.ucaldas.edu.co\/portal\/se-acerca-la-ultima-sesion-del-seminario-permanente-constitucion-y-derecho-comparado\/#primaryimage"},"image":{"@id":"https:\/\/www.ucaldas.edu.co\/portal\/se-acerca-la-ultima-sesion-del-seminario-permanente-constitucion-y-derecho-comparado\/#primaryimage"},"thumbnailUrl":"https:\/\/www.ucaldas.edu.co\/portal\/wp-content\/uploads\/2020\/11\/seminario-derecho.jpg","datePublished":"2020-11-17T23:52:39+00:00","breadcrumb":{"@id":"https:\/\/www.ucaldas.edu.co\/portal\/se-acerca-la-ultima-sesion-del-seminario-permanente-constitucion-y-derecho-comparado\/#breadcrumb"},"inLanguage":"es","potentialAction":[{"@type":"ReadAction","target":["https:\/\/www.ucaldas.edu.co\/portal\/se-acerca-la-ultima-sesion-del-seminario-permanente-constitucion-y-derecho-comparado\/"]}]},{"@type":"ImageObject","inLanguage":"es","@id":"https:\/\/www.ucaldas.edu.co\/portal\/se-acerca-la-ultima-sesion-del-seminario-permanente-constitucion-y-derecho-comparado\/#primaryimage","url":"https:\/\/www.ucaldas.edu.co\/portal\/wp-content\/uploads\/2020\/11\/seminario-derecho.jpg","contentUrl":"https:\/\/www.ucaldas.edu.co\/portal\/wp-content\/uploads\/2020\/11\/seminario-derecho.jpg","width":700,"height":400},{"@type":"BreadcrumbList","@id":"https:\/\/www.ucaldas.edu.co\/portal\/se-acerca-la-ultima-sesion-del-seminario-permanente-constitucion-y-derecho-comparado\/#breadcrumb","itemListElement":[{"@type":"ListItem","position":1,"name":"Portada","item":"https:\/\/www.ucaldas.edu.co\/portal\/"},{"@type":"ListItem","position":2,"name":"Se acerca la \u00faltima sesi\u00f3n del Seminario Permanente Constituci\u00f3n y Derecho Comparado"}]},{"@type":"WebSite","@id":"https:\/\/www.ucaldas.edu.co\/portal\/#website","url":"https:\/\/www.ucaldas.edu.co\/portal\/","name":"Universidad de Caldas","description":"","publisher":{"@id":"https:\/\/www.ucaldas.edu.co\/portal\/#organization"},"alternateName":"U. de Caldas","potentialAction":[{"@type":"SearchAction","target":{"@type":"EntryPoint","urlTemplate":"https:\/\/www.ucaldas.edu.co\/portal\/?s={search_term_string}"},"query-input":{"@type":"PropertyValueSpecification","valueRequired":true,"valueName":"search_term_string"}}],"inLanguage":"es"},{"@type":"Organization","@id":"https:\/\/www.ucaldas.edu.co\/portal\/#organization","name":"Universidad de Caldas","alternateName":"U. de Caldas","url":"https:\/\/www.ucaldas.edu.co\/portal\/","logo":{"@type":"ImageObject","inLanguage":"es","@id":"https:\/\/www.ucaldas.edu.co\/portal\/#\/schema\/logo\/image\/","url":"https:\/\/www.ucaldas.edu.co\/portal\/wp-content\/uploads\/2023\/11\/Logo_horizontal_oscuroU-2023.png","contentUrl":"https:\/\/www.ucaldas.edu.co\/portal\/wp-content\/uploads\/2023\/11\/Logo_horizontal_oscuroU-2023.png","width":263,"height":101,"caption":"Universidad de Caldas"},"image":{"@id":"https:\/\/www.ucaldas.edu.co\/portal\/#\/schema\/logo\/image\/"},"sameAs":["https:\/\/www.facebook.com\/udecaldas","https:\/\/x.com\/udecaldas","https:\/\/www.youtube.com\/universidadcaldas","https:\/\/www.instagram.com\/udecaldas\/"]},{"@type":"Person","@id":"https:\/\/www.ucaldas.edu.co\/portal\/#\/schema\/person\/a1b482e23449158b4bc319926c074fdf","name":"ofiprensa","image":{"@type":"ImageObject","inLanguage":"es","@id":"https:\/\/www.ucaldas.edu.co\/portal\/wp-content\/litespeed\/avatar\/09ea5085e600095a7a811142c6944527.jpg?ver=1777497608","url":"https:\/\/www.ucaldas.edu.co\/portal\/wp-content\/litespeed\/avatar\/09ea5085e600095a7a811142c6944527.jpg?ver=1777497608","contentUrl":"https:\/\/www.ucaldas.edu.co\/portal\/wp-content\/litespeed\/avatar\/09ea5085e600095a7a811142c6944527.jpg?ver=1777497608","caption":"ofiprensa"},"url":"https:\/\/www.ucaldas.edu.co\/portal\/author\/ofiprensa\/"}]}},"_links":{"self":[{"href":"https:\/\/www.ucaldas.edu.co\/portal\/wp-json\/wp\/v2\/posts\/59725","targetHints":{"allow":["GET"]}}],"collection":[{"href":"https:\/\/www.ucaldas.edu.co\/portal\/wp-json\/wp\/v2\/posts"}],"about":[{"href":"https:\/\/www.ucaldas.edu.co\/portal\/wp-json\/wp\/v2\/types\/post"}],"author":[{"embeddable":true,"href":"https:\/\/www.ucaldas.edu.co\/portal\/wp-json\/wp\/v2\/users\/2"}],"replies":[{"embeddable":true,"href":"https:\/\/www.ucaldas.edu.co\/portal\/wp-json\/wp\/v2\/comments?post=59725"}],"version-history":[{"count":0,"href":"https:\/\/www.ucaldas.edu.co\/portal\/wp-json\/wp\/v2\/posts\/59725\/revisions"}],"wp:featuredmedia":[{"embeddable":true,"href":"https:\/\/www.ucaldas.edu.co\/portal\/wp-json\/wp\/v2\/media\/59726"}],"wp:attachment":[{"href":"https:\/\/www.ucaldas.edu.co\/portal\/wp-json\/wp\/v2\/media?parent=59725"}],"wp:term":[{"taxonomy":"category","embeddable":true,"href":"https:\/\/www.ucaldas.edu.co\/portal\/wp-json\/wp\/v2\/categories?post=59725"},{"taxonomy":"post_tag","embeddable":true,"href":"https:\/\/www.ucaldas.edu.co\/portal\/wp-json\/wp\/v2\/tags?post=59725"}],"curies":[{"name":"wp","href":"https:\/\/api.w.org\/{rel}","templated":true}]}}