{"id":59719,"date":"2020-11-17T23:48:57","date_gmt":"2020-11-17T23:48:57","guid":{"rendered":"https:\/\/www.ucaldas.edu.co\/portal\/?p=59719"},"modified":"2020-11-17T23:48:57","modified_gmt":"2020-11-17T23:48:57","slug":"conozca-la-oferta-academica-del-ceres-la-dorada","status":"publish","type":"post","link":"https:\/\/www.ucaldas.edu.co\/portal\/conozca-la-oferta-academica-del-ceres-la-dorada\/","title":{"rendered":"Conozca la oferta acad\u00e9mica del CERES La Dorada"},"content":{"rendered":"<p style=\"text-align: center;\">SE OFERTAN 9 PROGRAMAS ACAD\u00c9MICOS<\/p>\n<p style=\"text-align: center;\"><strong>Conozca la oferta acad\u00e9mica del CERES La Dorada<\/strong><\/p>\n<p style=\"text-align: right;\">17\/11\/2020<\/p>\n<p><img loading=\"lazy\" decoding=\"async\" class=\"size-full wp-image-59720 aligncenter\" src=\"https:\/\/www.ucaldas.edu.co\/portal\/wp-content\/uploads\/2020\/11\/ceres-dorada.jpg\" alt=\"\" width=\"700\" height=\"400\" srcset=\"https:\/\/www.ucaldas.edu.co\/portal\/wp-content\/uploads\/2020\/11\/ceres-dorada.jpg 700w, https:\/\/www.ucaldas.edu.co\/portal\/wp-content\/uploads\/2020\/11\/ceres-dorada-300x171.jpg 300w\" sizes=\"auto, (max-width: 700px) 100vw, 700px\" \/><\/p>\n<p>El CERES La Dorada tiene abiertas las inscripciones hasta el 1 de febrero de 2021 para ingresar a los programas acad\u00e9micos ofertados durante el periodo 2021-1, el cual recibe a estudiantes de los municipios de La Dorada, Norcasia, Victoria y Saman\u00e1.<\/p>\n<p><!--more--><\/p>\n<p>Los CERES son una estrategia del Ministerio de Educaci\u00f3n Nacional que busca desconcentrar la oferta en educaci\u00f3n superior y ampliar su cobertura; de esta manera se hace m\u00e1s equitativo el acceso y se contribuye al desarrollo social y econ\u00f3mico de las comunidades.<\/p>\n<p>Los programas ofertados por CERES La Dorada son:<\/p>\n<ul>\n<li><strong>Administraci\u00f3n Financiera<\/strong>: Tiene como objetivo la formaci\u00f3n integral de profesionales con amplia capacidad para la gesti\u00f3n financiera, la incursi\u00f3n en los mercados financieros, la formaci\u00f3n de precios de los activos financieros, el an\u00e1lisis del riesgo, la creaci\u00f3n de valor y la optimizaci\u00f3n de los recursos en la toma de decisiones en cualquier tipo de organizaci\u00f3n, cualquiera que sea su naturaleza.<\/li>\n<li><strong>Administraci\u00f3n de Empresas Agropecuarias: <\/strong>El programa pretende formar profesionales integrales con capacidad de gesti\u00f3n, que contribuyan al dise\u00f1o, planeaci\u00f3n, control y evaluaci\u00f3n de las pol\u00edticas, estrategias y procesos de desarrollo de las empresas del sector agropecuario, en los \u00e1mbitos local, regional y nacional, tanto en organizaciones p\u00fablicas como privadas.<\/li>\n<li><strong>Tecnolog\u00eda en Regencia de Farmacia:<\/strong> El programa busca formar tecn\u00f3logos que est\u00e9n capacitados para contribuir a la soluci\u00f3n de los problemas de salud, relacionados con los medicamentos y los dispositivos m\u00e9dicos.<\/li>\n<li><strong>Tecnolog\u00eda en Electr\u00f3nica Industrial<\/strong>: El programa tiene como objetivo la formaci\u00f3n de profesionales que puedan responder a las necesidades t\u00e9cnicas modernas que se presentan en el medio empresarial e industrial.<\/li>\n<li><strong>Tecnolog\u00eda en Log\u00edstica:<\/strong> El programa tiene como objetivo formar tecn\u00f3logos en competencias que les permitan solucionar problemas relacionados con los diferentes eslabones de la cadena de suministros, cuya red de flujos de materiales e informaci\u00f3n la forman operaciones de aprovisionamiento, producci\u00f3n, empaque, almacenamiento, transporte, distribuci\u00f3n y comercializaci\u00f3n.<\/li>\n<li><strong>Tecnolog\u00eda en Procesos de Seguridad y Salud en el Trabajo:<\/strong> la Tecnolog\u00eda busca formar tecn\u00f3logos capaces de coordinar y auxiliar \u00e1reas de seguridad y salud en el trabajo, asesorando de empresas en dichos procesos como interlocutor v\u00e1lido con otros profesionales del \u00e1rea.<\/li>\n<li><strong>Tecnolog\u00eda en Finanzas:<\/strong> Esta Tecnolog\u00eda pretende formar tecn\u00f3logos con pensamiento innovador y emprendedor para aportar a la construcci\u00f3n de soluciones a los problemas que el entorno demanda a las diversas organizaciones; con conocimientos cient\u00edficos y metodol\u00f3gicos para dise\u00f1ar, operar, manejar, construir y aprovechar los recursos financieros, econ\u00f3micos y contables de las empresas; con capacidad para trasformar y apoyar el desarrollo empresarial local, regional y nacional.<\/li>\n<li><strong>Tecnolog\u00eda en Producci\u00f3n Agroindustria<\/strong>: El programa busca formar tecn\u00f3logos pertinentes, competentes y comprometidos socialmente, que contribuyan al desarrollo sostenible de la regi\u00f3n, mediante la gesti\u00f3n eficiente del procesamiento, distribuci\u00f3n y administraci\u00f3n de los recursos agr\u00edcolas, pecuarios, pesqueros y forestales.<\/li>\n<li><strong>Tecnolog\u00eda en Sistemas Inform\u00e1ticos:<\/strong> El programa busca formar tecn\u00f3logos en sistemas inform\u00e1ticos, con los conocimientos, destrezas, habilidades y valores necesarios para el uso, transformaci\u00f3n y mejoramiento de los procesos organizacionales aplicando los sistemas inform\u00e1ticos y las tecnolog\u00edas de informaci\u00f3n.<\/li>\n<\/ul>\n<table>\n<tbody>\n<tr>\n<td width=\"589\"><strong>PARA DESTACAR:<\/strong><\/p>\n<p>Para el periodo acad\u00e9mico 2021-1, los estudiantes recibir\u00e1n una beca del 50% para el pago de la matr\u00edcula del semestre durante el desarrollo de toda la carrera.<\/p>\n<p>Mayor informaci\u00f3n <a href=\"mailto:mabel.murillo@ucaldas.edu.co\">mabel.murillo@ucaldas.edu.co<\/a> y <a href=\"mailto:ceres.dorada@ucaldas.edu.co\">ceres.dorada@ucaldas.edu.co<\/a><\/td>\n<\/tr>\n<\/tbody>\n<\/table>\n<p>&nbsp;<\/p>\n<p><strong>Informes: <\/strong>Oficina de Comunicaciones y Prensa Universidad de Caldas.<\/p>\n<p><strong>Redacci\u00f3n:<\/strong> Mateo Buritic\u00e1 Giraldo<\/p>\n<p>&nbsp;<\/p>\n","protected":false},"excerpt":{"rendered":"<p>SE OFERTAN 9 PROGRAMAS ACAD\u00c9MICOS Conozca la oferta acad\u00e9mica del CERES La Dorada 17\/11\/2020 El CERES La Dorada tiene abiertas las inscripciones hasta el 1 de febrero de 2021 para ingresar a los programas acad\u00e9micos ofertados durante el periodo 2021-1, el cual recibe a estudiantes de los municipios de La Dorada, Norcasia, Victoria y Saman\u00e1.<\/p>\n","protected":false},"author":2,"featured_media":59720,"comment_status":"closed","ping_status":"open","sticky":false,"template":"","format":"standard","meta":{"footnotes":"","_members_access_role":[],"_members_access_error":""},"categories":[600,48,53],"tags":[5543,200,5542],"class_list":["post-59719","post","type-post","status-publish","format-standard","has-post-thumbnail","hentry","category-ucaldas-regional","category-actualidad","category-universidad-al-dia","tag-beca-programas-regionales","tag-oferta-academica","tag-programas-la-dorada"],"yoast_head":"<!-- This site is optimized with the Yoast SEO plugin v28.3 - https:\/\/yoast.com\/product\/yoast-seo-wordpress\/ -->\n<title>Conozca la oferta acad\u00e9mica del CERES La Dorada .<\/title>\n<meta name=\"robots\" content=\"index, follow, max-snippet:-1, max-image-preview:large, max-video-preview:-1\" \/>\n<link rel=\"canonical\" href=\"https:\/\/www.ucaldas.edu.co\/portal\/conozca-la-oferta-academica-del-ceres-la-dorada\/\" \/>\n<script type=\"application\/ld+json\" class=\"yoast-schema-graph\">{\"@context\":\"https:\\\/\\\/schema.org\",\"@graph\":[{\"@type\":\"Article\",\"@id\":\"https:\\\/\\\/www.ucaldas.edu.co\\\/portal\\\/conozca-la-oferta-academica-del-ceres-la-dorada\\\/#article\",\"isPartOf\":{\"@id\":\"https:\\\/\\\/www.ucaldas.edu.co\\\/portal\\\/conozca-la-oferta-academica-del-ceres-la-dorada\\\/\"},\"author\":{\"name\":\"ofiprensa\",\"@id\":\"https:\\\/\\\/www.ucaldas.edu.co\\\/portal\\\/#\\\/schema\\\/person\\\/a1b482e23449158b4bc319926c074fdf\"},\"headline\":\"Conozca la oferta acad\u00e9mica del CERES La Dorada\",\"datePublished\":\"2020-11-17T23:48:57+00:00\",\"mainEntityOfPage\":{\"@id\":\"https:\\\/\\\/www.ucaldas.edu.co\\\/portal\\\/conozca-la-oferta-academica-del-ceres-la-dorada\\\/\"},\"wordCount\":640,\"publisher\":{\"@id\":\"https:\\\/\\\/www.ucaldas.edu.co\\\/portal\\\/#organization\"},\"image\":{\"@id\":\"https:\\\/\\\/www.ucaldas.edu.co\\\/portal\\\/conozca-la-oferta-academica-del-ceres-la-dorada\\\/#primaryimage\"},\"thumbnailUrl\":\"https:\\\/\\\/www.ucaldas.edu.co\\\/portal\\\/wp-content\\\/uploads\\\/2020\\\/11\\\/ceres-dorada.jpg\",\"keywords\":[\"beca programas regionales\",\"oferta acad\u00e9mica\",\"programas la dorada\"],\"articleSection\":[\"UCaldas Regional\",\"Actualidad\",\"Universidad al D\u00eda\"],\"inLanguage\":\"es\"},{\"@type\":\"WebPage\",\"@id\":\"https:\\\/\\\/www.ucaldas.edu.co\\\/portal\\\/conozca-la-oferta-academica-del-ceres-la-dorada\\\/\",\"url\":\"https:\\\/\\\/www.ucaldas.edu.co\\\/portal\\\/conozca-la-oferta-academica-del-ceres-la-dorada\\\/\",\"name\":\"Conozca la oferta acad\u00e9mica del CERES La Dorada .\",\"isPartOf\":{\"@id\":\"https:\\\/\\\/www.ucaldas.edu.co\\\/portal\\\/#website\"},\"primaryImageOfPage\":{\"@id\":\"https:\\\/\\\/www.ucaldas.edu.co\\\/portal\\\/conozca-la-oferta-academica-del-ceres-la-dorada\\\/#primaryimage\"},\"image\":{\"@id\":\"https:\\\/\\\/www.ucaldas.edu.co\\\/portal\\\/conozca-la-oferta-academica-del-ceres-la-dorada\\\/#primaryimage\"},\"thumbnailUrl\":\"https:\\\/\\\/www.ucaldas.edu.co\\\/portal\\\/wp-content\\\/uploads\\\/2020\\\/11\\\/ceres-dorada.jpg\",\"datePublished\":\"2020-11-17T23:48:57+00:00\",\"breadcrumb\":{\"@id\":\"https:\\\/\\\/www.ucaldas.edu.co\\\/portal\\\/conozca-la-oferta-academica-del-ceres-la-dorada\\\/#breadcrumb\"},\"inLanguage\":\"es\",\"potentialAction\":[{\"@type\":\"ReadAction\",\"target\":[\"https:\\\/\\\/www.ucaldas.edu.co\\\/portal\\\/conozca-la-oferta-academica-del-ceres-la-dorada\\\/\"]}]},{\"@type\":\"ImageObject\",\"inLanguage\":\"es\",\"@id\":\"https:\\\/\\\/www.ucaldas.edu.co\\\/portal\\\/conozca-la-oferta-academica-del-ceres-la-dorada\\\/#primaryimage\",\"url\":\"https:\\\/\\\/www.ucaldas.edu.co\\\/portal\\\/wp-content\\\/uploads\\\/2020\\\/11\\\/ceres-dorada.jpg\",\"contentUrl\":\"https:\\\/\\\/www.ucaldas.edu.co\\\/portal\\\/wp-content\\\/uploads\\\/2020\\\/11\\\/ceres-dorada.jpg\",\"width\":700,\"height\":400},{\"@type\":\"BreadcrumbList\",\"@id\":\"https:\\\/\\\/www.ucaldas.edu.co\\\/portal\\\/conozca-la-oferta-academica-del-ceres-la-dorada\\\/#breadcrumb\",\"itemListElement\":[{\"@type\":\"ListItem\",\"position\":1,\"name\":\"Portada\",\"item\":\"https:\\\/\\\/www.ucaldas.edu.co\\\/portal\\\/\"},{\"@type\":\"ListItem\",\"position\":2,\"name\":\"Conozca la oferta acad\u00e9mica del CERES La Dorada\"}]},{\"@type\":\"WebSite\",\"@id\":\"https:\\\/\\\/www.ucaldas.edu.co\\\/portal\\\/#website\",\"url\":\"https:\\\/\\\/www.ucaldas.edu.co\\\/portal\\\/\",\"name\":\"Universidad de Caldas\",\"description\":\"\",\"publisher\":{\"@id\":\"https:\\\/\\\/www.ucaldas.edu.co\\\/portal\\\/#organization\"},\"alternateName\":\"U. de Caldas\",\"potentialAction\":[{\"@type\":\"SearchAction\",\"target\":{\"@type\":\"EntryPoint\",\"urlTemplate\":\"https:\\\/\\\/www.ucaldas.edu.co\\\/portal\\\/?s={search_term_string}\"},\"query-input\":{\"@type\":\"PropertyValueSpecification\",\"valueRequired\":true,\"valueName\":\"search_term_string\"}}],\"inLanguage\":\"es\"},{\"@type\":\"Organization\",\"@id\":\"https:\\\/\\\/www.ucaldas.edu.co\\\/portal\\\/#organization\",\"name\":\"Universidad de Caldas\",\"alternateName\":\"U. de Caldas\",\"url\":\"https:\\\/\\\/www.ucaldas.edu.co\\\/portal\\\/\",\"logo\":{\"@type\":\"ImageObject\",\"inLanguage\":\"es\",\"@id\":\"https:\\\/\\\/www.ucaldas.edu.co\\\/portal\\\/#\\\/schema\\\/logo\\\/image\\\/\",\"url\":\"https:\\\/\\\/www.ucaldas.edu.co\\\/portal\\\/wp-content\\\/uploads\\\/2023\\\/11\\\/Logo_horizontal_oscuroU-2023.png\",\"contentUrl\":\"https:\\\/\\\/www.ucaldas.edu.co\\\/portal\\\/wp-content\\\/uploads\\\/2023\\\/11\\\/Logo_horizontal_oscuroU-2023.png\",\"width\":263,\"height\":101,\"caption\":\"Universidad de Caldas\"},\"image\":{\"@id\":\"https:\\\/\\\/www.ucaldas.edu.co\\\/portal\\\/#\\\/schema\\\/logo\\\/image\\\/\"},\"sameAs\":[\"https:\\\/\\\/www.facebook.com\\\/udecaldas\",\"https:\\\/\\\/x.com\\\/udecaldas\",\"https:\\\/\\\/www.youtube.com\\\/universidadcaldas\",\"https:\\\/\\\/www.instagram.com\\\/udecaldas\\\/\"]},{\"@type\":\"Person\",\"@id\":\"https:\\\/\\\/www.ucaldas.edu.co\\\/portal\\\/#\\\/schema\\\/person\\\/a1b482e23449158b4bc319926c074fdf\",\"name\":\"ofiprensa\",\"image\":{\"@type\":\"ImageObject\",\"inLanguage\":\"es\",\"@id\":\"https:\\\/\\\/www.ucaldas.edu.co\\\/portal\\\/wp-content\\\/litespeed\\\/avatar\\\/09ea5085e600095a7a811142c6944527.jpg?ver=1787779368\",\"url\":\"https:\\\/\\\/www.ucaldas.edu.co\\\/portal\\\/wp-content\\\/litespeed\\\/avatar\\\/09ea5085e600095a7a811142c6944527.jpg?ver=1787779368\",\"contentUrl\":\"https:\\\/\\\/www.ucaldas.edu.co\\\/portal\\\/wp-content\\\/litespeed\\\/avatar\\\/09ea5085e600095a7a811142c6944527.jpg?ver=1787779368\",\"caption\":\"ofiprensa\"},\"url\":\"https:\\\/\\\/www.ucaldas.edu.co\\\/portal\\\/author\\\/ofiprensa\\\/\"}]}<\/script>\n<!-- \/ Yoast SEO plugin. -->","yoast_head_json":{"title":"Conozca la oferta acad\u00e9mica del CERES La Dorada .","robots":{"index":"index","follow":"follow","max-snippet":"max-snippet:-1","max-image-preview":"max-image-preview:large","max-video-preview":"max-video-preview:-1"},"canonical":"https:\/\/www.ucaldas.edu.co\/portal\/conozca-la-oferta-academica-del-ceres-la-dorada\/","schema":{"@context":"https:\/\/schema.org","@graph":[{"@type":"Article","@id":"https:\/\/www.ucaldas.edu.co\/portal\/conozca-la-oferta-academica-del-ceres-la-dorada\/#article","isPartOf":{"@id":"https:\/\/www.ucaldas.edu.co\/portal\/conozca-la-oferta-academica-del-ceres-la-dorada\/"},"author":{"name":"ofiprensa","@id":"https:\/\/www.ucaldas.edu.co\/portal\/#\/schema\/person\/a1b482e23449158b4bc319926c074fdf"},"headline":"Conozca la oferta acad\u00e9mica del CERES La Dorada","datePublished":"2020-11-17T23:48:57+00:00","mainEntityOfPage":{"@id":"https:\/\/www.ucaldas.edu.co\/portal\/conozca-la-oferta-academica-del-ceres-la-dorada\/"},"wordCount":640,"publisher":{"@id":"https:\/\/www.ucaldas.edu.co\/portal\/#organization"},"image":{"@id":"https:\/\/www.ucaldas.edu.co\/portal\/conozca-la-oferta-academica-del-ceres-la-dorada\/#primaryimage"},"thumbnailUrl":"https:\/\/www.ucaldas.edu.co\/portal\/wp-content\/uploads\/2020\/11\/ceres-dorada.jpg","keywords":["beca programas regionales","oferta acad\u00e9mica","programas la dorada"],"articleSection":["UCaldas Regional","Actualidad","Universidad al D\u00eda"],"inLanguage":"es"},{"@type":"WebPage","@id":"https:\/\/www.ucaldas.edu.co\/portal\/conozca-la-oferta-academica-del-ceres-la-dorada\/","url":"https:\/\/www.ucaldas.edu.co\/portal\/conozca-la-oferta-academica-del-ceres-la-dorada\/","name":"Conozca la oferta acad\u00e9mica del CERES La Dorada .","isPartOf":{"@id":"https:\/\/www.ucaldas.edu.co\/portal\/#website"},"primaryImageOfPage":{"@id":"https:\/\/www.ucaldas.edu.co\/portal\/conozca-la-oferta-academica-del-ceres-la-dorada\/#primaryimage"},"image":{"@id":"https:\/\/www.ucaldas.edu.co\/portal\/conozca-la-oferta-academica-del-ceres-la-dorada\/#primaryimage"},"thumbnailUrl":"https:\/\/www.ucaldas.edu.co\/portal\/wp-content\/uploads\/2020\/11\/ceres-dorada.jpg","datePublished":"2020-11-17T23:48:57+00:00","breadcrumb":{"@id":"https:\/\/www.ucaldas.edu.co\/portal\/conozca-la-oferta-academica-del-ceres-la-dorada\/#breadcrumb"},"inLanguage":"es","potentialAction":[{"@type":"ReadAction","target":["https:\/\/www.ucaldas.edu.co\/portal\/conozca-la-oferta-academica-del-ceres-la-dorada\/"]}]},{"@type":"ImageObject","inLanguage":"es","@id":"https:\/\/www.ucaldas.edu.co\/portal\/conozca-la-oferta-academica-del-ceres-la-dorada\/#primaryimage","url":"https:\/\/www.ucaldas.edu.co\/portal\/wp-content\/uploads\/2020\/11\/ceres-dorada.jpg","contentUrl":"https:\/\/www.ucaldas.edu.co\/portal\/wp-content\/uploads\/2020\/11\/ceres-dorada.jpg","width":700,"height":400},{"@type":"BreadcrumbList","@id":"https:\/\/www.ucaldas.edu.co\/portal\/conozca-la-oferta-academica-del-ceres-la-dorada\/#breadcrumb","itemListElement":[{"@type":"ListItem","position":1,"name":"Portada","item":"https:\/\/www.ucaldas.edu.co\/portal\/"},{"@type":"ListItem","position":2,"name":"Conozca la oferta acad\u00e9mica del CERES La Dorada"}]},{"@type":"WebSite","@id":"https:\/\/www.ucaldas.edu.co\/portal\/#website","url":"https:\/\/www.ucaldas.edu.co\/portal\/","name":"Universidad de Caldas","description":"","publisher":{"@id":"https:\/\/www.ucaldas.edu.co\/portal\/#organization"},"alternateName":"U. de Caldas","potentialAction":[{"@type":"SearchAction","target":{"@type":"EntryPoint","urlTemplate":"https:\/\/www.ucaldas.edu.co\/portal\/?s={search_term_string}"},"query-input":{"@type":"PropertyValueSpecification","valueRequired":true,"valueName":"search_term_string"}}],"inLanguage":"es"},{"@type":"Organization","@id":"https:\/\/www.ucaldas.edu.co\/portal\/#organization","name":"Universidad de Caldas","alternateName":"U. de Caldas","url":"https:\/\/www.ucaldas.edu.co\/portal\/","logo":{"@type":"ImageObject","inLanguage":"es","@id":"https:\/\/www.ucaldas.edu.co\/portal\/#\/schema\/logo\/image\/","url":"https:\/\/www.ucaldas.edu.co\/portal\/wp-content\/uploads\/2023\/11\/Logo_horizontal_oscuroU-2023.png","contentUrl":"https:\/\/www.ucaldas.edu.co\/portal\/wp-content\/uploads\/2023\/11\/Logo_horizontal_oscuroU-2023.png","width":263,"height":101,"caption":"Universidad de Caldas"},"image":{"@id":"https:\/\/www.ucaldas.edu.co\/portal\/#\/schema\/logo\/image\/"},"sameAs":["https:\/\/www.facebook.com\/udecaldas","https:\/\/x.com\/udecaldas","https:\/\/www.youtube.com\/universidadcaldas","https:\/\/www.instagram.com\/udecaldas\/"]},{"@type":"Person","@id":"https:\/\/www.ucaldas.edu.co\/portal\/#\/schema\/person\/a1b482e23449158b4bc319926c074fdf","name":"ofiprensa","image":{"@type":"ImageObject","inLanguage":"es","@id":"https:\/\/www.ucaldas.edu.co\/portal\/wp-content\/litespeed\/avatar\/09ea5085e600095a7a811142c6944527.jpg?ver=1787779368","url":"https:\/\/www.ucaldas.edu.co\/portal\/wp-content\/litespeed\/avatar\/09ea5085e600095a7a811142c6944527.jpg?ver=1787779368","contentUrl":"https:\/\/www.ucaldas.edu.co\/portal\/wp-content\/litespeed\/avatar\/09ea5085e600095a7a811142c6944527.jpg?ver=1787779368","caption":"ofiprensa"},"url":"https:\/\/www.ucaldas.edu.co\/portal\/author\/ofiprensa\/"}]}},"_links":{"self":[{"href":"https:\/\/www.ucaldas.edu.co\/portal\/wp-json\/wp\/v2\/posts\/59719","targetHints":{"allow":["GET"]}}],"collection":[{"href":"https:\/\/www.ucaldas.edu.co\/portal\/wp-json\/wp\/v2\/posts"}],"about":[{"href":"https:\/\/www.ucaldas.edu.co\/portal\/wp-json\/wp\/v2\/types\/post"}],"author":[{"embeddable":true,"href":"https:\/\/www.ucaldas.edu.co\/portal\/wp-json\/wp\/v2\/users\/2"}],"replies":[{"embeddable":true,"href":"https:\/\/www.ucaldas.edu.co\/portal\/wp-json\/wp\/v2\/comments?post=59719"}],"version-history":[{"count":0,"href":"https:\/\/www.ucaldas.edu.co\/portal\/wp-json\/wp\/v2\/posts\/59719\/revisions"}],"wp:featuredmedia":[{"embeddable":true,"href":"https:\/\/www.ucaldas.edu.co\/portal\/wp-json\/wp\/v2\/media\/59720"}],"wp:attachment":[{"href":"https:\/\/www.ucaldas.edu.co\/portal\/wp-json\/wp\/v2\/media?parent=59719"}],"wp:term":[{"taxonomy":"category","embeddable":true,"href":"https:\/\/www.ucaldas.edu.co\/portal\/wp-json\/wp\/v2\/categories?post=59719"},{"taxonomy":"post_tag","embeddable":true,"href":"https:\/\/www.ucaldas.edu.co\/portal\/wp-json\/wp\/v2\/tags?post=59719"}],"curies":[{"name":"wp","href":"https:\/\/api.w.org\/{rel}","templated":true}]}}