{"id":59699,"date":"2020-11-13T23:21:59","date_gmt":"2020-11-13T23:21:59","guid":{"rendered":"https:\/\/www.ucaldas.edu.co\/portal\/?p=59699"},"modified":"2020-11-13T23:21:59","modified_gmt":"2020-11-13T23:21:59","slug":"proyectos-seleccionados-en-la-convocatoria-conjunta-vip-fah-para-la-financiacion-de-proyectos-de-investigacion-creacion-2020","status":"publish","type":"post","link":"https:\/\/www.ucaldas.edu.co\/portal\/proyectos-seleccionados-en-la-convocatoria-conjunta-vip-fah-para-la-financiacion-de-proyectos-de-investigacion-creacion-2020\/","title":{"rendered":"Proyectos seleccionados en la convocatoria conjunta VIP-FAH para la financiaci\u00f3n de proyectos de Investigaci\u00f3n \u2013 Creaci\u00f3n 2020"},"content":{"rendered":"<p style=\"text-align: center;\">CINCO PROYECTOS FUERON LOS QUE CUMPLIERON CON LOS REQUISITOS<\/p>\n<p style=\"text-align: center;\"><strong>Proyectos seleccionados en la convocatoria conjunta VIP-FAH para la financiaci\u00f3n de proyectos de Investigaci\u00f3n \u2013 Creaci\u00f3n 2020<\/strong><\/p>\n<p style=\"text-align: right;\">13\/11\/2020<\/p>\n<p>&nbsp;<\/p>\n<p><img loading=\"lazy\" decoding=\"async\" class=\"alignnone size-full wp-image-59700 aligncenter\" src=\"https:\/\/www.ucaldas.edu.co\/portal\/wp-content\/uploads\/2020\/11\/resultados-convocatoria.jpg\" alt=\"\" width=\"700\" height=\"400\" srcset=\"https:\/\/www.ucaldas.edu.co\/portal\/wp-content\/uploads\/2020\/11\/resultados-convocatoria.jpg 700w, https:\/\/www.ucaldas.edu.co\/portal\/wp-content\/uploads\/2020\/11\/resultados-convocatoria-300x171.jpg 300w\" sizes=\"auto, (max-width: 700px) 100vw, 700px\" \/><\/p>\n<p>La Vicerrector\u00eda de Investigaciones y Posgrados y\u00a0 la Facultad de Artes y Humanidades, publican el listado de proyectos seleccionados en la convocatoria de Financiaci\u00f3n de Proyectos de Investigaci\u00f3n \u2013 Creaci\u00f3n 2020.<\/p>\n<p><!--more--><\/p>\n<p>Los siguientes son los proyectos que cumplieron con los requisitos m\u00ednimos y continuar\u00e1n con el proceso de evaluaci\u00f3n externa y selecci\u00f3n final de proyectos:<\/p>\n<ul>\n<li>Escenarios transmedia para las comunidades sostenibles, metaterritorio San Jos\u00e9.<\/li>\n<li>Configuraci\u00f3n de discursos de paz en los contextos educativos rurales del municipio de Marquetalia, Caldas. Procesos creativos asociados a la fotograf\u00eda y al arte de novelar con voz.<\/li>\n<li>La casa de los cojos o la corporeizaci\u00f3n del mito de los labd\u00e1cidas.<\/li>\n<li>Epistemolog\u00eda de las Ciencias Sociales: Grupo T\u00e1ntalo\/ retratando las violencias basadas en el g\u00e9nero en espacios acad\u00e9micos: Un mecanismo para combatir las desigualdades.<\/li>\n<li>Huellas de vida: Una escuela de arte popular y comunitario para la territorializaci\u00f3n de la paz en la comuna 5 y 12 de la ciudad de Manizales.<\/li>\n<\/ul>\n<p>Esta convocatoria es una iniciativa conjunta que tiene como prop\u00f3sito fomentar la Investigaci\u00f3n \u2013 Creaci\u00f3n y la articulaci\u00f3n entre grupos de investigaci\u00f3n de diferentes departamentos de la Facultad. Las tem\u00e1ticas abordadas se seleccionaron los Objetivos de Desarrollo Sostenible (ODS) por la importancia que representan en el contexto global, nacional, regional y local.<\/p>\n<p>De acuerdo en lo establecido en la convocatoria, el plazo para subsanar los requisitos m\u00ednimos va hasta el pr\u00f3ximo 17 de noviembre a las 12 del mediod\u00eda.<\/p>\n<p><strong><a href=\"https:\/\/www.ucaldas.edu.co\/portal\/wp-content\/uploads\/2020\/11\/COMUNICADO-14-DEL-12-DE-NOVIEMBRE-DE-2020-CUMPLIMIENTO-DE-REQUISITOS-M\u00cdNMOS-CONVOCATORIA-VIP-FAH.pdf\">Comunicado completo aqu\u00ed.<\/a><\/strong><\/p>\n<p>&nbsp;<\/p>\n<p><strong>Informes: <\/strong>Oficina de Comunicaciones y Prensa Universidad de Caldas.<\/p>\n<p><strong>Redacci\u00f3n:<\/strong> Mateo Buritic\u00e1 Giraldo<\/p>\n<p>&nbsp;<\/p>\n","protected":false},"excerpt":{"rendered":"<p>CINCO PROYECTOS FUERON LOS QUE CUMPLIERON CON LOS REQUISITOS Proyectos seleccionados en la convocatoria conjunta VIP-FAH para la financiaci\u00f3n de proyectos de Investigaci\u00f3n \u2013 Creaci\u00f3n 2020 13\/11\/2020 &nbsp; La Vicerrector\u00eda de Investigaciones y Posgrados y\u00a0 la Facultad de Artes y Humanidades, publican el listado de proyectos seleccionados en la convocatoria de Financiaci\u00f3n de Proyectos de [&hellip;]<\/p>\n","protected":false},"author":2,"featured_media":59700,"comment_status":"closed","ping_status":"open","sticky":false,"template":"","format":"standard","meta":{"footnotes":"","_members_access_role":[],"_members_access_error":""},"categories":[48,53,620],"tags":[181,4938,5537],"class_list":["post-59699","post","type-post","status-publish","format-standard","has-post-thumbnail","hentry","category-actualidad","category-universidad-al-dia","category-ucaldas-transparente","tag-artes-y-humanidades","tag-resultados-convocatoria","tag-proyectos-seleccionados"],"yoast_head":"<!-- This site is optimized with the Yoast SEO plugin v28.4 - https:\/\/yoast.com\/product\/yoast-seo-wordpress\/ -->\n<title>Proyectos seleccionados en la convocatoria conjunta VIP-FAH para la financiaci\u00f3n de proyectos de Investigaci\u00f3n \u2013 Creaci\u00f3n 2020 .<\/title>\n<meta name=\"robots\" content=\"index, follow, max-snippet:-1, max-image-preview:large, max-video-preview:-1\" \/>\n<link rel=\"canonical\" href=\"https:\/\/www.ucaldas.edu.co\/portal\/proyectos-seleccionados-en-la-convocatoria-conjunta-vip-fah-para-la-financiacion-de-proyectos-de-investigacion-creacion-2020\/\" \/>\n<script type=\"application\/ld+json\" class=\"yoast-schema-graph\">{\"@context\":\"https:\\\/\\\/schema.org\",\"@graph\":[{\"@type\":\"Article\",\"@id\":\"https:\\\/\\\/www.ucaldas.edu.co\\\/portal\\\/proyectos-seleccionados-en-la-convocatoria-conjunta-vip-fah-para-la-financiacion-de-proyectos-de-investigacion-creacion-2020\\\/#article\",\"isPartOf\":{\"@id\":\"https:\\\/\\\/www.ucaldas.edu.co\\\/portal\\\/proyectos-seleccionados-en-la-convocatoria-conjunta-vip-fah-para-la-financiacion-de-proyectos-de-investigacion-creacion-2020\\\/\"},\"author\":{\"name\":\"ofiprensa\",\"@id\":\"https:\\\/\\\/www.ucaldas.edu.co\\\/portal\\\/#\\\/schema\\\/person\\\/a1b482e23449158b4bc319926c074fdf\"},\"headline\":\"Proyectos seleccionados en la convocatoria conjunta VIP-FAH para la financiaci\u00f3n de proyectos de Investigaci\u00f3n \u2013 Creaci\u00f3n 2020\",\"datePublished\":\"2020-11-13T23:21:59+00:00\",\"mainEntityOfPage\":{\"@id\":\"https:\\\/\\\/www.ucaldas.edu.co\\\/portal\\\/proyectos-seleccionados-en-la-convocatoria-conjunta-vip-fah-para-la-financiacion-de-proyectos-de-investigacion-creacion-2020\\\/\"},\"wordCount\":318,\"publisher\":{\"@id\":\"https:\\\/\\\/www.ucaldas.edu.co\\\/portal\\\/#organization\"},\"image\":{\"@id\":\"https:\\\/\\\/www.ucaldas.edu.co\\\/portal\\\/proyectos-seleccionados-en-la-convocatoria-conjunta-vip-fah-para-la-financiacion-de-proyectos-de-investigacion-creacion-2020\\\/#primaryimage\"},\"thumbnailUrl\":\"https:\\\/\\\/www.ucaldas.edu.co\\\/portal\\\/wp-content\\\/uploads\\\/2020\\\/11\\\/resultados-convocatoria.jpg\",\"keywords\":[\"Artes y Humanidades\",\"resultados convocatoria\",\"proyectos seleccionados\"],\"articleSection\":[\"Actualidad\",\"Universidad al D\u00eda\",\"UCaldas Transparente\"],\"inLanguage\":\"es\"},{\"@type\":\"WebPage\",\"@id\":\"https:\\\/\\\/www.ucaldas.edu.co\\\/portal\\\/proyectos-seleccionados-en-la-convocatoria-conjunta-vip-fah-para-la-financiacion-de-proyectos-de-investigacion-creacion-2020\\\/\",\"url\":\"https:\\\/\\\/www.ucaldas.edu.co\\\/portal\\\/proyectos-seleccionados-en-la-convocatoria-conjunta-vip-fah-para-la-financiacion-de-proyectos-de-investigacion-creacion-2020\\\/\",\"name\":\"Proyectos seleccionados en la convocatoria conjunta VIP-FAH para la financiaci\u00f3n de proyectos de Investigaci\u00f3n \u2013 Creaci\u00f3n 2020 .\",\"isPartOf\":{\"@id\":\"https:\\\/\\\/www.ucaldas.edu.co\\\/portal\\\/#website\"},\"primaryImageOfPage\":{\"@id\":\"https:\\\/\\\/www.ucaldas.edu.co\\\/portal\\\/proyectos-seleccionados-en-la-convocatoria-conjunta-vip-fah-para-la-financiacion-de-proyectos-de-investigacion-creacion-2020\\\/#primaryimage\"},\"image\":{\"@id\":\"https:\\\/\\\/www.ucaldas.edu.co\\\/portal\\\/proyectos-seleccionados-en-la-convocatoria-conjunta-vip-fah-para-la-financiacion-de-proyectos-de-investigacion-creacion-2020\\\/#primaryimage\"},\"thumbnailUrl\":\"https:\\\/\\\/www.ucaldas.edu.co\\\/portal\\\/wp-content\\\/uploads\\\/2020\\\/11\\\/resultados-convocatoria.jpg\",\"datePublished\":\"2020-11-13T23:21:59+00:00\",\"breadcrumb\":{\"@id\":\"https:\\\/\\\/www.ucaldas.edu.co\\\/portal\\\/proyectos-seleccionados-en-la-convocatoria-conjunta-vip-fah-para-la-financiacion-de-proyectos-de-investigacion-creacion-2020\\\/#breadcrumb\"},\"inLanguage\":\"es\",\"potentialAction\":[{\"@type\":\"ReadAction\",\"target\":[\"https:\\\/\\\/www.ucaldas.edu.co\\\/portal\\\/proyectos-seleccionados-en-la-convocatoria-conjunta-vip-fah-para-la-financiacion-de-proyectos-de-investigacion-creacion-2020\\\/\"]}]},{\"@type\":\"ImageObject\",\"inLanguage\":\"es\",\"@id\":\"https:\\\/\\\/www.ucaldas.edu.co\\\/portal\\\/proyectos-seleccionados-en-la-convocatoria-conjunta-vip-fah-para-la-financiacion-de-proyectos-de-investigacion-creacion-2020\\\/#primaryimage\",\"url\":\"https:\\\/\\\/www.ucaldas.edu.co\\\/portal\\\/wp-content\\\/uploads\\\/2020\\\/11\\\/resultados-convocatoria.jpg\",\"contentUrl\":\"https:\\\/\\\/www.ucaldas.edu.co\\\/portal\\\/wp-content\\\/uploads\\\/2020\\\/11\\\/resultados-convocatoria.jpg\",\"width\":700,\"height\":400},{\"@type\":\"BreadcrumbList\",\"@id\":\"https:\\\/\\\/www.ucaldas.edu.co\\\/portal\\\/proyectos-seleccionados-en-la-convocatoria-conjunta-vip-fah-para-la-financiacion-de-proyectos-de-investigacion-creacion-2020\\\/#breadcrumb\",\"itemListElement\":[{\"@type\":\"ListItem\",\"position\":1,\"name\":\"Portada\",\"item\":\"https:\\\/\\\/www.ucaldas.edu.co\\\/portal\\\/\"},{\"@type\":\"ListItem\",\"position\":2,\"name\":\"Proyectos seleccionados en la convocatoria conjunta VIP-FAH para la financiaci\u00f3n de proyectos de Investigaci\u00f3n \u2013 Creaci\u00f3n 2020\"}]},{\"@type\":\"WebSite\",\"@id\":\"https:\\\/\\\/www.ucaldas.edu.co\\\/portal\\\/#website\",\"url\":\"https:\\\/\\\/www.ucaldas.edu.co\\\/portal\\\/\",\"name\":\"Universidad de Caldas\",\"description\":\"\",\"publisher\":{\"@id\":\"https:\\\/\\\/www.ucaldas.edu.co\\\/portal\\\/#organization\"},\"alternateName\":\"U. de Caldas\",\"potentialAction\":[{\"@type\":\"SearchAction\",\"target\":{\"@type\":\"EntryPoint\",\"urlTemplate\":\"https:\\\/\\\/www.ucaldas.edu.co\\\/portal\\\/?s={search_term_string}\"},\"query-input\":{\"@type\":\"PropertyValueSpecification\",\"valueRequired\":true,\"valueName\":\"search_term_string\"}}],\"inLanguage\":\"es\"},{\"@type\":\"Organization\",\"@id\":\"https:\\\/\\\/www.ucaldas.edu.co\\\/portal\\\/#organization\",\"name\":\"Universidad de Caldas\",\"alternateName\":\"U. de Caldas\",\"url\":\"https:\\\/\\\/www.ucaldas.edu.co\\\/portal\\\/\",\"logo\":{\"@type\":\"ImageObject\",\"inLanguage\":\"es\",\"@id\":\"https:\\\/\\\/www.ucaldas.edu.co\\\/portal\\\/#\\\/schema\\\/logo\\\/image\\\/\",\"url\":\"https:\\\/\\\/www.ucaldas.edu.co\\\/portal\\\/wp-content\\\/uploads\\\/2023\\\/11\\\/Logo_horizontal_oscuroU-2023.png\",\"contentUrl\":\"https:\\\/\\\/www.ucaldas.edu.co\\\/portal\\\/wp-content\\\/uploads\\\/2023\\\/11\\\/Logo_horizontal_oscuroU-2023.png\",\"width\":263,\"height\":101,\"caption\":\"Universidad de Caldas\"},\"image\":{\"@id\":\"https:\\\/\\\/www.ucaldas.edu.co\\\/portal\\\/#\\\/schema\\\/logo\\\/image\\\/\"},\"sameAs\":[\"https:\\\/\\\/www.facebook.com\\\/udecaldas\",\"https:\\\/\\\/x.com\\\/udecaldas\",\"https:\\\/\\\/www.youtube.com\\\/universidadcaldas\",\"https:\\\/\\\/www.instagram.com\\\/udecaldas\\\/\"]},{\"@type\":\"Person\",\"@id\":\"https:\\\/\\\/www.ucaldas.edu.co\\\/portal\\\/#\\\/schema\\\/person\\\/a1b482e23449158b4bc319926c074fdf\",\"name\":\"ofiprensa\",\"image\":{\"@type\":\"ImageObject\",\"inLanguage\":\"es\",\"@id\":\"https:\\\/\\\/www.ucaldas.edu.co\\\/portal\\\/wp-content\\\/litespeed\\\/avatar\\\/09ea5085e600095a7a811142c6944527.jpg?ver=1788384175\",\"url\":\"https:\\\/\\\/www.ucaldas.edu.co\\\/portal\\\/wp-content\\\/litespeed\\\/avatar\\\/09ea5085e600095a7a811142c6944527.jpg?ver=1788384175\",\"contentUrl\":\"https:\\\/\\\/www.ucaldas.edu.co\\\/portal\\\/wp-content\\\/litespeed\\\/avatar\\\/09ea5085e600095a7a811142c6944527.jpg?ver=1788384175\",\"caption\":\"ofiprensa\"},\"url\":\"https:\\\/\\\/www.ucaldas.edu.co\\\/portal\\\/author\\\/ofiprensa\\\/\"}]}<\/script>\n<!-- \/ Yoast SEO plugin. -->","yoast_head_json":{"title":"Proyectos seleccionados en la convocatoria conjunta VIP-FAH para la financiaci\u00f3n de proyectos de Investigaci\u00f3n \u2013 Creaci\u00f3n 2020 .","robots":{"index":"index","follow":"follow","max-snippet":"max-snippet:-1","max-image-preview":"max-image-preview:large","max-video-preview":"max-video-preview:-1"},"canonical":"https:\/\/www.ucaldas.edu.co\/portal\/proyectos-seleccionados-en-la-convocatoria-conjunta-vip-fah-para-la-financiacion-de-proyectos-de-investigacion-creacion-2020\/","schema":{"@context":"https:\/\/schema.org","@graph":[{"@type":"Article","@id":"https:\/\/www.ucaldas.edu.co\/portal\/proyectos-seleccionados-en-la-convocatoria-conjunta-vip-fah-para-la-financiacion-de-proyectos-de-investigacion-creacion-2020\/#article","isPartOf":{"@id":"https:\/\/www.ucaldas.edu.co\/portal\/proyectos-seleccionados-en-la-convocatoria-conjunta-vip-fah-para-la-financiacion-de-proyectos-de-investigacion-creacion-2020\/"},"author":{"name":"ofiprensa","@id":"https:\/\/www.ucaldas.edu.co\/portal\/#\/schema\/person\/a1b482e23449158b4bc319926c074fdf"},"headline":"Proyectos seleccionados en la convocatoria conjunta VIP-FAH para la financiaci\u00f3n de proyectos de Investigaci\u00f3n \u2013 Creaci\u00f3n 2020","datePublished":"2020-11-13T23:21:59+00:00","mainEntityOfPage":{"@id":"https:\/\/www.ucaldas.edu.co\/portal\/proyectos-seleccionados-en-la-convocatoria-conjunta-vip-fah-para-la-financiacion-de-proyectos-de-investigacion-creacion-2020\/"},"wordCount":318,"publisher":{"@id":"https:\/\/www.ucaldas.edu.co\/portal\/#organization"},"image":{"@id":"https:\/\/www.ucaldas.edu.co\/portal\/proyectos-seleccionados-en-la-convocatoria-conjunta-vip-fah-para-la-financiacion-de-proyectos-de-investigacion-creacion-2020\/#primaryimage"},"thumbnailUrl":"https:\/\/www.ucaldas.edu.co\/portal\/wp-content\/uploads\/2020\/11\/resultados-convocatoria.jpg","keywords":["Artes y Humanidades","resultados convocatoria","proyectos seleccionados"],"articleSection":["Actualidad","Universidad al D\u00eda","UCaldas Transparente"],"inLanguage":"es"},{"@type":"WebPage","@id":"https:\/\/www.ucaldas.edu.co\/portal\/proyectos-seleccionados-en-la-convocatoria-conjunta-vip-fah-para-la-financiacion-de-proyectos-de-investigacion-creacion-2020\/","url":"https:\/\/www.ucaldas.edu.co\/portal\/proyectos-seleccionados-en-la-convocatoria-conjunta-vip-fah-para-la-financiacion-de-proyectos-de-investigacion-creacion-2020\/","name":"Proyectos seleccionados en la convocatoria conjunta VIP-FAH para la financiaci\u00f3n de proyectos de Investigaci\u00f3n \u2013 Creaci\u00f3n 2020 .","isPartOf":{"@id":"https:\/\/www.ucaldas.edu.co\/portal\/#website"},"primaryImageOfPage":{"@id":"https:\/\/www.ucaldas.edu.co\/portal\/proyectos-seleccionados-en-la-convocatoria-conjunta-vip-fah-para-la-financiacion-de-proyectos-de-investigacion-creacion-2020\/#primaryimage"},"image":{"@id":"https:\/\/www.ucaldas.edu.co\/portal\/proyectos-seleccionados-en-la-convocatoria-conjunta-vip-fah-para-la-financiacion-de-proyectos-de-investigacion-creacion-2020\/#primaryimage"},"thumbnailUrl":"https:\/\/www.ucaldas.edu.co\/portal\/wp-content\/uploads\/2020\/11\/resultados-convocatoria.jpg","datePublished":"2020-11-13T23:21:59+00:00","breadcrumb":{"@id":"https:\/\/www.ucaldas.edu.co\/portal\/proyectos-seleccionados-en-la-convocatoria-conjunta-vip-fah-para-la-financiacion-de-proyectos-de-investigacion-creacion-2020\/#breadcrumb"},"inLanguage":"es","potentialAction":[{"@type":"ReadAction","target":["https:\/\/www.ucaldas.edu.co\/portal\/proyectos-seleccionados-en-la-convocatoria-conjunta-vip-fah-para-la-financiacion-de-proyectos-de-investigacion-creacion-2020\/"]}]},{"@type":"ImageObject","inLanguage":"es","@id":"https:\/\/www.ucaldas.edu.co\/portal\/proyectos-seleccionados-en-la-convocatoria-conjunta-vip-fah-para-la-financiacion-de-proyectos-de-investigacion-creacion-2020\/#primaryimage","url":"https:\/\/www.ucaldas.edu.co\/portal\/wp-content\/uploads\/2020\/11\/resultados-convocatoria.jpg","contentUrl":"https:\/\/www.ucaldas.edu.co\/portal\/wp-content\/uploads\/2020\/11\/resultados-convocatoria.jpg","width":700,"height":400},{"@type":"BreadcrumbList","@id":"https:\/\/www.ucaldas.edu.co\/portal\/proyectos-seleccionados-en-la-convocatoria-conjunta-vip-fah-para-la-financiacion-de-proyectos-de-investigacion-creacion-2020\/#breadcrumb","itemListElement":[{"@type":"ListItem","position":1,"name":"Portada","item":"https:\/\/www.ucaldas.edu.co\/portal\/"},{"@type":"ListItem","position":2,"name":"Proyectos seleccionados en la convocatoria conjunta VIP-FAH para la financiaci\u00f3n de proyectos de Investigaci\u00f3n \u2013 Creaci\u00f3n 2020"}]},{"@type":"WebSite","@id":"https:\/\/www.ucaldas.edu.co\/portal\/#website","url":"https:\/\/www.ucaldas.edu.co\/portal\/","name":"Universidad de Caldas","description":"","publisher":{"@id":"https:\/\/www.ucaldas.edu.co\/portal\/#organization"},"alternateName":"U. de Caldas","potentialAction":[{"@type":"SearchAction","target":{"@type":"EntryPoint","urlTemplate":"https:\/\/www.ucaldas.edu.co\/portal\/?s={search_term_string}"},"query-input":{"@type":"PropertyValueSpecification","valueRequired":true,"valueName":"search_term_string"}}],"inLanguage":"es"},{"@type":"Organization","@id":"https:\/\/www.ucaldas.edu.co\/portal\/#organization","name":"Universidad de Caldas","alternateName":"U. de Caldas","url":"https:\/\/www.ucaldas.edu.co\/portal\/","logo":{"@type":"ImageObject","inLanguage":"es","@id":"https:\/\/www.ucaldas.edu.co\/portal\/#\/schema\/logo\/image\/","url":"https:\/\/www.ucaldas.edu.co\/portal\/wp-content\/uploads\/2023\/11\/Logo_horizontal_oscuroU-2023.png","contentUrl":"https:\/\/www.ucaldas.edu.co\/portal\/wp-content\/uploads\/2023\/11\/Logo_horizontal_oscuroU-2023.png","width":263,"height":101,"caption":"Universidad de Caldas"},"image":{"@id":"https:\/\/www.ucaldas.edu.co\/portal\/#\/schema\/logo\/image\/"},"sameAs":["https:\/\/www.facebook.com\/udecaldas","https:\/\/x.com\/udecaldas","https:\/\/www.youtube.com\/universidadcaldas","https:\/\/www.instagram.com\/udecaldas\/"]},{"@type":"Person","@id":"https:\/\/www.ucaldas.edu.co\/portal\/#\/schema\/person\/a1b482e23449158b4bc319926c074fdf","name":"ofiprensa","image":{"@type":"ImageObject","inLanguage":"es","@id":"https:\/\/www.ucaldas.edu.co\/portal\/wp-content\/litespeed\/avatar\/09ea5085e600095a7a811142c6944527.jpg?ver=1788384175","url":"https:\/\/www.ucaldas.edu.co\/portal\/wp-content\/litespeed\/avatar\/09ea5085e600095a7a811142c6944527.jpg?ver=1788384175","contentUrl":"https:\/\/www.ucaldas.edu.co\/portal\/wp-content\/litespeed\/avatar\/09ea5085e600095a7a811142c6944527.jpg?ver=1788384175","caption":"ofiprensa"},"url":"https:\/\/www.ucaldas.edu.co\/portal\/author\/ofiprensa\/"}]}},"_links":{"self":[{"href":"https:\/\/www.ucaldas.edu.co\/portal\/wp-json\/wp\/v2\/posts\/59699","targetHints":{"allow":["GET"]}}],"collection":[{"href":"https:\/\/www.ucaldas.edu.co\/portal\/wp-json\/wp\/v2\/posts"}],"about":[{"href":"https:\/\/www.ucaldas.edu.co\/portal\/wp-json\/wp\/v2\/types\/post"}],"author":[{"embeddable":true,"href":"https:\/\/www.ucaldas.edu.co\/portal\/wp-json\/wp\/v2\/users\/2"}],"replies":[{"embeddable":true,"href":"https:\/\/www.ucaldas.edu.co\/portal\/wp-json\/wp\/v2\/comments?post=59699"}],"version-history":[{"count":0,"href":"https:\/\/www.ucaldas.edu.co\/portal\/wp-json\/wp\/v2\/posts\/59699\/revisions"}],"wp:featuredmedia":[{"embeddable":true,"href":"https:\/\/www.ucaldas.edu.co\/portal\/wp-json\/wp\/v2\/media\/59700"}],"wp:attachment":[{"href":"https:\/\/www.ucaldas.edu.co\/portal\/wp-json\/wp\/v2\/media?parent=59699"}],"wp:term":[{"taxonomy":"category","embeddable":true,"href":"https:\/\/www.ucaldas.edu.co\/portal\/wp-json\/wp\/v2\/categories?post=59699"},{"taxonomy":"post_tag","embeddable":true,"href":"https:\/\/www.ucaldas.edu.co\/portal\/wp-json\/wp\/v2\/tags?post=59699"}],"curies":[{"name":"wp","href":"https:\/\/api.w.org\/{rel}","templated":true}]}}