{"id":59582,"date":"2020-11-10T23:59:08","date_gmt":"2020-11-10T23:59:08","guid":{"rendered":"https:\/\/www.ucaldas.edu.co\/portal\/?p=59582"},"modified":"2020-11-10T23:59:08","modified_gmt":"2020-11-10T23:59:08","slug":"tercer-simposio-atencion-primaria-social","status":"publish","type":"post","link":"https:\/\/www.ucaldas.edu.co\/portal\/tercer-simposio-atencion-primaria-social\/","title":{"rendered":"Tercer Simposio Atenci\u00f3n Primaria Social"},"content":{"rendered":"<p style=\"text-align: center;\">TEMA CENTRAL: \u201cAL SERVICIO DE LAS COMUNIDADES\u201d<\/p>\n<p style=\"text-align: center;\"><strong>Tercer Simposio Atenci\u00f3n Primaria Social<\/strong><\/p>\n<p style=\"text-align: right;\">10\/11\/2020<\/p>\n<p style=\"text-align: right;\">\n<p><img loading=\"lazy\" decoding=\"async\" class=\"size-full wp-image-59583 aligncenter\" src=\"https:\/\/www.ucaldas.edu.co\/portal\/wp-content\/uploads\/2020\/11\/simposio-atencion-primaria.jpg\" alt=\"\" width=\"700\" height=\"400\" srcset=\"https:\/\/www.ucaldas.edu.co\/portal\/wp-content\/uploads\/2020\/11\/simposio-atencion-primaria.jpg 700w, https:\/\/www.ucaldas.edu.co\/portal\/wp-content\/uploads\/2020\/11\/simposio-atencion-primaria-300x171.jpg 300w\" sizes=\"auto, (max-width: 700px) 100vw, 700px\" \/><\/p>\n<p>El pr\u00f3ximo 23 de noviembre a partir de las 8:00 a.m. se llevar\u00e1 a cabo el Tercer Simposio Atenci\u00f3n Primaria Social: \u201cAl servicio de las comunidades\u201d, el cual se realizar\u00e1 a trav\u00e9s del Facebook Live de la Facultad de Ciencias para la Salud de la Universidad de Caldas.<\/p>\n<p><!--more--><\/p>\n<p>Este espacio congrega a personas interesadas en asuntos de salud familiar, participaci\u00f3n comunitaria, trabajo social e intersectorialidad. Tambi\u00e9n se expone la Pol\u00edtica P\u00fablica de Atenci\u00f3n Primaria en Caldas, liderada por la Direcci\u00f3n Territorial de Salud y que incluye programas de la Universidad de Caldas.<\/p>\n<p>&nbsp;<\/p>\n<p>El simposio tendr\u00e1 los siguientes invitados:<\/p>\n<ul>\n<li>Gerson Orlando Bermont Galavis: M\u00e9dico opt\u00f3metra, especialista y Magister en Salud P\u00fablica. Director de Promoci\u00f3n y Prevenci\u00f3n del Ministerio de Salud y Protecci\u00f3n Social.<\/li>\n<li>Jaime Arturo G\u00f3mez Correa: M\u00e9dico cirujano; especialista en Teor\u00edas, M\u00e9todos y T\u00e9cnicas de Investigaci\u00f3n Social y Especialista en Epidemiolog\u00eda. Es docente titular de la Facultad de Medicina de la Universidad de Antioquia.<\/li>\n<li>Jovana Alexandra Ocampo Ca\u00f1as: M\u00e9dica salubrista, docente asistente de la Facultad de Medicina de la Universidad de los Andes.<\/li>\n<li>Luisa Fernanda Guar\u00edn Garc\u00eda: Antrop\u00f3loga social de la Universidad de Caldas. Actualmente es analista de coordinaci\u00f3n de gesti\u00f3n en la Secretar\u00eda de Planeaci\u00f3n, Evaluaci\u00f3n y Coordinaci\u00f3n de Gesti\u00f3n del Gobierno de la ciudad de Buenos Aires.<\/li>\n<li>Mar\u00eda \u00c1ngeles Villanueva Borbolla: Licenciada en Nutrici\u00f3n y MC Promoci\u00f3n de la Salud. Trabaja actualmente en el Centro de Investigaci\u00f3n en Nutrici\u00f3n y Salud del Instituto Nacional de Salud P\u00fablica en M\u00e9xico.<\/li>\n<li>Mar\u00eda Eugenia Pico Merch\u00e1n: Enfermera; Magister en Educaci\u00f3n y Desarrollo Humano; y Doctora en Ciencias Sociales, Ni\u00f1ez y Juventud. Docente en la Facultad de Ciencias para la Salud de la Universidad de Caldas.<\/li>\n<li>Ram\u00f3n Ram\u00edrez Serna: L\u00edder comunitario, presidente de la Junta de Acci\u00f3n Comunal de la<\/li>\n<\/ul>\n<p>Vereda La Floresta del municipio de Villamar\u00eda.<\/p>\n<p>Programaci\u00f3n:<\/p>\n<table>\n<tbody>\n<tr>\n<td width=\"415\">Ponencia: Atenci\u00f3n Primaria Social en el marco de la pandemia<\/td>\n<td width=\"173\">8:35 a.m. \u2013\u00a0 9:15 a.m.<\/td>\n<\/tr>\n<tr>\n<td width=\"415\">Ponencia: La comunidad pensada y vivida, a partir de la fenomenolog\u00eda del mundo de la vida<\/td>\n<td width=\"173\">9:20 a.m. \u2013 10 a.m.<\/td>\n<\/tr>\n<tr>\n<td width=\"415\">Ponencia: La participaci\u00f3n en salud como un fin \u2013 Experiencias de colaboraci\u00f3n entre comunidad y academia para promover la salud en Xoxocotla, Morelos, M\u00e9xico<\/td>\n<td width=\"173\">10:05 a.m. \u2013 10:45 a.m.<\/td>\n<\/tr>\n<tr>\n<td width=\"415\">Ponencia: La estrategia de Atenci\u00f3n Primaria Social APS desde las Juntas de Acci\u00f3n Comunal &#8211; Una experiencia barrial<\/td>\n<td width=\"173\">11:10 a.m. \u2013 11:40 a.m.<\/td>\n<\/tr>\n<tr>\n<td width=\"415\">Ponencia: Experiencias y evidencias en la implementaci\u00f3n de una estrategia de Atenci\u00f3n Primaria en Salud en comunidades ind\u00edgenas de Colombia<\/td>\n<td width=\"173\">2 p.m. \u2013 2:40 p.m.<\/td>\n<\/tr>\n<tr>\n<td width=\"415\">Ponencia: Territorializaci\u00f3n de la Atenci\u00f3n Primaria en Salud en contextos urbanos \u2013 La experiencia de los Centros de Salud y Acci\u00f3n Comunitaria en la ciudad de Buenos Aires<\/td>\n<td width=\"173\">2:50 p.m. \u2013 3:30 p.m.<\/td>\n<\/tr>\n<tr>\n<td width=\"415\">Ponencia: la Atenci\u00f3n Primeria en Salud desde una perspectiva universitaria<\/td>\n<td width=\"173\">4 p.m. \u2013 4:40 p.m.<\/td>\n<\/tr>\n<\/tbody>\n<\/table>\n<p>&nbsp;<\/p>\n<p><strong><a href=\"https:\/\/www.facebook.com\/FacultadSaludUCaldas\">Link del evento.<\/a><\/strong><\/p>\n<p>&nbsp;<\/p>\n<p><strong>Informes: <\/strong>Oficina de Comunicaciones y Prensa Universidad de Caldas.<\/p>\n<p><strong>Redacci\u00f3n:<\/strong> Mateo Buritic\u00e1 Giraldo<\/p>\n<p>&nbsp;<\/p>\n","protected":false},"excerpt":{"rendered":"<p>TEMA CENTRAL: \u201cAL SERVICIO DE LAS COMUNIDADES\u201d Tercer Simposio Atenci\u00f3n Primaria Social 10\/11\/2020 El pr\u00f3ximo 23 de noviembre a partir de las 8:00 a.m. se llevar\u00e1 a cabo el Tercer Simposio Atenci\u00f3n Primaria Social: \u201cAl servicio de las comunidades\u201d, el cual se realizar\u00e1 a trav\u00e9s del Facebook Live de la Facultad de Ciencias para la [&hellip;]<\/p>\n","protected":false},"author":2,"featured_media":59583,"comment_status":"closed","ping_status":"open","sticky":false,"template":"","format":"standard","meta":{"footnotes":""},"categories":[48,53,62],"tags":[5502,5503,5504],"class_list":["post-59582","post","type-post","status-publish","format-standard","has-post-thumbnail","hentry","category-actualidad","category-universidad-al-dia","category-eventos","tag-atencion-primaria-en-salud","tag-servicio-a-la-comunidad","tag-simposio-salud"],"yoast_head":"<!-- This site is optimized with the Yoast SEO plugin v27.5 - https:\/\/yoast.com\/product\/yoast-seo-wordpress\/ -->\n<title>Tercer Simposio Atenci\u00f3n Primaria Social .<\/title>\n<meta name=\"robots\" content=\"index, follow, max-snippet:-1, max-image-preview:large, max-video-preview:-1\" \/>\n<link rel=\"canonical\" href=\"https:\/\/www.ucaldas.edu.co\/portal\/tercer-simposio-atencion-primaria-social\/\" \/>\n<script type=\"application\/ld+json\" class=\"yoast-schema-graph\">{\"@context\":\"https:\\\/\\\/schema.org\",\"@graph\":[{\"@type\":\"Article\",\"@id\":\"https:\\\/\\\/www.ucaldas.edu.co\\\/portal\\\/tercer-simposio-atencion-primaria-social\\\/#article\",\"isPartOf\":{\"@id\":\"https:\\\/\\\/www.ucaldas.edu.co\\\/portal\\\/tercer-simposio-atencion-primaria-social\\\/\"},\"author\":{\"name\":\"ofiprensa\",\"@id\":\"https:\\\/\\\/www.ucaldas.edu.co\\\/portal\\\/#\\\/schema\\\/person\\\/a1b482e23449158b4bc319926c074fdf\"},\"headline\":\"Tercer Simposio Atenci\u00f3n Primaria Social\",\"datePublished\":\"2020-11-10T23:59:08+00:00\",\"mainEntityOfPage\":{\"@id\":\"https:\\\/\\\/www.ucaldas.edu.co\\\/portal\\\/tercer-simposio-atencion-primaria-social\\\/\"},\"wordCount\":552,\"publisher\":{\"@id\":\"https:\\\/\\\/www.ucaldas.edu.co\\\/portal\\\/#organization\"},\"image\":{\"@id\":\"https:\\\/\\\/www.ucaldas.edu.co\\\/portal\\\/tercer-simposio-atencion-primaria-social\\\/#primaryimage\"},\"thumbnailUrl\":\"https:\\\/\\\/www.ucaldas.edu.co\\\/portal\\\/wp-content\\\/uploads\\\/2020\\\/11\\\/simposio-atencion-primaria.jpg\",\"keywords\":[\"atenci\u00f3n primaria en salud\",\"servicio a la comunidad\",\"simposio salud\"],\"articleSection\":[\"Actualidad\",\"Universidad al D\u00eda\",\"Eventos\"],\"inLanguage\":\"es\"},{\"@type\":\"WebPage\",\"@id\":\"https:\\\/\\\/www.ucaldas.edu.co\\\/portal\\\/tercer-simposio-atencion-primaria-social\\\/\",\"url\":\"https:\\\/\\\/www.ucaldas.edu.co\\\/portal\\\/tercer-simposio-atencion-primaria-social\\\/\",\"name\":\"Tercer Simposio Atenci\u00f3n Primaria Social .\",\"isPartOf\":{\"@id\":\"https:\\\/\\\/www.ucaldas.edu.co\\\/portal\\\/#website\"},\"primaryImageOfPage\":{\"@id\":\"https:\\\/\\\/www.ucaldas.edu.co\\\/portal\\\/tercer-simposio-atencion-primaria-social\\\/#primaryimage\"},\"image\":{\"@id\":\"https:\\\/\\\/www.ucaldas.edu.co\\\/portal\\\/tercer-simposio-atencion-primaria-social\\\/#primaryimage\"},\"thumbnailUrl\":\"https:\\\/\\\/www.ucaldas.edu.co\\\/portal\\\/wp-content\\\/uploads\\\/2020\\\/11\\\/simposio-atencion-primaria.jpg\",\"datePublished\":\"2020-11-10T23:59:08+00:00\",\"breadcrumb\":{\"@id\":\"https:\\\/\\\/www.ucaldas.edu.co\\\/portal\\\/tercer-simposio-atencion-primaria-social\\\/#breadcrumb\"},\"inLanguage\":\"es\",\"potentialAction\":[{\"@type\":\"ReadAction\",\"target\":[\"https:\\\/\\\/www.ucaldas.edu.co\\\/portal\\\/tercer-simposio-atencion-primaria-social\\\/\"]}]},{\"@type\":\"ImageObject\",\"inLanguage\":\"es\",\"@id\":\"https:\\\/\\\/www.ucaldas.edu.co\\\/portal\\\/tercer-simposio-atencion-primaria-social\\\/#primaryimage\",\"url\":\"https:\\\/\\\/www.ucaldas.edu.co\\\/portal\\\/wp-content\\\/uploads\\\/2020\\\/11\\\/simposio-atencion-primaria.jpg\",\"contentUrl\":\"https:\\\/\\\/www.ucaldas.edu.co\\\/portal\\\/wp-content\\\/uploads\\\/2020\\\/11\\\/simposio-atencion-primaria.jpg\",\"width\":700,\"height\":400},{\"@type\":\"BreadcrumbList\",\"@id\":\"https:\\\/\\\/www.ucaldas.edu.co\\\/portal\\\/tercer-simposio-atencion-primaria-social\\\/#breadcrumb\",\"itemListElement\":[{\"@type\":\"ListItem\",\"position\":1,\"name\":\"Portada\",\"item\":\"https:\\\/\\\/www.ucaldas.edu.co\\\/portal\\\/\"},{\"@type\":\"ListItem\",\"position\":2,\"name\":\"Tercer Simposio Atenci\u00f3n Primaria Social\"}]},{\"@type\":\"WebSite\",\"@id\":\"https:\\\/\\\/www.ucaldas.edu.co\\\/portal\\\/#website\",\"url\":\"https:\\\/\\\/www.ucaldas.edu.co\\\/portal\\\/\",\"name\":\"Universidad de Caldas\",\"description\":\"\",\"publisher\":{\"@id\":\"https:\\\/\\\/www.ucaldas.edu.co\\\/portal\\\/#organization\"},\"alternateName\":\"U. de Caldas\",\"potentialAction\":[{\"@type\":\"SearchAction\",\"target\":{\"@type\":\"EntryPoint\",\"urlTemplate\":\"https:\\\/\\\/www.ucaldas.edu.co\\\/portal\\\/?s={search_term_string}\"},\"query-input\":{\"@type\":\"PropertyValueSpecification\",\"valueRequired\":true,\"valueName\":\"search_term_string\"}}],\"inLanguage\":\"es\"},{\"@type\":\"Organization\",\"@id\":\"https:\\\/\\\/www.ucaldas.edu.co\\\/portal\\\/#organization\",\"name\":\"Universidad de Caldas\",\"alternateName\":\"U. de Caldas\",\"url\":\"https:\\\/\\\/www.ucaldas.edu.co\\\/portal\\\/\",\"logo\":{\"@type\":\"ImageObject\",\"inLanguage\":\"es\",\"@id\":\"https:\\\/\\\/www.ucaldas.edu.co\\\/portal\\\/#\\\/schema\\\/logo\\\/image\\\/\",\"url\":\"https:\\\/\\\/www.ucaldas.edu.co\\\/portal\\\/wp-content\\\/uploads\\\/2023\\\/11\\\/Logo_horizontal_oscuroU-2023.png\",\"contentUrl\":\"https:\\\/\\\/www.ucaldas.edu.co\\\/portal\\\/wp-content\\\/uploads\\\/2023\\\/11\\\/Logo_horizontal_oscuroU-2023.png\",\"width\":263,\"height\":101,\"caption\":\"Universidad de Caldas\"},\"image\":{\"@id\":\"https:\\\/\\\/www.ucaldas.edu.co\\\/portal\\\/#\\\/schema\\\/logo\\\/image\\\/\"},\"sameAs\":[\"https:\\\/\\\/www.facebook.com\\\/udecaldas\",\"https:\\\/\\\/x.com\\\/udecaldas\",\"https:\\\/\\\/www.youtube.com\\\/universidadcaldas\",\"https:\\\/\\\/www.instagram.com\\\/udecaldas\\\/\"]},{\"@type\":\"Person\",\"@id\":\"https:\\\/\\\/www.ucaldas.edu.co\\\/portal\\\/#\\\/schema\\\/person\\\/a1b482e23449158b4bc319926c074fdf\",\"name\":\"ofiprensa\",\"image\":{\"@type\":\"ImageObject\",\"inLanguage\":\"es\",\"@id\":\"https:\\\/\\\/www.ucaldas.edu.co\\\/portal\\\/wp-content\\\/litespeed\\\/avatar\\\/09ea5085e600095a7a811142c6944527.jpg?ver=1777497608\",\"url\":\"https:\\\/\\\/www.ucaldas.edu.co\\\/portal\\\/wp-content\\\/litespeed\\\/avatar\\\/09ea5085e600095a7a811142c6944527.jpg?ver=1777497608\",\"contentUrl\":\"https:\\\/\\\/www.ucaldas.edu.co\\\/portal\\\/wp-content\\\/litespeed\\\/avatar\\\/09ea5085e600095a7a811142c6944527.jpg?ver=1777497608\",\"caption\":\"ofiprensa\"},\"url\":\"https:\\\/\\\/www.ucaldas.edu.co\\\/portal\\\/author\\\/ofiprensa\\\/\"}]}<\/script>\n<!-- \/ Yoast SEO plugin. -->","yoast_head_json":{"title":"Tercer Simposio Atenci\u00f3n Primaria Social .","robots":{"index":"index","follow":"follow","max-snippet":"max-snippet:-1","max-image-preview":"max-image-preview:large","max-video-preview":"max-video-preview:-1"},"canonical":"https:\/\/www.ucaldas.edu.co\/portal\/tercer-simposio-atencion-primaria-social\/","schema":{"@context":"https:\/\/schema.org","@graph":[{"@type":"Article","@id":"https:\/\/www.ucaldas.edu.co\/portal\/tercer-simposio-atencion-primaria-social\/#article","isPartOf":{"@id":"https:\/\/www.ucaldas.edu.co\/portal\/tercer-simposio-atencion-primaria-social\/"},"author":{"name":"ofiprensa","@id":"https:\/\/www.ucaldas.edu.co\/portal\/#\/schema\/person\/a1b482e23449158b4bc319926c074fdf"},"headline":"Tercer Simposio Atenci\u00f3n Primaria Social","datePublished":"2020-11-10T23:59:08+00:00","mainEntityOfPage":{"@id":"https:\/\/www.ucaldas.edu.co\/portal\/tercer-simposio-atencion-primaria-social\/"},"wordCount":552,"publisher":{"@id":"https:\/\/www.ucaldas.edu.co\/portal\/#organization"},"image":{"@id":"https:\/\/www.ucaldas.edu.co\/portal\/tercer-simposio-atencion-primaria-social\/#primaryimage"},"thumbnailUrl":"https:\/\/www.ucaldas.edu.co\/portal\/wp-content\/uploads\/2020\/11\/simposio-atencion-primaria.jpg","keywords":["atenci\u00f3n primaria en salud","servicio a la comunidad","simposio salud"],"articleSection":["Actualidad","Universidad al D\u00eda","Eventos"],"inLanguage":"es"},{"@type":"WebPage","@id":"https:\/\/www.ucaldas.edu.co\/portal\/tercer-simposio-atencion-primaria-social\/","url":"https:\/\/www.ucaldas.edu.co\/portal\/tercer-simposio-atencion-primaria-social\/","name":"Tercer Simposio Atenci\u00f3n Primaria Social .","isPartOf":{"@id":"https:\/\/www.ucaldas.edu.co\/portal\/#website"},"primaryImageOfPage":{"@id":"https:\/\/www.ucaldas.edu.co\/portal\/tercer-simposio-atencion-primaria-social\/#primaryimage"},"image":{"@id":"https:\/\/www.ucaldas.edu.co\/portal\/tercer-simposio-atencion-primaria-social\/#primaryimage"},"thumbnailUrl":"https:\/\/www.ucaldas.edu.co\/portal\/wp-content\/uploads\/2020\/11\/simposio-atencion-primaria.jpg","datePublished":"2020-11-10T23:59:08+00:00","breadcrumb":{"@id":"https:\/\/www.ucaldas.edu.co\/portal\/tercer-simposio-atencion-primaria-social\/#breadcrumb"},"inLanguage":"es","potentialAction":[{"@type":"ReadAction","target":["https:\/\/www.ucaldas.edu.co\/portal\/tercer-simposio-atencion-primaria-social\/"]}]},{"@type":"ImageObject","inLanguage":"es","@id":"https:\/\/www.ucaldas.edu.co\/portal\/tercer-simposio-atencion-primaria-social\/#primaryimage","url":"https:\/\/www.ucaldas.edu.co\/portal\/wp-content\/uploads\/2020\/11\/simposio-atencion-primaria.jpg","contentUrl":"https:\/\/www.ucaldas.edu.co\/portal\/wp-content\/uploads\/2020\/11\/simposio-atencion-primaria.jpg","width":700,"height":400},{"@type":"BreadcrumbList","@id":"https:\/\/www.ucaldas.edu.co\/portal\/tercer-simposio-atencion-primaria-social\/#breadcrumb","itemListElement":[{"@type":"ListItem","position":1,"name":"Portada","item":"https:\/\/www.ucaldas.edu.co\/portal\/"},{"@type":"ListItem","position":2,"name":"Tercer Simposio Atenci\u00f3n Primaria Social"}]},{"@type":"WebSite","@id":"https:\/\/www.ucaldas.edu.co\/portal\/#website","url":"https:\/\/www.ucaldas.edu.co\/portal\/","name":"Universidad de Caldas","description":"","publisher":{"@id":"https:\/\/www.ucaldas.edu.co\/portal\/#organization"},"alternateName":"U. de Caldas","potentialAction":[{"@type":"SearchAction","target":{"@type":"EntryPoint","urlTemplate":"https:\/\/www.ucaldas.edu.co\/portal\/?s={search_term_string}"},"query-input":{"@type":"PropertyValueSpecification","valueRequired":true,"valueName":"search_term_string"}}],"inLanguage":"es"},{"@type":"Organization","@id":"https:\/\/www.ucaldas.edu.co\/portal\/#organization","name":"Universidad de Caldas","alternateName":"U. de Caldas","url":"https:\/\/www.ucaldas.edu.co\/portal\/","logo":{"@type":"ImageObject","inLanguage":"es","@id":"https:\/\/www.ucaldas.edu.co\/portal\/#\/schema\/logo\/image\/","url":"https:\/\/www.ucaldas.edu.co\/portal\/wp-content\/uploads\/2023\/11\/Logo_horizontal_oscuroU-2023.png","contentUrl":"https:\/\/www.ucaldas.edu.co\/portal\/wp-content\/uploads\/2023\/11\/Logo_horizontal_oscuroU-2023.png","width":263,"height":101,"caption":"Universidad de Caldas"},"image":{"@id":"https:\/\/www.ucaldas.edu.co\/portal\/#\/schema\/logo\/image\/"},"sameAs":["https:\/\/www.facebook.com\/udecaldas","https:\/\/x.com\/udecaldas","https:\/\/www.youtube.com\/universidadcaldas","https:\/\/www.instagram.com\/udecaldas\/"]},{"@type":"Person","@id":"https:\/\/www.ucaldas.edu.co\/portal\/#\/schema\/person\/a1b482e23449158b4bc319926c074fdf","name":"ofiprensa","image":{"@type":"ImageObject","inLanguage":"es","@id":"https:\/\/www.ucaldas.edu.co\/portal\/wp-content\/litespeed\/avatar\/09ea5085e600095a7a811142c6944527.jpg?ver=1777497608","url":"https:\/\/www.ucaldas.edu.co\/portal\/wp-content\/litespeed\/avatar\/09ea5085e600095a7a811142c6944527.jpg?ver=1777497608","contentUrl":"https:\/\/www.ucaldas.edu.co\/portal\/wp-content\/litespeed\/avatar\/09ea5085e600095a7a811142c6944527.jpg?ver=1777497608","caption":"ofiprensa"},"url":"https:\/\/www.ucaldas.edu.co\/portal\/author\/ofiprensa\/"}]}},"_links":{"self":[{"href":"https:\/\/www.ucaldas.edu.co\/portal\/wp-json\/wp\/v2\/posts\/59582","targetHints":{"allow":["GET"]}}],"collection":[{"href":"https:\/\/www.ucaldas.edu.co\/portal\/wp-json\/wp\/v2\/posts"}],"about":[{"href":"https:\/\/www.ucaldas.edu.co\/portal\/wp-json\/wp\/v2\/types\/post"}],"author":[{"embeddable":true,"href":"https:\/\/www.ucaldas.edu.co\/portal\/wp-json\/wp\/v2\/users\/2"}],"replies":[{"embeddable":true,"href":"https:\/\/www.ucaldas.edu.co\/portal\/wp-json\/wp\/v2\/comments?post=59582"}],"version-history":[{"count":0,"href":"https:\/\/www.ucaldas.edu.co\/portal\/wp-json\/wp\/v2\/posts\/59582\/revisions"}],"wp:featuredmedia":[{"embeddable":true,"href":"https:\/\/www.ucaldas.edu.co\/portal\/wp-json\/wp\/v2\/media\/59583"}],"wp:attachment":[{"href":"https:\/\/www.ucaldas.edu.co\/portal\/wp-json\/wp\/v2\/media?parent=59582"}],"wp:term":[{"taxonomy":"category","embeddable":true,"href":"https:\/\/www.ucaldas.edu.co\/portal\/wp-json\/wp\/v2\/categories?post=59582"},{"taxonomy":"post_tag","embeddable":true,"href":"https:\/\/www.ucaldas.edu.co\/portal\/wp-json\/wp\/v2\/tags?post=59582"}],"curies":[{"name":"wp","href":"https:\/\/api.w.org\/{rel}","templated":true}]}}