{"id":59563,"date":"2020-11-09T22:48:53","date_gmt":"2020-11-09T22:48:53","guid":{"rendered":"https:\/\/www.ucaldas.edu.co\/portal\/?p=59563"},"modified":"2020-11-09T22:48:53","modified_gmt":"2020-11-09T22:48:53","slug":"jueves-12-de-noviembre-proxima-sesion-del-taller-de-la-historia-n2","status":"publish","type":"post","link":"https:\/\/www.ucaldas.edu.co\/portal\/jueves-12-de-noviembre-proxima-sesion-del-taller-de-la-historia-n2\/","title":{"rendered":"Jueves 12 de noviembre pr\u00f3xima sesi\u00f3n del Taller de la Historia N\u00b02"},"content":{"rendered":"<p style=\"text-align: center;\">TEMA: SHOCK Y RESISTENCIA: LA RESILIENCIA, EL ACTO DE LA IMAGINACI\u00d3N MORAL<\/p>\n<p style=\"text-align: center;\"><strong>Jueves 12 de noviembre pr\u00f3xima sesi\u00f3n del Taller de la Historia N\u00b02<\/strong><\/p>\n<p style=\"text-align: right;\">09\/11\/2020<\/p>\n<p><img loading=\"lazy\" decoding=\"async\" class=\"size-full wp-image-59564 aligncenter\" src=\"https:\/\/www.ucaldas.edu.co\/portal\/wp-content\/uploads\/2020\/11\/taller-historia.jpg\" alt=\"\" width=\"700\" height=\"400\" srcset=\"https:\/\/www.ucaldas.edu.co\/portal\/wp-content\/uploads\/2020\/11\/taller-historia.jpg 700w, https:\/\/www.ucaldas.edu.co\/portal\/wp-content\/uploads\/2020\/11\/taller-historia-300x171.jpg 300w\" sizes=\"auto, (max-width: 700px) 100vw, 700px\" \/><\/p>\n<p>El pr\u00f3ximo jueves 12 de noviembre a partir de las 4 p.m. se llevar\u00e1 a cabo una nueva sesi\u00f3n del Taller de la Historia N\u00b02, que abordar\u00e1 el tema \u201cShock y Resistencia: La resiliencia, el acto de la Imaginaci\u00f3n Moral\u00bb, a cargo del candidato a Doctor en Historia y Estudios Human\u00edsticos de la Universidad Pablo Olavide en Espa\u00f1a, Luis Felipe Castrill\u00f3n.<\/p>\n<p><!--more--><\/p>\n<p>El ponente expresa que la conferencia girar\u00e1 en torno a las m\u00faltiples relaciones que se instauran dentro del contexto historia colombiana, en referencia a las construcciones socio-hist\u00f3ricas del miedo, el odio y el rumor, dentro de las cuales median herencias antiguas de los constructos psicosociales espa\u00f1oles de la Edad Media y su proceso de municipalizaci\u00f3n que brindan a los colombianos ese \u00e1mbito \u201cpidag\u00fce\u00f1ista\u201d que genera acciones de arribismo y sumisi\u00f3n en las tramas del poder pol\u00edtico, econ\u00f3mico y social.<\/p>\n<p>&nbsp;<\/p>\n<p>Este evento es un espacio acad\u00e9mico donde los invitados tienen la oportunidad de presentar al p\u00fablico el resultado de si tesis de maestr\u00eda o doctorado, compartiendo su conocimiento y experiencia en relaci\u00f3n el campo hist\u00f3rico con los asistentes, quienes cuentan con la posibilidad de realizar comentarios y preguntas al ponente.<\/p>\n<p>&nbsp;<\/p>\n<table>\n<tbody>\n<tr>\n<td width=\"589\"><strong>PARA DESTACAR:<\/strong><\/p>\n<p>El evento se llevar\u00e1 a cabo a trav\u00e9s de la plataforma Zoom en el siguiente enlace: <a href=\"https:\/\/renata.zoom.us\/j\/84321912771\">Taller de la Historia.<\/a><\/p>\n<p>ID de la reuni\u00f3n: 843 2191 2771.<\/p>\n<p>M\u00e1s informaci\u00f3n escribir al correo: <a href=\"mailto:poderculturaypoblamiento@gmail.com\">poderculturaypoblamiento@gmail.com<\/a><\/td>\n<\/tr>\n<\/tbody>\n<\/table>\n<p><strong>Anexo:<\/strong><\/p>\n<p><strong><a href=\"https:\/\/www.ucaldas.edu.co\/portal\/wp-content\/uploads\/2020\/11\/taller-historia-luis-felipe.mp3\">Audio docente Luis Felipe Castrill\u00f3n.<\/a><\/strong><\/p>\n<p>&nbsp;<\/p>\n<p><strong>Informes: <\/strong>Oficina de Comunicaciones y Prensa Universidad de Caldas.<\/p>\n<p><strong>Redacci\u00f3n:<\/strong> Mateo Buritic\u00e1 Giraldo<\/p>\n<p>&nbsp;<\/p>\n","protected":false},"excerpt":{"rendered":"<p>TEMA: SHOCK Y RESISTENCIA: LA RESILIENCIA, EL ACTO DE LA IMAGINACI\u00d3N MORAL Jueves 12 de noviembre pr\u00f3xima sesi\u00f3n del Taller de la Historia N\u00b02 09\/11\/2020 El pr\u00f3ximo jueves 12 de noviembre a partir de las 4 p.m. se llevar\u00e1 a cabo una nueva sesi\u00f3n del Taller de la Historia N\u00b02, que abordar\u00e1 el tema \u201cShock [&hellip;]<\/p>\n","protected":false},"author":2,"featured_media":59564,"comment_status":"closed","ping_status":"open","sticky":false,"template":"","format":"standard","meta":{"footnotes":""},"categories":[48,53,62],"tags":[5060,5494,5495],"class_list":["post-59563","post","type-post","status-publish","format-standard","has-post-thumbnail","hentry","category-actualidad","category-universidad-al-dia","category-eventos","tag-taller-de-la-historia","tag-historia-colombiana","tag-edad-media-espanola"],"yoast_head":"<!-- This site is optimized with the Yoast SEO plugin v27.5 - https:\/\/yoast.com\/product\/yoast-seo-wordpress\/ -->\n<title>Jueves 12 de noviembre pr\u00f3xima sesi\u00f3n del Taller de la Historia N\u00b02 .<\/title>\n<meta name=\"robots\" content=\"index, follow, max-snippet:-1, max-image-preview:large, max-video-preview:-1\" \/>\n<link rel=\"canonical\" href=\"https:\/\/www.ucaldas.edu.co\/portal\/jueves-12-de-noviembre-proxima-sesion-del-taller-de-la-historia-n2\/\" \/>\n<script type=\"application\/ld+json\" class=\"yoast-schema-graph\">{\"@context\":\"https:\\\/\\\/schema.org\",\"@graph\":[{\"@type\":\"Article\",\"@id\":\"https:\\\/\\\/www.ucaldas.edu.co\\\/portal\\\/jueves-12-de-noviembre-proxima-sesion-del-taller-de-la-historia-n2\\\/#article\",\"isPartOf\":{\"@id\":\"https:\\\/\\\/www.ucaldas.edu.co\\\/portal\\\/jueves-12-de-noviembre-proxima-sesion-del-taller-de-la-historia-n2\\\/\"},\"author\":{\"name\":\"ofiprensa\",\"@id\":\"https:\\\/\\\/www.ucaldas.edu.co\\\/portal\\\/#\\\/schema\\\/person\\\/a1b482e23449158b4bc319926c074fdf\"},\"headline\":\"Jueves 12 de noviembre pr\u00f3xima sesi\u00f3n del Taller de la Historia N\u00b02\",\"datePublished\":\"2020-11-09T22:48:53+00:00\",\"mainEntityOfPage\":{\"@id\":\"https:\\\/\\\/www.ucaldas.edu.co\\\/portal\\\/jueves-12-de-noviembre-proxima-sesion-del-taller-de-la-historia-n2\\\/\"},\"wordCount\":311,\"publisher\":{\"@id\":\"https:\\\/\\\/www.ucaldas.edu.co\\\/portal\\\/#organization\"},\"image\":{\"@id\":\"https:\\\/\\\/www.ucaldas.edu.co\\\/portal\\\/jueves-12-de-noviembre-proxima-sesion-del-taller-de-la-historia-n2\\\/#primaryimage\"},\"thumbnailUrl\":\"https:\\\/\\\/www.ucaldas.edu.co\\\/portal\\\/wp-content\\\/uploads\\\/2020\\\/11\\\/taller-historia.jpg\",\"keywords\":[\"taller de la historia\",\"historia colombiana\",\"edad media espa\u00f1ola\"],\"articleSection\":[\"Actualidad\",\"Universidad al D\u00eda\",\"Eventos\"],\"inLanguage\":\"es\"},{\"@type\":\"WebPage\",\"@id\":\"https:\\\/\\\/www.ucaldas.edu.co\\\/portal\\\/jueves-12-de-noviembre-proxima-sesion-del-taller-de-la-historia-n2\\\/\",\"url\":\"https:\\\/\\\/www.ucaldas.edu.co\\\/portal\\\/jueves-12-de-noviembre-proxima-sesion-del-taller-de-la-historia-n2\\\/\",\"name\":\"Jueves 12 de noviembre pr\u00f3xima sesi\u00f3n del Taller de la Historia N\u00b02 .\",\"isPartOf\":{\"@id\":\"https:\\\/\\\/www.ucaldas.edu.co\\\/portal\\\/#website\"},\"primaryImageOfPage\":{\"@id\":\"https:\\\/\\\/www.ucaldas.edu.co\\\/portal\\\/jueves-12-de-noviembre-proxima-sesion-del-taller-de-la-historia-n2\\\/#primaryimage\"},\"image\":{\"@id\":\"https:\\\/\\\/www.ucaldas.edu.co\\\/portal\\\/jueves-12-de-noviembre-proxima-sesion-del-taller-de-la-historia-n2\\\/#primaryimage\"},\"thumbnailUrl\":\"https:\\\/\\\/www.ucaldas.edu.co\\\/portal\\\/wp-content\\\/uploads\\\/2020\\\/11\\\/taller-historia.jpg\",\"datePublished\":\"2020-11-09T22:48:53+00:00\",\"breadcrumb\":{\"@id\":\"https:\\\/\\\/www.ucaldas.edu.co\\\/portal\\\/jueves-12-de-noviembre-proxima-sesion-del-taller-de-la-historia-n2\\\/#breadcrumb\"},\"inLanguage\":\"es\",\"potentialAction\":[{\"@type\":\"ReadAction\",\"target\":[\"https:\\\/\\\/www.ucaldas.edu.co\\\/portal\\\/jueves-12-de-noviembre-proxima-sesion-del-taller-de-la-historia-n2\\\/\"]}]},{\"@type\":\"ImageObject\",\"inLanguage\":\"es\",\"@id\":\"https:\\\/\\\/www.ucaldas.edu.co\\\/portal\\\/jueves-12-de-noviembre-proxima-sesion-del-taller-de-la-historia-n2\\\/#primaryimage\",\"url\":\"https:\\\/\\\/www.ucaldas.edu.co\\\/portal\\\/wp-content\\\/uploads\\\/2020\\\/11\\\/taller-historia.jpg\",\"contentUrl\":\"https:\\\/\\\/www.ucaldas.edu.co\\\/portal\\\/wp-content\\\/uploads\\\/2020\\\/11\\\/taller-historia.jpg\",\"width\":700,\"height\":400},{\"@type\":\"BreadcrumbList\",\"@id\":\"https:\\\/\\\/www.ucaldas.edu.co\\\/portal\\\/jueves-12-de-noviembre-proxima-sesion-del-taller-de-la-historia-n2\\\/#breadcrumb\",\"itemListElement\":[{\"@type\":\"ListItem\",\"position\":1,\"name\":\"Portada\",\"item\":\"https:\\\/\\\/www.ucaldas.edu.co\\\/portal\\\/\"},{\"@type\":\"ListItem\",\"position\":2,\"name\":\"Jueves 12 de noviembre pr\u00f3xima sesi\u00f3n del Taller de la Historia N\u00b02\"}]},{\"@type\":\"WebSite\",\"@id\":\"https:\\\/\\\/www.ucaldas.edu.co\\\/portal\\\/#website\",\"url\":\"https:\\\/\\\/www.ucaldas.edu.co\\\/portal\\\/\",\"name\":\"Universidad de Caldas\",\"description\":\"\",\"publisher\":{\"@id\":\"https:\\\/\\\/www.ucaldas.edu.co\\\/portal\\\/#organization\"},\"alternateName\":\"U. de Caldas\",\"potentialAction\":[{\"@type\":\"SearchAction\",\"target\":{\"@type\":\"EntryPoint\",\"urlTemplate\":\"https:\\\/\\\/www.ucaldas.edu.co\\\/portal\\\/?s={search_term_string}\"},\"query-input\":{\"@type\":\"PropertyValueSpecification\",\"valueRequired\":true,\"valueName\":\"search_term_string\"}}],\"inLanguage\":\"es\"},{\"@type\":\"Organization\",\"@id\":\"https:\\\/\\\/www.ucaldas.edu.co\\\/portal\\\/#organization\",\"name\":\"Universidad de Caldas\",\"alternateName\":\"U. de Caldas\",\"url\":\"https:\\\/\\\/www.ucaldas.edu.co\\\/portal\\\/\",\"logo\":{\"@type\":\"ImageObject\",\"inLanguage\":\"es\",\"@id\":\"https:\\\/\\\/www.ucaldas.edu.co\\\/portal\\\/#\\\/schema\\\/logo\\\/image\\\/\",\"url\":\"https:\\\/\\\/www.ucaldas.edu.co\\\/portal\\\/wp-content\\\/uploads\\\/2023\\\/11\\\/Logo_horizontal_oscuroU-2023.png\",\"contentUrl\":\"https:\\\/\\\/www.ucaldas.edu.co\\\/portal\\\/wp-content\\\/uploads\\\/2023\\\/11\\\/Logo_horizontal_oscuroU-2023.png\",\"width\":263,\"height\":101,\"caption\":\"Universidad de Caldas\"},\"image\":{\"@id\":\"https:\\\/\\\/www.ucaldas.edu.co\\\/portal\\\/#\\\/schema\\\/logo\\\/image\\\/\"},\"sameAs\":[\"https:\\\/\\\/www.facebook.com\\\/udecaldas\",\"https:\\\/\\\/x.com\\\/udecaldas\",\"https:\\\/\\\/www.youtube.com\\\/universidadcaldas\",\"https:\\\/\\\/www.instagram.com\\\/udecaldas\\\/\"]},{\"@type\":\"Person\",\"@id\":\"https:\\\/\\\/www.ucaldas.edu.co\\\/portal\\\/#\\\/schema\\\/person\\\/a1b482e23449158b4bc319926c074fdf\",\"name\":\"ofiprensa\",\"image\":{\"@type\":\"ImageObject\",\"inLanguage\":\"es\",\"@id\":\"https:\\\/\\\/www.ucaldas.edu.co\\\/portal\\\/wp-content\\\/litespeed\\\/avatar\\\/09ea5085e600095a7a811142c6944527.jpg?ver=1777497608\",\"url\":\"https:\\\/\\\/www.ucaldas.edu.co\\\/portal\\\/wp-content\\\/litespeed\\\/avatar\\\/09ea5085e600095a7a811142c6944527.jpg?ver=1777497608\",\"contentUrl\":\"https:\\\/\\\/www.ucaldas.edu.co\\\/portal\\\/wp-content\\\/litespeed\\\/avatar\\\/09ea5085e600095a7a811142c6944527.jpg?ver=1777497608\",\"caption\":\"ofiprensa\"},\"url\":\"https:\\\/\\\/www.ucaldas.edu.co\\\/portal\\\/author\\\/ofiprensa\\\/\"}]}<\/script>\n<!-- \/ Yoast SEO plugin. -->","yoast_head_json":{"title":"Jueves 12 de noviembre pr\u00f3xima sesi\u00f3n del Taller de la Historia N\u00b02 .","robots":{"index":"index","follow":"follow","max-snippet":"max-snippet:-1","max-image-preview":"max-image-preview:large","max-video-preview":"max-video-preview:-1"},"canonical":"https:\/\/www.ucaldas.edu.co\/portal\/jueves-12-de-noviembre-proxima-sesion-del-taller-de-la-historia-n2\/","schema":{"@context":"https:\/\/schema.org","@graph":[{"@type":"Article","@id":"https:\/\/www.ucaldas.edu.co\/portal\/jueves-12-de-noviembre-proxima-sesion-del-taller-de-la-historia-n2\/#article","isPartOf":{"@id":"https:\/\/www.ucaldas.edu.co\/portal\/jueves-12-de-noviembre-proxima-sesion-del-taller-de-la-historia-n2\/"},"author":{"name":"ofiprensa","@id":"https:\/\/www.ucaldas.edu.co\/portal\/#\/schema\/person\/a1b482e23449158b4bc319926c074fdf"},"headline":"Jueves 12 de noviembre pr\u00f3xima sesi\u00f3n del Taller de la Historia N\u00b02","datePublished":"2020-11-09T22:48:53+00:00","mainEntityOfPage":{"@id":"https:\/\/www.ucaldas.edu.co\/portal\/jueves-12-de-noviembre-proxima-sesion-del-taller-de-la-historia-n2\/"},"wordCount":311,"publisher":{"@id":"https:\/\/www.ucaldas.edu.co\/portal\/#organization"},"image":{"@id":"https:\/\/www.ucaldas.edu.co\/portal\/jueves-12-de-noviembre-proxima-sesion-del-taller-de-la-historia-n2\/#primaryimage"},"thumbnailUrl":"https:\/\/www.ucaldas.edu.co\/portal\/wp-content\/uploads\/2020\/11\/taller-historia.jpg","keywords":["taller de la historia","historia colombiana","edad media espa\u00f1ola"],"articleSection":["Actualidad","Universidad al D\u00eda","Eventos"],"inLanguage":"es"},{"@type":"WebPage","@id":"https:\/\/www.ucaldas.edu.co\/portal\/jueves-12-de-noviembre-proxima-sesion-del-taller-de-la-historia-n2\/","url":"https:\/\/www.ucaldas.edu.co\/portal\/jueves-12-de-noviembre-proxima-sesion-del-taller-de-la-historia-n2\/","name":"Jueves 12 de noviembre pr\u00f3xima sesi\u00f3n del Taller de la Historia N\u00b02 .","isPartOf":{"@id":"https:\/\/www.ucaldas.edu.co\/portal\/#website"},"primaryImageOfPage":{"@id":"https:\/\/www.ucaldas.edu.co\/portal\/jueves-12-de-noviembre-proxima-sesion-del-taller-de-la-historia-n2\/#primaryimage"},"image":{"@id":"https:\/\/www.ucaldas.edu.co\/portal\/jueves-12-de-noviembre-proxima-sesion-del-taller-de-la-historia-n2\/#primaryimage"},"thumbnailUrl":"https:\/\/www.ucaldas.edu.co\/portal\/wp-content\/uploads\/2020\/11\/taller-historia.jpg","datePublished":"2020-11-09T22:48:53+00:00","breadcrumb":{"@id":"https:\/\/www.ucaldas.edu.co\/portal\/jueves-12-de-noviembre-proxima-sesion-del-taller-de-la-historia-n2\/#breadcrumb"},"inLanguage":"es","potentialAction":[{"@type":"ReadAction","target":["https:\/\/www.ucaldas.edu.co\/portal\/jueves-12-de-noviembre-proxima-sesion-del-taller-de-la-historia-n2\/"]}]},{"@type":"ImageObject","inLanguage":"es","@id":"https:\/\/www.ucaldas.edu.co\/portal\/jueves-12-de-noviembre-proxima-sesion-del-taller-de-la-historia-n2\/#primaryimage","url":"https:\/\/www.ucaldas.edu.co\/portal\/wp-content\/uploads\/2020\/11\/taller-historia.jpg","contentUrl":"https:\/\/www.ucaldas.edu.co\/portal\/wp-content\/uploads\/2020\/11\/taller-historia.jpg","width":700,"height":400},{"@type":"BreadcrumbList","@id":"https:\/\/www.ucaldas.edu.co\/portal\/jueves-12-de-noviembre-proxima-sesion-del-taller-de-la-historia-n2\/#breadcrumb","itemListElement":[{"@type":"ListItem","position":1,"name":"Portada","item":"https:\/\/www.ucaldas.edu.co\/portal\/"},{"@type":"ListItem","position":2,"name":"Jueves 12 de noviembre pr\u00f3xima sesi\u00f3n del Taller de la Historia N\u00b02"}]},{"@type":"WebSite","@id":"https:\/\/www.ucaldas.edu.co\/portal\/#website","url":"https:\/\/www.ucaldas.edu.co\/portal\/","name":"Universidad de Caldas","description":"","publisher":{"@id":"https:\/\/www.ucaldas.edu.co\/portal\/#organization"},"alternateName":"U. de Caldas","potentialAction":[{"@type":"SearchAction","target":{"@type":"EntryPoint","urlTemplate":"https:\/\/www.ucaldas.edu.co\/portal\/?s={search_term_string}"},"query-input":{"@type":"PropertyValueSpecification","valueRequired":true,"valueName":"search_term_string"}}],"inLanguage":"es"},{"@type":"Organization","@id":"https:\/\/www.ucaldas.edu.co\/portal\/#organization","name":"Universidad de Caldas","alternateName":"U. de Caldas","url":"https:\/\/www.ucaldas.edu.co\/portal\/","logo":{"@type":"ImageObject","inLanguage":"es","@id":"https:\/\/www.ucaldas.edu.co\/portal\/#\/schema\/logo\/image\/","url":"https:\/\/www.ucaldas.edu.co\/portal\/wp-content\/uploads\/2023\/11\/Logo_horizontal_oscuroU-2023.png","contentUrl":"https:\/\/www.ucaldas.edu.co\/portal\/wp-content\/uploads\/2023\/11\/Logo_horizontal_oscuroU-2023.png","width":263,"height":101,"caption":"Universidad de Caldas"},"image":{"@id":"https:\/\/www.ucaldas.edu.co\/portal\/#\/schema\/logo\/image\/"},"sameAs":["https:\/\/www.facebook.com\/udecaldas","https:\/\/x.com\/udecaldas","https:\/\/www.youtube.com\/universidadcaldas","https:\/\/www.instagram.com\/udecaldas\/"]},{"@type":"Person","@id":"https:\/\/www.ucaldas.edu.co\/portal\/#\/schema\/person\/a1b482e23449158b4bc319926c074fdf","name":"ofiprensa","image":{"@type":"ImageObject","inLanguage":"es","@id":"https:\/\/www.ucaldas.edu.co\/portal\/wp-content\/litespeed\/avatar\/09ea5085e600095a7a811142c6944527.jpg?ver=1777497608","url":"https:\/\/www.ucaldas.edu.co\/portal\/wp-content\/litespeed\/avatar\/09ea5085e600095a7a811142c6944527.jpg?ver=1777497608","contentUrl":"https:\/\/www.ucaldas.edu.co\/portal\/wp-content\/litespeed\/avatar\/09ea5085e600095a7a811142c6944527.jpg?ver=1777497608","caption":"ofiprensa"},"url":"https:\/\/www.ucaldas.edu.co\/portal\/author\/ofiprensa\/"}]}},"_links":{"self":[{"href":"https:\/\/www.ucaldas.edu.co\/portal\/wp-json\/wp\/v2\/posts\/59563","targetHints":{"allow":["GET"]}}],"collection":[{"href":"https:\/\/www.ucaldas.edu.co\/portal\/wp-json\/wp\/v2\/posts"}],"about":[{"href":"https:\/\/www.ucaldas.edu.co\/portal\/wp-json\/wp\/v2\/types\/post"}],"author":[{"embeddable":true,"href":"https:\/\/www.ucaldas.edu.co\/portal\/wp-json\/wp\/v2\/users\/2"}],"replies":[{"embeddable":true,"href":"https:\/\/www.ucaldas.edu.co\/portal\/wp-json\/wp\/v2\/comments?post=59563"}],"version-history":[{"count":0,"href":"https:\/\/www.ucaldas.edu.co\/portal\/wp-json\/wp\/v2\/posts\/59563\/revisions"}],"wp:featuredmedia":[{"embeddable":true,"href":"https:\/\/www.ucaldas.edu.co\/portal\/wp-json\/wp\/v2\/media\/59564"}],"wp:attachment":[{"href":"https:\/\/www.ucaldas.edu.co\/portal\/wp-json\/wp\/v2\/media?parent=59563"}],"wp:term":[{"taxonomy":"category","embeddable":true,"href":"https:\/\/www.ucaldas.edu.co\/portal\/wp-json\/wp\/v2\/categories?post=59563"},{"taxonomy":"post_tag","embeddable":true,"href":"https:\/\/www.ucaldas.edu.co\/portal\/wp-json\/wp\/v2\/tags?post=59563"}],"curies":[{"name":"wp","href":"https:\/\/api.w.org\/{rel}","templated":true}]}}