{"id":59382,"date":"2020-10-30T00:29:08","date_gmt":"2020-10-30T00:29:08","guid":{"rendered":"https:\/\/www.ucaldas.edu.co\/portal\/?p=59382"},"modified":"2020-10-30T00:45:52","modified_gmt":"2020-10-30T00:45:52","slug":"proyecto-de-telesalud-teleconsulta-y-medios-moviles-posicionales-en-la-urgencia-de-pandemia-por-covid-19-en-colombia-y-francia-elegido-ganador-en-convocatoria-de-minciencias","status":"publish","type":"post","link":"https:\/\/www.ucaldas.edu.co\/portal\/proyecto-de-telesalud-teleconsulta-y-medios-moviles-posicionales-en-la-urgencia-de-pandemia-por-covid-19-en-colombia-y-francia-elegido-ganador-en-convocatoria-de-minciencias\/","title":{"rendered":"Proyecto de Telesalud: \u201cTeleconsulta y medios m\u00f3viles posicionales en la urgencia de pandemia por COVID-19 en Colombia y Francia\u201d, elegido ganador en convocatoria de Minciencias"},"content":{"rendered":"<p style=\"text-align: center;\">TELESALUD PARTICIP\u00d3 EN CONVOCATORIA DE MOVILIDAD ACAD\u00c9MICA CON EUROPA<\/p>\n<p style=\"text-align: center;\"><strong>Proyecto de Telesalud: \u201cTeleconsulta y medios m\u00f3viles posicionales en la urgencia de pandemia por COVID-19 en Colombia y Francia\u201d, elegido ganador en convocatoria de Minciencias<\/strong><\/p>\n<p style=\"text-align: right;\">29\/10\/2020<\/p>\n<p><img loading=\"lazy\" decoding=\"async\" class=\"size-full wp-image-59383 aligncenter\" src=\"https:\/\/www.ucaldas.edu.co\/portal\/wp-content\/uploads\/2020\/10\/123340653_376993960113728_5134802033575946133_n.png\" alt=\"\" width=\"700\" height=\"400\" srcset=\"https:\/\/www.ucaldas.edu.co\/portal\/wp-content\/uploads\/2020\/10\/123340653_376993960113728_5134802033575946133_n.png 700w, https:\/\/www.ucaldas.edu.co\/portal\/wp-content\/uploads\/2020\/10\/123340653_376993960113728_5134802033575946133_n-300x171.png 300w\" sizes=\"auto, (max-width: 700px) 100vw, 700px\" \/><\/p>\n<p>El proyecto \u00abTeleconsulta y medios m\u00f3viles posicionales\u00a0 en la urgencia de pandemia por COVID-19 en Francia y en Colombia\u201d presentado por Telesalud Universidad de Caldas y la Universidad \u00a0Paul Valery III de Francia, fue elegido ganador en la convocatoria de Movilidad Acad\u00e9mica en Europa del Ministerio de Ciencia, Tecnolog\u00eda e Innovaci\u00f3n.<\/p>\n<p>La convocatoria de Movilidad Acad\u00e9mica con Europa que tiene como objetivo apoyar movilidades internacionales entre investigadores\u00a0colombianos y sus pares\u00a0 en Francia,\u00a0 en el marco de desarrollos conjuntos de investigaci\u00f3n e innovaci\u00f3n.<\/p>\n<p>Marcela Tabares Tabares, m\u00e9dica l\u00edder de Telemedicina de Telesalud expres\u00f3 que este proyecto fue elegido gracias a la calidad cient\u00edfica\u00a0 y pertinencia de la propuesta de movilidad\u00a0al valor de la cooperaci\u00f3n, al efecto multiplicador y al perfil de los investigadores.<\/p>\n<p>El proyecto qued\u00f3 en los primeros lugares con excelente calificaci\u00f3n y\u00a0por\u00a0 esta raz\u00f3n recibir\u00e1 el financiamiento. \u201cEste es un reconocimiento al trabajo y esfuerzo que evidencia la pertinencia de continuar desarrollando proyectos de innovaci\u00f3n en Telesalud y extendiendo nuestro aporte a otros territorios internacionales\u201d indic\u00f3 la l\u00edder de Telemedicina, Marcela Tabares.<\/p>\n<p>Por su parte, Esteban Granada Aguirre, Director de Telesalud Universidad de Caldas enfatiz\u00f3: \u201cCon esta buena noticia, el \u00a0pr\u00f3ximo a\u00f1o estaremos prestando tecnolog\u00eda transcontinental\u00a0 en Francia y Europa con temas de telemedicina, un aporte gigante que reafirma nuestro compromiso de seguir salvando vidas a trav\u00e9s de la tecnolog\u00eda. Adem\u00e1s, este logro es un reconocimiento al equipo de trabajo que d\u00eda a d\u00eda entregan todo para sacar adelante los proyectos con amor y dedicaci\u00f3n\u201d.<\/p>\n<p>&nbsp;<\/p>\n<p><strong>Anexo:<\/strong><\/p>\n<p><strong><a href=\"https:\/\/www.ivoox.com\/proyecto-telesalud-8220-teleconsulta-medios-moviles-posicionales-audios-mp3_rf_58800857_1.html\">Audio director de Telesalud Esteban Granada Aguirre<\/a><\/strong><\/p>\n<p><strong>\u00a0<\/strong><\/p>\n<p><strong>Informes: <\/strong>Oficina de Comunicaciones y Prensa Universidad de Caldas.<\/p>\n<p><strong>Redacci\u00f3n:<\/strong> Mateo Buritic\u00e1 Giraldo<\/p>\n<p>&nbsp;<\/p>\n","protected":false},"excerpt":{"rendered":"<p>TELESALUD PARTICIP\u00d3 EN CONVOCATORIA DE MOVILIDAD ACAD\u00c9MICA CON EUROPA Proyecto de Telesalud: \u201cTeleconsulta y medios m\u00f3viles posicionales en la urgencia de pandemia por COVID-19 en Colombia y Francia\u201d, elegido ganador en convocatoria de Minciencias 29\/10\/2020 El proyecto \u00abTeleconsulta y medios m\u00f3viles posicionales\u00a0 en la urgencia de pandemia por COVID-19 en Francia y en Colombia\u201d presentado [&hellip;]<\/p>\n","protected":false},"author":2,"featured_media":59383,"comment_status":"closed","ping_status":"open","sticky":false,"template":"","format":"standard","meta":{"footnotes":""},"categories":[48,53],"tags":[105,2450,5446],"class_list":["post-59382","post","type-post","status-publish","format-standard","has-post-thumbnail","hentry","category-actualidad","category-universidad-al-dia","tag-ascun","tag-universidades-publicas","tag-consejo-directivo"],"yoast_head":"<!-- This site is optimized with the Yoast SEO plugin v27.5 - https:\/\/yoast.com\/product\/yoast-seo-wordpress\/ -->\n<title>Proyecto de Telesalud: \u201cTeleconsulta y medios m\u00f3viles posicionales en la urgencia de pandemia por COVID-19 en Colombia y Francia\u201d, elegido ganador en convocatoria de Minciencias .<\/title>\n<meta name=\"robots\" content=\"index, follow, max-snippet:-1, max-image-preview:large, max-video-preview:-1\" \/>\n<link rel=\"canonical\" href=\"https:\/\/www.ucaldas.edu.co\/portal\/proyecto-de-telesalud-teleconsulta-y-medios-moviles-posicionales-en-la-urgencia-de-pandemia-por-covid-19-en-colombia-y-francia-elegido-ganador-en-convocatoria-de-minciencias\/\" \/>\n<script type=\"application\/ld+json\" class=\"yoast-schema-graph\">{\"@context\":\"https:\\\/\\\/schema.org\",\"@graph\":[{\"@type\":\"Article\",\"@id\":\"https:\\\/\\\/www.ucaldas.edu.co\\\/portal\\\/proyecto-de-telesalud-teleconsulta-y-medios-moviles-posicionales-en-la-urgencia-de-pandemia-por-covid-19-en-colombia-y-francia-elegido-ganador-en-convocatoria-de-minciencias\\\/#article\",\"isPartOf\":{\"@id\":\"https:\\\/\\\/www.ucaldas.edu.co\\\/portal\\\/proyecto-de-telesalud-teleconsulta-y-medios-moviles-posicionales-en-la-urgencia-de-pandemia-por-covid-19-en-colombia-y-francia-elegido-ganador-en-convocatoria-de-minciencias\\\/\"},\"author\":{\"name\":\"ofiprensa\",\"@id\":\"https:\\\/\\\/www.ucaldas.edu.co\\\/portal\\\/#\\\/schema\\\/person\\\/a1b482e23449158b4bc319926c074fdf\"},\"headline\":\"Proyecto de Telesalud: \u201cTeleconsulta y medios m\u00f3viles posicionales en la urgencia de pandemia por COVID-19 en Colombia y Francia\u201d, elegido ganador en convocatoria de Minciencias\",\"datePublished\":\"2020-10-30T00:29:08+00:00\",\"dateModified\":\"2020-10-30T00:45:52+00:00\",\"mainEntityOfPage\":{\"@id\":\"https:\\\/\\\/www.ucaldas.edu.co\\\/portal\\\/proyecto-de-telesalud-teleconsulta-y-medios-moviles-posicionales-en-la-urgencia-de-pandemia-por-covid-19-en-colombia-y-francia-elegido-ganador-en-convocatoria-de-minciencias\\\/\"},\"wordCount\":359,\"publisher\":{\"@id\":\"https:\\\/\\\/www.ucaldas.edu.co\\\/portal\\\/#organization\"},\"image\":{\"@id\":\"https:\\\/\\\/www.ucaldas.edu.co\\\/portal\\\/proyecto-de-telesalud-teleconsulta-y-medios-moviles-posicionales-en-la-urgencia-de-pandemia-por-covid-19-en-colombia-y-francia-elegido-ganador-en-convocatoria-de-minciencias\\\/#primaryimage\"},\"thumbnailUrl\":\"https:\\\/\\\/www.ucaldas.edu.co\\\/portal\\\/wp-content\\\/uploads\\\/2020\\\/10\\\/123340653_376993960113728_5134802033575946133_n.png\",\"keywords\":[\"ASCUN\",\"universidades p\u00fablicas\",\"consejo directivo\"],\"articleSection\":[\"Actualidad\",\"Universidad al D\u00eda\"],\"inLanguage\":\"es\"},{\"@type\":\"WebPage\",\"@id\":\"https:\\\/\\\/www.ucaldas.edu.co\\\/portal\\\/proyecto-de-telesalud-teleconsulta-y-medios-moviles-posicionales-en-la-urgencia-de-pandemia-por-covid-19-en-colombia-y-francia-elegido-ganador-en-convocatoria-de-minciencias\\\/\",\"url\":\"https:\\\/\\\/www.ucaldas.edu.co\\\/portal\\\/proyecto-de-telesalud-teleconsulta-y-medios-moviles-posicionales-en-la-urgencia-de-pandemia-por-covid-19-en-colombia-y-francia-elegido-ganador-en-convocatoria-de-minciencias\\\/\",\"name\":\"Proyecto de Telesalud: \u201cTeleconsulta y medios m\u00f3viles posicionales en la urgencia de pandemia por COVID-19 en Colombia y Francia\u201d, elegido ganador en convocatoria de Minciencias .\",\"isPartOf\":{\"@id\":\"https:\\\/\\\/www.ucaldas.edu.co\\\/portal\\\/#website\"},\"primaryImageOfPage\":{\"@id\":\"https:\\\/\\\/www.ucaldas.edu.co\\\/portal\\\/proyecto-de-telesalud-teleconsulta-y-medios-moviles-posicionales-en-la-urgencia-de-pandemia-por-covid-19-en-colombia-y-francia-elegido-ganador-en-convocatoria-de-minciencias\\\/#primaryimage\"},\"image\":{\"@id\":\"https:\\\/\\\/www.ucaldas.edu.co\\\/portal\\\/proyecto-de-telesalud-teleconsulta-y-medios-moviles-posicionales-en-la-urgencia-de-pandemia-por-covid-19-en-colombia-y-francia-elegido-ganador-en-convocatoria-de-minciencias\\\/#primaryimage\"},\"thumbnailUrl\":\"https:\\\/\\\/www.ucaldas.edu.co\\\/portal\\\/wp-content\\\/uploads\\\/2020\\\/10\\\/123340653_376993960113728_5134802033575946133_n.png\",\"datePublished\":\"2020-10-30T00:29:08+00:00\",\"dateModified\":\"2020-10-30T00:45:52+00:00\",\"breadcrumb\":{\"@id\":\"https:\\\/\\\/www.ucaldas.edu.co\\\/portal\\\/proyecto-de-telesalud-teleconsulta-y-medios-moviles-posicionales-en-la-urgencia-de-pandemia-por-covid-19-en-colombia-y-francia-elegido-ganador-en-convocatoria-de-minciencias\\\/#breadcrumb\"},\"inLanguage\":\"es\",\"potentialAction\":[{\"@type\":\"ReadAction\",\"target\":[\"https:\\\/\\\/www.ucaldas.edu.co\\\/portal\\\/proyecto-de-telesalud-teleconsulta-y-medios-moviles-posicionales-en-la-urgencia-de-pandemia-por-covid-19-en-colombia-y-francia-elegido-ganador-en-convocatoria-de-minciencias\\\/\"]}]},{\"@type\":\"ImageObject\",\"inLanguage\":\"es\",\"@id\":\"https:\\\/\\\/www.ucaldas.edu.co\\\/portal\\\/proyecto-de-telesalud-teleconsulta-y-medios-moviles-posicionales-en-la-urgencia-de-pandemia-por-covid-19-en-colombia-y-francia-elegido-ganador-en-convocatoria-de-minciencias\\\/#primaryimage\",\"url\":\"https:\\\/\\\/www.ucaldas.edu.co\\\/portal\\\/wp-content\\\/uploads\\\/2020\\\/10\\\/123340653_376993960113728_5134802033575946133_n.png\",\"contentUrl\":\"https:\\\/\\\/www.ucaldas.edu.co\\\/portal\\\/wp-content\\\/uploads\\\/2020\\\/10\\\/123340653_376993960113728_5134802033575946133_n.png\",\"width\":700,\"height\":400},{\"@type\":\"BreadcrumbList\",\"@id\":\"https:\\\/\\\/www.ucaldas.edu.co\\\/portal\\\/proyecto-de-telesalud-teleconsulta-y-medios-moviles-posicionales-en-la-urgencia-de-pandemia-por-covid-19-en-colombia-y-francia-elegido-ganador-en-convocatoria-de-minciencias\\\/#breadcrumb\",\"itemListElement\":[{\"@type\":\"ListItem\",\"position\":1,\"name\":\"Portada\",\"item\":\"https:\\\/\\\/www.ucaldas.edu.co\\\/portal\\\/\"},{\"@type\":\"ListItem\",\"position\":2,\"name\":\"Proyecto de Telesalud: \u201cTeleconsulta y medios m\u00f3viles posicionales en la urgencia de pandemia por COVID-19 en Colombia y Francia\u201d, elegido ganador en convocatoria de Minciencias\"}]},{\"@type\":\"WebSite\",\"@id\":\"https:\\\/\\\/www.ucaldas.edu.co\\\/portal\\\/#website\",\"url\":\"https:\\\/\\\/www.ucaldas.edu.co\\\/portal\\\/\",\"name\":\"Universidad de Caldas\",\"description\":\"\",\"publisher\":{\"@id\":\"https:\\\/\\\/www.ucaldas.edu.co\\\/portal\\\/#organization\"},\"alternateName\":\"U. de Caldas\",\"potentialAction\":[{\"@type\":\"SearchAction\",\"target\":{\"@type\":\"EntryPoint\",\"urlTemplate\":\"https:\\\/\\\/www.ucaldas.edu.co\\\/portal\\\/?s={search_term_string}\"},\"query-input\":{\"@type\":\"PropertyValueSpecification\",\"valueRequired\":true,\"valueName\":\"search_term_string\"}}],\"inLanguage\":\"es\"},{\"@type\":\"Organization\",\"@id\":\"https:\\\/\\\/www.ucaldas.edu.co\\\/portal\\\/#organization\",\"name\":\"Universidad de Caldas\",\"alternateName\":\"U. de Caldas\",\"url\":\"https:\\\/\\\/www.ucaldas.edu.co\\\/portal\\\/\",\"logo\":{\"@type\":\"ImageObject\",\"inLanguage\":\"es\",\"@id\":\"https:\\\/\\\/www.ucaldas.edu.co\\\/portal\\\/#\\\/schema\\\/logo\\\/image\\\/\",\"url\":\"https:\\\/\\\/www.ucaldas.edu.co\\\/portal\\\/wp-content\\\/uploads\\\/2023\\\/11\\\/Logo_horizontal_oscuroU-2023.png\",\"contentUrl\":\"https:\\\/\\\/www.ucaldas.edu.co\\\/portal\\\/wp-content\\\/uploads\\\/2023\\\/11\\\/Logo_horizontal_oscuroU-2023.png\",\"width\":263,\"height\":101,\"caption\":\"Universidad de Caldas\"},\"image\":{\"@id\":\"https:\\\/\\\/www.ucaldas.edu.co\\\/portal\\\/#\\\/schema\\\/logo\\\/image\\\/\"},\"sameAs\":[\"https:\\\/\\\/www.facebook.com\\\/udecaldas\",\"https:\\\/\\\/x.com\\\/udecaldas\",\"https:\\\/\\\/www.youtube.com\\\/universidadcaldas\",\"https:\\\/\\\/www.instagram.com\\\/udecaldas\\\/\"]},{\"@type\":\"Person\",\"@id\":\"https:\\\/\\\/www.ucaldas.edu.co\\\/portal\\\/#\\\/schema\\\/person\\\/a1b482e23449158b4bc319926c074fdf\",\"name\":\"ofiprensa\",\"image\":{\"@type\":\"ImageObject\",\"inLanguage\":\"es\",\"@id\":\"https:\\\/\\\/www.ucaldas.edu.co\\\/portal\\\/wp-content\\\/litespeed\\\/avatar\\\/09ea5085e600095a7a811142c6944527.jpg?ver=1777497608\",\"url\":\"https:\\\/\\\/www.ucaldas.edu.co\\\/portal\\\/wp-content\\\/litespeed\\\/avatar\\\/09ea5085e600095a7a811142c6944527.jpg?ver=1777497608\",\"contentUrl\":\"https:\\\/\\\/www.ucaldas.edu.co\\\/portal\\\/wp-content\\\/litespeed\\\/avatar\\\/09ea5085e600095a7a811142c6944527.jpg?ver=1777497608\",\"caption\":\"ofiprensa\"},\"url\":\"https:\\\/\\\/www.ucaldas.edu.co\\\/portal\\\/author\\\/ofiprensa\\\/\"}]}<\/script>\n<!-- \/ Yoast SEO plugin. -->","yoast_head_json":{"title":"Proyecto de Telesalud: \u201cTeleconsulta y medios m\u00f3viles posicionales en la urgencia de pandemia por COVID-19 en Colombia y Francia\u201d, elegido ganador en convocatoria de Minciencias .","robots":{"index":"index","follow":"follow","max-snippet":"max-snippet:-1","max-image-preview":"max-image-preview:large","max-video-preview":"max-video-preview:-1"},"canonical":"https:\/\/www.ucaldas.edu.co\/portal\/proyecto-de-telesalud-teleconsulta-y-medios-moviles-posicionales-en-la-urgencia-de-pandemia-por-covid-19-en-colombia-y-francia-elegido-ganador-en-convocatoria-de-minciencias\/","schema":{"@context":"https:\/\/schema.org","@graph":[{"@type":"Article","@id":"https:\/\/www.ucaldas.edu.co\/portal\/proyecto-de-telesalud-teleconsulta-y-medios-moviles-posicionales-en-la-urgencia-de-pandemia-por-covid-19-en-colombia-y-francia-elegido-ganador-en-convocatoria-de-minciencias\/#article","isPartOf":{"@id":"https:\/\/www.ucaldas.edu.co\/portal\/proyecto-de-telesalud-teleconsulta-y-medios-moviles-posicionales-en-la-urgencia-de-pandemia-por-covid-19-en-colombia-y-francia-elegido-ganador-en-convocatoria-de-minciencias\/"},"author":{"name":"ofiprensa","@id":"https:\/\/www.ucaldas.edu.co\/portal\/#\/schema\/person\/a1b482e23449158b4bc319926c074fdf"},"headline":"Proyecto de Telesalud: \u201cTeleconsulta y medios m\u00f3viles posicionales en la urgencia de pandemia por COVID-19 en Colombia y Francia\u201d, elegido ganador en convocatoria de Minciencias","datePublished":"2020-10-30T00:29:08+00:00","dateModified":"2020-10-30T00:45:52+00:00","mainEntityOfPage":{"@id":"https:\/\/www.ucaldas.edu.co\/portal\/proyecto-de-telesalud-teleconsulta-y-medios-moviles-posicionales-en-la-urgencia-de-pandemia-por-covid-19-en-colombia-y-francia-elegido-ganador-en-convocatoria-de-minciencias\/"},"wordCount":359,"publisher":{"@id":"https:\/\/www.ucaldas.edu.co\/portal\/#organization"},"image":{"@id":"https:\/\/www.ucaldas.edu.co\/portal\/proyecto-de-telesalud-teleconsulta-y-medios-moviles-posicionales-en-la-urgencia-de-pandemia-por-covid-19-en-colombia-y-francia-elegido-ganador-en-convocatoria-de-minciencias\/#primaryimage"},"thumbnailUrl":"https:\/\/www.ucaldas.edu.co\/portal\/wp-content\/uploads\/2020\/10\/123340653_376993960113728_5134802033575946133_n.png","keywords":["ASCUN","universidades p\u00fablicas","consejo directivo"],"articleSection":["Actualidad","Universidad al D\u00eda"],"inLanguage":"es"},{"@type":"WebPage","@id":"https:\/\/www.ucaldas.edu.co\/portal\/proyecto-de-telesalud-teleconsulta-y-medios-moviles-posicionales-en-la-urgencia-de-pandemia-por-covid-19-en-colombia-y-francia-elegido-ganador-en-convocatoria-de-minciencias\/","url":"https:\/\/www.ucaldas.edu.co\/portal\/proyecto-de-telesalud-teleconsulta-y-medios-moviles-posicionales-en-la-urgencia-de-pandemia-por-covid-19-en-colombia-y-francia-elegido-ganador-en-convocatoria-de-minciencias\/","name":"Proyecto de Telesalud: \u201cTeleconsulta y medios m\u00f3viles posicionales en la urgencia de pandemia por COVID-19 en Colombia y Francia\u201d, elegido ganador en convocatoria de Minciencias .","isPartOf":{"@id":"https:\/\/www.ucaldas.edu.co\/portal\/#website"},"primaryImageOfPage":{"@id":"https:\/\/www.ucaldas.edu.co\/portal\/proyecto-de-telesalud-teleconsulta-y-medios-moviles-posicionales-en-la-urgencia-de-pandemia-por-covid-19-en-colombia-y-francia-elegido-ganador-en-convocatoria-de-minciencias\/#primaryimage"},"image":{"@id":"https:\/\/www.ucaldas.edu.co\/portal\/proyecto-de-telesalud-teleconsulta-y-medios-moviles-posicionales-en-la-urgencia-de-pandemia-por-covid-19-en-colombia-y-francia-elegido-ganador-en-convocatoria-de-minciencias\/#primaryimage"},"thumbnailUrl":"https:\/\/www.ucaldas.edu.co\/portal\/wp-content\/uploads\/2020\/10\/123340653_376993960113728_5134802033575946133_n.png","datePublished":"2020-10-30T00:29:08+00:00","dateModified":"2020-10-30T00:45:52+00:00","breadcrumb":{"@id":"https:\/\/www.ucaldas.edu.co\/portal\/proyecto-de-telesalud-teleconsulta-y-medios-moviles-posicionales-en-la-urgencia-de-pandemia-por-covid-19-en-colombia-y-francia-elegido-ganador-en-convocatoria-de-minciencias\/#breadcrumb"},"inLanguage":"es","potentialAction":[{"@type":"ReadAction","target":["https:\/\/www.ucaldas.edu.co\/portal\/proyecto-de-telesalud-teleconsulta-y-medios-moviles-posicionales-en-la-urgencia-de-pandemia-por-covid-19-en-colombia-y-francia-elegido-ganador-en-convocatoria-de-minciencias\/"]}]},{"@type":"ImageObject","inLanguage":"es","@id":"https:\/\/www.ucaldas.edu.co\/portal\/proyecto-de-telesalud-teleconsulta-y-medios-moviles-posicionales-en-la-urgencia-de-pandemia-por-covid-19-en-colombia-y-francia-elegido-ganador-en-convocatoria-de-minciencias\/#primaryimage","url":"https:\/\/www.ucaldas.edu.co\/portal\/wp-content\/uploads\/2020\/10\/123340653_376993960113728_5134802033575946133_n.png","contentUrl":"https:\/\/www.ucaldas.edu.co\/portal\/wp-content\/uploads\/2020\/10\/123340653_376993960113728_5134802033575946133_n.png","width":700,"height":400},{"@type":"BreadcrumbList","@id":"https:\/\/www.ucaldas.edu.co\/portal\/proyecto-de-telesalud-teleconsulta-y-medios-moviles-posicionales-en-la-urgencia-de-pandemia-por-covid-19-en-colombia-y-francia-elegido-ganador-en-convocatoria-de-minciencias\/#breadcrumb","itemListElement":[{"@type":"ListItem","position":1,"name":"Portada","item":"https:\/\/www.ucaldas.edu.co\/portal\/"},{"@type":"ListItem","position":2,"name":"Proyecto de Telesalud: \u201cTeleconsulta y medios m\u00f3viles posicionales en la urgencia de pandemia por COVID-19 en Colombia y Francia\u201d, elegido ganador en convocatoria de Minciencias"}]},{"@type":"WebSite","@id":"https:\/\/www.ucaldas.edu.co\/portal\/#website","url":"https:\/\/www.ucaldas.edu.co\/portal\/","name":"Universidad de Caldas","description":"","publisher":{"@id":"https:\/\/www.ucaldas.edu.co\/portal\/#organization"},"alternateName":"U. de Caldas","potentialAction":[{"@type":"SearchAction","target":{"@type":"EntryPoint","urlTemplate":"https:\/\/www.ucaldas.edu.co\/portal\/?s={search_term_string}"},"query-input":{"@type":"PropertyValueSpecification","valueRequired":true,"valueName":"search_term_string"}}],"inLanguage":"es"},{"@type":"Organization","@id":"https:\/\/www.ucaldas.edu.co\/portal\/#organization","name":"Universidad de Caldas","alternateName":"U. de Caldas","url":"https:\/\/www.ucaldas.edu.co\/portal\/","logo":{"@type":"ImageObject","inLanguage":"es","@id":"https:\/\/www.ucaldas.edu.co\/portal\/#\/schema\/logo\/image\/","url":"https:\/\/www.ucaldas.edu.co\/portal\/wp-content\/uploads\/2023\/11\/Logo_horizontal_oscuroU-2023.png","contentUrl":"https:\/\/www.ucaldas.edu.co\/portal\/wp-content\/uploads\/2023\/11\/Logo_horizontal_oscuroU-2023.png","width":263,"height":101,"caption":"Universidad de Caldas"},"image":{"@id":"https:\/\/www.ucaldas.edu.co\/portal\/#\/schema\/logo\/image\/"},"sameAs":["https:\/\/www.facebook.com\/udecaldas","https:\/\/x.com\/udecaldas","https:\/\/www.youtube.com\/universidadcaldas","https:\/\/www.instagram.com\/udecaldas\/"]},{"@type":"Person","@id":"https:\/\/www.ucaldas.edu.co\/portal\/#\/schema\/person\/a1b482e23449158b4bc319926c074fdf","name":"ofiprensa","image":{"@type":"ImageObject","inLanguage":"es","@id":"https:\/\/www.ucaldas.edu.co\/portal\/wp-content\/litespeed\/avatar\/09ea5085e600095a7a811142c6944527.jpg?ver=1777497608","url":"https:\/\/www.ucaldas.edu.co\/portal\/wp-content\/litespeed\/avatar\/09ea5085e600095a7a811142c6944527.jpg?ver=1777497608","contentUrl":"https:\/\/www.ucaldas.edu.co\/portal\/wp-content\/litespeed\/avatar\/09ea5085e600095a7a811142c6944527.jpg?ver=1777497608","caption":"ofiprensa"},"url":"https:\/\/www.ucaldas.edu.co\/portal\/author\/ofiprensa\/"}]}},"_links":{"self":[{"href":"https:\/\/www.ucaldas.edu.co\/portal\/wp-json\/wp\/v2\/posts\/59382","targetHints":{"allow":["GET"]}}],"collection":[{"href":"https:\/\/www.ucaldas.edu.co\/portal\/wp-json\/wp\/v2\/posts"}],"about":[{"href":"https:\/\/www.ucaldas.edu.co\/portal\/wp-json\/wp\/v2\/types\/post"}],"author":[{"embeddable":true,"href":"https:\/\/www.ucaldas.edu.co\/portal\/wp-json\/wp\/v2\/users\/2"}],"replies":[{"embeddable":true,"href":"https:\/\/www.ucaldas.edu.co\/portal\/wp-json\/wp\/v2\/comments?post=59382"}],"version-history":[{"count":0,"href":"https:\/\/www.ucaldas.edu.co\/portal\/wp-json\/wp\/v2\/posts\/59382\/revisions"}],"wp:featuredmedia":[{"embeddable":true,"href":"https:\/\/www.ucaldas.edu.co\/portal\/wp-json\/wp\/v2\/media\/59383"}],"wp:attachment":[{"href":"https:\/\/www.ucaldas.edu.co\/portal\/wp-json\/wp\/v2\/media?parent=59382"}],"wp:term":[{"taxonomy":"category","embeddable":true,"href":"https:\/\/www.ucaldas.edu.co\/portal\/wp-json\/wp\/v2\/categories?post=59382"},{"taxonomy":"post_tag","embeddable":true,"href":"https:\/\/www.ucaldas.edu.co\/portal\/wp-json\/wp\/v2\/tags?post=59382"}],"curies":[{"name":"wp","href":"https:\/\/api.w.org\/{rel}","templated":true}]}}