{"id":59379,"date":"2020-10-30T00:26:13","date_gmt":"2020-10-30T00:26:13","guid":{"rendered":"https:\/\/www.ucaldas.edu.co\/portal\/?p=59379"},"modified":"2020-10-30T00:47:33","modified_gmt":"2020-10-30T00:47:33","slug":"rector-de-la-universidad-de-caldas-designado-como-representante-de-las-ies-al-consejo-directivo-de-ascun","status":"publish","type":"post","link":"https:\/\/www.ucaldas.edu.co\/portal\/rector-de-la-universidad-de-caldas-designado-como-representante-de-las-ies-al-consejo-directivo-de-ascun\/","title":{"rendered":"Rector de la Universidad de Caldas designado como representante de las IES  al Consejo Directivo de Asc\u00fan"},"content":{"rendered":"<p style=\"text-align: center;\">DURANTE ASAMBLEA DE ASOCIACI\u00d3N COLOMBIANA DE UNIVERSIDADES<\/p>\n<p style=\"text-align: center;\"><strong>Rector de la Universidad de Caldas designado como representante de las IES \u00a0al Consejo Directivo de Asc\u00fan<\/strong><\/p>\n<p style=\"text-align: right;\">29\/10\/2020<\/p>\n<p><img loading=\"lazy\" decoding=\"async\" class=\"size-full wp-image-59380 aligncenter\" src=\"https:\/\/www.ucaldas.edu.co\/portal\/wp-content\/uploads\/2020\/10\/rector-alejandro.jpg\" alt=\"\" width=\"700\" height=\"400\" srcset=\"https:\/\/www.ucaldas.edu.co\/portal\/wp-content\/uploads\/2020\/10\/rector-alejandro.jpg 700w, https:\/\/www.ucaldas.edu.co\/portal\/wp-content\/uploads\/2020\/10\/rector-alejandro-300x171.jpg 300w\" sizes=\"auto, (max-width: 700px) 100vw, 700px\" \/><\/p>\n<p>El rector de la Universidad de Caldas Alejandro Ceballos M\u00e1rquez, fue designado por la\u00a0 asamblea de la Asociaci\u00f3n Colombiana de Universidades (ASC\u00daN) como representante del cap\u00edtulo \u00a0de las instituciones p\u00fablicas de educaci\u00f3n superior del Eje Cafetero y Antioquia ante el Consejo Directivo de esta organizaci\u00f3n.<\/p>\n<p>\u201cEs un logro muy importante porque ser\u00edan dos universidades de la regi\u00f3n las que estar\u00edan formando parte del Consejo Directivo de Asc\u00fan ya que el presidente de este \u00f3rgano es el rector de la Universidad Tecnol\u00f3gica de Pereira Luis Fernando Gaviria Trujillo\u201d.<\/p>\n<p>La Asociaci\u00f3n Colombiana de Universidades, es una organizaci\u00f3n no gubernamental, sin \u00e1nimo de lucro, que congrega a las universidades p\u00fablicas y privadas de Colombia. Sus objetivos principales son servir como un espacio permanente para la discusi\u00f3n del presente y el futuro de las universidades colombianas, establecer una relaci\u00f3n entre las universidades y el gobierno nacional, realizar investigaciones acad\u00e9micas sobre la educaci\u00f3n superior, promover la educaci\u00f3n por extensi\u00f3n, el desarrollo acad\u00e9mico, la creaci\u00f3n de redes de investigaci\u00f3n, proveer servicios de informaci\u00f3n, y mantener relaciones institucionales e interinstitucionales.<\/p>\n<p>&nbsp;<\/p>\n<p><strong>Anexo:<\/strong><\/p>\n<p><a href=\"https:\/\/www.ivoox.com\/rector-universidad-caldas-designado-como-audios-mp3_rf_58800205_1.html\">Audio rector Alejandro Ceballos M\u00e1rquez<\/a><\/p>\n<p>&nbsp;<\/p>\n<p><strong>Informes: <\/strong>Oficina de Comunicaciones y Prensa Universidad de Caldas.<\/p>\n<p><strong>Redacci\u00f3n:<\/strong> Mateo Buritic\u00e1 Giraldo<\/p>\n<p>&nbsp;<\/p>\n","protected":false},"excerpt":{"rendered":"<p>DURANTE ASAMBLEA DE ASOCIACI\u00d3N COLOMBIANA DE UNIVERSIDADES Rector de la Universidad de Caldas designado como representante de las IES \u00a0al Consejo Directivo de Asc\u00fan 29\/10\/2020 El rector de la Universidad de Caldas Alejandro Ceballos M\u00e1rquez, fue designado por la\u00a0 asamblea de la Asociaci\u00f3n Colombiana de Universidades (ASC\u00daN) como representante del cap\u00edtulo \u00a0de las instituciones p\u00fablicas [&hellip;]<\/p>\n","protected":false},"author":2,"featured_media":59380,"comment_status":"closed","ping_status":"open","sticky":false,"template":"","format":"standard","meta":{"footnotes":""},"categories":[48,53],"tags":[105,2450,5446],"class_list":["post-59379","post","type-post","status-publish","format-standard","has-post-thumbnail","hentry","category-actualidad","category-universidad-al-dia","tag-ascun","tag-universidades-publicas","tag-consejo-directivo"],"yoast_head":"<!-- This site is optimized with the Yoast SEO plugin v27.5 - https:\/\/yoast.com\/product\/yoast-seo-wordpress\/ -->\n<title>Rector de la Universidad de Caldas designado como representante de las IES al Consejo Directivo de Asc\u00fan .<\/title>\n<meta name=\"robots\" content=\"index, follow, max-snippet:-1, max-image-preview:large, max-video-preview:-1\" \/>\n<link rel=\"canonical\" href=\"https:\/\/www.ucaldas.edu.co\/portal\/rector-de-la-universidad-de-caldas-designado-como-representante-de-las-ies-al-consejo-directivo-de-ascun\/\" \/>\n<script type=\"application\/ld+json\" class=\"yoast-schema-graph\">{\"@context\":\"https:\\\/\\\/schema.org\",\"@graph\":[{\"@type\":\"Article\",\"@id\":\"https:\\\/\\\/www.ucaldas.edu.co\\\/portal\\\/rector-de-la-universidad-de-caldas-designado-como-representante-de-las-ies-al-consejo-directivo-de-ascun\\\/#article\",\"isPartOf\":{\"@id\":\"https:\\\/\\\/www.ucaldas.edu.co\\\/portal\\\/rector-de-la-universidad-de-caldas-designado-como-representante-de-las-ies-al-consejo-directivo-de-ascun\\\/\"},\"author\":{\"name\":\"ofiprensa\",\"@id\":\"https:\\\/\\\/www.ucaldas.edu.co\\\/portal\\\/#\\\/schema\\\/person\\\/a1b482e23449158b4bc319926c074fdf\"},\"headline\":\"Rector de la Universidad de Caldas designado como representante de las IES al Consejo Directivo de Asc\u00fan\",\"datePublished\":\"2020-10-30T00:26:13+00:00\",\"dateModified\":\"2020-10-30T00:47:33+00:00\",\"mainEntityOfPage\":{\"@id\":\"https:\\\/\\\/www.ucaldas.edu.co\\\/portal\\\/rector-de-la-universidad-de-caldas-designado-como-representante-de-las-ies-al-consejo-directivo-de-ascun\\\/\"},\"wordCount\":266,\"publisher\":{\"@id\":\"https:\\\/\\\/www.ucaldas.edu.co\\\/portal\\\/#organization\"},\"image\":{\"@id\":\"https:\\\/\\\/www.ucaldas.edu.co\\\/portal\\\/rector-de-la-universidad-de-caldas-designado-como-representante-de-las-ies-al-consejo-directivo-de-ascun\\\/#primaryimage\"},\"thumbnailUrl\":\"https:\\\/\\\/www.ucaldas.edu.co\\\/portal\\\/wp-content\\\/uploads\\\/2020\\\/10\\\/rector-alejandro.jpg\",\"keywords\":[\"ASCUN\",\"universidades p\u00fablicas\",\"consejo directivo\"],\"articleSection\":[\"Actualidad\",\"Universidad al D\u00eda\"],\"inLanguage\":\"es\"},{\"@type\":\"WebPage\",\"@id\":\"https:\\\/\\\/www.ucaldas.edu.co\\\/portal\\\/rector-de-la-universidad-de-caldas-designado-como-representante-de-las-ies-al-consejo-directivo-de-ascun\\\/\",\"url\":\"https:\\\/\\\/www.ucaldas.edu.co\\\/portal\\\/rector-de-la-universidad-de-caldas-designado-como-representante-de-las-ies-al-consejo-directivo-de-ascun\\\/\",\"name\":\"Rector de la Universidad de Caldas designado como representante de las IES al Consejo Directivo de Asc\u00fan .\",\"isPartOf\":{\"@id\":\"https:\\\/\\\/www.ucaldas.edu.co\\\/portal\\\/#website\"},\"primaryImageOfPage\":{\"@id\":\"https:\\\/\\\/www.ucaldas.edu.co\\\/portal\\\/rector-de-la-universidad-de-caldas-designado-como-representante-de-las-ies-al-consejo-directivo-de-ascun\\\/#primaryimage\"},\"image\":{\"@id\":\"https:\\\/\\\/www.ucaldas.edu.co\\\/portal\\\/rector-de-la-universidad-de-caldas-designado-como-representante-de-las-ies-al-consejo-directivo-de-ascun\\\/#primaryimage\"},\"thumbnailUrl\":\"https:\\\/\\\/www.ucaldas.edu.co\\\/portal\\\/wp-content\\\/uploads\\\/2020\\\/10\\\/rector-alejandro.jpg\",\"datePublished\":\"2020-10-30T00:26:13+00:00\",\"dateModified\":\"2020-10-30T00:47:33+00:00\",\"breadcrumb\":{\"@id\":\"https:\\\/\\\/www.ucaldas.edu.co\\\/portal\\\/rector-de-la-universidad-de-caldas-designado-como-representante-de-las-ies-al-consejo-directivo-de-ascun\\\/#breadcrumb\"},\"inLanguage\":\"es\",\"potentialAction\":[{\"@type\":\"ReadAction\",\"target\":[\"https:\\\/\\\/www.ucaldas.edu.co\\\/portal\\\/rector-de-la-universidad-de-caldas-designado-como-representante-de-las-ies-al-consejo-directivo-de-ascun\\\/\"]}]},{\"@type\":\"ImageObject\",\"inLanguage\":\"es\",\"@id\":\"https:\\\/\\\/www.ucaldas.edu.co\\\/portal\\\/rector-de-la-universidad-de-caldas-designado-como-representante-de-las-ies-al-consejo-directivo-de-ascun\\\/#primaryimage\",\"url\":\"https:\\\/\\\/www.ucaldas.edu.co\\\/portal\\\/wp-content\\\/uploads\\\/2020\\\/10\\\/rector-alejandro.jpg\",\"contentUrl\":\"https:\\\/\\\/www.ucaldas.edu.co\\\/portal\\\/wp-content\\\/uploads\\\/2020\\\/10\\\/rector-alejandro.jpg\",\"width\":700,\"height\":400},{\"@type\":\"BreadcrumbList\",\"@id\":\"https:\\\/\\\/www.ucaldas.edu.co\\\/portal\\\/rector-de-la-universidad-de-caldas-designado-como-representante-de-las-ies-al-consejo-directivo-de-ascun\\\/#breadcrumb\",\"itemListElement\":[{\"@type\":\"ListItem\",\"position\":1,\"name\":\"Portada\",\"item\":\"https:\\\/\\\/www.ucaldas.edu.co\\\/portal\\\/\"},{\"@type\":\"ListItem\",\"position\":2,\"name\":\"Rector de la Universidad de Caldas designado como representante de las IES al Consejo Directivo de Asc\u00fan\"}]},{\"@type\":\"WebSite\",\"@id\":\"https:\\\/\\\/www.ucaldas.edu.co\\\/portal\\\/#website\",\"url\":\"https:\\\/\\\/www.ucaldas.edu.co\\\/portal\\\/\",\"name\":\"Universidad de Caldas\",\"description\":\"\",\"publisher\":{\"@id\":\"https:\\\/\\\/www.ucaldas.edu.co\\\/portal\\\/#organization\"},\"alternateName\":\"U. de Caldas\",\"potentialAction\":[{\"@type\":\"SearchAction\",\"target\":{\"@type\":\"EntryPoint\",\"urlTemplate\":\"https:\\\/\\\/www.ucaldas.edu.co\\\/portal\\\/?s={search_term_string}\"},\"query-input\":{\"@type\":\"PropertyValueSpecification\",\"valueRequired\":true,\"valueName\":\"search_term_string\"}}],\"inLanguage\":\"es\"},{\"@type\":\"Organization\",\"@id\":\"https:\\\/\\\/www.ucaldas.edu.co\\\/portal\\\/#organization\",\"name\":\"Universidad de Caldas\",\"alternateName\":\"U. de Caldas\",\"url\":\"https:\\\/\\\/www.ucaldas.edu.co\\\/portal\\\/\",\"logo\":{\"@type\":\"ImageObject\",\"inLanguage\":\"es\",\"@id\":\"https:\\\/\\\/www.ucaldas.edu.co\\\/portal\\\/#\\\/schema\\\/logo\\\/image\\\/\",\"url\":\"https:\\\/\\\/www.ucaldas.edu.co\\\/portal\\\/wp-content\\\/uploads\\\/2023\\\/11\\\/Logo_horizontal_oscuroU-2023.png\",\"contentUrl\":\"https:\\\/\\\/www.ucaldas.edu.co\\\/portal\\\/wp-content\\\/uploads\\\/2023\\\/11\\\/Logo_horizontal_oscuroU-2023.png\",\"width\":263,\"height\":101,\"caption\":\"Universidad de Caldas\"},\"image\":{\"@id\":\"https:\\\/\\\/www.ucaldas.edu.co\\\/portal\\\/#\\\/schema\\\/logo\\\/image\\\/\"},\"sameAs\":[\"https:\\\/\\\/www.facebook.com\\\/udecaldas\",\"https:\\\/\\\/x.com\\\/udecaldas\",\"https:\\\/\\\/www.youtube.com\\\/universidadcaldas\",\"https:\\\/\\\/www.instagram.com\\\/udecaldas\\\/\"]},{\"@type\":\"Person\",\"@id\":\"https:\\\/\\\/www.ucaldas.edu.co\\\/portal\\\/#\\\/schema\\\/person\\\/a1b482e23449158b4bc319926c074fdf\",\"name\":\"ofiprensa\",\"image\":{\"@type\":\"ImageObject\",\"inLanguage\":\"es\",\"@id\":\"https:\\\/\\\/www.ucaldas.edu.co\\\/portal\\\/wp-content\\\/litespeed\\\/avatar\\\/09ea5085e600095a7a811142c6944527.jpg?ver=1777497608\",\"url\":\"https:\\\/\\\/www.ucaldas.edu.co\\\/portal\\\/wp-content\\\/litespeed\\\/avatar\\\/09ea5085e600095a7a811142c6944527.jpg?ver=1777497608\",\"contentUrl\":\"https:\\\/\\\/www.ucaldas.edu.co\\\/portal\\\/wp-content\\\/litespeed\\\/avatar\\\/09ea5085e600095a7a811142c6944527.jpg?ver=1777497608\",\"caption\":\"ofiprensa\"},\"url\":\"https:\\\/\\\/www.ucaldas.edu.co\\\/portal\\\/author\\\/ofiprensa\\\/\"}]}<\/script>\n<!-- \/ Yoast SEO plugin. -->","yoast_head_json":{"title":"Rector de la Universidad de Caldas designado como representante de las IES al Consejo Directivo de Asc\u00fan .","robots":{"index":"index","follow":"follow","max-snippet":"max-snippet:-1","max-image-preview":"max-image-preview:large","max-video-preview":"max-video-preview:-1"},"canonical":"https:\/\/www.ucaldas.edu.co\/portal\/rector-de-la-universidad-de-caldas-designado-como-representante-de-las-ies-al-consejo-directivo-de-ascun\/","schema":{"@context":"https:\/\/schema.org","@graph":[{"@type":"Article","@id":"https:\/\/www.ucaldas.edu.co\/portal\/rector-de-la-universidad-de-caldas-designado-como-representante-de-las-ies-al-consejo-directivo-de-ascun\/#article","isPartOf":{"@id":"https:\/\/www.ucaldas.edu.co\/portal\/rector-de-la-universidad-de-caldas-designado-como-representante-de-las-ies-al-consejo-directivo-de-ascun\/"},"author":{"name":"ofiprensa","@id":"https:\/\/www.ucaldas.edu.co\/portal\/#\/schema\/person\/a1b482e23449158b4bc319926c074fdf"},"headline":"Rector de la Universidad de Caldas designado como representante de las IES al Consejo Directivo de Asc\u00fan","datePublished":"2020-10-30T00:26:13+00:00","dateModified":"2020-10-30T00:47:33+00:00","mainEntityOfPage":{"@id":"https:\/\/www.ucaldas.edu.co\/portal\/rector-de-la-universidad-de-caldas-designado-como-representante-de-las-ies-al-consejo-directivo-de-ascun\/"},"wordCount":266,"publisher":{"@id":"https:\/\/www.ucaldas.edu.co\/portal\/#organization"},"image":{"@id":"https:\/\/www.ucaldas.edu.co\/portal\/rector-de-la-universidad-de-caldas-designado-como-representante-de-las-ies-al-consejo-directivo-de-ascun\/#primaryimage"},"thumbnailUrl":"https:\/\/www.ucaldas.edu.co\/portal\/wp-content\/uploads\/2020\/10\/rector-alejandro.jpg","keywords":["ASCUN","universidades p\u00fablicas","consejo directivo"],"articleSection":["Actualidad","Universidad al D\u00eda"],"inLanguage":"es"},{"@type":"WebPage","@id":"https:\/\/www.ucaldas.edu.co\/portal\/rector-de-la-universidad-de-caldas-designado-como-representante-de-las-ies-al-consejo-directivo-de-ascun\/","url":"https:\/\/www.ucaldas.edu.co\/portal\/rector-de-la-universidad-de-caldas-designado-como-representante-de-las-ies-al-consejo-directivo-de-ascun\/","name":"Rector de la Universidad de Caldas designado como representante de las IES al Consejo Directivo de Asc\u00fan .","isPartOf":{"@id":"https:\/\/www.ucaldas.edu.co\/portal\/#website"},"primaryImageOfPage":{"@id":"https:\/\/www.ucaldas.edu.co\/portal\/rector-de-la-universidad-de-caldas-designado-como-representante-de-las-ies-al-consejo-directivo-de-ascun\/#primaryimage"},"image":{"@id":"https:\/\/www.ucaldas.edu.co\/portal\/rector-de-la-universidad-de-caldas-designado-como-representante-de-las-ies-al-consejo-directivo-de-ascun\/#primaryimage"},"thumbnailUrl":"https:\/\/www.ucaldas.edu.co\/portal\/wp-content\/uploads\/2020\/10\/rector-alejandro.jpg","datePublished":"2020-10-30T00:26:13+00:00","dateModified":"2020-10-30T00:47:33+00:00","breadcrumb":{"@id":"https:\/\/www.ucaldas.edu.co\/portal\/rector-de-la-universidad-de-caldas-designado-como-representante-de-las-ies-al-consejo-directivo-de-ascun\/#breadcrumb"},"inLanguage":"es","potentialAction":[{"@type":"ReadAction","target":["https:\/\/www.ucaldas.edu.co\/portal\/rector-de-la-universidad-de-caldas-designado-como-representante-de-las-ies-al-consejo-directivo-de-ascun\/"]}]},{"@type":"ImageObject","inLanguage":"es","@id":"https:\/\/www.ucaldas.edu.co\/portal\/rector-de-la-universidad-de-caldas-designado-como-representante-de-las-ies-al-consejo-directivo-de-ascun\/#primaryimage","url":"https:\/\/www.ucaldas.edu.co\/portal\/wp-content\/uploads\/2020\/10\/rector-alejandro.jpg","contentUrl":"https:\/\/www.ucaldas.edu.co\/portal\/wp-content\/uploads\/2020\/10\/rector-alejandro.jpg","width":700,"height":400},{"@type":"BreadcrumbList","@id":"https:\/\/www.ucaldas.edu.co\/portal\/rector-de-la-universidad-de-caldas-designado-como-representante-de-las-ies-al-consejo-directivo-de-ascun\/#breadcrumb","itemListElement":[{"@type":"ListItem","position":1,"name":"Portada","item":"https:\/\/www.ucaldas.edu.co\/portal\/"},{"@type":"ListItem","position":2,"name":"Rector de la Universidad de Caldas designado como representante de las IES al Consejo Directivo de Asc\u00fan"}]},{"@type":"WebSite","@id":"https:\/\/www.ucaldas.edu.co\/portal\/#website","url":"https:\/\/www.ucaldas.edu.co\/portal\/","name":"Universidad de Caldas","description":"","publisher":{"@id":"https:\/\/www.ucaldas.edu.co\/portal\/#organization"},"alternateName":"U. de Caldas","potentialAction":[{"@type":"SearchAction","target":{"@type":"EntryPoint","urlTemplate":"https:\/\/www.ucaldas.edu.co\/portal\/?s={search_term_string}"},"query-input":{"@type":"PropertyValueSpecification","valueRequired":true,"valueName":"search_term_string"}}],"inLanguage":"es"},{"@type":"Organization","@id":"https:\/\/www.ucaldas.edu.co\/portal\/#organization","name":"Universidad de Caldas","alternateName":"U. de Caldas","url":"https:\/\/www.ucaldas.edu.co\/portal\/","logo":{"@type":"ImageObject","inLanguage":"es","@id":"https:\/\/www.ucaldas.edu.co\/portal\/#\/schema\/logo\/image\/","url":"https:\/\/www.ucaldas.edu.co\/portal\/wp-content\/uploads\/2023\/11\/Logo_horizontal_oscuroU-2023.png","contentUrl":"https:\/\/www.ucaldas.edu.co\/portal\/wp-content\/uploads\/2023\/11\/Logo_horizontal_oscuroU-2023.png","width":263,"height":101,"caption":"Universidad de Caldas"},"image":{"@id":"https:\/\/www.ucaldas.edu.co\/portal\/#\/schema\/logo\/image\/"},"sameAs":["https:\/\/www.facebook.com\/udecaldas","https:\/\/x.com\/udecaldas","https:\/\/www.youtube.com\/universidadcaldas","https:\/\/www.instagram.com\/udecaldas\/"]},{"@type":"Person","@id":"https:\/\/www.ucaldas.edu.co\/portal\/#\/schema\/person\/a1b482e23449158b4bc319926c074fdf","name":"ofiprensa","image":{"@type":"ImageObject","inLanguage":"es","@id":"https:\/\/www.ucaldas.edu.co\/portal\/wp-content\/litespeed\/avatar\/09ea5085e600095a7a811142c6944527.jpg?ver=1777497608","url":"https:\/\/www.ucaldas.edu.co\/portal\/wp-content\/litespeed\/avatar\/09ea5085e600095a7a811142c6944527.jpg?ver=1777497608","contentUrl":"https:\/\/www.ucaldas.edu.co\/portal\/wp-content\/litespeed\/avatar\/09ea5085e600095a7a811142c6944527.jpg?ver=1777497608","caption":"ofiprensa"},"url":"https:\/\/www.ucaldas.edu.co\/portal\/author\/ofiprensa\/"}]}},"_links":{"self":[{"href":"https:\/\/www.ucaldas.edu.co\/portal\/wp-json\/wp\/v2\/posts\/59379","targetHints":{"allow":["GET"]}}],"collection":[{"href":"https:\/\/www.ucaldas.edu.co\/portal\/wp-json\/wp\/v2\/posts"}],"about":[{"href":"https:\/\/www.ucaldas.edu.co\/portal\/wp-json\/wp\/v2\/types\/post"}],"author":[{"embeddable":true,"href":"https:\/\/www.ucaldas.edu.co\/portal\/wp-json\/wp\/v2\/users\/2"}],"replies":[{"embeddable":true,"href":"https:\/\/www.ucaldas.edu.co\/portal\/wp-json\/wp\/v2\/comments?post=59379"}],"version-history":[{"count":0,"href":"https:\/\/www.ucaldas.edu.co\/portal\/wp-json\/wp\/v2\/posts\/59379\/revisions"}],"wp:featuredmedia":[{"embeddable":true,"href":"https:\/\/www.ucaldas.edu.co\/portal\/wp-json\/wp\/v2\/media\/59380"}],"wp:attachment":[{"href":"https:\/\/www.ucaldas.edu.co\/portal\/wp-json\/wp\/v2\/media?parent=59379"}],"wp:term":[{"taxonomy":"category","embeddable":true,"href":"https:\/\/www.ucaldas.edu.co\/portal\/wp-json\/wp\/v2\/categories?post=59379"},{"taxonomy":"post_tag","embeddable":true,"href":"https:\/\/www.ucaldas.edu.co\/portal\/wp-json\/wp\/v2\/tags?post=59379"}],"curies":[{"name":"wp","href":"https:\/\/api.w.org\/{rel}","templated":true}]}}