{"id":59348,"date":"2020-10-29T00:06:18","date_gmt":"2020-10-29T00:06:18","guid":{"rendered":"https:\/\/www.ucaldas.edu.co\/portal\/?p=59348"},"modified":"2020-10-29T13:28:46","modified_gmt":"2020-10-29T13:28:46","slug":"rector-y-equipo-directivo-de-la-universidad-de-caldas-conversaron-con-el-estamento-estudiantil","status":"publish","type":"post","link":"https:\/\/www.ucaldas.edu.co\/portal\/rector-y-equipo-directivo-de-la-universidad-de-caldas-conversaron-con-el-estamento-estudiantil\/","title":{"rendered":"Rector y\u00a0 equipo directivo de la Universidad de Caldas  conversaron con el estamento estudiantil"},"content":{"rendered":"<p style=\"text-align: center;\">RELACIONADO CON TEMAS ACAD\u00c9MICOS<\/p>\n<p style=\"text-align: center;\"><strong>Rector y\u00a0 equipo directivo de la Universidad de Caldas\u00a0<\/strong><strong>conversaron con el estamento estudiantil<\/strong><\/p>\n<p style=\"text-align: right;\">28\/10\/2020<\/p>\n<p><img loading=\"lazy\" decoding=\"async\" class=\"alignnone size-full wp-image-59349 aligncenter\" src=\"https:\/\/www.ucaldas.edu.co\/portal\/wp-content\/uploads\/2020\/10\/nota-1.png\" alt=\"\" width=\"700\" height=\"400\" srcset=\"https:\/\/www.ucaldas.edu.co\/portal\/wp-content\/uploads\/2020\/10\/nota-1.png 700w, https:\/\/www.ucaldas.edu.co\/portal\/wp-content\/uploads\/2020\/10\/nota-1-300x171.png 300w\" sizes=\"auto, (max-width: 700px) 100vw, 700px\" \/><\/p>\n<p style=\"text-align: left;\">Durante la reciente sesi\u00f3n a trav\u00e9s de la plataforma Facebook Live, en conversaci\u00f3n con el estamento estudiantil se abordaron diferentes temas institucionales relacionados con la estabilizaci\u00f3n del SIA, los cobros correspondientes a servicios complementarios, la inscripci\u00f3n de cr\u00e9ditos de estudiantes que cursan doble carrera, entre otros temas.<\/p>\n<p>La actividad cont\u00f3 con la participaci\u00f3n de el Rector de la Universidad de Caldas, Alejandro Ceballos M\u00e1rquez, el Secretario General, Juan Guillermo Correa Garc\u00eda, la Vicerrectora Administrativa, Paula Andrea Chica Cort\u00e9s, el Vicerrector Acad\u00e9mico, Marco Tulio Jaramillo Salazar, la Jefede la Oficina Asesora de Planeaci\u00f3n y Sistemas, Tatiana Ochoa C\u00e1rdenas, la Jefe de Registro Acad\u00e9mico, Paula Andrea Restrepo L\u00f3pez, y la Jefe de Bienestar Universitario, Claudia Marcela Naranjo.<\/p>\n<p>Dentro del desarrollo de los temas espec\u00edficos se habl\u00f3 sobre la implementaci\u00f3n y estabilizaci\u00f3n de la nueva plataforma para el SIA, se aclararon aspectos relacionados con el cobro de los servicios complementarios y que se liquidan con la matr\u00edcula financiera, y se resolvieron inquietudes relacionadas con aspectos acad\u00e9micos (Ej. Garant\u00edas, doble carrera, n\u00famero de cr\u00e9ditos a inscribir por semestre, entre otros).<\/p>\n<p>Para ampliar la informaci\u00f3n con respecto a este di\u00e1logo, se puede visualizar el video de la misma en: <a href=\"https:\/\/fb.watch\/1pDyXvpq8E\/\">https:\/\/fb.watch\/1pDyXvpq8E\/<\/a><\/p>\n<p><strong>Informes: <\/strong>Oficina de Comunicaciones y Prensa Universidad de Caldas.<\/p>\n<p><strong>Redacci\u00f3n:<\/strong> Daniela S\u00e1nchez R\u00edos<\/p>\n<p>&nbsp;<\/p>\n","protected":false},"excerpt":{"rendered":"<p>RELACIONADO CON TEMAS ACAD\u00c9MICOS Rector y\u00a0 equipo directivo de la Universidad de Caldas\u00a0conversaron con el estamento estudiantil 28\/10\/2020 Durante la reciente sesi\u00f3n a trav\u00e9s de la plataforma Facebook Live, en conversaci\u00f3n con el estamento estudiantil se abordaron diferentes temas institucionales relacionados con la estabilizaci\u00f3n del SIA, los cobros correspondientes a servicios complementarios, la inscripci\u00f3n de [&hellip;]<\/p>\n","protected":false},"author":2,"featured_media":59349,"comment_status":"closed","ping_status":"open","sticky":false,"template":"","format":"standard","meta":{"footnotes":""},"categories":[48,53],"tags":[77,330,650,2041,4697],"class_list":["post-59348","post","type-post","status-publish","format-standard","has-post-thumbnail","hentry","category-actualidad","category-universidad-al-dia","tag-administracion","tag-estudiantes","tag-comunidad","tag-comunicacion","tag-facebook-live"],"yoast_head":"<!-- This site is optimized with the Yoast SEO plugin v27.5 - https:\/\/yoast.com\/product\/yoast-seo-wordpress\/ -->\n<title>Rector y\u00a0 equipo directivo de la Universidad de Caldas conversaron con el estamento estudiantil .<\/title>\n<meta name=\"robots\" content=\"index, follow, max-snippet:-1, max-image-preview:large, max-video-preview:-1\" \/>\n<link rel=\"canonical\" href=\"https:\/\/www.ucaldas.edu.co\/portal\/rector-y-equipo-directivo-de-la-universidad-de-caldas-conversaron-con-el-estamento-estudiantil\/\" \/>\n<script type=\"application\/ld+json\" class=\"yoast-schema-graph\">{\"@context\":\"https:\\\/\\\/schema.org\",\"@graph\":[{\"@type\":\"Article\",\"@id\":\"https:\\\/\\\/www.ucaldas.edu.co\\\/portal\\\/rector-y-equipo-directivo-de-la-universidad-de-caldas-conversaron-con-el-estamento-estudiantil\\\/#article\",\"isPartOf\":{\"@id\":\"https:\\\/\\\/www.ucaldas.edu.co\\\/portal\\\/rector-y-equipo-directivo-de-la-universidad-de-caldas-conversaron-con-el-estamento-estudiantil\\\/\"},\"author\":{\"name\":\"ofiprensa\",\"@id\":\"https:\\\/\\\/www.ucaldas.edu.co\\\/portal\\\/#\\\/schema\\\/person\\\/a1b482e23449158b4bc319926c074fdf\"},\"headline\":\"Rector y\u00a0 equipo directivo de la Universidad de Caldas conversaron con el estamento estudiantil\",\"datePublished\":\"2020-10-29T00:06:18+00:00\",\"dateModified\":\"2020-10-29T13:28:46+00:00\",\"mainEntityOfPage\":{\"@id\":\"https:\\\/\\\/www.ucaldas.edu.co\\\/portal\\\/rector-y-equipo-directivo-de-la-universidad-de-caldas-conversaron-con-el-estamento-estudiantil\\\/\"},\"wordCount\":274,\"publisher\":{\"@id\":\"https:\\\/\\\/www.ucaldas.edu.co\\\/portal\\\/#organization\"},\"image\":{\"@id\":\"https:\\\/\\\/www.ucaldas.edu.co\\\/portal\\\/rector-y-equipo-directivo-de-la-universidad-de-caldas-conversaron-con-el-estamento-estudiantil\\\/#primaryimage\"},\"thumbnailUrl\":\"https:\\\/\\\/www.ucaldas.edu.co\\\/portal\\\/wp-content\\\/uploads\\\/2020\\\/10\\\/nota-1.png\",\"keywords\":[\"Administraci\u00f3n\",\"estudiantes\",\"comunidad\",\"comunicaci\u00f3n\",\"Facebook Live\"],\"articleSection\":[\"Actualidad\",\"Universidad al D\u00eda\"],\"inLanguage\":\"es\"},{\"@type\":\"WebPage\",\"@id\":\"https:\\\/\\\/www.ucaldas.edu.co\\\/portal\\\/rector-y-equipo-directivo-de-la-universidad-de-caldas-conversaron-con-el-estamento-estudiantil\\\/\",\"url\":\"https:\\\/\\\/www.ucaldas.edu.co\\\/portal\\\/rector-y-equipo-directivo-de-la-universidad-de-caldas-conversaron-con-el-estamento-estudiantil\\\/\",\"name\":\"Rector y\u00a0 equipo directivo de la Universidad de Caldas conversaron con el estamento estudiantil .\",\"isPartOf\":{\"@id\":\"https:\\\/\\\/www.ucaldas.edu.co\\\/portal\\\/#website\"},\"primaryImageOfPage\":{\"@id\":\"https:\\\/\\\/www.ucaldas.edu.co\\\/portal\\\/rector-y-equipo-directivo-de-la-universidad-de-caldas-conversaron-con-el-estamento-estudiantil\\\/#primaryimage\"},\"image\":{\"@id\":\"https:\\\/\\\/www.ucaldas.edu.co\\\/portal\\\/rector-y-equipo-directivo-de-la-universidad-de-caldas-conversaron-con-el-estamento-estudiantil\\\/#primaryimage\"},\"thumbnailUrl\":\"https:\\\/\\\/www.ucaldas.edu.co\\\/portal\\\/wp-content\\\/uploads\\\/2020\\\/10\\\/nota-1.png\",\"datePublished\":\"2020-10-29T00:06:18+00:00\",\"dateModified\":\"2020-10-29T13:28:46+00:00\",\"breadcrumb\":{\"@id\":\"https:\\\/\\\/www.ucaldas.edu.co\\\/portal\\\/rector-y-equipo-directivo-de-la-universidad-de-caldas-conversaron-con-el-estamento-estudiantil\\\/#breadcrumb\"},\"inLanguage\":\"es\",\"potentialAction\":[{\"@type\":\"ReadAction\",\"target\":[\"https:\\\/\\\/www.ucaldas.edu.co\\\/portal\\\/rector-y-equipo-directivo-de-la-universidad-de-caldas-conversaron-con-el-estamento-estudiantil\\\/\"]}]},{\"@type\":\"ImageObject\",\"inLanguage\":\"es\",\"@id\":\"https:\\\/\\\/www.ucaldas.edu.co\\\/portal\\\/rector-y-equipo-directivo-de-la-universidad-de-caldas-conversaron-con-el-estamento-estudiantil\\\/#primaryimage\",\"url\":\"https:\\\/\\\/www.ucaldas.edu.co\\\/portal\\\/wp-content\\\/uploads\\\/2020\\\/10\\\/nota-1.png\",\"contentUrl\":\"https:\\\/\\\/www.ucaldas.edu.co\\\/portal\\\/wp-content\\\/uploads\\\/2020\\\/10\\\/nota-1.png\",\"width\":700,\"height\":400},{\"@type\":\"BreadcrumbList\",\"@id\":\"https:\\\/\\\/www.ucaldas.edu.co\\\/portal\\\/rector-y-equipo-directivo-de-la-universidad-de-caldas-conversaron-con-el-estamento-estudiantil\\\/#breadcrumb\",\"itemListElement\":[{\"@type\":\"ListItem\",\"position\":1,\"name\":\"Portada\",\"item\":\"https:\\\/\\\/www.ucaldas.edu.co\\\/portal\\\/\"},{\"@type\":\"ListItem\",\"position\":2,\"name\":\"Rector y\u00a0 equipo directivo de la Universidad de Caldas conversaron con el estamento estudiantil\"}]},{\"@type\":\"WebSite\",\"@id\":\"https:\\\/\\\/www.ucaldas.edu.co\\\/portal\\\/#website\",\"url\":\"https:\\\/\\\/www.ucaldas.edu.co\\\/portal\\\/\",\"name\":\"Universidad de Caldas\",\"description\":\"\",\"publisher\":{\"@id\":\"https:\\\/\\\/www.ucaldas.edu.co\\\/portal\\\/#organization\"},\"alternateName\":\"U. de Caldas\",\"potentialAction\":[{\"@type\":\"SearchAction\",\"target\":{\"@type\":\"EntryPoint\",\"urlTemplate\":\"https:\\\/\\\/www.ucaldas.edu.co\\\/portal\\\/?s={search_term_string}\"},\"query-input\":{\"@type\":\"PropertyValueSpecification\",\"valueRequired\":true,\"valueName\":\"search_term_string\"}}],\"inLanguage\":\"es\"},{\"@type\":\"Organization\",\"@id\":\"https:\\\/\\\/www.ucaldas.edu.co\\\/portal\\\/#organization\",\"name\":\"Universidad de Caldas\",\"alternateName\":\"U. de Caldas\",\"url\":\"https:\\\/\\\/www.ucaldas.edu.co\\\/portal\\\/\",\"logo\":{\"@type\":\"ImageObject\",\"inLanguage\":\"es\",\"@id\":\"https:\\\/\\\/www.ucaldas.edu.co\\\/portal\\\/#\\\/schema\\\/logo\\\/image\\\/\",\"url\":\"https:\\\/\\\/www.ucaldas.edu.co\\\/portal\\\/wp-content\\\/uploads\\\/2023\\\/11\\\/Logo_horizontal_oscuroU-2023.png\",\"contentUrl\":\"https:\\\/\\\/www.ucaldas.edu.co\\\/portal\\\/wp-content\\\/uploads\\\/2023\\\/11\\\/Logo_horizontal_oscuroU-2023.png\",\"width\":263,\"height\":101,\"caption\":\"Universidad de Caldas\"},\"image\":{\"@id\":\"https:\\\/\\\/www.ucaldas.edu.co\\\/portal\\\/#\\\/schema\\\/logo\\\/image\\\/\"},\"sameAs\":[\"https:\\\/\\\/www.facebook.com\\\/udecaldas\",\"https:\\\/\\\/x.com\\\/udecaldas\",\"https:\\\/\\\/www.youtube.com\\\/universidadcaldas\",\"https:\\\/\\\/www.instagram.com\\\/udecaldas\\\/\"]},{\"@type\":\"Person\",\"@id\":\"https:\\\/\\\/www.ucaldas.edu.co\\\/portal\\\/#\\\/schema\\\/person\\\/a1b482e23449158b4bc319926c074fdf\",\"name\":\"ofiprensa\",\"image\":{\"@type\":\"ImageObject\",\"inLanguage\":\"es\",\"@id\":\"https:\\\/\\\/www.ucaldas.edu.co\\\/portal\\\/wp-content\\\/litespeed\\\/avatar\\\/09ea5085e600095a7a811142c6944527.jpg?ver=1777497608\",\"url\":\"https:\\\/\\\/www.ucaldas.edu.co\\\/portal\\\/wp-content\\\/litespeed\\\/avatar\\\/09ea5085e600095a7a811142c6944527.jpg?ver=1777497608\",\"contentUrl\":\"https:\\\/\\\/www.ucaldas.edu.co\\\/portal\\\/wp-content\\\/litespeed\\\/avatar\\\/09ea5085e600095a7a811142c6944527.jpg?ver=1777497608\",\"caption\":\"ofiprensa\"},\"url\":\"https:\\\/\\\/www.ucaldas.edu.co\\\/portal\\\/author\\\/ofiprensa\\\/\"}]}<\/script>\n<!-- \/ Yoast SEO plugin. -->","yoast_head_json":{"title":"Rector y\u00a0 equipo directivo de la Universidad de Caldas conversaron con el estamento estudiantil .","robots":{"index":"index","follow":"follow","max-snippet":"max-snippet:-1","max-image-preview":"max-image-preview:large","max-video-preview":"max-video-preview:-1"},"canonical":"https:\/\/www.ucaldas.edu.co\/portal\/rector-y-equipo-directivo-de-la-universidad-de-caldas-conversaron-con-el-estamento-estudiantil\/","schema":{"@context":"https:\/\/schema.org","@graph":[{"@type":"Article","@id":"https:\/\/www.ucaldas.edu.co\/portal\/rector-y-equipo-directivo-de-la-universidad-de-caldas-conversaron-con-el-estamento-estudiantil\/#article","isPartOf":{"@id":"https:\/\/www.ucaldas.edu.co\/portal\/rector-y-equipo-directivo-de-la-universidad-de-caldas-conversaron-con-el-estamento-estudiantil\/"},"author":{"name":"ofiprensa","@id":"https:\/\/www.ucaldas.edu.co\/portal\/#\/schema\/person\/a1b482e23449158b4bc319926c074fdf"},"headline":"Rector y\u00a0 equipo directivo de la Universidad de Caldas conversaron con el estamento estudiantil","datePublished":"2020-10-29T00:06:18+00:00","dateModified":"2020-10-29T13:28:46+00:00","mainEntityOfPage":{"@id":"https:\/\/www.ucaldas.edu.co\/portal\/rector-y-equipo-directivo-de-la-universidad-de-caldas-conversaron-con-el-estamento-estudiantil\/"},"wordCount":274,"publisher":{"@id":"https:\/\/www.ucaldas.edu.co\/portal\/#organization"},"image":{"@id":"https:\/\/www.ucaldas.edu.co\/portal\/rector-y-equipo-directivo-de-la-universidad-de-caldas-conversaron-con-el-estamento-estudiantil\/#primaryimage"},"thumbnailUrl":"https:\/\/www.ucaldas.edu.co\/portal\/wp-content\/uploads\/2020\/10\/nota-1.png","keywords":["Administraci\u00f3n","estudiantes","comunidad","comunicaci\u00f3n","Facebook Live"],"articleSection":["Actualidad","Universidad al D\u00eda"],"inLanguage":"es"},{"@type":"WebPage","@id":"https:\/\/www.ucaldas.edu.co\/portal\/rector-y-equipo-directivo-de-la-universidad-de-caldas-conversaron-con-el-estamento-estudiantil\/","url":"https:\/\/www.ucaldas.edu.co\/portal\/rector-y-equipo-directivo-de-la-universidad-de-caldas-conversaron-con-el-estamento-estudiantil\/","name":"Rector y\u00a0 equipo directivo de la Universidad de Caldas conversaron con el estamento estudiantil .","isPartOf":{"@id":"https:\/\/www.ucaldas.edu.co\/portal\/#website"},"primaryImageOfPage":{"@id":"https:\/\/www.ucaldas.edu.co\/portal\/rector-y-equipo-directivo-de-la-universidad-de-caldas-conversaron-con-el-estamento-estudiantil\/#primaryimage"},"image":{"@id":"https:\/\/www.ucaldas.edu.co\/portal\/rector-y-equipo-directivo-de-la-universidad-de-caldas-conversaron-con-el-estamento-estudiantil\/#primaryimage"},"thumbnailUrl":"https:\/\/www.ucaldas.edu.co\/portal\/wp-content\/uploads\/2020\/10\/nota-1.png","datePublished":"2020-10-29T00:06:18+00:00","dateModified":"2020-10-29T13:28:46+00:00","breadcrumb":{"@id":"https:\/\/www.ucaldas.edu.co\/portal\/rector-y-equipo-directivo-de-la-universidad-de-caldas-conversaron-con-el-estamento-estudiantil\/#breadcrumb"},"inLanguage":"es","potentialAction":[{"@type":"ReadAction","target":["https:\/\/www.ucaldas.edu.co\/portal\/rector-y-equipo-directivo-de-la-universidad-de-caldas-conversaron-con-el-estamento-estudiantil\/"]}]},{"@type":"ImageObject","inLanguage":"es","@id":"https:\/\/www.ucaldas.edu.co\/portal\/rector-y-equipo-directivo-de-la-universidad-de-caldas-conversaron-con-el-estamento-estudiantil\/#primaryimage","url":"https:\/\/www.ucaldas.edu.co\/portal\/wp-content\/uploads\/2020\/10\/nota-1.png","contentUrl":"https:\/\/www.ucaldas.edu.co\/portal\/wp-content\/uploads\/2020\/10\/nota-1.png","width":700,"height":400},{"@type":"BreadcrumbList","@id":"https:\/\/www.ucaldas.edu.co\/portal\/rector-y-equipo-directivo-de-la-universidad-de-caldas-conversaron-con-el-estamento-estudiantil\/#breadcrumb","itemListElement":[{"@type":"ListItem","position":1,"name":"Portada","item":"https:\/\/www.ucaldas.edu.co\/portal\/"},{"@type":"ListItem","position":2,"name":"Rector y\u00a0 equipo directivo de la Universidad de Caldas conversaron con el estamento estudiantil"}]},{"@type":"WebSite","@id":"https:\/\/www.ucaldas.edu.co\/portal\/#website","url":"https:\/\/www.ucaldas.edu.co\/portal\/","name":"Universidad de Caldas","description":"","publisher":{"@id":"https:\/\/www.ucaldas.edu.co\/portal\/#organization"},"alternateName":"U. de Caldas","potentialAction":[{"@type":"SearchAction","target":{"@type":"EntryPoint","urlTemplate":"https:\/\/www.ucaldas.edu.co\/portal\/?s={search_term_string}"},"query-input":{"@type":"PropertyValueSpecification","valueRequired":true,"valueName":"search_term_string"}}],"inLanguage":"es"},{"@type":"Organization","@id":"https:\/\/www.ucaldas.edu.co\/portal\/#organization","name":"Universidad de Caldas","alternateName":"U. de Caldas","url":"https:\/\/www.ucaldas.edu.co\/portal\/","logo":{"@type":"ImageObject","inLanguage":"es","@id":"https:\/\/www.ucaldas.edu.co\/portal\/#\/schema\/logo\/image\/","url":"https:\/\/www.ucaldas.edu.co\/portal\/wp-content\/uploads\/2023\/11\/Logo_horizontal_oscuroU-2023.png","contentUrl":"https:\/\/www.ucaldas.edu.co\/portal\/wp-content\/uploads\/2023\/11\/Logo_horizontal_oscuroU-2023.png","width":263,"height":101,"caption":"Universidad de Caldas"},"image":{"@id":"https:\/\/www.ucaldas.edu.co\/portal\/#\/schema\/logo\/image\/"},"sameAs":["https:\/\/www.facebook.com\/udecaldas","https:\/\/x.com\/udecaldas","https:\/\/www.youtube.com\/universidadcaldas","https:\/\/www.instagram.com\/udecaldas\/"]},{"@type":"Person","@id":"https:\/\/www.ucaldas.edu.co\/portal\/#\/schema\/person\/a1b482e23449158b4bc319926c074fdf","name":"ofiprensa","image":{"@type":"ImageObject","inLanguage":"es","@id":"https:\/\/www.ucaldas.edu.co\/portal\/wp-content\/litespeed\/avatar\/09ea5085e600095a7a811142c6944527.jpg?ver=1777497608","url":"https:\/\/www.ucaldas.edu.co\/portal\/wp-content\/litespeed\/avatar\/09ea5085e600095a7a811142c6944527.jpg?ver=1777497608","contentUrl":"https:\/\/www.ucaldas.edu.co\/portal\/wp-content\/litespeed\/avatar\/09ea5085e600095a7a811142c6944527.jpg?ver=1777497608","caption":"ofiprensa"},"url":"https:\/\/www.ucaldas.edu.co\/portal\/author\/ofiprensa\/"}]}},"_links":{"self":[{"href":"https:\/\/www.ucaldas.edu.co\/portal\/wp-json\/wp\/v2\/posts\/59348","targetHints":{"allow":["GET"]}}],"collection":[{"href":"https:\/\/www.ucaldas.edu.co\/portal\/wp-json\/wp\/v2\/posts"}],"about":[{"href":"https:\/\/www.ucaldas.edu.co\/portal\/wp-json\/wp\/v2\/types\/post"}],"author":[{"embeddable":true,"href":"https:\/\/www.ucaldas.edu.co\/portal\/wp-json\/wp\/v2\/users\/2"}],"replies":[{"embeddable":true,"href":"https:\/\/www.ucaldas.edu.co\/portal\/wp-json\/wp\/v2\/comments?post=59348"}],"version-history":[{"count":0,"href":"https:\/\/www.ucaldas.edu.co\/portal\/wp-json\/wp\/v2\/posts\/59348\/revisions"}],"wp:featuredmedia":[{"embeddable":true,"href":"https:\/\/www.ucaldas.edu.co\/portal\/wp-json\/wp\/v2\/media\/59349"}],"wp:attachment":[{"href":"https:\/\/www.ucaldas.edu.co\/portal\/wp-json\/wp\/v2\/media?parent=59348"}],"wp:term":[{"taxonomy":"category","embeddable":true,"href":"https:\/\/www.ucaldas.edu.co\/portal\/wp-json\/wp\/v2\/categories?post=59348"},{"taxonomy":"post_tag","embeddable":true,"href":"https:\/\/www.ucaldas.edu.co\/portal\/wp-json\/wp\/v2\/tags?post=59348"}],"curies":[{"name":"wp","href":"https:\/\/api.w.org\/{rel}","templated":true}]}}