{"id":59248,"date":"2020-10-24T00:14:07","date_gmt":"2020-10-24T00:14:07","guid":{"rendered":"https:\/\/www.ucaldas.edu.co\/portal\/?p=59248"},"modified":"2020-10-24T00:14:07","modified_gmt":"2020-10-24T00:14:07","slug":"feria-internacional-de-cine-de-manizales-ficma","status":"publish","type":"post","link":"https:\/\/www.ucaldas.edu.co\/portal\/feria-internacional-de-cine-de-manizales-ficma\/","title":{"rendered":"Feria Internacional de Cine de Manizales FICMA"},"content":{"rendered":"<p style=\"text-align: center;\">BRINDAR\u00c1 DIFERENTES ESPACIOS COMO CINEMA M\u00d3VIL<\/p>\n<p style=\"text-align: center;\"><strong>Feria Internacional de Cine de Manizales FICMA<\/strong><\/p>\n<p style=\"text-align: right;\">23\/10\/2020<\/p>\n<p><img loading=\"lazy\" decoding=\"async\" class=\"size-full wp-image-59249 aligncenter\" src=\"https:\/\/www.ucaldas.edu.co\/portal\/wp-content\/uploads\/2020\/10\/ficma.jpg\" alt=\"\" width=\"700\" height=\"400\" srcset=\"https:\/\/www.ucaldas.edu.co\/portal\/wp-content\/uploads\/2020\/10\/ficma.jpg 700w, https:\/\/www.ucaldas.edu.co\/portal\/wp-content\/uploads\/2020\/10\/ficma-300x171.jpg 300w\" sizes=\"auto, (max-width: 700px) 100vw, 700px\" \/><\/p>\n<p>Del 24 al 30 de octubre inicia la D\u00e9cimo Primera edici\u00f3n de Feria Internacional de Cine de Manizales FICMA, denominada \u201cSomos la salvaje esperanza\u201d a trav\u00e9s de las plataformas Mowies y Twitch.<\/p>\n<p><!--more--><\/p>\n<p>Federico Zapata, Director de la Feria Internacional de Cine de Manizales FICMA, comenta que \u201cSomos la salvaje esperanza\u201d se refiere a un canto de batalla po\u00e9tica frente a los tiempos de la desesperanza y miedo, como una manera de sublevar los sentidos y tejer colectivamente una cartograf\u00eda expandida que permita habitar en ese lugar que los seres humanos est\u00e1n por inventar, un lugar que permita ser otros lugares y otras marchas incesantes hacia la puesta en escena de esa pel\u00edcula en turbulencia que agita los ojos y tiembla el alma.<\/p>\n<p>&nbsp;<\/p>\n<p>Este a\u00f1o el evento se realizar\u00e1 en escenarios virtuales e intervenciones de orden perform\u00e1tico y expositivo en los espacios p\u00fablicos, brindando la posibilidad de que el cine cobre vida desde el ritual de los encuentros simb\u00f3licos.<\/p>\n<p>&nbsp;<\/p>\n<p>En la Feria se estrenar\u00e1n los siguientes t\u00edtulos:<\/p>\n<p>&nbsp;<\/p>\n<ul>\n<li>Indianara (2019) \/ Brasil. Marcelo Barbosa.<\/li>\n<li>La Cordill\u00e8re des songes (2019) \/ Francia. Patricio Guzm\u00e1n.<\/li>\n<li>El viaje de Monalisa (2019) \/ Chile. Nicole Costa.<\/li>\n<li>Burkinab\u00e8 Bounty, agroecolog\u00eda en Burkina Faso (2019) \/ Italia \u2013 Bulgaria &#8211; Burkina Faso. Lara Lee.<\/li>\n<li>Syst\u00e8me K (2019) \/ Francia. Renaud Barret.<\/li>\n<li>La utop\u00eda de la mariposa (2019) \/M\u00e9xico. Jos\u00e9 Miguel Jaime Crespo.<\/li>\n<li>This is not a burial, It\u2019s a resurrection (2019) \/ Lemohang Jeremiah Mosese. Lesotho.<\/li>\n<li>(2019) \/ Chile. Joanna Reposi Garibaldi.<\/li>\n<\/ul>\n<p>&nbsp;<\/p>\n<p>Adem\u00e1s de los estrenos, el FICMA brindar\u00e1 diferentes espacios como Cinema M\u00f3vil, el cine que llegar\u00e1 en las noches a los barrios de Manizales; Conversatorios a trav\u00e9s de Facebook Live con invitados especiales; y Cinema Telecaf\u00e9 con programaci\u00f3n por el canal.<\/p>\n<p>&nbsp;<\/p>\n<p><strong><a href=\"https:\/\/www.redespiral.com\/ficma\/\">M\u00e1s informaci\u00f3n aqu\u00ed.<\/a><\/strong><\/p>\n<p><strong><a href=\"https:\/\/www.ucaldas.edu.co\/portal\/wp-content\/uploads\/2020\/10\/PROGRAMACI\u00d3N-FICMA11_compressed.pdf\">Programaci\u00f3n.<\/a><\/strong><\/p>\n<p>&nbsp;<\/p>\n<p><strong>Anexo:<\/strong><\/p>\n<p><strong><a href=\"https:\/\/www.ucaldas.edu.co\/portal\/wp-content\/uploads\/2020\/10\/federico-ficma.mp3\">Audio Director de FICMA Federico Zapata.<\/a><\/strong><\/p>\n<p>&nbsp;<\/p>\n<p><strong>Informes: <\/strong>Oficina de Comunicaciones y Prensa Universidad de Caldas.<\/p>\n<p><strong>Redacci\u00f3n:<\/strong> Mateo Buritic\u00e1 Giraldo<\/p>\n<p>&nbsp;<\/p>\n","protected":false},"excerpt":{"rendered":"<p>BRINDAR\u00c1 DIFERENTES ESPACIOS COMO CINEMA M\u00d3VIL Feria Internacional de Cine de Manizales FICMA 23\/10\/2020 Del 24 al 30 de octubre inicia la D\u00e9cimo Primera edici\u00f3n de Feria Internacional de Cine de Manizales FICMA, denominada \u201cSomos la salvaje esperanza\u201d a trav\u00e9s de las plataformas Mowies y Twitch.<\/p>\n","protected":false},"author":2,"featured_media":59249,"comment_status":"closed","ping_status":"open","sticky":false,"template":"","format":"standard","meta":{"footnotes":""},"categories":[48,53,62],"tags":[4246,5409,5410],"class_list":["post-59248","post","type-post","status-publish","format-standard","has-post-thumbnail","hentry","category-actualidad","category-universidad-al-dia","category-eventos","tag-ficma","tag-festival-de-cine","tag-salvaje-esperanza"],"yoast_head":"<!-- This site is optimized with the Yoast SEO plugin v27.5 - https:\/\/yoast.com\/product\/yoast-seo-wordpress\/ -->\n<title>Feria Internacional de Cine de Manizales FICMA .<\/title>\n<meta name=\"robots\" content=\"index, follow, max-snippet:-1, max-image-preview:large, max-video-preview:-1\" \/>\n<link rel=\"canonical\" href=\"https:\/\/www.ucaldas.edu.co\/portal\/feria-internacional-de-cine-de-manizales-ficma\/\" \/>\n<script type=\"application\/ld+json\" class=\"yoast-schema-graph\">{\"@context\":\"https:\\\/\\\/schema.org\",\"@graph\":[{\"@type\":\"Article\",\"@id\":\"https:\\\/\\\/www.ucaldas.edu.co\\\/portal\\\/feria-internacional-de-cine-de-manizales-ficma\\\/#article\",\"isPartOf\":{\"@id\":\"https:\\\/\\\/www.ucaldas.edu.co\\\/portal\\\/feria-internacional-de-cine-de-manizales-ficma\\\/\"},\"author\":{\"name\":\"ofiprensa\",\"@id\":\"https:\\\/\\\/www.ucaldas.edu.co\\\/portal\\\/#\\\/schema\\\/person\\\/a1b482e23449158b4bc319926c074fdf\"},\"headline\":\"Feria Internacional de Cine de Manizales FICMA\",\"datePublished\":\"2020-10-24T00:14:07+00:00\",\"mainEntityOfPage\":{\"@id\":\"https:\\\/\\\/www.ucaldas.edu.co\\\/portal\\\/feria-internacional-de-cine-de-manizales-ficma\\\/\"},\"wordCount\":348,\"publisher\":{\"@id\":\"https:\\\/\\\/www.ucaldas.edu.co\\\/portal\\\/#organization\"},\"image\":{\"@id\":\"https:\\\/\\\/www.ucaldas.edu.co\\\/portal\\\/feria-internacional-de-cine-de-manizales-ficma\\\/#primaryimage\"},\"thumbnailUrl\":\"https:\\\/\\\/www.ucaldas.edu.co\\\/portal\\\/wp-content\\\/uploads\\\/2020\\\/10\\\/ficma.jpg\",\"keywords\":[\"FICMA\",\"festival de cine\",\"salvaje esperanza\"],\"articleSection\":[\"Actualidad\",\"Universidad al D\u00eda\",\"Eventos\"],\"inLanguage\":\"es\"},{\"@type\":\"WebPage\",\"@id\":\"https:\\\/\\\/www.ucaldas.edu.co\\\/portal\\\/feria-internacional-de-cine-de-manizales-ficma\\\/\",\"url\":\"https:\\\/\\\/www.ucaldas.edu.co\\\/portal\\\/feria-internacional-de-cine-de-manizales-ficma\\\/\",\"name\":\"Feria Internacional de Cine de Manizales FICMA .\",\"isPartOf\":{\"@id\":\"https:\\\/\\\/www.ucaldas.edu.co\\\/portal\\\/#website\"},\"primaryImageOfPage\":{\"@id\":\"https:\\\/\\\/www.ucaldas.edu.co\\\/portal\\\/feria-internacional-de-cine-de-manizales-ficma\\\/#primaryimage\"},\"image\":{\"@id\":\"https:\\\/\\\/www.ucaldas.edu.co\\\/portal\\\/feria-internacional-de-cine-de-manizales-ficma\\\/#primaryimage\"},\"thumbnailUrl\":\"https:\\\/\\\/www.ucaldas.edu.co\\\/portal\\\/wp-content\\\/uploads\\\/2020\\\/10\\\/ficma.jpg\",\"datePublished\":\"2020-10-24T00:14:07+00:00\",\"breadcrumb\":{\"@id\":\"https:\\\/\\\/www.ucaldas.edu.co\\\/portal\\\/feria-internacional-de-cine-de-manizales-ficma\\\/#breadcrumb\"},\"inLanguage\":\"es\",\"potentialAction\":[{\"@type\":\"ReadAction\",\"target\":[\"https:\\\/\\\/www.ucaldas.edu.co\\\/portal\\\/feria-internacional-de-cine-de-manizales-ficma\\\/\"]}]},{\"@type\":\"ImageObject\",\"inLanguage\":\"es\",\"@id\":\"https:\\\/\\\/www.ucaldas.edu.co\\\/portal\\\/feria-internacional-de-cine-de-manizales-ficma\\\/#primaryimage\",\"url\":\"https:\\\/\\\/www.ucaldas.edu.co\\\/portal\\\/wp-content\\\/uploads\\\/2020\\\/10\\\/ficma.jpg\",\"contentUrl\":\"https:\\\/\\\/www.ucaldas.edu.co\\\/portal\\\/wp-content\\\/uploads\\\/2020\\\/10\\\/ficma.jpg\",\"width\":700,\"height\":400},{\"@type\":\"BreadcrumbList\",\"@id\":\"https:\\\/\\\/www.ucaldas.edu.co\\\/portal\\\/feria-internacional-de-cine-de-manizales-ficma\\\/#breadcrumb\",\"itemListElement\":[{\"@type\":\"ListItem\",\"position\":1,\"name\":\"Portada\",\"item\":\"https:\\\/\\\/www.ucaldas.edu.co\\\/portal\\\/\"},{\"@type\":\"ListItem\",\"position\":2,\"name\":\"Feria Internacional de Cine de Manizales FICMA\"}]},{\"@type\":\"WebSite\",\"@id\":\"https:\\\/\\\/www.ucaldas.edu.co\\\/portal\\\/#website\",\"url\":\"https:\\\/\\\/www.ucaldas.edu.co\\\/portal\\\/\",\"name\":\"Universidad de Caldas\",\"description\":\"\",\"publisher\":{\"@id\":\"https:\\\/\\\/www.ucaldas.edu.co\\\/portal\\\/#organization\"},\"alternateName\":\"U. de Caldas\",\"potentialAction\":[{\"@type\":\"SearchAction\",\"target\":{\"@type\":\"EntryPoint\",\"urlTemplate\":\"https:\\\/\\\/www.ucaldas.edu.co\\\/portal\\\/?s={search_term_string}\"},\"query-input\":{\"@type\":\"PropertyValueSpecification\",\"valueRequired\":true,\"valueName\":\"search_term_string\"}}],\"inLanguage\":\"es\"},{\"@type\":\"Organization\",\"@id\":\"https:\\\/\\\/www.ucaldas.edu.co\\\/portal\\\/#organization\",\"name\":\"Universidad de Caldas\",\"alternateName\":\"U. de Caldas\",\"url\":\"https:\\\/\\\/www.ucaldas.edu.co\\\/portal\\\/\",\"logo\":{\"@type\":\"ImageObject\",\"inLanguage\":\"es\",\"@id\":\"https:\\\/\\\/www.ucaldas.edu.co\\\/portal\\\/#\\\/schema\\\/logo\\\/image\\\/\",\"url\":\"https:\\\/\\\/www.ucaldas.edu.co\\\/portal\\\/wp-content\\\/uploads\\\/2023\\\/11\\\/Logo_horizontal_oscuroU-2023.png\",\"contentUrl\":\"https:\\\/\\\/www.ucaldas.edu.co\\\/portal\\\/wp-content\\\/uploads\\\/2023\\\/11\\\/Logo_horizontal_oscuroU-2023.png\",\"width\":263,\"height\":101,\"caption\":\"Universidad de Caldas\"},\"image\":{\"@id\":\"https:\\\/\\\/www.ucaldas.edu.co\\\/portal\\\/#\\\/schema\\\/logo\\\/image\\\/\"},\"sameAs\":[\"https:\\\/\\\/www.facebook.com\\\/udecaldas\",\"https:\\\/\\\/x.com\\\/udecaldas\",\"https:\\\/\\\/www.youtube.com\\\/universidadcaldas\",\"https:\\\/\\\/www.instagram.com\\\/udecaldas\\\/\"]},{\"@type\":\"Person\",\"@id\":\"https:\\\/\\\/www.ucaldas.edu.co\\\/portal\\\/#\\\/schema\\\/person\\\/a1b482e23449158b4bc319926c074fdf\",\"name\":\"ofiprensa\",\"image\":{\"@type\":\"ImageObject\",\"inLanguage\":\"es\",\"@id\":\"https:\\\/\\\/www.ucaldas.edu.co\\\/portal\\\/wp-content\\\/litespeed\\\/avatar\\\/09ea5085e600095a7a811142c6944527.jpg?ver=1777497608\",\"url\":\"https:\\\/\\\/www.ucaldas.edu.co\\\/portal\\\/wp-content\\\/litespeed\\\/avatar\\\/09ea5085e600095a7a811142c6944527.jpg?ver=1777497608\",\"contentUrl\":\"https:\\\/\\\/www.ucaldas.edu.co\\\/portal\\\/wp-content\\\/litespeed\\\/avatar\\\/09ea5085e600095a7a811142c6944527.jpg?ver=1777497608\",\"caption\":\"ofiprensa\"},\"url\":\"https:\\\/\\\/www.ucaldas.edu.co\\\/portal\\\/author\\\/ofiprensa\\\/\"}]}<\/script>\n<!-- \/ Yoast SEO plugin. -->","yoast_head_json":{"title":"Feria Internacional de Cine de Manizales FICMA .","robots":{"index":"index","follow":"follow","max-snippet":"max-snippet:-1","max-image-preview":"max-image-preview:large","max-video-preview":"max-video-preview:-1"},"canonical":"https:\/\/www.ucaldas.edu.co\/portal\/feria-internacional-de-cine-de-manizales-ficma\/","schema":{"@context":"https:\/\/schema.org","@graph":[{"@type":"Article","@id":"https:\/\/www.ucaldas.edu.co\/portal\/feria-internacional-de-cine-de-manizales-ficma\/#article","isPartOf":{"@id":"https:\/\/www.ucaldas.edu.co\/portal\/feria-internacional-de-cine-de-manizales-ficma\/"},"author":{"name":"ofiprensa","@id":"https:\/\/www.ucaldas.edu.co\/portal\/#\/schema\/person\/a1b482e23449158b4bc319926c074fdf"},"headline":"Feria Internacional de Cine de Manizales FICMA","datePublished":"2020-10-24T00:14:07+00:00","mainEntityOfPage":{"@id":"https:\/\/www.ucaldas.edu.co\/portal\/feria-internacional-de-cine-de-manizales-ficma\/"},"wordCount":348,"publisher":{"@id":"https:\/\/www.ucaldas.edu.co\/portal\/#organization"},"image":{"@id":"https:\/\/www.ucaldas.edu.co\/portal\/feria-internacional-de-cine-de-manizales-ficma\/#primaryimage"},"thumbnailUrl":"https:\/\/www.ucaldas.edu.co\/portal\/wp-content\/uploads\/2020\/10\/ficma.jpg","keywords":["FICMA","festival de cine","salvaje esperanza"],"articleSection":["Actualidad","Universidad al D\u00eda","Eventos"],"inLanguage":"es"},{"@type":"WebPage","@id":"https:\/\/www.ucaldas.edu.co\/portal\/feria-internacional-de-cine-de-manizales-ficma\/","url":"https:\/\/www.ucaldas.edu.co\/portal\/feria-internacional-de-cine-de-manizales-ficma\/","name":"Feria Internacional de Cine de Manizales FICMA .","isPartOf":{"@id":"https:\/\/www.ucaldas.edu.co\/portal\/#website"},"primaryImageOfPage":{"@id":"https:\/\/www.ucaldas.edu.co\/portal\/feria-internacional-de-cine-de-manizales-ficma\/#primaryimage"},"image":{"@id":"https:\/\/www.ucaldas.edu.co\/portal\/feria-internacional-de-cine-de-manizales-ficma\/#primaryimage"},"thumbnailUrl":"https:\/\/www.ucaldas.edu.co\/portal\/wp-content\/uploads\/2020\/10\/ficma.jpg","datePublished":"2020-10-24T00:14:07+00:00","breadcrumb":{"@id":"https:\/\/www.ucaldas.edu.co\/portal\/feria-internacional-de-cine-de-manizales-ficma\/#breadcrumb"},"inLanguage":"es","potentialAction":[{"@type":"ReadAction","target":["https:\/\/www.ucaldas.edu.co\/portal\/feria-internacional-de-cine-de-manizales-ficma\/"]}]},{"@type":"ImageObject","inLanguage":"es","@id":"https:\/\/www.ucaldas.edu.co\/portal\/feria-internacional-de-cine-de-manizales-ficma\/#primaryimage","url":"https:\/\/www.ucaldas.edu.co\/portal\/wp-content\/uploads\/2020\/10\/ficma.jpg","contentUrl":"https:\/\/www.ucaldas.edu.co\/portal\/wp-content\/uploads\/2020\/10\/ficma.jpg","width":700,"height":400},{"@type":"BreadcrumbList","@id":"https:\/\/www.ucaldas.edu.co\/portal\/feria-internacional-de-cine-de-manizales-ficma\/#breadcrumb","itemListElement":[{"@type":"ListItem","position":1,"name":"Portada","item":"https:\/\/www.ucaldas.edu.co\/portal\/"},{"@type":"ListItem","position":2,"name":"Feria Internacional de Cine de Manizales FICMA"}]},{"@type":"WebSite","@id":"https:\/\/www.ucaldas.edu.co\/portal\/#website","url":"https:\/\/www.ucaldas.edu.co\/portal\/","name":"Universidad de Caldas","description":"","publisher":{"@id":"https:\/\/www.ucaldas.edu.co\/portal\/#organization"},"alternateName":"U. de Caldas","potentialAction":[{"@type":"SearchAction","target":{"@type":"EntryPoint","urlTemplate":"https:\/\/www.ucaldas.edu.co\/portal\/?s={search_term_string}"},"query-input":{"@type":"PropertyValueSpecification","valueRequired":true,"valueName":"search_term_string"}}],"inLanguage":"es"},{"@type":"Organization","@id":"https:\/\/www.ucaldas.edu.co\/portal\/#organization","name":"Universidad de Caldas","alternateName":"U. de Caldas","url":"https:\/\/www.ucaldas.edu.co\/portal\/","logo":{"@type":"ImageObject","inLanguage":"es","@id":"https:\/\/www.ucaldas.edu.co\/portal\/#\/schema\/logo\/image\/","url":"https:\/\/www.ucaldas.edu.co\/portal\/wp-content\/uploads\/2023\/11\/Logo_horizontal_oscuroU-2023.png","contentUrl":"https:\/\/www.ucaldas.edu.co\/portal\/wp-content\/uploads\/2023\/11\/Logo_horizontal_oscuroU-2023.png","width":263,"height":101,"caption":"Universidad de Caldas"},"image":{"@id":"https:\/\/www.ucaldas.edu.co\/portal\/#\/schema\/logo\/image\/"},"sameAs":["https:\/\/www.facebook.com\/udecaldas","https:\/\/x.com\/udecaldas","https:\/\/www.youtube.com\/universidadcaldas","https:\/\/www.instagram.com\/udecaldas\/"]},{"@type":"Person","@id":"https:\/\/www.ucaldas.edu.co\/portal\/#\/schema\/person\/a1b482e23449158b4bc319926c074fdf","name":"ofiprensa","image":{"@type":"ImageObject","inLanguage":"es","@id":"https:\/\/www.ucaldas.edu.co\/portal\/wp-content\/litespeed\/avatar\/09ea5085e600095a7a811142c6944527.jpg?ver=1777497608","url":"https:\/\/www.ucaldas.edu.co\/portal\/wp-content\/litespeed\/avatar\/09ea5085e600095a7a811142c6944527.jpg?ver=1777497608","contentUrl":"https:\/\/www.ucaldas.edu.co\/portal\/wp-content\/litespeed\/avatar\/09ea5085e600095a7a811142c6944527.jpg?ver=1777497608","caption":"ofiprensa"},"url":"https:\/\/www.ucaldas.edu.co\/portal\/author\/ofiprensa\/"}]}},"_links":{"self":[{"href":"https:\/\/www.ucaldas.edu.co\/portal\/wp-json\/wp\/v2\/posts\/59248","targetHints":{"allow":["GET"]}}],"collection":[{"href":"https:\/\/www.ucaldas.edu.co\/portal\/wp-json\/wp\/v2\/posts"}],"about":[{"href":"https:\/\/www.ucaldas.edu.co\/portal\/wp-json\/wp\/v2\/types\/post"}],"author":[{"embeddable":true,"href":"https:\/\/www.ucaldas.edu.co\/portal\/wp-json\/wp\/v2\/users\/2"}],"replies":[{"embeddable":true,"href":"https:\/\/www.ucaldas.edu.co\/portal\/wp-json\/wp\/v2\/comments?post=59248"}],"version-history":[{"count":0,"href":"https:\/\/www.ucaldas.edu.co\/portal\/wp-json\/wp\/v2\/posts\/59248\/revisions"}],"wp:featuredmedia":[{"embeddable":true,"href":"https:\/\/www.ucaldas.edu.co\/portal\/wp-json\/wp\/v2\/media\/59249"}],"wp:attachment":[{"href":"https:\/\/www.ucaldas.edu.co\/portal\/wp-json\/wp\/v2\/media?parent=59248"}],"wp:term":[{"taxonomy":"category","embeddable":true,"href":"https:\/\/www.ucaldas.edu.co\/portal\/wp-json\/wp\/v2\/categories?post=59248"},{"taxonomy":"post_tag","embeddable":true,"href":"https:\/\/www.ucaldas.edu.co\/portal\/wp-json\/wp\/v2\/tags?post=59248"}],"curies":[{"name":"wp","href":"https:\/\/api.w.org\/{rel}","templated":true}]}}