{"id":59106,"date":"2020-10-20T00:18:51","date_gmt":"2020-10-20T00:18:51","guid":{"rendered":"https:\/\/www.ucaldas.edu.co\/portal\/?p=59106"},"modified":"2020-10-20T00:18:51","modified_gmt":"2020-10-20T00:18:51","slug":"instalacion-del-consejo-nacional-de-politicas-publicas-de-juventud","status":"publish","type":"post","link":"https:\/\/www.ucaldas.edu.co\/portal\/instalacion-del-consejo-nacional-de-politicas-publicas-de-juventud\/","title":{"rendered":"Instalaci\u00f3n \u00a0del Consejo Nacional de Pol\u00edticas P\u00fablicas de Juventud"},"content":{"rendered":"<p style=\"text-align: center;\">EVENTO DE MINCIENCIAS ESTE MARTES 20 DE OCTUBRE<\/p>\n<p style=\"text-align: center;\"><strong>Instalaci\u00f3n \u00a0del Consejo Nacional de Pol\u00edticas P\u00fablicas de Juventud<\/strong><\/p>\n<p style=\"text-align: right;\">19\/10\/2020<\/p>\n<p>&nbsp;<\/p>\n<p><img loading=\"lazy\" decoding=\"async\" class=\"alignnone size-full wp-image-59107 aligncenter\" src=\"https:\/\/www.ucaldas.edu.co\/portal\/wp-content\/uploads\/2020\/10\/JUVENTUD.jpg\" alt=\"\" width=\"450\" height=\"300\" srcset=\"https:\/\/www.ucaldas.edu.co\/portal\/wp-content\/uploads\/2020\/10\/JUVENTUD.jpg 450w, https:\/\/www.ucaldas.edu.co\/portal\/wp-content\/uploads\/2020\/10\/JUVENTUD-300x200.jpg 300w\" sizes=\"auto, (max-width: 450px) 100vw, 450px\" \/><\/p>\n<p>La instalaci\u00f3n del Consejo Nacional de Pol\u00edticas P\u00fablicas de Juventud, en adelante CNPPJ, es un hito frente a la consolidaci\u00f3n del Sistema Nacional de Juventud creado desde 2013 por medio del Estatuto de Ciudadan\u00eda Juvenil, Ley 1622. Con ello se pondr\u00e1 en funcionamiento la instancia encargada de articular la definici\u00f3n, seguimiento y evaluaci\u00f3n de las pol\u00edticas de prevenci\u00f3n, protecci\u00f3n, promoci\u00f3n y garant\u00eda de los derechos de los j\u00f3venes a nivel nacional.<\/p>\n<p><!--more--><\/p>\n<p>As\u00ed, se podr\u00e1 avanzar en la adopci\u00f3n de pol\u00edticas, programas y acciones dirigidas a los j\u00f3venes y hacer un seguimiento y evaluaci\u00f3n frente al impacto de las mismas.<\/p>\n<p>Por otra parte, la emergencia sanitaria derivada del COVID-19 es una oportunidad para avanzar en el dise\u00f1o e implementaci\u00f3n de estrategias que promuevan en los j\u00f3venes el acceso al empleo, la creaci\u00f3n de nuevos emprendimientos, la permanencia en el sistema educativo y la salud mental, entre otros aspectos que redunden en el bienestar de la juventud. As\u00ed, la instalaci\u00f3n del referido Consejo, tiene como prop\u00f3sito avanzar en dos aspectos fundamentales para nuestros j\u00f3venes:<\/p>\n<ul>\n<li>Anunciar un paquete de medidas en materia de empleo, emprendimiento y oportunidades para los j\u00f3venes.<\/li>\n<li>El modelo de articulaci\u00f3n interinstitucional de la estrategia SAC\u00daDETE.<\/li>\n<\/ul>\n<p>La instalaci\u00f3n del CNPPJ, se llevar\u00e1 a cabo el pr\u00f3ximo 20 de octubre en el Centro de Convenciones \u00c1gora, en la ciudad de Bogot\u00e1 y ser\u00e1 transmitida a trav\u00e9s de las redes sociales de Minciencias all\u00ed adem\u00e1s se anunciar\u00e1n un paquete de medidas y acciones para la atenci\u00f3n del empleo, el emprendimiento y oportunidades para los j\u00f3venes.<\/p>\n<p>&nbsp;<\/p>\n<p>&nbsp;<\/p>\n<p><strong>Informes: <\/strong>Oficina de Comunicaciones y Prensa Universidad de Caldas.<\/p>\n<p><strong>Redacci\u00f3n:<\/strong> Prensa Minciencias<\/p>\n<p>&nbsp;<\/p>\n<p>&nbsp;<\/p>\n","protected":false},"excerpt":{"rendered":"<p>EVENTO DE MINCIENCIAS ESTE MARTES 20 DE OCTUBRE Instalaci\u00f3n \u00a0del Consejo Nacional de Pol\u00edticas P\u00fablicas de Juventud 19\/10\/2020 &nbsp; La instalaci\u00f3n del Consejo Nacional de Pol\u00edticas P\u00fablicas de Juventud, en adelante CNPPJ, es un hito frente a la consolidaci\u00f3n del Sistema Nacional de Juventud creado desde 2013 por medio del Estatuto de Ciudadan\u00eda Juvenil, Ley [&hellip;]<\/p>\n","protected":false},"author":2,"featured_media":59107,"comment_status":"closed","ping_status":"open","sticky":false,"template":"","format":"standard","meta":{"footnotes":""},"categories":[48,53,62],"tags":[429,432,2911,3962,4543],"class_list":["post-59106","post","type-post","status-publish","format-standard","has-post-thumbnail","hentry","category-actualidad","category-universidad-al-dia","category-eventos","tag-emprendimiento","tag-jovenes","tag-oportunidades","tag-consejo","tag-minciencias"],"yoast_head":"<!-- This site is optimized with the Yoast SEO plugin v27.5 - https:\/\/yoast.com\/product\/yoast-seo-wordpress\/ -->\n<title>Instalaci\u00f3n \u00a0del Consejo Nacional de Pol\u00edticas P\u00fablicas de Juventud .<\/title>\n<meta name=\"robots\" content=\"index, follow, max-snippet:-1, max-image-preview:large, max-video-preview:-1\" \/>\n<link rel=\"canonical\" href=\"https:\/\/www.ucaldas.edu.co\/portal\/instalacion-del-consejo-nacional-de-politicas-publicas-de-juventud\/\" \/>\n<script type=\"application\/ld+json\" class=\"yoast-schema-graph\">{\"@context\":\"https:\\\/\\\/schema.org\",\"@graph\":[{\"@type\":\"Article\",\"@id\":\"https:\\\/\\\/www.ucaldas.edu.co\\\/portal\\\/instalacion-del-consejo-nacional-de-politicas-publicas-de-juventud\\\/#article\",\"isPartOf\":{\"@id\":\"https:\\\/\\\/www.ucaldas.edu.co\\\/portal\\\/instalacion-del-consejo-nacional-de-politicas-publicas-de-juventud\\\/\"},\"author\":{\"name\":\"ofiprensa\",\"@id\":\"https:\\\/\\\/www.ucaldas.edu.co\\\/portal\\\/#\\\/schema\\\/person\\\/a1b482e23449158b4bc319926c074fdf\"},\"headline\":\"Instalaci\u00f3n \u00a0del Consejo Nacional de Pol\u00edticas P\u00fablicas de Juventud\",\"datePublished\":\"2020-10-20T00:18:51+00:00\",\"mainEntityOfPage\":{\"@id\":\"https:\\\/\\\/www.ucaldas.edu.co\\\/portal\\\/instalacion-del-consejo-nacional-de-politicas-publicas-de-juventud\\\/\"},\"wordCount\":333,\"publisher\":{\"@id\":\"https:\\\/\\\/www.ucaldas.edu.co\\\/portal\\\/#organization\"},\"image\":{\"@id\":\"https:\\\/\\\/www.ucaldas.edu.co\\\/portal\\\/instalacion-del-consejo-nacional-de-politicas-publicas-de-juventud\\\/#primaryimage\"},\"thumbnailUrl\":\"https:\\\/\\\/www.ucaldas.edu.co\\\/portal\\\/wp-content\\\/uploads\\\/2020\\\/10\\\/JUVENTUD.jpg\",\"keywords\":[\"Emprendimiento\",\"j\u00f3venes\",\"Oportunidades\",\"consejo\",\"Minciencias\"],\"articleSection\":[\"Actualidad\",\"Universidad al D\u00eda\",\"Eventos\"],\"inLanguage\":\"es\"},{\"@type\":\"WebPage\",\"@id\":\"https:\\\/\\\/www.ucaldas.edu.co\\\/portal\\\/instalacion-del-consejo-nacional-de-politicas-publicas-de-juventud\\\/\",\"url\":\"https:\\\/\\\/www.ucaldas.edu.co\\\/portal\\\/instalacion-del-consejo-nacional-de-politicas-publicas-de-juventud\\\/\",\"name\":\"Instalaci\u00f3n \u00a0del Consejo Nacional de Pol\u00edticas P\u00fablicas de Juventud .\",\"isPartOf\":{\"@id\":\"https:\\\/\\\/www.ucaldas.edu.co\\\/portal\\\/#website\"},\"primaryImageOfPage\":{\"@id\":\"https:\\\/\\\/www.ucaldas.edu.co\\\/portal\\\/instalacion-del-consejo-nacional-de-politicas-publicas-de-juventud\\\/#primaryimage\"},\"image\":{\"@id\":\"https:\\\/\\\/www.ucaldas.edu.co\\\/portal\\\/instalacion-del-consejo-nacional-de-politicas-publicas-de-juventud\\\/#primaryimage\"},\"thumbnailUrl\":\"https:\\\/\\\/www.ucaldas.edu.co\\\/portal\\\/wp-content\\\/uploads\\\/2020\\\/10\\\/JUVENTUD.jpg\",\"datePublished\":\"2020-10-20T00:18:51+00:00\",\"breadcrumb\":{\"@id\":\"https:\\\/\\\/www.ucaldas.edu.co\\\/portal\\\/instalacion-del-consejo-nacional-de-politicas-publicas-de-juventud\\\/#breadcrumb\"},\"inLanguage\":\"es\",\"potentialAction\":[{\"@type\":\"ReadAction\",\"target\":[\"https:\\\/\\\/www.ucaldas.edu.co\\\/portal\\\/instalacion-del-consejo-nacional-de-politicas-publicas-de-juventud\\\/\"]}]},{\"@type\":\"ImageObject\",\"inLanguage\":\"es\",\"@id\":\"https:\\\/\\\/www.ucaldas.edu.co\\\/portal\\\/instalacion-del-consejo-nacional-de-politicas-publicas-de-juventud\\\/#primaryimage\",\"url\":\"https:\\\/\\\/www.ucaldas.edu.co\\\/portal\\\/wp-content\\\/uploads\\\/2020\\\/10\\\/JUVENTUD.jpg\",\"contentUrl\":\"https:\\\/\\\/www.ucaldas.edu.co\\\/portal\\\/wp-content\\\/uploads\\\/2020\\\/10\\\/JUVENTUD.jpg\",\"width\":450,\"height\":300},{\"@type\":\"BreadcrumbList\",\"@id\":\"https:\\\/\\\/www.ucaldas.edu.co\\\/portal\\\/instalacion-del-consejo-nacional-de-politicas-publicas-de-juventud\\\/#breadcrumb\",\"itemListElement\":[{\"@type\":\"ListItem\",\"position\":1,\"name\":\"Portada\",\"item\":\"https:\\\/\\\/www.ucaldas.edu.co\\\/portal\\\/\"},{\"@type\":\"ListItem\",\"position\":2,\"name\":\"Instalaci\u00f3n \u00a0del Consejo Nacional de Pol\u00edticas P\u00fablicas de Juventud\"}]},{\"@type\":\"WebSite\",\"@id\":\"https:\\\/\\\/www.ucaldas.edu.co\\\/portal\\\/#website\",\"url\":\"https:\\\/\\\/www.ucaldas.edu.co\\\/portal\\\/\",\"name\":\"Universidad de Caldas\",\"description\":\"\",\"publisher\":{\"@id\":\"https:\\\/\\\/www.ucaldas.edu.co\\\/portal\\\/#organization\"},\"alternateName\":\"U. de Caldas\",\"potentialAction\":[{\"@type\":\"SearchAction\",\"target\":{\"@type\":\"EntryPoint\",\"urlTemplate\":\"https:\\\/\\\/www.ucaldas.edu.co\\\/portal\\\/?s={search_term_string}\"},\"query-input\":{\"@type\":\"PropertyValueSpecification\",\"valueRequired\":true,\"valueName\":\"search_term_string\"}}],\"inLanguage\":\"es\"},{\"@type\":\"Organization\",\"@id\":\"https:\\\/\\\/www.ucaldas.edu.co\\\/portal\\\/#organization\",\"name\":\"Universidad de Caldas\",\"alternateName\":\"U. de Caldas\",\"url\":\"https:\\\/\\\/www.ucaldas.edu.co\\\/portal\\\/\",\"logo\":{\"@type\":\"ImageObject\",\"inLanguage\":\"es\",\"@id\":\"https:\\\/\\\/www.ucaldas.edu.co\\\/portal\\\/#\\\/schema\\\/logo\\\/image\\\/\",\"url\":\"https:\\\/\\\/www.ucaldas.edu.co\\\/portal\\\/wp-content\\\/uploads\\\/2023\\\/11\\\/Logo_horizontal_oscuroU-2023.png\",\"contentUrl\":\"https:\\\/\\\/www.ucaldas.edu.co\\\/portal\\\/wp-content\\\/uploads\\\/2023\\\/11\\\/Logo_horizontal_oscuroU-2023.png\",\"width\":263,\"height\":101,\"caption\":\"Universidad de Caldas\"},\"image\":{\"@id\":\"https:\\\/\\\/www.ucaldas.edu.co\\\/portal\\\/#\\\/schema\\\/logo\\\/image\\\/\"},\"sameAs\":[\"https:\\\/\\\/www.facebook.com\\\/udecaldas\",\"https:\\\/\\\/x.com\\\/udecaldas\",\"https:\\\/\\\/www.youtube.com\\\/universidadcaldas\",\"https:\\\/\\\/www.instagram.com\\\/udecaldas\\\/\"]},{\"@type\":\"Person\",\"@id\":\"https:\\\/\\\/www.ucaldas.edu.co\\\/portal\\\/#\\\/schema\\\/person\\\/a1b482e23449158b4bc319926c074fdf\",\"name\":\"ofiprensa\",\"image\":{\"@type\":\"ImageObject\",\"inLanguage\":\"es\",\"@id\":\"https:\\\/\\\/www.ucaldas.edu.co\\\/portal\\\/wp-content\\\/litespeed\\\/avatar\\\/09ea5085e600095a7a811142c6944527.jpg?ver=1777497608\",\"url\":\"https:\\\/\\\/www.ucaldas.edu.co\\\/portal\\\/wp-content\\\/litespeed\\\/avatar\\\/09ea5085e600095a7a811142c6944527.jpg?ver=1777497608\",\"contentUrl\":\"https:\\\/\\\/www.ucaldas.edu.co\\\/portal\\\/wp-content\\\/litespeed\\\/avatar\\\/09ea5085e600095a7a811142c6944527.jpg?ver=1777497608\",\"caption\":\"ofiprensa\"},\"url\":\"https:\\\/\\\/www.ucaldas.edu.co\\\/portal\\\/author\\\/ofiprensa\\\/\"}]}<\/script>\n<!-- \/ Yoast SEO plugin. -->","yoast_head_json":{"title":"Instalaci\u00f3n \u00a0del Consejo Nacional de Pol\u00edticas P\u00fablicas de Juventud .","robots":{"index":"index","follow":"follow","max-snippet":"max-snippet:-1","max-image-preview":"max-image-preview:large","max-video-preview":"max-video-preview:-1"},"canonical":"https:\/\/www.ucaldas.edu.co\/portal\/instalacion-del-consejo-nacional-de-politicas-publicas-de-juventud\/","schema":{"@context":"https:\/\/schema.org","@graph":[{"@type":"Article","@id":"https:\/\/www.ucaldas.edu.co\/portal\/instalacion-del-consejo-nacional-de-politicas-publicas-de-juventud\/#article","isPartOf":{"@id":"https:\/\/www.ucaldas.edu.co\/portal\/instalacion-del-consejo-nacional-de-politicas-publicas-de-juventud\/"},"author":{"name":"ofiprensa","@id":"https:\/\/www.ucaldas.edu.co\/portal\/#\/schema\/person\/a1b482e23449158b4bc319926c074fdf"},"headline":"Instalaci\u00f3n \u00a0del Consejo Nacional de Pol\u00edticas P\u00fablicas de Juventud","datePublished":"2020-10-20T00:18:51+00:00","mainEntityOfPage":{"@id":"https:\/\/www.ucaldas.edu.co\/portal\/instalacion-del-consejo-nacional-de-politicas-publicas-de-juventud\/"},"wordCount":333,"publisher":{"@id":"https:\/\/www.ucaldas.edu.co\/portal\/#organization"},"image":{"@id":"https:\/\/www.ucaldas.edu.co\/portal\/instalacion-del-consejo-nacional-de-politicas-publicas-de-juventud\/#primaryimage"},"thumbnailUrl":"https:\/\/www.ucaldas.edu.co\/portal\/wp-content\/uploads\/2020\/10\/JUVENTUD.jpg","keywords":["Emprendimiento","j\u00f3venes","Oportunidades","consejo","Minciencias"],"articleSection":["Actualidad","Universidad al D\u00eda","Eventos"],"inLanguage":"es"},{"@type":"WebPage","@id":"https:\/\/www.ucaldas.edu.co\/portal\/instalacion-del-consejo-nacional-de-politicas-publicas-de-juventud\/","url":"https:\/\/www.ucaldas.edu.co\/portal\/instalacion-del-consejo-nacional-de-politicas-publicas-de-juventud\/","name":"Instalaci\u00f3n \u00a0del Consejo Nacional de Pol\u00edticas P\u00fablicas de Juventud .","isPartOf":{"@id":"https:\/\/www.ucaldas.edu.co\/portal\/#website"},"primaryImageOfPage":{"@id":"https:\/\/www.ucaldas.edu.co\/portal\/instalacion-del-consejo-nacional-de-politicas-publicas-de-juventud\/#primaryimage"},"image":{"@id":"https:\/\/www.ucaldas.edu.co\/portal\/instalacion-del-consejo-nacional-de-politicas-publicas-de-juventud\/#primaryimage"},"thumbnailUrl":"https:\/\/www.ucaldas.edu.co\/portal\/wp-content\/uploads\/2020\/10\/JUVENTUD.jpg","datePublished":"2020-10-20T00:18:51+00:00","breadcrumb":{"@id":"https:\/\/www.ucaldas.edu.co\/portal\/instalacion-del-consejo-nacional-de-politicas-publicas-de-juventud\/#breadcrumb"},"inLanguage":"es","potentialAction":[{"@type":"ReadAction","target":["https:\/\/www.ucaldas.edu.co\/portal\/instalacion-del-consejo-nacional-de-politicas-publicas-de-juventud\/"]}]},{"@type":"ImageObject","inLanguage":"es","@id":"https:\/\/www.ucaldas.edu.co\/portal\/instalacion-del-consejo-nacional-de-politicas-publicas-de-juventud\/#primaryimage","url":"https:\/\/www.ucaldas.edu.co\/portal\/wp-content\/uploads\/2020\/10\/JUVENTUD.jpg","contentUrl":"https:\/\/www.ucaldas.edu.co\/portal\/wp-content\/uploads\/2020\/10\/JUVENTUD.jpg","width":450,"height":300},{"@type":"BreadcrumbList","@id":"https:\/\/www.ucaldas.edu.co\/portal\/instalacion-del-consejo-nacional-de-politicas-publicas-de-juventud\/#breadcrumb","itemListElement":[{"@type":"ListItem","position":1,"name":"Portada","item":"https:\/\/www.ucaldas.edu.co\/portal\/"},{"@type":"ListItem","position":2,"name":"Instalaci\u00f3n \u00a0del Consejo Nacional de Pol\u00edticas P\u00fablicas de Juventud"}]},{"@type":"WebSite","@id":"https:\/\/www.ucaldas.edu.co\/portal\/#website","url":"https:\/\/www.ucaldas.edu.co\/portal\/","name":"Universidad de Caldas","description":"","publisher":{"@id":"https:\/\/www.ucaldas.edu.co\/portal\/#organization"},"alternateName":"U. de Caldas","potentialAction":[{"@type":"SearchAction","target":{"@type":"EntryPoint","urlTemplate":"https:\/\/www.ucaldas.edu.co\/portal\/?s={search_term_string}"},"query-input":{"@type":"PropertyValueSpecification","valueRequired":true,"valueName":"search_term_string"}}],"inLanguage":"es"},{"@type":"Organization","@id":"https:\/\/www.ucaldas.edu.co\/portal\/#organization","name":"Universidad de Caldas","alternateName":"U. de Caldas","url":"https:\/\/www.ucaldas.edu.co\/portal\/","logo":{"@type":"ImageObject","inLanguage":"es","@id":"https:\/\/www.ucaldas.edu.co\/portal\/#\/schema\/logo\/image\/","url":"https:\/\/www.ucaldas.edu.co\/portal\/wp-content\/uploads\/2023\/11\/Logo_horizontal_oscuroU-2023.png","contentUrl":"https:\/\/www.ucaldas.edu.co\/portal\/wp-content\/uploads\/2023\/11\/Logo_horizontal_oscuroU-2023.png","width":263,"height":101,"caption":"Universidad de Caldas"},"image":{"@id":"https:\/\/www.ucaldas.edu.co\/portal\/#\/schema\/logo\/image\/"},"sameAs":["https:\/\/www.facebook.com\/udecaldas","https:\/\/x.com\/udecaldas","https:\/\/www.youtube.com\/universidadcaldas","https:\/\/www.instagram.com\/udecaldas\/"]},{"@type":"Person","@id":"https:\/\/www.ucaldas.edu.co\/portal\/#\/schema\/person\/a1b482e23449158b4bc319926c074fdf","name":"ofiprensa","image":{"@type":"ImageObject","inLanguage":"es","@id":"https:\/\/www.ucaldas.edu.co\/portal\/wp-content\/litespeed\/avatar\/09ea5085e600095a7a811142c6944527.jpg?ver=1777497608","url":"https:\/\/www.ucaldas.edu.co\/portal\/wp-content\/litespeed\/avatar\/09ea5085e600095a7a811142c6944527.jpg?ver=1777497608","contentUrl":"https:\/\/www.ucaldas.edu.co\/portal\/wp-content\/litespeed\/avatar\/09ea5085e600095a7a811142c6944527.jpg?ver=1777497608","caption":"ofiprensa"},"url":"https:\/\/www.ucaldas.edu.co\/portal\/author\/ofiprensa\/"}]}},"_links":{"self":[{"href":"https:\/\/www.ucaldas.edu.co\/portal\/wp-json\/wp\/v2\/posts\/59106","targetHints":{"allow":["GET"]}}],"collection":[{"href":"https:\/\/www.ucaldas.edu.co\/portal\/wp-json\/wp\/v2\/posts"}],"about":[{"href":"https:\/\/www.ucaldas.edu.co\/portal\/wp-json\/wp\/v2\/types\/post"}],"author":[{"embeddable":true,"href":"https:\/\/www.ucaldas.edu.co\/portal\/wp-json\/wp\/v2\/users\/2"}],"replies":[{"embeddable":true,"href":"https:\/\/www.ucaldas.edu.co\/portal\/wp-json\/wp\/v2\/comments?post=59106"}],"version-history":[{"count":0,"href":"https:\/\/www.ucaldas.edu.co\/portal\/wp-json\/wp\/v2\/posts\/59106\/revisions"}],"wp:featuredmedia":[{"embeddable":true,"href":"https:\/\/www.ucaldas.edu.co\/portal\/wp-json\/wp\/v2\/media\/59107"}],"wp:attachment":[{"href":"https:\/\/www.ucaldas.edu.co\/portal\/wp-json\/wp\/v2\/media?parent=59106"}],"wp:term":[{"taxonomy":"category","embeddable":true,"href":"https:\/\/www.ucaldas.edu.co\/portal\/wp-json\/wp\/v2\/categories?post=59106"},{"taxonomy":"post_tag","embeddable":true,"href":"https:\/\/www.ucaldas.edu.co\/portal\/wp-json\/wp\/v2\/tags?post=59106"}],"curies":[{"name":"wp","href":"https:\/\/api.w.org\/{rel}","templated":true}]}}