{"id":58944,"date":"2020-10-08T23:37:37","date_gmt":"2020-10-08T23:37:37","guid":{"rendered":"https:\/\/www.ucaldas.edu.co\/portal\/?p=58944"},"modified":"2020-10-08T23:38:26","modified_gmt":"2020-10-08T23:38:26","slug":"grupo-de-geriatria-u-de-caldas-realiza-capacitaciones","status":"publish","type":"post","link":"https:\/\/www.ucaldas.edu.co\/portal\/grupo-de-geriatria-u-de-caldas-realiza-capacitaciones\/","title":{"rendered":"Grupo de Geriatr\u00eda U. de Caldas realiza capacitaciones"},"content":{"rendered":"<p style=\"text-align: center;\">EN ASOCIO CON LA SECRETARIA DE SALUD DE MANIZALES<\/p>\n<p style=\"text-align: center;\"><strong>Grupo de Geriatr\u00eda U. de Caldas realiza capacitaciones <\/strong><\/p>\n<p style=\"text-align: right;\">08\/10\/2020<\/p>\n<p><img loading=\"lazy\" decoding=\"async\" class=\"alignnone size-full wp-image-58945\" src=\"https:\/\/www.ucaldas.edu.co\/portal\/wp-content\/uploads\/2020\/10\/geriatria.jpg\" alt=\"\" width=\"1080\" height=\"625\" srcset=\"https:\/\/www.ucaldas.edu.co\/portal\/wp-content\/uploads\/2020\/10\/geriatria.jpg 1080w, https:\/\/www.ucaldas.edu.co\/portal\/wp-content\/uploads\/2020\/10\/geriatria-300x174.jpg 300w, https:\/\/www.ucaldas.edu.co\/portal\/wp-content\/uploads\/2020\/10\/geriatria-768x444.jpg 768w, https:\/\/www.ucaldas.edu.co\/portal\/wp-content\/uploads\/2020\/10\/geriatria-1024x593.jpg 1024w\" sizes=\"auto, (max-width: 1080px) 100vw, 1080px\" \/>El pr\u00f3ximo viernes 9 de octubre el equipo de Geriatr\u00eda de la Universidad de Caldas en asocio con la Secretar\u00eda de Salud de Manizales, realizar\u00e1n una capacitaci\u00f3n para el cuidado y la atenci\u00f3n del adulto mayor frente a la actual pandemia por la Covid-19.<\/p>\n<p><!--more--><\/p>\n<p>Durante la formaci\u00f3n se socializar\u00e1n los lineamientos para tener en cuenta en la valoraci\u00f3n integral de este grupo poblacional, adem\u00e1s de la orientaci\u00f3n para la activaci\u00f3n de las diferentes rutas de atenci\u00f3n en salud en el contexto de la pandemia. Lo anterior se presentar\u00e1 a trav\u00e9s de una serie de videos desarrollados por el equipo de Geriatr\u00eda.<\/p>\n<p>Las capacitaciones se realizan debido al aumento del n\u00famero de casos positivos presentados en 9 centros de adulto mayor en la ciudad. Estas est\u00e1n dirigidas a gerentes, auditores, profesionales del \u00e1rea de la salud y profesionales de programas de atenci\u00f3n domiciliaria de todas las EPS e IPS de Manizales<\/p>\n<p>&nbsp;<\/p>\n<p><a href=\"http:\/\/manizalessalud.net\/wp-content\/uploads\/2020\/09\/CIRCULAR-107.pdf\">Mayor informaci\u00f3n de las capacitaciones aqu\u00ed.<\/a><\/p>\n<p>&nbsp;<\/p>\n<p><strong>Informes: <\/strong>Oficina de Comunicaciones y Prensa Universidad de Caldas.<\/p>\n<p><strong>Redacci\u00f3n:<\/strong> Mateo Buritic\u00e1 Giraldo<\/p>\n<p>&nbsp;<\/p>\n","protected":false},"excerpt":{"rendered":"<p>EN ASOCIO CON LA SECRETARIA DE SALUD DE MANIZALES Grupo de Geriatr\u00eda U. de Caldas realiza capacitaciones 08\/10\/2020 El pr\u00f3ximo viernes 9 de octubre el equipo de Geriatr\u00eda de la Universidad de Caldas en asocio con la Secretar\u00eda de Salud de Manizales, realizar\u00e1n una capacitaci\u00f3n para el cuidado y la atenci\u00f3n del adulto mayor frente [&hellip;]<\/p>\n","protected":false},"author":2,"featured_media":58945,"comment_status":"closed","ping_status":"open","sticky":false,"template":"","format":"standard","meta":{"footnotes":""},"categories":[48,53],"tags":[2482,4652,5321],"class_list":["post-58944","post","type-post","status-publish","format-standard","has-post-thumbnail","hentry","category-actualidad","category-universidad-al-dia","tag-geriatria","tag-covid-19","tag-capacitaciones-salud"],"yoast_head":"<!-- This site is optimized with the Yoast SEO plugin v27.5 - https:\/\/yoast.com\/product\/yoast-seo-wordpress\/ -->\n<title>Grupo de Geriatr\u00eda U. de Caldas realiza capacitaciones .<\/title>\n<meta name=\"robots\" content=\"index, follow, max-snippet:-1, max-image-preview:large, max-video-preview:-1\" \/>\n<link rel=\"canonical\" href=\"https:\/\/www.ucaldas.edu.co\/portal\/grupo-de-geriatria-u-de-caldas-realiza-capacitaciones\/\" \/>\n<script type=\"application\/ld+json\" class=\"yoast-schema-graph\">{\"@context\":\"https:\\\/\\\/schema.org\",\"@graph\":[{\"@type\":\"Article\",\"@id\":\"https:\\\/\\\/www.ucaldas.edu.co\\\/portal\\\/grupo-de-geriatria-u-de-caldas-realiza-capacitaciones\\\/#article\",\"isPartOf\":{\"@id\":\"https:\\\/\\\/www.ucaldas.edu.co\\\/portal\\\/grupo-de-geriatria-u-de-caldas-realiza-capacitaciones\\\/\"},\"author\":{\"name\":\"ofiprensa\",\"@id\":\"https:\\\/\\\/www.ucaldas.edu.co\\\/portal\\\/#\\\/schema\\\/person\\\/a1b482e23449158b4bc319926c074fdf\"},\"headline\":\"Grupo de Geriatr\u00eda U. de Caldas realiza capacitaciones\",\"datePublished\":\"2020-10-08T23:37:37+00:00\",\"dateModified\":\"2020-10-08T23:38:26+00:00\",\"mainEntityOfPage\":{\"@id\":\"https:\\\/\\\/www.ucaldas.edu.co\\\/portal\\\/grupo-de-geriatria-u-de-caldas-realiza-capacitaciones\\\/\"},\"wordCount\":217,\"publisher\":{\"@id\":\"https:\\\/\\\/www.ucaldas.edu.co\\\/portal\\\/#organization\"},\"image\":{\"@id\":\"https:\\\/\\\/www.ucaldas.edu.co\\\/portal\\\/grupo-de-geriatria-u-de-caldas-realiza-capacitaciones\\\/#primaryimage\"},\"thumbnailUrl\":\"https:\\\/\\\/www.ucaldas.edu.co\\\/portal\\\/wp-content\\\/uploads\\\/2020\\\/10\\\/geriatria.jpg\",\"keywords\":[\"Geriatr\u00eda\",\"covid-19\",\"capacitaciones salud\"],\"articleSection\":[\"Actualidad\",\"Universidad al D\u00eda\"],\"inLanguage\":\"es\"},{\"@type\":\"WebPage\",\"@id\":\"https:\\\/\\\/www.ucaldas.edu.co\\\/portal\\\/grupo-de-geriatria-u-de-caldas-realiza-capacitaciones\\\/\",\"url\":\"https:\\\/\\\/www.ucaldas.edu.co\\\/portal\\\/grupo-de-geriatria-u-de-caldas-realiza-capacitaciones\\\/\",\"name\":\"Grupo de Geriatr\u00eda U. de Caldas realiza capacitaciones .\",\"isPartOf\":{\"@id\":\"https:\\\/\\\/www.ucaldas.edu.co\\\/portal\\\/#website\"},\"primaryImageOfPage\":{\"@id\":\"https:\\\/\\\/www.ucaldas.edu.co\\\/portal\\\/grupo-de-geriatria-u-de-caldas-realiza-capacitaciones\\\/#primaryimage\"},\"image\":{\"@id\":\"https:\\\/\\\/www.ucaldas.edu.co\\\/portal\\\/grupo-de-geriatria-u-de-caldas-realiza-capacitaciones\\\/#primaryimage\"},\"thumbnailUrl\":\"https:\\\/\\\/www.ucaldas.edu.co\\\/portal\\\/wp-content\\\/uploads\\\/2020\\\/10\\\/geriatria.jpg\",\"datePublished\":\"2020-10-08T23:37:37+00:00\",\"dateModified\":\"2020-10-08T23:38:26+00:00\",\"breadcrumb\":{\"@id\":\"https:\\\/\\\/www.ucaldas.edu.co\\\/portal\\\/grupo-de-geriatria-u-de-caldas-realiza-capacitaciones\\\/#breadcrumb\"},\"inLanguage\":\"es\",\"potentialAction\":[{\"@type\":\"ReadAction\",\"target\":[\"https:\\\/\\\/www.ucaldas.edu.co\\\/portal\\\/grupo-de-geriatria-u-de-caldas-realiza-capacitaciones\\\/\"]}]},{\"@type\":\"ImageObject\",\"inLanguage\":\"es\",\"@id\":\"https:\\\/\\\/www.ucaldas.edu.co\\\/portal\\\/grupo-de-geriatria-u-de-caldas-realiza-capacitaciones\\\/#primaryimage\",\"url\":\"https:\\\/\\\/www.ucaldas.edu.co\\\/portal\\\/wp-content\\\/uploads\\\/2020\\\/10\\\/geriatria.jpg\",\"contentUrl\":\"https:\\\/\\\/www.ucaldas.edu.co\\\/portal\\\/wp-content\\\/uploads\\\/2020\\\/10\\\/geriatria.jpg\",\"width\":1080,\"height\":625},{\"@type\":\"BreadcrumbList\",\"@id\":\"https:\\\/\\\/www.ucaldas.edu.co\\\/portal\\\/grupo-de-geriatria-u-de-caldas-realiza-capacitaciones\\\/#breadcrumb\",\"itemListElement\":[{\"@type\":\"ListItem\",\"position\":1,\"name\":\"Portada\",\"item\":\"https:\\\/\\\/www.ucaldas.edu.co\\\/portal\\\/\"},{\"@type\":\"ListItem\",\"position\":2,\"name\":\"Grupo de Geriatr\u00eda U. de Caldas realiza capacitaciones\"}]},{\"@type\":\"WebSite\",\"@id\":\"https:\\\/\\\/www.ucaldas.edu.co\\\/portal\\\/#website\",\"url\":\"https:\\\/\\\/www.ucaldas.edu.co\\\/portal\\\/\",\"name\":\"Universidad de Caldas\",\"description\":\"\",\"publisher\":{\"@id\":\"https:\\\/\\\/www.ucaldas.edu.co\\\/portal\\\/#organization\"},\"alternateName\":\"U. de Caldas\",\"potentialAction\":[{\"@type\":\"SearchAction\",\"target\":{\"@type\":\"EntryPoint\",\"urlTemplate\":\"https:\\\/\\\/www.ucaldas.edu.co\\\/portal\\\/?s={search_term_string}\"},\"query-input\":{\"@type\":\"PropertyValueSpecification\",\"valueRequired\":true,\"valueName\":\"search_term_string\"}}],\"inLanguage\":\"es\"},{\"@type\":\"Organization\",\"@id\":\"https:\\\/\\\/www.ucaldas.edu.co\\\/portal\\\/#organization\",\"name\":\"Universidad de Caldas\",\"alternateName\":\"U. de Caldas\",\"url\":\"https:\\\/\\\/www.ucaldas.edu.co\\\/portal\\\/\",\"logo\":{\"@type\":\"ImageObject\",\"inLanguage\":\"es\",\"@id\":\"https:\\\/\\\/www.ucaldas.edu.co\\\/portal\\\/#\\\/schema\\\/logo\\\/image\\\/\",\"url\":\"https:\\\/\\\/www.ucaldas.edu.co\\\/portal\\\/wp-content\\\/uploads\\\/2023\\\/11\\\/Logo_horizontal_oscuroU-2023.png\",\"contentUrl\":\"https:\\\/\\\/www.ucaldas.edu.co\\\/portal\\\/wp-content\\\/uploads\\\/2023\\\/11\\\/Logo_horizontal_oscuroU-2023.png\",\"width\":263,\"height\":101,\"caption\":\"Universidad de Caldas\"},\"image\":{\"@id\":\"https:\\\/\\\/www.ucaldas.edu.co\\\/portal\\\/#\\\/schema\\\/logo\\\/image\\\/\"},\"sameAs\":[\"https:\\\/\\\/www.facebook.com\\\/udecaldas\",\"https:\\\/\\\/x.com\\\/udecaldas\",\"https:\\\/\\\/www.youtube.com\\\/universidadcaldas\",\"https:\\\/\\\/www.instagram.com\\\/udecaldas\\\/\"]},{\"@type\":\"Person\",\"@id\":\"https:\\\/\\\/www.ucaldas.edu.co\\\/portal\\\/#\\\/schema\\\/person\\\/a1b482e23449158b4bc319926c074fdf\",\"name\":\"ofiprensa\",\"image\":{\"@type\":\"ImageObject\",\"inLanguage\":\"es\",\"@id\":\"https:\\\/\\\/www.ucaldas.edu.co\\\/portal\\\/wp-content\\\/litespeed\\\/avatar\\\/09ea5085e600095a7a811142c6944527.jpg?ver=1777497608\",\"url\":\"https:\\\/\\\/www.ucaldas.edu.co\\\/portal\\\/wp-content\\\/litespeed\\\/avatar\\\/09ea5085e600095a7a811142c6944527.jpg?ver=1777497608\",\"contentUrl\":\"https:\\\/\\\/www.ucaldas.edu.co\\\/portal\\\/wp-content\\\/litespeed\\\/avatar\\\/09ea5085e600095a7a811142c6944527.jpg?ver=1777497608\",\"caption\":\"ofiprensa\"},\"url\":\"https:\\\/\\\/www.ucaldas.edu.co\\\/portal\\\/author\\\/ofiprensa\\\/\"}]}<\/script>\n<!-- \/ Yoast SEO plugin. -->","yoast_head_json":{"title":"Grupo de Geriatr\u00eda U. de Caldas realiza capacitaciones .","robots":{"index":"index","follow":"follow","max-snippet":"max-snippet:-1","max-image-preview":"max-image-preview:large","max-video-preview":"max-video-preview:-1"},"canonical":"https:\/\/www.ucaldas.edu.co\/portal\/grupo-de-geriatria-u-de-caldas-realiza-capacitaciones\/","schema":{"@context":"https:\/\/schema.org","@graph":[{"@type":"Article","@id":"https:\/\/www.ucaldas.edu.co\/portal\/grupo-de-geriatria-u-de-caldas-realiza-capacitaciones\/#article","isPartOf":{"@id":"https:\/\/www.ucaldas.edu.co\/portal\/grupo-de-geriatria-u-de-caldas-realiza-capacitaciones\/"},"author":{"name":"ofiprensa","@id":"https:\/\/www.ucaldas.edu.co\/portal\/#\/schema\/person\/a1b482e23449158b4bc319926c074fdf"},"headline":"Grupo de Geriatr\u00eda U. de Caldas realiza capacitaciones","datePublished":"2020-10-08T23:37:37+00:00","dateModified":"2020-10-08T23:38:26+00:00","mainEntityOfPage":{"@id":"https:\/\/www.ucaldas.edu.co\/portal\/grupo-de-geriatria-u-de-caldas-realiza-capacitaciones\/"},"wordCount":217,"publisher":{"@id":"https:\/\/www.ucaldas.edu.co\/portal\/#organization"},"image":{"@id":"https:\/\/www.ucaldas.edu.co\/portal\/grupo-de-geriatria-u-de-caldas-realiza-capacitaciones\/#primaryimage"},"thumbnailUrl":"https:\/\/www.ucaldas.edu.co\/portal\/wp-content\/uploads\/2020\/10\/geriatria.jpg","keywords":["Geriatr\u00eda","covid-19","capacitaciones salud"],"articleSection":["Actualidad","Universidad al D\u00eda"],"inLanguage":"es"},{"@type":"WebPage","@id":"https:\/\/www.ucaldas.edu.co\/portal\/grupo-de-geriatria-u-de-caldas-realiza-capacitaciones\/","url":"https:\/\/www.ucaldas.edu.co\/portal\/grupo-de-geriatria-u-de-caldas-realiza-capacitaciones\/","name":"Grupo de Geriatr\u00eda U. de Caldas realiza capacitaciones .","isPartOf":{"@id":"https:\/\/www.ucaldas.edu.co\/portal\/#website"},"primaryImageOfPage":{"@id":"https:\/\/www.ucaldas.edu.co\/portal\/grupo-de-geriatria-u-de-caldas-realiza-capacitaciones\/#primaryimage"},"image":{"@id":"https:\/\/www.ucaldas.edu.co\/portal\/grupo-de-geriatria-u-de-caldas-realiza-capacitaciones\/#primaryimage"},"thumbnailUrl":"https:\/\/www.ucaldas.edu.co\/portal\/wp-content\/uploads\/2020\/10\/geriatria.jpg","datePublished":"2020-10-08T23:37:37+00:00","dateModified":"2020-10-08T23:38:26+00:00","breadcrumb":{"@id":"https:\/\/www.ucaldas.edu.co\/portal\/grupo-de-geriatria-u-de-caldas-realiza-capacitaciones\/#breadcrumb"},"inLanguage":"es","potentialAction":[{"@type":"ReadAction","target":["https:\/\/www.ucaldas.edu.co\/portal\/grupo-de-geriatria-u-de-caldas-realiza-capacitaciones\/"]}]},{"@type":"ImageObject","inLanguage":"es","@id":"https:\/\/www.ucaldas.edu.co\/portal\/grupo-de-geriatria-u-de-caldas-realiza-capacitaciones\/#primaryimage","url":"https:\/\/www.ucaldas.edu.co\/portal\/wp-content\/uploads\/2020\/10\/geriatria.jpg","contentUrl":"https:\/\/www.ucaldas.edu.co\/portal\/wp-content\/uploads\/2020\/10\/geriatria.jpg","width":1080,"height":625},{"@type":"BreadcrumbList","@id":"https:\/\/www.ucaldas.edu.co\/portal\/grupo-de-geriatria-u-de-caldas-realiza-capacitaciones\/#breadcrumb","itemListElement":[{"@type":"ListItem","position":1,"name":"Portada","item":"https:\/\/www.ucaldas.edu.co\/portal\/"},{"@type":"ListItem","position":2,"name":"Grupo de Geriatr\u00eda U. de Caldas realiza capacitaciones"}]},{"@type":"WebSite","@id":"https:\/\/www.ucaldas.edu.co\/portal\/#website","url":"https:\/\/www.ucaldas.edu.co\/portal\/","name":"Universidad de Caldas","description":"","publisher":{"@id":"https:\/\/www.ucaldas.edu.co\/portal\/#organization"},"alternateName":"U. de Caldas","potentialAction":[{"@type":"SearchAction","target":{"@type":"EntryPoint","urlTemplate":"https:\/\/www.ucaldas.edu.co\/portal\/?s={search_term_string}"},"query-input":{"@type":"PropertyValueSpecification","valueRequired":true,"valueName":"search_term_string"}}],"inLanguage":"es"},{"@type":"Organization","@id":"https:\/\/www.ucaldas.edu.co\/portal\/#organization","name":"Universidad de Caldas","alternateName":"U. de Caldas","url":"https:\/\/www.ucaldas.edu.co\/portal\/","logo":{"@type":"ImageObject","inLanguage":"es","@id":"https:\/\/www.ucaldas.edu.co\/portal\/#\/schema\/logo\/image\/","url":"https:\/\/www.ucaldas.edu.co\/portal\/wp-content\/uploads\/2023\/11\/Logo_horizontal_oscuroU-2023.png","contentUrl":"https:\/\/www.ucaldas.edu.co\/portal\/wp-content\/uploads\/2023\/11\/Logo_horizontal_oscuroU-2023.png","width":263,"height":101,"caption":"Universidad de Caldas"},"image":{"@id":"https:\/\/www.ucaldas.edu.co\/portal\/#\/schema\/logo\/image\/"},"sameAs":["https:\/\/www.facebook.com\/udecaldas","https:\/\/x.com\/udecaldas","https:\/\/www.youtube.com\/universidadcaldas","https:\/\/www.instagram.com\/udecaldas\/"]},{"@type":"Person","@id":"https:\/\/www.ucaldas.edu.co\/portal\/#\/schema\/person\/a1b482e23449158b4bc319926c074fdf","name":"ofiprensa","image":{"@type":"ImageObject","inLanguage":"es","@id":"https:\/\/www.ucaldas.edu.co\/portal\/wp-content\/litespeed\/avatar\/09ea5085e600095a7a811142c6944527.jpg?ver=1777497608","url":"https:\/\/www.ucaldas.edu.co\/portal\/wp-content\/litespeed\/avatar\/09ea5085e600095a7a811142c6944527.jpg?ver=1777497608","contentUrl":"https:\/\/www.ucaldas.edu.co\/portal\/wp-content\/litespeed\/avatar\/09ea5085e600095a7a811142c6944527.jpg?ver=1777497608","caption":"ofiprensa"},"url":"https:\/\/www.ucaldas.edu.co\/portal\/author\/ofiprensa\/"}]}},"_links":{"self":[{"href":"https:\/\/www.ucaldas.edu.co\/portal\/wp-json\/wp\/v2\/posts\/58944","targetHints":{"allow":["GET"]}}],"collection":[{"href":"https:\/\/www.ucaldas.edu.co\/portal\/wp-json\/wp\/v2\/posts"}],"about":[{"href":"https:\/\/www.ucaldas.edu.co\/portal\/wp-json\/wp\/v2\/types\/post"}],"author":[{"embeddable":true,"href":"https:\/\/www.ucaldas.edu.co\/portal\/wp-json\/wp\/v2\/users\/2"}],"replies":[{"embeddable":true,"href":"https:\/\/www.ucaldas.edu.co\/portal\/wp-json\/wp\/v2\/comments?post=58944"}],"version-history":[{"count":0,"href":"https:\/\/www.ucaldas.edu.co\/portal\/wp-json\/wp\/v2\/posts\/58944\/revisions"}],"wp:featuredmedia":[{"embeddable":true,"href":"https:\/\/www.ucaldas.edu.co\/portal\/wp-json\/wp\/v2\/media\/58945"}],"wp:attachment":[{"href":"https:\/\/www.ucaldas.edu.co\/portal\/wp-json\/wp\/v2\/media?parent=58944"}],"wp:term":[{"taxonomy":"category","embeddable":true,"href":"https:\/\/www.ucaldas.edu.co\/portal\/wp-json\/wp\/v2\/categories?post=58944"},{"taxonomy":"post_tag","embeddable":true,"href":"https:\/\/www.ucaldas.edu.co\/portal\/wp-json\/wp\/v2\/tags?post=58944"}],"curies":[{"name":"wp","href":"https:\/\/api.w.org\/{rel}","templated":true}]}}