{"id":58893,"date":"2020-10-06T23:29:41","date_gmt":"2020-10-06T23:29:41","guid":{"rendered":"https:\/\/www.ucaldas.edu.co\/portal\/?p=58893"},"modified":"2020-10-06T23:29:41","modified_gmt":"2020-10-06T23:29:41","slug":"entre-el-alma-y-los-desalmados-del-nuevo-reino-de-granada-un-analisis-conceptual-de-las-fuentes-del-siglo-xvi","status":"publish","type":"post","link":"https:\/\/www.ucaldas.edu.co\/portal\/entre-el-alma-y-los-desalmados-del-nuevo-reino-de-granada-un-analisis-conceptual-de-las-fuentes-del-siglo-xvi\/","title":{"rendered":"\u00a0\u201cEntre el alma y los desalmados del Nuevo Reino de Granada:  Un an\u00e1lisis conceptual de las fuentes del siglo XVI\u201d"},"content":{"rendered":"<p>&nbsp;<\/p>\n<p style=\"text-align: center;\">NUEVA SESI\u00d3N DEL TALLER DE LA HISTORIA N\u00b02<\/p>\n<p style=\"text-align: center;\"><strong>\u00a0\u201cEntre el alma y los desalmados del Nuevo Reino de Granada:<\/strong><\/p>\n<p style=\"text-align: center;\"><strong> Un an\u00e1lisis conceptual de las fuentes del siglo XVI\u201d<\/strong><\/p>\n<p style=\"text-align: right;\">06\/10\/2020<\/p>\n<p><img loading=\"lazy\" decoding=\"async\" class=\"alignnone size-full wp-image-58894\" src=\"https:\/\/www.ucaldas.edu.co\/portal\/wp-content\/uploads\/2020\/10\/taller-de-la-historia.jpg\" alt=\"\" width=\"700\" height=\"400\" srcset=\"https:\/\/www.ucaldas.edu.co\/portal\/wp-content\/uploads\/2020\/10\/taller-de-la-historia.jpg 700w, https:\/\/www.ucaldas.edu.co\/portal\/wp-content\/uploads\/2020\/10\/taller-de-la-historia-300x171.jpg 300w\" sizes=\"auto, (max-width: 700px) 100vw, 700px\" \/>El Taller de la Historia N\u00b02 tendr\u00e1 el pr\u00f3ximo jueves 8 de octubre a las 4:00 \u00a0p.m. una nueva sesi\u00f3n de Workshop denominada \u201cEntre el alma y los desalmados del Nuevo Reino de Granada: Un an\u00e1lisis conceptual de las fuentes del siglo XVI\u201d. A cargo de Viviana Andrea D\u00edaz, mag\u00edster en Estudios Americanos de la Universidad de Sevilla Espa\u00f1a.<\/p>\n<p><!--more--><\/p>\n<p>D\u00edaz manifiesta que la ponencia surge a partir de su tesis de maestr\u00eda la cual responde a su inquietud personal sobre lo que es el alma basada en la inquietud y creencia del mundo occidental en este aspecto, siendo un factor que ha sido estudiado cient\u00edficamente en el campo neurol\u00f3gico para entender al ser humano desde esta perspectiva.<\/p>\n<p>&nbsp;<\/p>\n<p>La ponente expondr\u00e1 adem\u00e1s su an\u00e1lisis del concepto \u201cAlma\u201d en el siglo XVI, como clave de las relaciones entre los nativos americanos y los europeos, teniendo como centro el Nuevo Reino de Granada.<\/p>\n<p>&nbsp;<\/p>\n<table>\n<tbody>\n<tr>\n<td width=\"589\"><strong>PARA DESTACAR:<\/strong><\/p>\n<p>Los interesados en participar deben escribir un correo: \u00a0<a href=\"mailto:poderculturaypoblamiento@gmail.com\">poderculturaypoblamiento@gmail.com<\/a> para recibir el enlace de conexi\u00f3n.<\/p>\n<p>&nbsp;<\/td>\n<\/tr>\n<\/tbody>\n<\/table>\n<p><strong>\u00a0<\/strong><strong>Anexo:<\/strong><\/p>\n<p><strong><a href=\"https:\/\/www.ucaldas.edu.co\/portal\/wp-content\/uploads\/2020\/10\/taller-historia.mp3\">Audio Viviana Andrea D\u00edaz.<\/a><\/strong><\/p>\n<p>&nbsp;<\/p>\n<p><strong>Informes: <\/strong>Oficina de Comunicaciones y Prensa Universidad de Caldas.<\/p>\n<p><strong>Redacci\u00f3n:<\/strong> Mateo Buritic\u00e1 Giraldo<\/p>\n<p>&nbsp;<\/p>\n","protected":false},"excerpt":{"rendered":"<p>&nbsp; NUEVA SESI\u00d3N DEL TALLER DE LA HISTORIA N\u00b02 \u00a0\u201cEntre el alma y los desalmados del Nuevo Reino de Granada: Un an\u00e1lisis conceptual de las fuentes del siglo XVI\u201d 06\/10\/2020 El Taller de la Historia N\u00b02 tendr\u00e1 el pr\u00f3ximo jueves 8 de octubre a las 4:00 \u00a0p.m. una nueva sesi\u00f3n de Workshop denominada \u201cEntre el [&hellip;]<\/p>\n","protected":false},"author":2,"featured_media":58894,"comment_status":"closed","ping_status":"open","sticky":false,"template":"","format":"standard","meta":{"footnotes":""},"categories":[48,53,62],"tags":[5302,73,5060,5301],"class_list":["post-58893","post","type-post","status-publish","format-standard","has-post-thumbnail","hentry","category-actualidad","category-universidad-al-dia","category-eventos","tag-la-nueva-granada","tag-proyeccion","tag-taller-de-la-historia","tag-el-alma"],"yoast_head":"<!-- This site is optimized with the Yoast SEO plugin v27.5 - https:\/\/yoast.com\/product\/yoast-seo-wordpress\/ -->\n<title>\u00a0\u201cEntre el alma y los desalmados del Nuevo Reino de Granada: Un an\u00e1lisis conceptual de las fuentes del siglo XVI\u201d .<\/title>\n<meta name=\"robots\" content=\"index, follow, max-snippet:-1, max-image-preview:large, max-video-preview:-1\" \/>\n<link rel=\"canonical\" href=\"https:\/\/www.ucaldas.edu.co\/portal\/entre-el-alma-y-los-desalmados-del-nuevo-reino-de-granada-un-analisis-conceptual-de-las-fuentes-del-siglo-xvi\/\" \/>\n<script type=\"application\/ld+json\" class=\"yoast-schema-graph\">{\"@context\":\"https:\\\/\\\/schema.org\",\"@graph\":[{\"@type\":\"Article\",\"@id\":\"https:\\\/\\\/www.ucaldas.edu.co\\\/portal\\\/entre-el-alma-y-los-desalmados-del-nuevo-reino-de-granada-un-analisis-conceptual-de-las-fuentes-del-siglo-xvi\\\/#article\",\"isPartOf\":{\"@id\":\"https:\\\/\\\/www.ucaldas.edu.co\\\/portal\\\/entre-el-alma-y-los-desalmados-del-nuevo-reino-de-granada-un-analisis-conceptual-de-las-fuentes-del-siglo-xvi\\\/\"},\"author\":{\"name\":\"ofiprensa\",\"@id\":\"https:\\\/\\\/www.ucaldas.edu.co\\\/portal\\\/#\\\/schema\\\/person\\\/a1b482e23449158b4bc319926c074fdf\"},\"headline\":\"\u00a0\u201cEntre el alma y los desalmados del Nuevo Reino de Granada: Un an\u00e1lisis conceptual de las fuentes del siglo XVI\u201d\",\"datePublished\":\"2020-10-06T23:29:41+00:00\",\"mainEntityOfPage\":{\"@id\":\"https:\\\/\\\/www.ucaldas.edu.co\\\/portal\\\/entre-el-alma-y-los-desalmados-del-nuevo-reino-de-granada-un-analisis-conceptual-de-las-fuentes-del-siglo-xvi\\\/\"},\"wordCount\":258,\"publisher\":{\"@id\":\"https:\\\/\\\/www.ucaldas.edu.co\\\/portal\\\/#organization\"},\"image\":{\"@id\":\"https:\\\/\\\/www.ucaldas.edu.co\\\/portal\\\/entre-el-alma-y-los-desalmados-del-nuevo-reino-de-granada-un-analisis-conceptual-de-las-fuentes-del-siglo-xvi\\\/#primaryimage\"},\"thumbnailUrl\":\"https:\\\/\\\/www.ucaldas.edu.co\\\/portal\\\/wp-content\\\/uploads\\\/2020\\\/10\\\/taller-de-la-historia.jpg\",\"keywords\":[\"la nueva granada\",\"Proyecci\u00f3n\",\"taller de la historia\",\"el alma\"],\"articleSection\":[\"Actualidad\",\"Universidad al D\u00eda\",\"Eventos\"],\"inLanguage\":\"es\"},{\"@type\":\"WebPage\",\"@id\":\"https:\\\/\\\/www.ucaldas.edu.co\\\/portal\\\/entre-el-alma-y-los-desalmados-del-nuevo-reino-de-granada-un-analisis-conceptual-de-las-fuentes-del-siglo-xvi\\\/\",\"url\":\"https:\\\/\\\/www.ucaldas.edu.co\\\/portal\\\/entre-el-alma-y-los-desalmados-del-nuevo-reino-de-granada-un-analisis-conceptual-de-las-fuentes-del-siglo-xvi\\\/\",\"name\":\"\u00a0\u201cEntre el alma y los desalmados del Nuevo Reino de Granada: Un an\u00e1lisis conceptual de las fuentes del siglo XVI\u201d .\",\"isPartOf\":{\"@id\":\"https:\\\/\\\/www.ucaldas.edu.co\\\/portal\\\/#website\"},\"primaryImageOfPage\":{\"@id\":\"https:\\\/\\\/www.ucaldas.edu.co\\\/portal\\\/entre-el-alma-y-los-desalmados-del-nuevo-reino-de-granada-un-analisis-conceptual-de-las-fuentes-del-siglo-xvi\\\/#primaryimage\"},\"image\":{\"@id\":\"https:\\\/\\\/www.ucaldas.edu.co\\\/portal\\\/entre-el-alma-y-los-desalmados-del-nuevo-reino-de-granada-un-analisis-conceptual-de-las-fuentes-del-siglo-xvi\\\/#primaryimage\"},\"thumbnailUrl\":\"https:\\\/\\\/www.ucaldas.edu.co\\\/portal\\\/wp-content\\\/uploads\\\/2020\\\/10\\\/taller-de-la-historia.jpg\",\"datePublished\":\"2020-10-06T23:29:41+00:00\",\"breadcrumb\":{\"@id\":\"https:\\\/\\\/www.ucaldas.edu.co\\\/portal\\\/entre-el-alma-y-los-desalmados-del-nuevo-reino-de-granada-un-analisis-conceptual-de-las-fuentes-del-siglo-xvi\\\/#breadcrumb\"},\"inLanguage\":\"es\",\"potentialAction\":[{\"@type\":\"ReadAction\",\"target\":[\"https:\\\/\\\/www.ucaldas.edu.co\\\/portal\\\/entre-el-alma-y-los-desalmados-del-nuevo-reino-de-granada-un-analisis-conceptual-de-las-fuentes-del-siglo-xvi\\\/\"]}]},{\"@type\":\"ImageObject\",\"inLanguage\":\"es\",\"@id\":\"https:\\\/\\\/www.ucaldas.edu.co\\\/portal\\\/entre-el-alma-y-los-desalmados-del-nuevo-reino-de-granada-un-analisis-conceptual-de-las-fuentes-del-siglo-xvi\\\/#primaryimage\",\"url\":\"https:\\\/\\\/www.ucaldas.edu.co\\\/portal\\\/wp-content\\\/uploads\\\/2020\\\/10\\\/taller-de-la-historia.jpg\",\"contentUrl\":\"https:\\\/\\\/www.ucaldas.edu.co\\\/portal\\\/wp-content\\\/uploads\\\/2020\\\/10\\\/taller-de-la-historia.jpg\",\"width\":700,\"height\":400},{\"@type\":\"BreadcrumbList\",\"@id\":\"https:\\\/\\\/www.ucaldas.edu.co\\\/portal\\\/entre-el-alma-y-los-desalmados-del-nuevo-reino-de-granada-un-analisis-conceptual-de-las-fuentes-del-siglo-xvi\\\/#breadcrumb\",\"itemListElement\":[{\"@type\":\"ListItem\",\"position\":1,\"name\":\"Portada\",\"item\":\"https:\\\/\\\/www.ucaldas.edu.co\\\/portal\\\/\"},{\"@type\":\"ListItem\",\"position\":2,\"name\":\"\u00a0\u201cEntre el alma y los desalmados del Nuevo Reino de Granada: Un an\u00e1lisis conceptual de las fuentes del siglo XVI\u201d\"}]},{\"@type\":\"WebSite\",\"@id\":\"https:\\\/\\\/www.ucaldas.edu.co\\\/portal\\\/#website\",\"url\":\"https:\\\/\\\/www.ucaldas.edu.co\\\/portal\\\/\",\"name\":\"Universidad de Caldas\",\"description\":\"\",\"publisher\":{\"@id\":\"https:\\\/\\\/www.ucaldas.edu.co\\\/portal\\\/#organization\"},\"alternateName\":\"U. de Caldas\",\"potentialAction\":[{\"@type\":\"SearchAction\",\"target\":{\"@type\":\"EntryPoint\",\"urlTemplate\":\"https:\\\/\\\/www.ucaldas.edu.co\\\/portal\\\/?s={search_term_string}\"},\"query-input\":{\"@type\":\"PropertyValueSpecification\",\"valueRequired\":true,\"valueName\":\"search_term_string\"}}],\"inLanguage\":\"es\"},{\"@type\":\"Organization\",\"@id\":\"https:\\\/\\\/www.ucaldas.edu.co\\\/portal\\\/#organization\",\"name\":\"Universidad de Caldas\",\"alternateName\":\"U. de Caldas\",\"url\":\"https:\\\/\\\/www.ucaldas.edu.co\\\/portal\\\/\",\"logo\":{\"@type\":\"ImageObject\",\"inLanguage\":\"es\",\"@id\":\"https:\\\/\\\/www.ucaldas.edu.co\\\/portal\\\/#\\\/schema\\\/logo\\\/image\\\/\",\"url\":\"https:\\\/\\\/www.ucaldas.edu.co\\\/portal\\\/wp-content\\\/uploads\\\/2023\\\/11\\\/Logo_horizontal_oscuroU-2023.png\",\"contentUrl\":\"https:\\\/\\\/www.ucaldas.edu.co\\\/portal\\\/wp-content\\\/uploads\\\/2023\\\/11\\\/Logo_horizontal_oscuroU-2023.png\",\"width\":263,\"height\":101,\"caption\":\"Universidad de Caldas\"},\"image\":{\"@id\":\"https:\\\/\\\/www.ucaldas.edu.co\\\/portal\\\/#\\\/schema\\\/logo\\\/image\\\/\"},\"sameAs\":[\"https:\\\/\\\/www.facebook.com\\\/udecaldas\",\"https:\\\/\\\/x.com\\\/udecaldas\",\"https:\\\/\\\/www.youtube.com\\\/universidadcaldas\",\"https:\\\/\\\/www.instagram.com\\\/udecaldas\\\/\"]},{\"@type\":\"Person\",\"@id\":\"https:\\\/\\\/www.ucaldas.edu.co\\\/portal\\\/#\\\/schema\\\/person\\\/a1b482e23449158b4bc319926c074fdf\",\"name\":\"ofiprensa\",\"image\":{\"@type\":\"ImageObject\",\"inLanguage\":\"es\",\"@id\":\"https:\\\/\\\/www.ucaldas.edu.co\\\/portal\\\/wp-content\\\/litespeed\\\/avatar\\\/09ea5085e600095a7a811142c6944527.jpg?ver=1777497608\",\"url\":\"https:\\\/\\\/www.ucaldas.edu.co\\\/portal\\\/wp-content\\\/litespeed\\\/avatar\\\/09ea5085e600095a7a811142c6944527.jpg?ver=1777497608\",\"contentUrl\":\"https:\\\/\\\/www.ucaldas.edu.co\\\/portal\\\/wp-content\\\/litespeed\\\/avatar\\\/09ea5085e600095a7a811142c6944527.jpg?ver=1777497608\",\"caption\":\"ofiprensa\"},\"url\":\"https:\\\/\\\/www.ucaldas.edu.co\\\/portal\\\/author\\\/ofiprensa\\\/\"}]}<\/script>\n<!-- \/ Yoast SEO plugin. -->","yoast_head_json":{"title":"\u00a0\u201cEntre el alma y los desalmados del Nuevo Reino de Granada: Un an\u00e1lisis conceptual de las fuentes del siglo XVI\u201d .","robots":{"index":"index","follow":"follow","max-snippet":"max-snippet:-1","max-image-preview":"max-image-preview:large","max-video-preview":"max-video-preview:-1"},"canonical":"https:\/\/www.ucaldas.edu.co\/portal\/entre-el-alma-y-los-desalmados-del-nuevo-reino-de-granada-un-analisis-conceptual-de-las-fuentes-del-siglo-xvi\/","schema":{"@context":"https:\/\/schema.org","@graph":[{"@type":"Article","@id":"https:\/\/www.ucaldas.edu.co\/portal\/entre-el-alma-y-los-desalmados-del-nuevo-reino-de-granada-un-analisis-conceptual-de-las-fuentes-del-siglo-xvi\/#article","isPartOf":{"@id":"https:\/\/www.ucaldas.edu.co\/portal\/entre-el-alma-y-los-desalmados-del-nuevo-reino-de-granada-un-analisis-conceptual-de-las-fuentes-del-siglo-xvi\/"},"author":{"name":"ofiprensa","@id":"https:\/\/www.ucaldas.edu.co\/portal\/#\/schema\/person\/a1b482e23449158b4bc319926c074fdf"},"headline":"\u00a0\u201cEntre el alma y los desalmados del Nuevo Reino de Granada: Un an\u00e1lisis conceptual de las fuentes del siglo XVI\u201d","datePublished":"2020-10-06T23:29:41+00:00","mainEntityOfPage":{"@id":"https:\/\/www.ucaldas.edu.co\/portal\/entre-el-alma-y-los-desalmados-del-nuevo-reino-de-granada-un-analisis-conceptual-de-las-fuentes-del-siglo-xvi\/"},"wordCount":258,"publisher":{"@id":"https:\/\/www.ucaldas.edu.co\/portal\/#organization"},"image":{"@id":"https:\/\/www.ucaldas.edu.co\/portal\/entre-el-alma-y-los-desalmados-del-nuevo-reino-de-granada-un-analisis-conceptual-de-las-fuentes-del-siglo-xvi\/#primaryimage"},"thumbnailUrl":"https:\/\/www.ucaldas.edu.co\/portal\/wp-content\/uploads\/2020\/10\/taller-de-la-historia.jpg","keywords":["la nueva granada","Proyecci\u00f3n","taller de la historia","el alma"],"articleSection":["Actualidad","Universidad al D\u00eda","Eventos"],"inLanguage":"es"},{"@type":"WebPage","@id":"https:\/\/www.ucaldas.edu.co\/portal\/entre-el-alma-y-los-desalmados-del-nuevo-reino-de-granada-un-analisis-conceptual-de-las-fuentes-del-siglo-xvi\/","url":"https:\/\/www.ucaldas.edu.co\/portal\/entre-el-alma-y-los-desalmados-del-nuevo-reino-de-granada-un-analisis-conceptual-de-las-fuentes-del-siglo-xvi\/","name":"\u00a0\u201cEntre el alma y los desalmados del Nuevo Reino de Granada: Un an\u00e1lisis conceptual de las fuentes del siglo XVI\u201d .","isPartOf":{"@id":"https:\/\/www.ucaldas.edu.co\/portal\/#website"},"primaryImageOfPage":{"@id":"https:\/\/www.ucaldas.edu.co\/portal\/entre-el-alma-y-los-desalmados-del-nuevo-reino-de-granada-un-analisis-conceptual-de-las-fuentes-del-siglo-xvi\/#primaryimage"},"image":{"@id":"https:\/\/www.ucaldas.edu.co\/portal\/entre-el-alma-y-los-desalmados-del-nuevo-reino-de-granada-un-analisis-conceptual-de-las-fuentes-del-siglo-xvi\/#primaryimage"},"thumbnailUrl":"https:\/\/www.ucaldas.edu.co\/portal\/wp-content\/uploads\/2020\/10\/taller-de-la-historia.jpg","datePublished":"2020-10-06T23:29:41+00:00","breadcrumb":{"@id":"https:\/\/www.ucaldas.edu.co\/portal\/entre-el-alma-y-los-desalmados-del-nuevo-reino-de-granada-un-analisis-conceptual-de-las-fuentes-del-siglo-xvi\/#breadcrumb"},"inLanguage":"es","potentialAction":[{"@type":"ReadAction","target":["https:\/\/www.ucaldas.edu.co\/portal\/entre-el-alma-y-los-desalmados-del-nuevo-reino-de-granada-un-analisis-conceptual-de-las-fuentes-del-siglo-xvi\/"]}]},{"@type":"ImageObject","inLanguage":"es","@id":"https:\/\/www.ucaldas.edu.co\/portal\/entre-el-alma-y-los-desalmados-del-nuevo-reino-de-granada-un-analisis-conceptual-de-las-fuentes-del-siglo-xvi\/#primaryimage","url":"https:\/\/www.ucaldas.edu.co\/portal\/wp-content\/uploads\/2020\/10\/taller-de-la-historia.jpg","contentUrl":"https:\/\/www.ucaldas.edu.co\/portal\/wp-content\/uploads\/2020\/10\/taller-de-la-historia.jpg","width":700,"height":400},{"@type":"BreadcrumbList","@id":"https:\/\/www.ucaldas.edu.co\/portal\/entre-el-alma-y-los-desalmados-del-nuevo-reino-de-granada-un-analisis-conceptual-de-las-fuentes-del-siglo-xvi\/#breadcrumb","itemListElement":[{"@type":"ListItem","position":1,"name":"Portada","item":"https:\/\/www.ucaldas.edu.co\/portal\/"},{"@type":"ListItem","position":2,"name":"\u00a0\u201cEntre el alma y los desalmados del Nuevo Reino de Granada: Un an\u00e1lisis conceptual de las fuentes del siglo XVI\u201d"}]},{"@type":"WebSite","@id":"https:\/\/www.ucaldas.edu.co\/portal\/#website","url":"https:\/\/www.ucaldas.edu.co\/portal\/","name":"Universidad de Caldas","description":"","publisher":{"@id":"https:\/\/www.ucaldas.edu.co\/portal\/#organization"},"alternateName":"U. de Caldas","potentialAction":[{"@type":"SearchAction","target":{"@type":"EntryPoint","urlTemplate":"https:\/\/www.ucaldas.edu.co\/portal\/?s={search_term_string}"},"query-input":{"@type":"PropertyValueSpecification","valueRequired":true,"valueName":"search_term_string"}}],"inLanguage":"es"},{"@type":"Organization","@id":"https:\/\/www.ucaldas.edu.co\/portal\/#organization","name":"Universidad de Caldas","alternateName":"U. de Caldas","url":"https:\/\/www.ucaldas.edu.co\/portal\/","logo":{"@type":"ImageObject","inLanguage":"es","@id":"https:\/\/www.ucaldas.edu.co\/portal\/#\/schema\/logo\/image\/","url":"https:\/\/www.ucaldas.edu.co\/portal\/wp-content\/uploads\/2023\/11\/Logo_horizontal_oscuroU-2023.png","contentUrl":"https:\/\/www.ucaldas.edu.co\/portal\/wp-content\/uploads\/2023\/11\/Logo_horizontal_oscuroU-2023.png","width":263,"height":101,"caption":"Universidad de Caldas"},"image":{"@id":"https:\/\/www.ucaldas.edu.co\/portal\/#\/schema\/logo\/image\/"},"sameAs":["https:\/\/www.facebook.com\/udecaldas","https:\/\/x.com\/udecaldas","https:\/\/www.youtube.com\/universidadcaldas","https:\/\/www.instagram.com\/udecaldas\/"]},{"@type":"Person","@id":"https:\/\/www.ucaldas.edu.co\/portal\/#\/schema\/person\/a1b482e23449158b4bc319926c074fdf","name":"ofiprensa","image":{"@type":"ImageObject","inLanguage":"es","@id":"https:\/\/www.ucaldas.edu.co\/portal\/wp-content\/litespeed\/avatar\/09ea5085e600095a7a811142c6944527.jpg?ver=1777497608","url":"https:\/\/www.ucaldas.edu.co\/portal\/wp-content\/litespeed\/avatar\/09ea5085e600095a7a811142c6944527.jpg?ver=1777497608","contentUrl":"https:\/\/www.ucaldas.edu.co\/portal\/wp-content\/litespeed\/avatar\/09ea5085e600095a7a811142c6944527.jpg?ver=1777497608","caption":"ofiprensa"},"url":"https:\/\/www.ucaldas.edu.co\/portal\/author\/ofiprensa\/"}]}},"_links":{"self":[{"href":"https:\/\/www.ucaldas.edu.co\/portal\/wp-json\/wp\/v2\/posts\/58893","targetHints":{"allow":["GET"]}}],"collection":[{"href":"https:\/\/www.ucaldas.edu.co\/portal\/wp-json\/wp\/v2\/posts"}],"about":[{"href":"https:\/\/www.ucaldas.edu.co\/portal\/wp-json\/wp\/v2\/types\/post"}],"author":[{"embeddable":true,"href":"https:\/\/www.ucaldas.edu.co\/portal\/wp-json\/wp\/v2\/users\/2"}],"replies":[{"embeddable":true,"href":"https:\/\/www.ucaldas.edu.co\/portal\/wp-json\/wp\/v2\/comments?post=58893"}],"version-history":[{"count":0,"href":"https:\/\/www.ucaldas.edu.co\/portal\/wp-json\/wp\/v2\/posts\/58893\/revisions"}],"wp:featuredmedia":[{"embeddable":true,"href":"https:\/\/www.ucaldas.edu.co\/portal\/wp-json\/wp\/v2\/media\/58894"}],"wp:attachment":[{"href":"https:\/\/www.ucaldas.edu.co\/portal\/wp-json\/wp\/v2\/media?parent=58893"}],"wp:term":[{"taxonomy":"category","embeddable":true,"href":"https:\/\/www.ucaldas.edu.co\/portal\/wp-json\/wp\/v2\/categories?post=58893"},{"taxonomy":"post_tag","embeddable":true,"href":"https:\/\/www.ucaldas.edu.co\/portal\/wp-json\/wp\/v2\/tags?post=58893"}],"curies":[{"name":"wp","href":"https:\/\/api.w.org\/{rel}","templated":true}]}}