{"id":58891,"date":"2020-10-06T23:26:34","date_gmt":"2020-10-06T23:26:34","guid":{"rendered":"https:\/\/www.ucaldas.edu.co\/portal\/?p=58891"},"modified":"2020-10-06T23:26:34","modified_gmt":"2020-10-06T23:26:34","slug":"convocatoria-fortalecimiento-de-vocaciones-y-formacion-en-ctei-para-la-reactivacion-economica-en-el-marco-de-la-pospandemia-2020","status":"publish","type":"post","link":"https:\/\/www.ucaldas.edu.co\/portal\/convocatoria-fortalecimiento-de-vocaciones-y-formacion-en-ctei-para-la-reactivacion-economica-en-el-marco-de-la-pospandemia-2020\/","title":{"rendered":"Convocatoria fortalecimiento de vocaciones y formaci\u00f3n en CTeI para la reactivaci\u00f3n econ\u00f3mica en el marco de la pospandemia 2020"},"content":{"rendered":"<p style=\"text-align: center;\">CONVOCATORIA MINCIENCIAS ABIERTA HASTA EL 4 DE NOVIEMBRE<\/p>\n<p style=\"text-align: center;\"><strong>Convocatoria fortalecimiento de vocaciones y formaci\u00f3n en CTeI para la reactivaci\u00f3n econ\u00f3mica en el marco de la pospandemia 2020<\/strong><\/p>\n<p style=\"text-align: right;\">06\/10\/2020<\/p>\n<p><img loading=\"lazy\" decoding=\"async\" class=\"alignnone size-full wp-image-54205 aligncenter\" src=\"https:\/\/www.ucaldas.edu.co\/portal\/wp-content\/uploads\/2020\/02\/MINCIENCIAS-compressor.png\" alt=\"\" width=\"700\" height=\"400\" srcset=\"https:\/\/www.ucaldas.edu.co\/portal\/wp-content\/uploads\/2020\/02\/MINCIENCIAS-compressor.png 700w, https:\/\/www.ucaldas.edu.co\/portal\/wp-content\/uploads\/2020\/02\/MINCIENCIAS-compressor-300x171.png 300w\" sizes=\"auto, (max-width: 700px) 100vw, 700px\" \/><\/p>\n<p>Minciencias tiene abierta la convocatoria 891 con el objetivo de facilitar la vinculaci\u00f3n de j\u00f3venes investigadores e innovadores de pregrado y profesionales reci\u00e9n graduados, y profesionales con t\u00edtulo de doctorado para apoyar el desarrollo de proyectos de I+D+i en el marco de la reactivaci\u00f3n econ\u00f3mica de la pospandemia.<\/p>\n<p><!--more--><\/p>\n<p>Las postulaciones que se presenten para esta convocatoria deber\u00e1n registrarse en uno de los siguientes mecanismos de participaci\u00f3n:<\/p>\n<p><strong>Mecanismo 1.<\/strong> Vinculaci\u00f3n de J\u00f3venes Investigadores e Innovadores de pregrado y j\u00f3venes profesionales en proyectos de I+D+i.<\/p>\n<p><strong>Mecanismo 2<\/strong>. Vinculaci\u00f3n de profesionales con t\u00edtulo de doctorado para la financiaci\u00f3n de estancias postdoctorales. Para cada uno de los mecanismos se describen las condiciones espec\u00edficas en los documentos adicionales que hacen parte integral de estos t\u00e9rminos de referencia<\/p>\n<p>Los candidatos a postular deben ser profesionales colombianos que cuenten con el t\u00edtulo de doctor obtenido a partir del 1 de enero de 2014 o que su tesis de doctorado haya sido sustentada y aprobada al cierre de la convocatoria.<\/p>\n<p>&nbsp;<\/p>\n<table>\n<tbody>\n<tr>\n<td width=\"589\"><strong>PARA DESTACAR:<\/strong><\/p>\n<p>Los requisitos generales y las bases espec\u00edficas de la participaci\u00f3n se encuentran establecidos en los T\u00e9rminos de Referencia publicados en la p\u00e1gina web del Ministerio, <a href=\"http:\/\/www.minciencias.gov.co\/\">http:\/\/www.minciencias.gov.co<\/a><\/td>\n<\/tr>\n<\/tbody>\n<\/table>\n<p>&nbsp;<\/p>\n<p><strong>Anexo:<\/strong><\/p>\n<p><strong>Consulte la convocatoria completa\u00a0https:\/\/bit.ly\/30WpeWz<\/strong><\/p>\n<p>&nbsp;<\/p>\n<p><strong>Informes: <\/strong>Oficina de Comunicaciones y Prensa Universidad de Caldas.<\/p>\n<p><strong>Redacci\u00f3n:<\/strong> Adriana Salazar Villegas<\/p>\n<p>&nbsp;<\/p>\n","protected":false},"excerpt":{"rendered":"<p>CONVOCATORIA MINCIENCIAS ABIERTA HASTA EL 4 DE NOVIEMBRE Convocatoria fortalecimiento de vocaciones y formaci\u00f3n en CTeI para la reactivaci\u00f3n econ\u00f3mica en el marco de la pospandemia 2020 06\/10\/2020 Minciencias tiene abierta la convocatoria 891 con el objetivo de facilitar la vinculaci\u00f3n de j\u00f3venes investigadores e innovadores de pregrado y profesionales reci\u00e9n graduados, y profesionales con [&hellip;]<\/p>\n","protected":false},"author":2,"featured_media":54205,"comment_status":"closed","ping_status":"open","sticky":false,"template":"","format":"standard","meta":{"footnotes":""},"categories":[48,53,620],"tags":[141,309,4543,5300],"class_list":["post-58891","post","type-post","status-publish","format-standard","has-post-thumbnail","hentry","category-actualidad","category-universidad-al-dia","category-ucaldas-transparente","tag-convocatoria","tag-investigadores","tag-minciencias","tag-pospandemia"],"yoast_head":"<!-- This site is optimized with the Yoast SEO plugin v27.5 - https:\/\/yoast.com\/product\/yoast-seo-wordpress\/ -->\n<title>Convocatoria fortalecimiento de vocaciones y formaci\u00f3n en CTeI para la reactivaci\u00f3n econ\u00f3mica en el marco de la pospandemia 2020 .<\/title>\n<meta name=\"robots\" content=\"index, follow, max-snippet:-1, max-image-preview:large, max-video-preview:-1\" \/>\n<link rel=\"canonical\" href=\"https:\/\/www.ucaldas.edu.co\/portal\/convocatoria-fortalecimiento-de-vocaciones-y-formacion-en-ctei-para-la-reactivacion-economica-en-el-marco-de-la-pospandemia-2020\/\" \/>\n<script type=\"application\/ld+json\" class=\"yoast-schema-graph\">{\"@context\":\"https:\\\/\\\/schema.org\",\"@graph\":[{\"@type\":\"Article\",\"@id\":\"https:\\\/\\\/www.ucaldas.edu.co\\\/portal\\\/convocatoria-fortalecimiento-de-vocaciones-y-formacion-en-ctei-para-la-reactivacion-economica-en-el-marco-de-la-pospandemia-2020\\\/#article\",\"isPartOf\":{\"@id\":\"https:\\\/\\\/www.ucaldas.edu.co\\\/portal\\\/convocatoria-fortalecimiento-de-vocaciones-y-formacion-en-ctei-para-la-reactivacion-economica-en-el-marco-de-la-pospandemia-2020\\\/\"},\"author\":{\"name\":\"ofiprensa\",\"@id\":\"https:\\\/\\\/www.ucaldas.edu.co\\\/portal\\\/#\\\/schema\\\/person\\\/a1b482e23449158b4bc319926c074fdf\"},\"headline\":\"Convocatoria fortalecimiento de vocaciones y formaci\u00f3n en CTeI para la reactivaci\u00f3n econ\u00f3mica en el marco de la pospandemia 2020\",\"datePublished\":\"2020-10-06T23:26:34+00:00\",\"mainEntityOfPage\":{\"@id\":\"https:\\\/\\\/www.ucaldas.edu.co\\\/portal\\\/convocatoria-fortalecimiento-de-vocaciones-y-formacion-en-ctei-para-la-reactivacion-economica-en-el-marco-de-la-pospandemia-2020\\\/\"},\"wordCount\":290,\"publisher\":{\"@id\":\"https:\\\/\\\/www.ucaldas.edu.co\\\/portal\\\/#organization\"},\"image\":{\"@id\":\"https:\\\/\\\/www.ucaldas.edu.co\\\/portal\\\/convocatoria-fortalecimiento-de-vocaciones-y-formacion-en-ctei-para-la-reactivacion-economica-en-el-marco-de-la-pospandemia-2020\\\/#primaryimage\"},\"thumbnailUrl\":\"https:\\\/\\\/www.ucaldas.edu.co\\\/portal\\\/wp-content\\\/uploads\\\/2020\\\/02\\\/MINCIENCIAS-compressor.png\",\"keywords\":[\"Convocatoria\",\"investigadores\",\"Minciencias\",\"pospandemia\"],\"articleSection\":[\"Actualidad\",\"Universidad al D\u00eda\",\"UCaldas Transparente\"],\"inLanguage\":\"es\"},{\"@type\":\"WebPage\",\"@id\":\"https:\\\/\\\/www.ucaldas.edu.co\\\/portal\\\/convocatoria-fortalecimiento-de-vocaciones-y-formacion-en-ctei-para-la-reactivacion-economica-en-el-marco-de-la-pospandemia-2020\\\/\",\"url\":\"https:\\\/\\\/www.ucaldas.edu.co\\\/portal\\\/convocatoria-fortalecimiento-de-vocaciones-y-formacion-en-ctei-para-la-reactivacion-economica-en-el-marco-de-la-pospandemia-2020\\\/\",\"name\":\"Convocatoria fortalecimiento de vocaciones y formaci\u00f3n en CTeI para la reactivaci\u00f3n econ\u00f3mica en el marco de la pospandemia 2020 .\",\"isPartOf\":{\"@id\":\"https:\\\/\\\/www.ucaldas.edu.co\\\/portal\\\/#website\"},\"primaryImageOfPage\":{\"@id\":\"https:\\\/\\\/www.ucaldas.edu.co\\\/portal\\\/convocatoria-fortalecimiento-de-vocaciones-y-formacion-en-ctei-para-la-reactivacion-economica-en-el-marco-de-la-pospandemia-2020\\\/#primaryimage\"},\"image\":{\"@id\":\"https:\\\/\\\/www.ucaldas.edu.co\\\/portal\\\/convocatoria-fortalecimiento-de-vocaciones-y-formacion-en-ctei-para-la-reactivacion-economica-en-el-marco-de-la-pospandemia-2020\\\/#primaryimage\"},\"thumbnailUrl\":\"https:\\\/\\\/www.ucaldas.edu.co\\\/portal\\\/wp-content\\\/uploads\\\/2020\\\/02\\\/MINCIENCIAS-compressor.png\",\"datePublished\":\"2020-10-06T23:26:34+00:00\",\"breadcrumb\":{\"@id\":\"https:\\\/\\\/www.ucaldas.edu.co\\\/portal\\\/convocatoria-fortalecimiento-de-vocaciones-y-formacion-en-ctei-para-la-reactivacion-economica-en-el-marco-de-la-pospandemia-2020\\\/#breadcrumb\"},\"inLanguage\":\"es\",\"potentialAction\":[{\"@type\":\"ReadAction\",\"target\":[\"https:\\\/\\\/www.ucaldas.edu.co\\\/portal\\\/convocatoria-fortalecimiento-de-vocaciones-y-formacion-en-ctei-para-la-reactivacion-economica-en-el-marco-de-la-pospandemia-2020\\\/\"]}]},{\"@type\":\"ImageObject\",\"inLanguage\":\"es\",\"@id\":\"https:\\\/\\\/www.ucaldas.edu.co\\\/portal\\\/convocatoria-fortalecimiento-de-vocaciones-y-formacion-en-ctei-para-la-reactivacion-economica-en-el-marco-de-la-pospandemia-2020\\\/#primaryimage\",\"url\":\"https:\\\/\\\/www.ucaldas.edu.co\\\/portal\\\/wp-content\\\/uploads\\\/2020\\\/02\\\/MINCIENCIAS-compressor.png\",\"contentUrl\":\"https:\\\/\\\/www.ucaldas.edu.co\\\/portal\\\/wp-content\\\/uploads\\\/2020\\\/02\\\/MINCIENCIAS-compressor.png\",\"width\":700,\"height\":400},{\"@type\":\"BreadcrumbList\",\"@id\":\"https:\\\/\\\/www.ucaldas.edu.co\\\/portal\\\/convocatoria-fortalecimiento-de-vocaciones-y-formacion-en-ctei-para-la-reactivacion-economica-en-el-marco-de-la-pospandemia-2020\\\/#breadcrumb\",\"itemListElement\":[{\"@type\":\"ListItem\",\"position\":1,\"name\":\"Portada\",\"item\":\"https:\\\/\\\/www.ucaldas.edu.co\\\/portal\\\/\"},{\"@type\":\"ListItem\",\"position\":2,\"name\":\"Convocatoria fortalecimiento de vocaciones y formaci\u00f3n en CTeI para la reactivaci\u00f3n econ\u00f3mica en el marco de la pospandemia 2020\"}]},{\"@type\":\"WebSite\",\"@id\":\"https:\\\/\\\/www.ucaldas.edu.co\\\/portal\\\/#website\",\"url\":\"https:\\\/\\\/www.ucaldas.edu.co\\\/portal\\\/\",\"name\":\"Universidad de Caldas\",\"description\":\"\",\"publisher\":{\"@id\":\"https:\\\/\\\/www.ucaldas.edu.co\\\/portal\\\/#organization\"},\"alternateName\":\"U. de Caldas\",\"potentialAction\":[{\"@type\":\"SearchAction\",\"target\":{\"@type\":\"EntryPoint\",\"urlTemplate\":\"https:\\\/\\\/www.ucaldas.edu.co\\\/portal\\\/?s={search_term_string}\"},\"query-input\":{\"@type\":\"PropertyValueSpecification\",\"valueRequired\":true,\"valueName\":\"search_term_string\"}}],\"inLanguage\":\"es\"},{\"@type\":\"Organization\",\"@id\":\"https:\\\/\\\/www.ucaldas.edu.co\\\/portal\\\/#organization\",\"name\":\"Universidad de Caldas\",\"alternateName\":\"U. de Caldas\",\"url\":\"https:\\\/\\\/www.ucaldas.edu.co\\\/portal\\\/\",\"logo\":{\"@type\":\"ImageObject\",\"inLanguage\":\"es\",\"@id\":\"https:\\\/\\\/www.ucaldas.edu.co\\\/portal\\\/#\\\/schema\\\/logo\\\/image\\\/\",\"url\":\"https:\\\/\\\/www.ucaldas.edu.co\\\/portal\\\/wp-content\\\/uploads\\\/2023\\\/11\\\/Logo_horizontal_oscuroU-2023.png\",\"contentUrl\":\"https:\\\/\\\/www.ucaldas.edu.co\\\/portal\\\/wp-content\\\/uploads\\\/2023\\\/11\\\/Logo_horizontal_oscuroU-2023.png\",\"width\":263,\"height\":101,\"caption\":\"Universidad de Caldas\"},\"image\":{\"@id\":\"https:\\\/\\\/www.ucaldas.edu.co\\\/portal\\\/#\\\/schema\\\/logo\\\/image\\\/\"},\"sameAs\":[\"https:\\\/\\\/www.facebook.com\\\/udecaldas\",\"https:\\\/\\\/x.com\\\/udecaldas\",\"https:\\\/\\\/www.youtube.com\\\/universidadcaldas\",\"https:\\\/\\\/www.instagram.com\\\/udecaldas\\\/\"]},{\"@type\":\"Person\",\"@id\":\"https:\\\/\\\/www.ucaldas.edu.co\\\/portal\\\/#\\\/schema\\\/person\\\/a1b482e23449158b4bc319926c074fdf\",\"name\":\"ofiprensa\",\"image\":{\"@type\":\"ImageObject\",\"inLanguage\":\"es\",\"@id\":\"https:\\\/\\\/www.ucaldas.edu.co\\\/portal\\\/wp-content\\\/litespeed\\\/avatar\\\/09ea5085e600095a7a811142c6944527.jpg?ver=1777497608\",\"url\":\"https:\\\/\\\/www.ucaldas.edu.co\\\/portal\\\/wp-content\\\/litespeed\\\/avatar\\\/09ea5085e600095a7a811142c6944527.jpg?ver=1777497608\",\"contentUrl\":\"https:\\\/\\\/www.ucaldas.edu.co\\\/portal\\\/wp-content\\\/litespeed\\\/avatar\\\/09ea5085e600095a7a811142c6944527.jpg?ver=1777497608\",\"caption\":\"ofiprensa\"},\"url\":\"https:\\\/\\\/www.ucaldas.edu.co\\\/portal\\\/author\\\/ofiprensa\\\/\"}]}<\/script>\n<!-- \/ Yoast SEO plugin. -->","yoast_head_json":{"title":"Convocatoria fortalecimiento de vocaciones y formaci\u00f3n en CTeI para la reactivaci\u00f3n econ\u00f3mica en el marco de la pospandemia 2020 .","robots":{"index":"index","follow":"follow","max-snippet":"max-snippet:-1","max-image-preview":"max-image-preview:large","max-video-preview":"max-video-preview:-1"},"canonical":"https:\/\/www.ucaldas.edu.co\/portal\/convocatoria-fortalecimiento-de-vocaciones-y-formacion-en-ctei-para-la-reactivacion-economica-en-el-marco-de-la-pospandemia-2020\/","schema":{"@context":"https:\/\/schema.org","@graph":[{"@type":"Article","@id":"https:\/\/www.ucaldas.edu.co\/portal\/convocatoria-fortalecimiento-de-vocaciones-y-formacion-en-ctei-para-la-reactivacion-economica-en-el-marco-de-la-pospandemia-2020\/#article","isPartOf":{"@id":"https:\/\/www.ucaldas.edu.co\/portal\/convocatoria-fortalecimiento-de-vocaciones-y-formacion-en-ctei-para-la-reactivacion-economica-en-el-marco-de-la-pospandemia-2020\/"},"author":{"name":"ofiprensa","@id":"https:\/\/www.ucaldas.edu.co\/portal\/#\/schema\/person\/a1b482e23449158b4bc319926c074fdf"},"headline":"Convocatoria fortalecimiento de vocaciones y formaci\u00f3n en CTeI para la reactivaci\u00f3n econ\u00f3mica en el marco de la pospandemia 2020","datePublished":"2020-10-06T23:26:34+00:00","mainEntityOfPage":{"@id":"https:\/\/www.ucaldas.edu.co\/portal\/convocatoria-fortalecimiento-de-vocaciones-y-formacion-en-ctei-para-la-reactivacion-economica-en-el-marco-de-la-pospandemia-2020\/"},"wordCount":290,"publisher":{"@id":"https:\/\/www.ucaldas.edu.co\/portal\/#organization"},"image":{"@id":"https:\/\/www.ucaldas.edu.co\/portal\/convocatoria-fortalecimiento-de-vocaciones-y-formacion-en-ctei-para-la-reactivacion-economica-en-el-marco-de-la-pospandemia-2020\/#primaryimage"},"thumbnailUrl":"https:\/\/www.ucaldas.edu.co\/portal\/wp-content\/uploads\/2020\/02\/MINCIENCIAS-compressor.png","keywords":["Convocatoria","investigadores","Minciencias","pospandemia"],"articleSection":["Actualidad","Universidad al D\u00eda","UCaldas Transparente"],"inLanguage":"es"},{"@type":"WebPage","@id":"https:\/\/www.ucaldas.edu.co\/portal\/convocatoria-fortalecimiento-de-vocaciones-y-formacion-en-ctei-para-la-reactivacion-economica-en-el-marco-de-la-pospandemia-2020\/","url":"https:\/\/www.ucaldas.edu.co\/portal\/convocatoria-fortalecimiento-de-vocaciones-y-formacion-en-ctei-para-la-reactivacion-economica-en-el-marco-de-la-pospandemia-2020\/","name":"Convocatoria fortalecimiento de vocaciones y formaci\u00f3n en CTeI para la reactivaci\u00f3n econ\u00f3mica en el marco de la pospandemia 2020 .","isPartOf":{"@id":"https:\/\/www.ucaldas.edu.co\/portal\/#website"},"primaryImageOfPage":{"@id":"https:\/\/www.ucaldas.edu.co\/portal\/convocatoria-fortalecimiento-de-vocaciones-y-formacion-en-ctei-para-la-reactivacion-economica-en-el-marco-de-la-pospandemia-2020\/#primaryimage"},"image":{"@id":"https:\/\/www.ucaldas.edu.co\/portal\/convocatoria-fortalecimiento-de-vocaciones-y-formacion-en-ctei-para-la-reactivacion-economica-en-el-marco-de-la-pospandemia-2020\/#primaryimage"},"thumbnailUrl":"https:\/\/www.ucaldas.edu.co\/portal\/wp-content\/uploads\/2020\/02\/MINCIENCIAS-compressor.png","datePublished":"2020-10-06T23:26:34+00:00","breadcrumb":{"@id":"https:\/\/www.ucaldas.edu.co\/portal\/convocatoria-fortalecimiento-de-vocaciones-y-formacion-en-ctei-para-la-reactivacion-economica-en-el-marco-de-la-pospandemia-2020\/#breadcrumb"},"inLanguage":"es","potentialAction":[{"@type":"ReadAction","target":["https:\/\/www.ucaldas.edu.co\/portal\/convocatoria-fortalecimiento-de-vocaciones-y-formacion-en-ctei-para-la-reactivacion-economica-en-el-marco-de-la-pospandemia-2020\/"]}]},{"@type":"ImageObject","inLanguage":"es","@id":"https:\/\/www.ucaldas.edu.co\/portal\/convocatoria-fortalecimiento-de-vocaciones-y-formacion-en-ctei-para-la-reactivacion-economica-en-el-marco-de-la-pospandemia-2020\/#primaryimage","url":"https:\/\/www.ucaldas.edu.co\/portal\/wp-content\/uploads\/2020\/02\/MINCIENCIAS-compressor.png","contentUrl":"https:\/\/www.ucaldas.edu.co\/portal\/wp-content\/uploads\/2020\/02\/MINCIENCIAS-compressor.png","width":700,"height":400},{"@type":"BreadcrumbList","@id":"https:\/\/www.ucaldas.edu.co\/portal\/convocatoria-fortalecimiento-de-vocaciones-y-formacion-en-ctei-para-la-reactivacion-economica-en-el-marco-de-la-pospandemia-2020\/#breadcrumb","itemListElement":[{"@type":"ListItem","position":1,"name":"Portada","item":"https:\/\/www.ucaldas.edu.co\/portal\/"},{"@type":"ListItem","position":2,"name":"Convocatoria fortalecimiento de vocaciones y formaci\u00f3n en CTeI para la reactivaci\u00f3n econ\u00f3mica en el marco de la pospandemia 2020"}]},{"@type":"WebSite","@id":"https:\/\/www.ucaldas.edu.co\/portal\/#website","url":"https:\/\/www.ucaldas.edu.co\/portal\/","name":"Universidad de Caldas","description":"","publisher":{"@id":"https:\/\/www.ucaldas.edu.co\/portal\/#organization"},"alternateName":"U. de Caldas","potentialAction":[{"@type":"SearchAction","target":{"@type":"EntryPoint","urlTemplate":"https:\/\/www.ucaldas.edu.co\/portal\/?s={search_term_string}"},"query-input":{"@type":"PropertyValueSpecification","valueRequired":true,"valueName":"search_term_string"}}],"inLanguage":"es"},{"@type":"Organization","@id":"https:\/\/www.ucaldas.edu.co\/portal\/#organization","name":"Universidad de Caldas","alternateName":"U. de Caldas","url":"https:\/\/www.ucaldas.edu.co\/portal\/","logo":{"@type":"ImageObject","inLanguage":"es","@id":"https:\/\/www.ucaldas.edu.co\/portal\/#\/schema\/logo\/image\/","url":"https:\/\/www.ucaldas.edu.co\/portal\/wp-content\/uploads\/2023\/11\/Logo_horizontal_oscuroU-2023.png","contentUrl":"https:\/\/www.ucaldas.edu.co\/portal\/wp-content\/uploads\/2023\/11\/Logo_horizontal_oscuroU-2023.png","width":263,"height":101,"caption":"Universidad de Caldas"},"image":{"@id":"https:\/\/www.ucaldas.edu.co\/portal\/#\/schema\/logo\/image\/"},"sameAs":["https:\/\/www.facebook.com\/udecaldas","https:\/\/x.com\/udecaldas","https:\/\/www.youtube.com\/universidadcaldas","https:\/\/www.instagram.com\/udecaldas\/"]},{"@type":"Person","@id":"https:\/\/www.ucaldas.edu.co\/portal\/#\/schema\/person\/a1b482e23449158b4bc319926c074fdf","name":"ofiprensa","image":{"@type":"ImageObject","inLanguage":"es","@id":"https:\/\/www.ucaldas.edu.co\/portal\/wp-content\/litespeed\/avatar\/09ea5085e600095a7a811142c6944527.jpg?ver=1777497608","url":"https:\/\/www.ucaldas.edu.co\/portal\/wp-content\/litespeed\/avatar\/09ea5085e600095a7a811142c6944527.jpg?ver=1777497608","contentUrl":"https:\/\/www.ucaldas.edu.co\/portal\/wp-content\/litespeed\/avatar\/09ea5085e600095a7a811142c6944527.jpg?ver=1777497608","caption":"ofiprensa"},"url":"https:\/\/www.ucaldas.edu.co\/portal\/author\/ofiprensa\/"}]}},"_links":{"self":[{"href":"https:\/\/www.ucaldas.edu.co\/portal\/wp-json\/wp\/v2\/posts\/58891","targetHints":{"allow":["GET"]}}],"collection":[{"href":"https:\/\/www.ucaldas.edu.co\/portal\/wp-json\/wp\/v2\/posts"}],"about":[{"href":"https:\/\/www.ucaldas.edu.co\/portal\/wp-json\/wp\/v2\/types\/post"}],"author":[{"embeddable":true,"href":"https:\/\/www.ucaldas.edu.co\/portal\/wp-json\/wp\/v2\/users\/2"}],"replies":[{"embeddable":true,"href":"https:\/\/www.ucaldas.edu.co\/portal\/wp-json\/wp\/v2\/comments?post=58891"}],"version-history":[{"count":0,"href":"https:\/\/www.ucaldas.edu.co\/portal\/wp-json\/wp\/v2\/posts\/58891\/revisions"}],"wp:featuredmedia":[{"embeddable":true,"href":"https:\/\/www.ucaldas.edu.co\/portal\/wp-json\/wp\/v2\/media\/54205"}],"wp:attachment":[{"href":"https:\/\/www.ucaldas.edu.co\/portal\/wp-json\/wp\/v2\/media?parent=58891"}],"wp:term":[{"taxonomy":"category","embeddable":true,"href":"https:\/\/www.ucaldas.edu.co\/portal\/wp-json\/wp\/v2\/categories?post=58891"},{"taxonomy":"post_tag","embeddable":true,"href":"https:\/\/www.ucaldas.edu.co\/portal\/wp-json\/wp\/v2\/tags?post=58891"}],"curies":[{"name":"wp","href":"https:\/\/api.w.org\/{rel}","templated":true}]}}