{"id":58709,"date":"2020-09-29T23:26:58","date_gmt":"2020-09-29T23:26:58","guid":{"rendered":"https:\/\/www.ucaldas.edu.co\/portal\/?p=58709"},"modified":"2020-09-29T23:26:58","modified_gmt":"2020-09-29T23:26:58","slug":"comite-de-genero-de-antropologia-y-sociologia-de-la-u-de-caldas-se-une-a-la-feria-abortera","status":"publish","type":"post","link":"https:\/\/www.ucaldas.edu.co\/portal\/comite-de-genero-de-antropologia-y-sociologia-de-la-u-de-caldas-se-une-a-la-feria-abortera\/","title":{"rendered":"Comit\u00e9 de G\u00e9nero de Antropolog\u00eda y Sociolog\u00eda de la U. de Caldas se une a la \u201cFeria Abortera\u201d\u00a0"},"content":{"rendered":"<p style=\"text-align: center;\">D\u00cdA INTERNACIONAL POR EL DERECHO AL ABORTO<\/p>\n<p style=\"text-align: center;\"><strong>Comit\u00e9 de G\u00e9nero de Antropolog\u00eda y Sociolog\u00eda de la U. de Caldas se une a la \u201cFeria Abortera\u201d\u00a0 <\/strong><\/p>\n<p style=\"text-align: right;\">29\/09\/2020<\/p>\n<p><img loading=\"lazy\" decoding=\"async\" class=\"alignnone size-full wp-image-58710 aligncenter\" src=\"https:\/\/www.ucaldas.edu.co\/portal\/wp-content\/uploads\/2020\/09\/aborto.jpg\" alt=\"\" width=\"700\" height=\"400\" srcset=\"https:\/\/www.ucaldas.edu.co\/portal\/wp-content\/uploads\/2020\/09\/aborto.jpg 700w, https:\/\/www.ucaldas.edu.co\/portal\/wp-content\/uploads\/2020\/09\/aborto-300x171.jpg 300w\" sizes=\"auto, (max-width: 700px) 100vw, 700px\" \/><\/p>\n<p>Desde el Comit\u00e9 de G\u00e9nero de Antropolog\u00eda y Sociolog\u00eda de la Universidad de Caldas se unen a la \u2018Feria Abortera\u2019 en Manizales, actividad que busca que en que Colombia se legalice y se despenalice el aborto.<\/p>\n<p><!--more--><\/p>\n<p>La iniciativa surge como conmemoraci\u00f3n del D\u00eda Internacional por el Derecho al Aborto, por lo que desde este grupo, en compa\u00f1\u00eda del Bloque Feminista de Manizales y dem\u00e1s organizaciones sociales que trabajan en pro de las mujeres, buscan que estas puedan elegir libremente sobre su propio cuerpo y tomar la decisi\u00f3n de querer ser madres o no.<\/p>\n<p>Datos entregados por la Comisi\u00f3n para la Equidad de la Mujer revelan que entre el a\u00f1o 2005 y el 2017, 2.290 mujeres fueron judicializadas por abortar en Colombia, lo que deriva jur\u00eddicamente en una pena entre 16 y 54 meses de prisi\u00f3n, en un pa\u00eds en el que al a\u00f1o se realizan alrededor de 400 mil abortos.<\/p>\n<p>A trav\u00e9s de la \u00b4Feria Abortera\u00b4 buscan adem\u00e1s exigir al Gobierno Nacional Pol\u00edticas P\u00fablicas efectivas en Colombia y Manizales sobre los derechos sexuales y reproductivos para que las mujeres puedan estar respaldadas y no corran ning\u00fan tipo de riesgo cuando tomen la decisi\u00f3n de abortar.<\/p>\n<p>&nbsp;<\/p>\n<p><strong>Informes: <\/strong>Oficina de Comunicaciones y Prensa Universidad de Caldas.<\/p>\n<p><strong>Redacci\u00f3n:<\/strong> Mateo Buritic\u00e1 Giraldo<\/p>\n<p>&nbsp;<\/p>\n","protected":false},"excerpt":{"rendered":"<p>D\u00cdA INTERNACIONAL POR EL DERECHO AL ABORTO Comit\u00e9 de G\u00e9nero de Antropolog\u00eda y Sociolog\u00eda de la U. de Caldas se une a la \u201cFeria Abortera\u201d\u00a0 29\/09\/2020 Desde el Comit\u00e9 de G\u00e9nero de Antropolog\u00eda y Sociolog\u00eda de la Universidad de Caldas se unen a la \u2018Feria Abortera\u2019 en Manizales, actividad que busca que en que Colombia [&hellip;]<\/p>\n","protected":false},"author":2,"featured_media":58710,"comment_status":"closed","ping_status":"open","sticky":false,"template":"","format":"standard","meta":{"footnotes":""},"categories":[48,53,62],"tags":[777,3170,5101,5270],"class_list":["post-58709","post","type-post","status-publish","format-standard","has-post-thumbnail","hentry","category-actualidad","category-universidad-al-dia","category-eventos","tag-jornadas","tag-movimiento","tag-feministas","tag-aborto-legal"],"yoast_head":"<!-- This site is optimized with the Yoast SEO plugin v27.5 - https:\/\/yoast.com\/product\/yoast-seo-wordpress\/ -->\n<title>Comit\u00e9 de G\u00e9nero de Antropolog\u00eda y Sociolog\u00eda de la U. de Caldas se une a la \u201cFeria Abortera\u201d\u00a0 .<\/title>\n<meta name=\"robots\" content=\"index, follow, max-snippet:-1, max-image-preview:large, max-video-preview:-1\" \/>\n<link rel=\"canonical\" href=\"https:\/\/www.ucaldas.edu.co\/portal\/comite-de-genero-de-antropologia-y-sociologia-de-la-u-de-caldas-se-une-a-la-feria-abortera\/\" \/>\n<script type=\"application\/ld+json\" class=\"yoast-schema-graph\">{\"@context\":\"https:\\\/\\\/schema.org\",\"@graph\":[{\"@type\":\"Article\",\"@id\":\"https:\\\/\\\/www.ucaldas.edu.co\\\/portal\\\/comite-de-genero-de-antropologia-y-sociologia-de-la-u-de-caldas-se-une-a-la-feria-abortera\\\/#article\",\"isPartOf\":{\"@id\":\"https:\\\/\\\/www.ucaldas.edu.co\\\/portal\\\/comite-de-genero-de-antropologia-y-sociologia-de-la-u-de-caldas-se-une-a-la-feria-abortera\\\/\"},\"author\":{\"name\":\"ofiprensa\",\"@id\":\"https:\\\/\\\/www.ucaldas.edu.co\\\/portal\\\/#\\\/schema\\\/person\\\/a1b482e23449158b4bc319926c074fdf\"},\"headline\":\"Comit\u00e9 de G\u00e9nero de Antropolog\u00eda y Sociolog\u00eda de la U. de Caldas se une a la \u201cFeria Abortera\u201d\u00a0\",\"datePublished\":\"2020-09-29T23:26:58+00:00\",\"mainEntityOfPage\":{\"@id\":\"https:\\\/\\\/www.ucaldas.edu.co\\\/portal\\\/comite-de-genero-de-antropologia-y-sociologia-de-la-u-de-caldas-se-une-a-la-feria-abortera\\\/\"},\"wordCount\":275,\"publisher\":{\"@id\":\"https:\\\/\\\/www.ucaldas.edu.co\\\/portal\\\/#organization\"},\"image\":{\"@id\":\"https:\\\/\\\/www.ucaldas.edu.co\\\/portal\\\/comite-de-genero-de-antropologia-y-sociologia-de-la-u-de-caldas-se-une-a-la-feria-abortera\\\/#primaryimage\"},\"thumbnailUrl\":\"https:\\\/\\\/www.ucaldas.edu.co\\\/portal\\\/wp-content\\\/uploads\\\/2020\\\/09\\\/aborto.jpg\",\"keywords\":[\"jornadas\",\"Movimiento\",\"feministas\",\"aborto legal\"],\"articleSection\":[\"Actualidad\",\"Universidad al D\u00eda\",\"Eventos\"],\"inLanguage\":\"es\"},{\"@type\":\"WebPage\",\"@id\":\"https:\\\/\\\/www.ucaldas.edu.co\\\/portal\\\/comite-de-genero-de-antropologia-y-sociologia-de-la-u-de-caldas-se-une-a-la-feria-abortera\\\/\",\"url\":\"https:\\\/\\\/www.ucaldas.edu.co\\\/portal\\\/comite-de-genero-de-antropologia-y-sociologia-de-la-u-de-caldas-se-une-a-la-feria-abortera\\\/\",\"name\":\"Comit\u00e9 de G\u00e9nero de Antropolog\u00eda y Sociolog\u00eda de la U. de Caldas se une a la \u201cFeria Abortera\u201d\u00a0 .\",\"isPartOf\":{\"@id\":\"https:\\\/\\\/www.ucaldas.edu.co\\\/portal\\\/#website\"},\"primaryImageOfPage\":{\"@id\":\"https:\\\/\\\/www.ucaldas.edu.co\\\/portal\\\/comite-de-genero-de-antropologia-y-sociologia-de-la-u-de-caldas-se-une-a-la-feria-abortera\\\/#primaryimage\"},\"image\":{\"@id\":\"https:\\\/\\\/www.ucaldas.edu.co\\\/portal\\\/comite-de-genero-de-antropologia-y-sociologia-de-la-u-de-caldas-se-une-a-la-feria-abortera\\\/#primaryimage\"},\"thumbnailUrl\":\"https:\\\/\\\/www.ucaldas.edu.co\\\/portal\\\/wp-content\\\/uploads\\\/2020\\\/09\\\/aborto.jpg\",\"datePublished\":\"2020-09-29T23:26:58+00:00\",\"breadcrumb\":{\"@id\":\"https:\\\/\\\/www.ucaldas.edu.co\\\/portal\\\/comite-de-genero-de-antropologia-y-sociologia-de-la-u-de-caldas-se-une-a-la-feria-abortera\\\/#breadcrumb\"},\"inLanguage\":\"es\",\"potentialAction\":[{\"@type\":\"ReadAction\",\"target\":[\"https:\\\/\\\/www.ucaldas.edu.co\\\/portal\\\/comite-de-genero-de-antropologia-y-sociologia-de-la-u-de-caldas-se-une-a-la-feria-abortera\\\/\"]}]},{\"@type\":\"ImageObject\",\"inLanguage\":\"es\",\"@id\":\"https:\\\/\\\/www.ucaldas.edu.co\\\/portal\\\/comite-de-genero-de-antropologia-y-sociologia-de-la-u-de-caldas-se-une-a-la-feria-abortera\\\/#primaryimage\",\"url\":\"https:\\\/\\\/www.ucaldas.edu.co\\\/portal\\\/wp-content\\\/uploads\\\/2020\\\/09\\\/aborto.jpg\",\"contentUrl\":\"https:\\\/\\\/www.ucaldas.edu.co\\\/portal\\\/wp-content\\\/uploads\\\/2020\\\/09\\\/aborto.jpg\",\"width\":700,\"height\":400},{\"@type\":\"BreadcrumbList\",\"@id\":\"https:\\\/\\\/www.ucaldas.edu.co\\\/portal\\\/comite-de-genero-de-antropologia-y-sociologia-de-la-u-de-caldas-se-une-a-la-feria-abortera\\\/#breadcrumb\",\"itemListElement\":[{\"@type\":\"ListItem\",\"position\":1,\"name\":\"Portada\",\"item\":\"https:\\\/\\\/www.ucaldas.edu.co\\\/portal\\\/\"},{\"@type\":\"ListItem\",\"position\":2,\"name\":\"Comit\u00e9 de G\u00e9nero de Antropolog\u00eda y Sociolog\u00eda de la U. de Caldas se une a la \u201cFeria Abortera\u201d\u00a0\"}]},{\"@type\":\"WebSite\",\"@id\":\"https:\\\/\\\/www.ucaldas.edu.co\\\/portal\\\/#website\",\"url\":\"https:\\\/\\\/www.ucaldas.edu.co\\\/portal\\\/\",\"name\":\"Universidad de Caldas\",\"description\":\"\",\"publisher\":{\"@id\":\"https:\\\/\\\/www.ucaldas.edu.co\\\/portal\\\/#organization\"},\"alternateName\":\"U. de Caldas\",\"potentialAction\":[{\"@type\":\"SearchAction\",\"target\":{\"@type\":\"EntryPoint\",\"urlTemplate\":\"https:\\\/\\\/www.ucaldas.edu.co\\\/portal\\\/?s={search_term_string}\"},\"query-input\":{\"@type\":\"PropertyValueSpecification\",\"valueRequired\":true,\"valueName\":\"search_term_string\"}}],\"inLanguage\":\"es\"},{\"@type\":\"Organization\",\"@id\":\"https:\\\/\\\/www.ucaldas.edu.co\\\/portal\\\/#organization\",\"name\":\"Universidad de Caldas\",\"alternateName\":\"U. de Caldas\",\"url\":\"https:\\\/\\\/www.ucaldas.edu.co\\\/portal\\\/\",\"logo\":{\"@type\":\"ImageObject\",\"inLanguage\":\"es\",\"@id\":\"https:\\\/\\\/www.ucaldas.edu.co\\\/portal\\\/#\\\/schema\\\/logo\\\/image\\\/\",\"url\":\"https:\\\/\\\/www.ucaldas.edu.co\\\/portal\\\/wp-content\\\/uploads\\\/2023\\\/11\\\/Logo_horizontal_oscuroU-2023.png\",\"contentUrl\":\"https:\\\/\\\/www.ucaldas.edu.co\\\/portal\\\/wp-content\\\/uploads\\\/2023\\\/11\\\/Logo_horizontal_oscuroU-2023.png\",\"width\":263,\"height\":101,\"caption\":\"Universidad de Caldas\"},\"image\":{\"@id\":\"https:\\\/\\\/www.ucaldas.edu.co\\\/portal\\\/#\\\/schema\\\/logo\\\/image\\\/\"},\"sameAs\":[\"https:\\\/\\\/www.facebook.com\\\/udecaldas\",\"https:\\\/\\\/x.com\\\/udecaldas\",\"https:\\\/\\\/www.youtube.com\\\/universidadcaldas\",\"https:\\\/\\\/www.instagram.com\\\/udecaldas\\\/\"]},{\"@type\":\"Person\",\"@id\":\"https:\\\/\\\/www.ucaldas.edu.co\\\/portal\\\/#\\\/schema\\\/person\\\/a1b482e23449158b4bc319926c074fdf\",\"name\":\"ofiprensa\",\"image\":{\"@type\":\"ImageObject\",\"inLanguage\":\"es\",\"@id\":\"https:\\\/\\\/www.ucaldas.edu.co\\\/portal\\\/wp-content\\\/litespeed\\\/avatar\\\/09ea5085e600095a7a811142c6944527.jpg?ver=1777497608\",\"url\":\"https:\\\/\\\/www.ucaldas.edu.co\\\/portal\\\/wp-content\\\/litespeed\\\/avatar\\\/09ea5085e600095a7a811142c6944527.jpg?ver=1777497608\",\"contentUrl\":\"https:\\\/\\\/www.ucaldas.edu.co\\\/portal\\\/wp-content\\\/litespeed\\\/avatar\\\/09ea5085e600095a7a811142c6944527.jpg?ver=1777497608\",\"caption\":\"ofiprensa\"},\"url\":\"https:\\\/\\\/www.ucaldas.edu.co\\\/portal\\\/author\\\/ofiprensa\\\/\"}]}<\/script>\n<!-- \/ Yoast SEO plugin. -->","yoast_head_json":{"title":"Comit\u00e9 de G\u00e9nero de Antropolog\u00eda y Sociolog\u00eda de la U. de Caldas se une a la \u201cFeria Abortera\u201d\u00a0 .","robots":{"index":"index","follow":"follow","max-snippet":"max-snippet:-1","max-image-preview":"max-image-preview:large","max-video-preview":"max-video-preview:-1"},"canonical":"https:\/\/www.ucaldas.edu.co\/portal\/comite-de-genero-de-antropologia-y-sociologia-de-la-u-de-caldas-se-une-a-la-feria-abortera\/","schema":{"@context":"https:\/\/schema.org","@graph":[{"@type":"Article","@id":"https:\/\/www.ucaldas.edu.co\/portal\/comite-de-genero-de-antropologia-y-sociologia-de-la-u-de-caldas-se-une-a-la-feria-abortera\/#article","isPartOf":{"@id":"https:\/\/www.ucaldas.edu.co\/portal\/comite-de-genero-de-antropologia-y-sociologia-de-la-u-de-caldas-se-une-a-la-feria-abortera\/"},"author":{"name":"ofiprensa","@id":"https:\/\/www.ucaldas.edu.co\/portal\/#\/schema\/person\/a1b482e23449158b4bc319926c074fdf"},"headline":"Comit\u00e9 de G\u00e9nero de Antropolog\u00eda y Sociolog\u00eda de la U. de Caldas se une a la \u201cFeria Abortera\u201d\u00a0","datePublished":"2020-09-29T23:26:58+00:00","mainEntityOfPage":{"@id":"https:\/\/www.ucaldas.edu.co\/portal\/comite-de-genero-de-antropologia-y-sociologia-de-la-u-de-caldas-se-une-a-la-feria-abortera\/"},"wordCount":275,"publisher":{"@id":"https:\/\/www.ucaldas.edu.co\/portal\/#organization"},"image":{"@id":"https:\/\/www.ucaldas.edu.co\/portal\/comite-de-genero-de-antropologia-y-sociologia-de-la-u-de-caldas-se-une-a-la-feria-abortera\/#primaryimage"},"thumbnailUrl":"https:\/\/www.ucaldas.edu.co\/portal\/wp-content\/uploads\/2020\/09\/aborto.jpg","keywords":["jornadas","Movimiento","feministas","aborto legal"],"articleSection":["Actualidad","Universidad al D\u00eda","Eventos"],"inLanguage":"es"},{"@type":"WebPage","@id":"https:\/\/www.ucaldas.edu.co\/portal\/comite-de-genero-de-antropologia-y-sociologia-de-la-u-de-caldas-se-une-a-la-feria-abortera\/","url":"https:\/\/www.ucaldas.edu.co\/portal\/comite-de-genero-de-antropologia-y-sociologia-de-la-u-de-caldas-se-une-a-la-feria-abortera\/","name":"Comit\u00e9 de G\u00e9nero de Antropolog\u00eda y Sociolog\u00eda de la U. de Caldas se une a la \u201cFeria Abortera\u201d\u00a0 .","isPartOf":{"@id":"https:\/\/www.ucaldas.edu.co\/portal\/#website"},"primaryImageOfPage":{"@id":"https:\/\/www.ucaldas.edu.co\/portal\/comite-de-genero-de-antropologia-y-sociologia-de-la-u-de-caldas-se-une-a-la-feria-abortera\/#primaryimage"},"image":{"@id":"https:\/\/www.ucaldas.edu.co\/portal\/comite-de-genero-de-antropologia-y-sociologia-de-la-u-de-caldas-se-une-a-la-feria-abortera\/#primaryimage"},"thumbnailUrl":"https:\/\/www.ucaldas.edu.co\/portal\/wp-content\/uploads\/2020\/09\/aborto.jpg","datePublished":"2020-09-29T23:26:58+00:00","breadcrumb":{"@id":"https:\/\/www.ucaldas.edu.co\/portal\/comite-de-genero-de-antropologia-y-sociologia-de-la-u-de-caldas-se-une-a-la-feria-abortera\/#breadcrumb"},"inLanguage":"es","potentialAction":[{"@type":"ReadAction","target":["https:\/\/www.ucaldas.edu.co\/portal\/comite-de-genero-de-antropologia-y-sociologia-de-la-u-de-caldas-se-une-a-la-feria-abortera\/"]}]},{"@type":"ImageObject","inLanguage":"es","@id":"https:\/\/www.ucaldas.edu.co\/portal\/comite-de-genero-de-antropologia-y-sociologia-de-la-u-de-caldas-se-une-a-la-feria-abortera\/#primaryimage","url":"https:\/\/www.ucaldas.edu.co\/portal\/wp-content\/uploads\/2020\/09\/aborto.jpg","contentUrl":"https:\/\/www.ucaldas.edu.co\/portal\/wp-content\/uploads\/2020\/09\/aborto.jpg","width":700,"height":400},{"@type":"BreadcrumbList","@id":"https:\/\/www.ucaldas.edu.co\/portal\/comite-de-genero-de-antropologia-y-sociologia-de-la-u-de-caldas-se-une-a-la-feria-abortera\/#breadcrumb","itemListElement":[{"@type":"ListItem","position":1,"name":"Portada","item":"https:\/\/www.ucaldas.edu.co\/portal\/"},{"@type":"ListItem","position":2,"name":"Comit\u00e9 de G\u00e9nero de Antropolog\u00eda y Sociolog\u00eda de la U. de Caldas se une a la \u201cFeria Abortera\u201d\u00a0"}]},{"@type":"WebSite","@id":"https:\/\/www.ucaldas.edu.co\/portal\/#website","url":"https:\/\/www.ucaldas.edu.co\/portal\/","name":"Universidad de Caldas","description":"","publisher":{"@id":"https:\/\/www.ucaldas.edu.co\/portal\/#organization"},"alternateName":"U. de Caldas","potentialAction":[{"@type":"SearchAction","target":{"@type":"EntryPoint","urlTemplate":"https:\/\/www.ucaldas.edu.co\/portal\/?s={search_term_string}"},"query-input":{"@type":"PropertyValueSpecification","valueRequired":true,"valueName":"search_term_string"}}],"inLanguage":"es"},{"@type":"Organization","@id":"https:\/\/www.ucaldas.edu.co\/portal\/#organization","name":"Universidad de Caldas","alternateName":"U. de Caldas","url":"https:\/\/www.ucaldas.edu.co\/portal\/","logo":{"@type":"ImageObject","inLanguage":"es","@id":"https:\/\/www.ucaldas.edu.co\/portal\/#\/schema\/logo\/image\/","url":"https:\/\/www.ucaldas.edu.co\/portal\/wp-content\/uploads\/2023\/11\/Logo_horizontal_oscuroU-2023.png","contentUrl":"https:\/\/www.ucaldas.edu.co\/portal\/wp-content\/uploads\/2023\/11\/Logo_horizontal_oscuroU-2023.png","width":263,"height":101,"caption":"Universidad de Caldas"},"image":{"@id":"https:\/\/www.ucaldas.edu.co\/portal\/#\/schema\/logo\/image\/"},"sameAs":["https:\/\/www.facebook.com\/udecaldas","https:\/\/x.com\/udecaldas","https:\/\/www.youtube.com\/universidadcaldas","https:\/\/www.instagram.com\/udecaldas\/"]},{"@type":"Person","@id":"https:\/\/www.ucaldas.edu.co\/portal\/#\/schema\/person\/a1b482e23449158b4bc319926c074fdf","name":"ofiprensa","image":{"@type":"ImageObject","inLanguage":"es","@id":"https:\/\/www.ucaldas.edu.co\/portal\/wp-content\/litespeed\/avatar\/09ea5085e600095a7a811142c6944527.jpg?ver=1777497608","url":"https:\/\/www.ucaldas.edu.co\/portal\/wp-content\/litespeed\/avatar\/09ea5085e600095a7a811142c6944527.jpg?ver=1777497608","contentUrl":"https:\/\/www.ucaldas.edu.co\/portal\/wp-content\/litespeed\/avatar\/09ea5085e600095a7a811142c6944527.jpg?ver=1777497608","caption":"ofiprensa"},"url":"https:\/\/www.ucaldas.edu.co\/portal\/author\/ofiprensa\/"}]}},"_links":{"self":[{"href":"https:\/\/www.ucaldas.edu.co\/portal\/wp-json\/wp\/v2\/posts\/58709","targetHints":{"allow":["GET"]}}],"collection":[{"href":"https:\/\/www.ucaldas.edu.co\/portal\/wp-json\/wp\/v2\/posts"}],"about":[{"href":"https:\/\/www.ucaldas.edu.co\/portal\/wp-json\/wp\/v2\/types\/post"}],"author":[{"embeddable":true,"href":"https:\/\/www.ucaldas.edu.co\/portal\/wp-json\/wp\/v2\/users\/2"}],"replies":[{"embeddable":true,"href":"https:\/\/www.ucaldas.edu.co\/portal\/wp-json\/wp\/v2\/comments?post=58709"}],"version-history":[{"count":0,"href":"https:\/\/www.ucaldas.edu.co\/portal\/wp-json\/wp\/v2\/posts\/58709\/revisions"}],"wp:featuredmedia":[{"embeddable":true,"href":"https:\/\/www.ucaldas.edu.co\/portal\/wp-json\/wp\/v2\/media\/58710"}],"wp:attachment":[{"href":"https:\/\/www.ucaldas.edu.co\/portal\/wp-json\/wp\/v2\/media?parent=58709"}],"wp:term":[{"taxonomy":"category","embeddable":true,"href":"https:\/\/www.ucaldas.edu.co\/portal\/wp-json\/wp\/v2\/categories?post=58709"},{"taxonomy":"post_tag","embeddable":true,"href":"https:\/\/www.ucaldas.edu.co\/portal\/wp-json\/wp\/v2\/tags?post=58709"}],"curies":[{"name":"wp","href":"https:\/\/api.w.org\/{rel}","templated":true}]}}