{"id":58612,"date":"2020-09-25T00:01:38","date_gmt":"2020-09-25T00:01:38","guid":{"rendered":"https:\/\/www.ucaldas.edu.co\/portal\/?p=58612"},"modified":"2020-09-25T00:01:38","modified_gmt":"2020-09-25T00:01:38","slug":"participe-en-el-premio-nacional-de-periodismo-mujeres-paz-y-seguridad","status":"publish","type":"post","link":"https:\/\/www.ucaldas.edu.co\/portal\/participe-en-el-premio-nacional-de-periodismo-mujeres-paz-y-seguridad\/","title":{"rendered":"Participe en el Premio Nacional de Periodismo Mujeres, Paz y Seguridad"},"content":{"rendered":"<p style=\"text-align: center;\">POSTULACIONES HASTA EL 15 DE OCTUBRE<\/p>\n<p style=\"text-align: center;\"><strong>Participe en el Premio Nacional de Periodismo Mujeres, Paz y Seguridad<\/strong><\/p>\n<p style=\"text-align: right;\">24\/09\/2020<\/p>\n<p><img loading=\"lazy\" decoding=\"async\" class=\"alignnone size-full wp-image-58613\" src=\"https:\/\/www.ucaldas.edu.co\/portal\/wp-content\/uploads\/2020\/09\/periodismo.jpg\" alt=\"\" width=\"700\" height=\"400\" srcset=\"https:\/\/www.ucaldas.edu.co\/portal\/wp-content\/uploads\/2020\/09\/periodismo.jpg 700w, https:\/\/www.ucaldas.edu.co\/portal\/wp-content\/uploads\/2020\/09\/periodismo-300x171.jpg 300w\" sizes=\"auto, (max-width: 700px) 100vw, 700px\" \/><\/p>\n<p>La Red Nacional de Mujeres y Pacifista, invitan a participar en el Premio Nacional de Periodismo Mujeres, Paz y Seguridad, presentando cr\u00f3nicas period\u00edsticas sobre temas relacionados con la participaci\u00f3n de las mujeres en la construcci\u00f3n de paz en Colombia.<\/p>\n<p><!--more--><\/p>\n<p>El Premio Nacional de Periodismo Mujeres, Paz y Seguridad tiene como objetivo alentar la labor de periodistas y comunicadores j\u00f3venes para hacer un periodismo con perspectiva de g\u00e9nero enfocado en los procesos de paz del pa\u00eds. Igualmente, anima a los y las periodistas a dejar de lado la visi\u00f3n dominante que presenta a las mujeres como v\u00edctimas y no como agentes de cambio que, adem\u00e1s, sostienen el tejido social en los momentos m\u00e1s dif\u00edciles que ha vivido el pa\u00eds.<\/p>\n<p>&nbsp;<\/p>\n<p>Se invita a los interesados a enviar productos en torno a las siguientes tem\u00e1ticas:<\/p>\n<ul>\n<li>El papel de las mujeres en la construcci\u00f3n de paz, con especial \u00e9nfasis en la implementaci\u00f3n del acuerdo de paz con las FARC.<\/li>\n<li>La Resoluci\u00f3n 1325 del Consejo de Seguridad de las Naciones Unidas sobre mujeres, paz y seguridad.<\/li>\n<li>La igualdad de g\u00e9nero en el contexto de la construcci\u00f3n de paz.<\/li>\n<li>El activismo feminista por la paz.<\/li>\n<li>Los derechos de las mujeres en el contexto de la construcci\u00f3n de paz.<\/li>\n<li>El papel de las mujeres en la econom\u00eda del cuidado en el contexto del confinamiento causado por el coronavirus.<\/li>\n<li>El aumento de la violencia contra las mujeres en las condiciones de aislamiento relacionadas con la pandemia: an\u00e1lisis y desaf\u00edos.<\/li>\n<li>El impacto causado por la pandemia del coronavirus y la respuesta del gobierno en el contexto de la construcci\u00f3n de paz en Colombia.<\/li>\n<li>El impacto del COVID-19 en mujeres ind\u00edgenas y afrocolombianas.<\/li>\n<\/ul>\n<p>&nbsp;<\/p>\n<p>Pueden participar periodistas y comunicadores que a 31 de diciembre de 2020 tengan 30 a\u00f1os de edad o menos. Tambi\u00e9n pueden inscribirse estudiantes de comunicaci\u00f3n social o carreras de humanidades y sociales afines, que est\u00e9 cursando el sexto semestre de su carrera o posteriores y que a 31 de diciembre tenga 30 a\u00f1os de edad o menos.<\/p>\n<p>Requisitos para participar:<\/p>\n<ul>\n<li>La nacionalidad del participante debe ser la colombiana. En caso de no tener nacionalidad colombiana, debe probar residencia legal.<\/li>\n<li>El participante individual o representante de un colectivo debe ser mayor de edad y a 31 de diciembre de 2020 tener treinta a\u00f1os de edad o menos.<\/li>\n<li>El participante solo puede presentar un trabajo en una categor\u00eda. No se puede presentar en varias categor\u00edas.<\/li>\n<li>El idioma de la cr\u00f3nica debe ser el espa\u00f1ol.<\/li>\n<li>El material presentado debe haber sido publicado entre enero 1 de 2019 y el 31 de agosto de 2020 en un medio colombiano. El medio en el que se haya publicado el material puede ser universitario, masivo o alternativo. No se admiten publicaciones en redes sociales personales.<\/li>\n<li>El material postulado debe estar acompa\u00f1ado de una carta del poseedor de los derechos de autor a nombre de la Red Nacional de Mujeres y de Pacifista para poder trabajarlo editorialmente y difundirlo durante tiempo indefinido.<\/li>\n<\/ul>\n<p>&nbsp;<\/p>\n<p>Categor\u00edas:<\/p>\n<p>&nbsp;<\/p>\n<ul>\n<li>Texto: Cr\u00f3nica escrita con o sin fotograf\u00edas.<\/li>\n<li>Material audiovisual: Piezas en video de entre 5 y 30 minutos de duraci\u00f3n.<\/li>\n<li>Material de audio: Programas de radio seriado o unitario.<\/li>\n<\/ul>\n<p>&nbsp;<\/p>\n<p>La convocatoria para postularse ir\u00e1 hasta el pr\u00f3ximo 15 de octubre. En el siguiente link podr\u00e1 hacer su postulaci\u00f3n: <a href=\"https:\/\/forms.gle\/GttXAhRDGFSM52zv7\">Formulario de inscripci\u00f3n.<\/a><\/p>\n<p>&nbsp;<\/p>\n<p>M\u00e1s informaci\u00f3n escribir al correo <a href=\"mailto:premiomujerespazyseguridad@gmail.com\">premiomujerespazyseguridad@gmail.com<\/a> o ingresar en el siguiente Link: <a href=\"https:\/\/www.rednacionaldemujeres.org\/index.php\/premio\">M\u00e1s informaci\u00f3n.<\/a><\/p>\n<p>&nbsp;<\/p>\n<p><strong>Informes: <\/strong>Oficina de Comunicaciones y Prensa Universidad de Caldas.<\/p>\n<p><strong>Redacci\u00f3n:<\/strong> Mateo Buritic\u00e1 Giraldo<\/p>\n<p>&nbsp;<\/p>\n<p>&nbsp;<\/p>\n","protected":false},"excerpt":{"rendered":"<p>POSTULACIONES HASTA EL 15 DE OCTUBRE Participe en el Premio Nacional de Periodismo Mujeres, Paz y Seguridad 24\/09\/2020 La Red Nacional de Mujeres y Pacifista, invitan a participar en el Premio Nacional de Periodismo Mujeres, Paz y Seguridad, presentando cr\u00f3nicas period\u00edsticas sobre temas relacionados con la participaci\u00f3n de las mujeres en la construcci\u00f3n de paz [&hellip;]<\/p>\n","protected":false},"author":2,"featured_media":58613,"comment_status":"closed","ping_status":"open","sticky":false,"template":"","format":"standard","meta":{"footnotes":""},"categories":[48,53],"tags":[2423,4471,5253,5254],"class_list":["post-58612","post","type-post","status-publish","format-standard","has-post-thumbnail","hentry","category-actualidad","category-universidad-al-dia","tag-mujeres","tag-periodismo","tag-premio-periodistico","tag-paz-colombia"],"yoast_head":"<!-- This site is optimized with the Yoast SEO plugin v27.5 - https:\/\/yoast.com\/product\/yoast-seo-wordpress\/ -->\n<title>Participe en el Premio Nacional de Periodismo Mujeres, Paz y Seguridad .<\/title>\n<meta name=\"robots\" content=\"index, follow, max-snippet:-1, max-image-preview:large, max-video-preview:-1\" \/>\n<link rel=\"canonical\" href=\"https:\/\/www.ucaldas.edu.co\/portal\/participe-en-el-premio-nacional-de-periodismo-mujeres-paz-y-seguridad\/\" \/>\n<script type=\"application\/ld+json\" class=\"yoast-schema-graph\">{\"@context\":\"https:\\\/\\\/schema.org\",\"@graph\":[{\"@type\":\"Article\",\"@id\":\"https:\\\/\\\/www.ucaldas.edu.co\\\/portal\\\/participe-en-el-premio-nacional-de-periodismo-mujeres-paz-y-seguridad\\\/#article\",\"isPartOf\":{\"@id\":\"https:\\\/\\\/www.ucaldas.edu.co\\\/portal\\\/participe-en-el-premio-nacional-de-periodismo-mujeres-paz-y-seguridad\\\/\"},\"author\":{\"name\":\"ofiprensa\",\"@id\":\"https:\\\/\\\/www.ucaldas.edu.co\\\/portal\\\/#\\\/schema\\\/person\\\/a1b482e23449158b4bc319926c074fdf\"},\"headline\":\"Participe en el Premio Nacional de Periodismo Mujeres, Paz y Seguridad\",\"datePublished\":\"2020-09-25T00:01:38+00:00\",\"mainEntityOfPage\":{\"@id\":\"https:\\\/\\\/www.ucaldas.edu.co\\\/portal\\\/participe-en-el-premio-nacional-de-periodismo-mujeres-paz-y-seguridad\\\/\"},\"wordCount\":637,\"publisher\":{\"@id\":\"https:\\\/\\\/www.ucaldas.edu.co\\\/portal\\\/#organization\"},\"image\":{\"@id\":\"https:\\\/\\\/www.ucaldas.edu.co\\\/portal\\\/participe-en-el-premio-nacional-de-periodismo-mujeres-paz-y-seguridad\\\/#primaryimage\"},\"thumbnailUrl\":\"https:\\\/\\\/www.ucaldas.edu.co\\\/portal\\\/wp-content\\\/uploads\\\/2020\\\/09\\\/periodismo.jpg\",\"keywords\":[\"mujeres\",\"periodismo\",\"premio period\u00edstico\",\"paz colombia\"],\"articleSection\":[\"Actualidad\",\"Universidad al D\u00eda\"],\"inLanguage\":\"es\"},{\"@type\":\"WebPage\",\"@id\":\"https:\\\/\\\/www.ucaldas.edu.co\\\/portal\\\/participe-en-el-premio-nacional-de-periodismo-mujeres-paz-y-seguridad\\\/\",\"url\":\"https:\\\/\\\/www.ucaldas.edu.co\\\/portal\\\/participe-en-el-premio-nacional-de-periodismo-mujeres-paz-y-seguridad\\\/\",\"name\":\"Participe en el Premio Nacional de Periodismo Mujeres, Paz y Seguridad .\",\"isPartOf\":{\"@id\":\"https:\\\/\\\/www.ucaldas.edu.co\\\/portal\\\/#website\"},\"primaryImageOfPage\":{\"@id\":\"https:\\\/\\\/www.ucaldas.edu.co\\\/portal\\\/participe-en-el-premio-nacional-de-periodismo-mujeres-paz-y-seguridad\\\/#primaryimage\"},\"image\":{\"@id\":\"https:\\\/\\\/www.ucaldas.edu.co\\\/portal\\\/participe-en-el-premio-nacional-de-periodismo-mujeres-paz-y-seguridad\\\/#primaryimage\"},\"thumbnailUrl\":\"https:\\\/\\\/www.ucaldas.edu.co\\\/portal\\\/wp-content\\\/uploads\\\/2020\\\/09\\\/periodismo.jpg\",\"datePublished\":\"2020-09-25T00:01:38+00:00\",\"breadcrumb\":{\"@id\":\"https:\\\/\\\/www.ucaldas.edu.co\\\/portal\\\/participe-en-el-premio-nacional-de-periodismo-mujeres-paz-y-seguridad\\\/#breadcrumb\"},\"inLanguage\":\"es\",\"potentialAction\":[{\"@type\":\"ReadAction\",\"target\":[\"https:\\\/\\\/www.ucaldas.edu.co\\\/portal\\\/participe-en-el-premio-nacional-de-periodismo-mujeres-paz-y-seguridad\\\/\"]}]},{\"@type\":\"ImageObject\",\"inLanguage\":\"es\",\"@id\":\"https:\\\/\\\/www.ucaldas.edu.co\\\/portal\\\/participe-en-el-premio-nacional-de-periodismo-mujeres-paz-y-seguridad\\\/#primaryimage\",\"url\":\"https:\\\/\\\/www.ucaldas.edu.co\\\/portal\\\/wp-content\\\/uploads\\\/2020\\\/09\\\/periodismo.jpg\",\"contentUrl\":\"https:\\\/\\\/www.ucaldas.edu.co\\\/portal\\\/wp-content\\\/uploads\\\/2020\\\/09\\\/periodismo.jpg\",\"width\":700,\"height\":400},{\"@type\":\"BreadcrumbList\",\"@id\":\"https:\\\/\\\/www.ucaldas.edu.co\\\/portal\\\/participe-en-el-premio-nacional-de-periodismo-mujeres-paz-y-seguridad\\\/#breadcrumb\",\"itemListElement\":[{\"@type\":\"ListItem\",\"position\":1,\"name\":\"Portada\",\"item\":\"https:\\\/\\\/www.ucaldas.edu.co\\\/portal\\\/\"},{\"@type\":\"ListItem\",\"position\":2,\"name\":\"Participe en el Premio Nacional de Periodismo Mujeres, Paz y Seguridad\"}]},{\"@type\":\"WebSite\",\"@id\":\"https:\\\/\\\/www.ucaldas.edu.co\\\/portal\\\/#website\",\"url\":\"https:\\\/\\\/www.ucaldas.edu.co\\\/portal\\\/\",\"name\":\"Universidad de Caldas\",\"description\":\"\",\"publisher\":{\"@id\":\"https:\\\/\\\/www.ucaldas.edu.co\\\/portal\\\/#organization\"},\"alternateName\":\"U. de Caldas\",\"potentialAction\":[{\"@type\":\"SearchAction\",\"target\":{\"@type\":\"EntryPoint\",\"urlTemplate\":\"https:\\\/\\\/www.ucaldas.edu.co\\\/portal\\\/?s={search_term_string}\"},\"query-input\":{\"@type\":\"PropertyValueSpecification\",\"valueRequired\":true,\"valueName\":\"search_term_string\"}}],\"inLanguage\":\"es\"},{\"@type\":\"Organization\",\"@id\":\"https:\\\/\\\/www.ucaldas.edu.co\\\/portal\\\/#organization\",\"name\":\"Universidad de Caldas\",\"alternateName\":\"U. de Caldas\",\"url\":\"https:\\\/\\\/www.ucaldas.edu.co\\\/portal\\\/\",\"logo\":{\"@type\":\"ImageObject\",\"inLanguage\":\"es\",\"@id\":\"https:\\\/\\\/www.ucaldas.edu.co\\\/portal\\\/#\\\/schema\\\/logo\\\/image\\\/\",\"url\":\"https:\\\/\\\/www.ucaldas.edu.co\\\/portal\\\/wp-content\\\/uploads\\\/2023\\\/11\\\/Logo_horizontal_oscuroU-2023.png\",\"contentUrl\":\"https:\\\/\\\/www.ucaldas.edu.co\\\/portal\\\/wp-content\\\/uploads\\\/2023\\\/11\\\/Logo_horizontal_oscuroU-2023.png\",\"width\":263,\"height\":101,\"caption\":\"Universidad de Caldas\"},\"image\":{\"@id\":\"https:\\\/\\\/www.ucaldas.edu.co\\\/portal\\\/#\\\/schema\\\/logo\\\/image\\\/\"},\"sameAs\":[\"https:\\\/\\\/www.facebook.com\\\/udecaldas\",\"https:\\\/\\\/x.com\\\/udecaldas\",\"https:\\\/\\\/www.youtube.com\\\/universidadcaldas\",\"https:\\\/\\\/www.instagram.com\\\/udecaldas\\\/\"]},{\"@type\":\"Person\",\"@id\":\"https:\\\/\\\/www.ucaldas.edu.co\\\/portal\\\/#\\\/schema\\\/person\\\/a1b482e23449158b4bc319926c074fdf\",\"name\":\"ofiprensa\",\"image\":{\"@type\":\"ImageObject\",\"inLanguage\":\"es\",\"@id\":\"https:\\\/\\\/www.ucaldas.edu.co\\\/portal\\\/wp-content\\\/litespeed\\\/avatar\\\/09ea5085e600095a7a811142c6944527.jpg?ver=1777497608\",\"url\":\"https:\\\/\\\/www.ucaldas.edu.co\\\/portal\\\/wp-content\\\/litespeed\\\/avatar\\\/09ea5085e600095a7a811142c6944527.jpg?ver=1777497608\",\"contentUrl\":\"https:\\\/\\\/www.ucaldas.edu.co\\\/portal\\\/wp-content\\\/litespeed\\\/avatar\\\/09ea5085e600095a7a811142c6944527.jpg?ver=1777497608\",\"caption\":\"ofiprensa\"},\"url\":\"https:\\\/\\\/www.ucaldas.edu.co\\\/portal\\\/author\\\/ofiprensa\\\/\"}]}<\/script>\n<!-- \/ Yoast SEO plugin. -->","yoast_head_json":{"title":"Participe en el Premio Nacional de Periodismo Mujeres, Paz y Seguridad .","robots":{"index":"index","follow":"follow","max-snippet":"max-snippet:-1","max-image-preview":"max-image-preview:large","max-video-preview":"max-video-preview:-1"},"canonical":"https:\/\/www.ucaldas.edu.co\/portal\/participe-en-el-premio-nacional-de-periodismo-mujeres-paz-y-seguridad\/","schema":{"@context":"https:\/\/schema.org","@graph":[{"@type":"Article","@id":"https:\/\/www.ucaldas.edu.co\/portal\/participe-en-el-premio-nacional-de-periodismo-mujeres-paz-y-seguridad\/#article","isPartOf":{"@id":"https:\/\/www.ucaldas.edu.co\/portal\/participe-en-el-premio-nacional-de-periodismo-mujeres-paz-y-seguridad\/"},"author":{"name":"ofiprensa","@id":"https:\/\/www.ucaldas.edu.co\/portal\/#\/schema\/person\/a1b482e23449158b4bc319926c074fdf"},"headline":"Participe en el Premio Nacional de Periodismo Mujeres, Paz y Seguridad","datePublished":"2020-09-25T00:01:38+00:00","mainEntityOfPage":{"@id":"https:\/\/www.ucaldas.edu.co\/portal\/participe-en-el-premio-nacional-de-periodismo-mujeres-paz-y-seguridad\/"},"wordCount":637,"publisher":{"@id":"https:\/\/www.ucaldas.edu.co\/portal\/#organization"},"image":{"@id":"https:\/\/www.ucaldas.edu.co\/portal\/participe-en-el-premio-nacional-de-periodismo-mujeres-paz-y-seguridad\/#primaryimage"},"thumbnailUrl":"https:\/\/www.ucaldas.edu.co\/portal\/wp-content\/uploads\/2020\/09\/periodismo.jpg","keywords":["mujeres","periodismo","premio period\u00edstico","paz colombia"],"articleSection":["Actualidad","Universidad al D\u00eda"],"inLanguage":"es"},{"@type":"WebPage","@id":"https:\/\/www.ucaldas.edu.co\/portal\/participe-en-el-premio-nacional-de-periodismo-mujeres-paz-y-seguridad\/","url":"https:\/\/www.ucaldas.edu.co\/portal\/participe-en-el-premio-nacional-de-periodismo-mujeres-paz-y-seguridad\/","name":"Participe en el Premio Nacional de Periodismo Mujeres, Paz y Seguridad .","isPartOf":{"@id":"https:\/\/www.ucaldas.edu.co\/portal\/#website"},"primaryImageOfPage":{"@id":"https:\/\/www.ucaldas.edu.co\/portal\/participe-en-el-premio-nacional-de-periodismo-mujeres-paz-y-seguridad\/#primaryimage"},"image":{"@id":"https:\/\/www.ucaldas.edu.co\/portal\/participe-en-el-premio-nacional-de-periodismo-mujeres-paz-y-seguridad\/#primaryimage"},"thumbnailUrl":"https:\/\/www.ucaldas.edu.co\/portal\/wp-content\/uploads\/2020\/09\/periodismo.jpg","datePublished":"2020-09-25T00:01:38+00:00","breadcrumb":{"@id":"https:\/\/www.ucaldas.edu.co\/portal\/participe-en-el-premio-nacional-de-periodismo-mujeres-paz-y-seguridad\/#breadcrumb"},"inLanguage":"es","potentialAction":[{"@type":"ReadAction","target":["https:\/\/www.ucaldas.edu.co\/portal\/participe-en-el-premio-nacional-de-periodismo-mujeres-paz-y-seguridad\/"]}]},{"@type":"ImageObject","inLanguage":"es","@id":"https:\/\/www.ucaldas.edu.co\/portal\/participe-en-el-premio-nacional-de-periodismo-mujeres-paz-y-seguridad\/#primaryimage","url":"https:\/\/www.ucaldas.edu.co\/portal\/wp-content\/uploads\/2020\/09\/periodismo.jpg","contentUrl":"https:\/\/www.ucaldas.edu.co\/portal\/wp-content\/uploads\/2020\/09\/periodismo.jpg","width":700,"height":400},{"@type":"BreadcrumbList","@id":"https:\/\/www.ucaldas.edu.co\/portal\/participe-en-el-premio-nacional-de-periodismo-mujeres-paz-y-seguridad\/#breadcrumb","itemListElement":[{"@type":"ListItem","position":1,"name":"Portada","item":"https:\/\/www.ucaldas.edu.co\/portal\/"},{"@type":"ListItem","position":2,"name":"Participe en el Premio Nacional de Periodismo Mujeres, Paz y Seguridad"}]},{"@type":"WebSite","@id":"https:\/\/www.ucaldas.edu.co\/portal\/#website","url":"https:\/\/www.ucaldas.edu.co\/portal\/","name":"Universidad de Caldas","description":"","publisher":{"@id":"https:\/\/www.ucaldas.edu.co\/portal\/#organization"},"alternateName":"U. de Caldas","potentialAction":[{"@type":"SearchAction","target":{"@type":"EntryPoint","urlTemplate":"https:\/\/www.ucaldas.edu.co\/portal\/?s={search_term_string}"},"query-input":{"@type":"PropertyValueSpecification","valueRequired":true,"valueName":"search_term_string"}}],"inLanguage":"es"},{"@type":"Organization","@id":"https:\/\/www.ucaldas.edu.co\/portal\/#organization","name":"Universidad de Caldas","alternateName":"U. de Caldas","url":"https:\/\/www.ucaldas.edu.co\/portal\/","logo":{"@type":"ImageObject","inLanguage":"es","@id":"https:\/\/www.ucaldas.edu.co\/portal\/#\/schema\/logo\/image\/","url":"https:\/\/www.ucaldas.edu.co\/portal\/wp-content\/uploads\/2023\/11\/Logo_horizontal_oscuroU-2023.png","contentUrl":"https:\/\/www.ucaldas.edu.co\/portal\/wp-content\/uploads\/2023\/11\/Logo_horizontal_oscuroU-2023.png","width":263,"height":101,"caption":"Universidad de Caldas"},"image":{"@id":"https:\/\/www.ucaldas.edu.co\/portal\/#\/schema\/logo\/image\/"},"sameAs":["https:\/\/www.facebook.com\/udecaldas","https:\/\/x.com\/udecaldas","https:\/\/www.youtube.com\/universidadcaldas","https:\/\/www.instagram.com\/udecaldas\/"]},{"@type":"Person","@id":"https:\/\/www.ucaldas.edu.co\/portal\/#\/schema\/person\/a1b482e23449158b4bc319926c074fdf","name":"ofiprensa","image":{"@type":"ImageObject","inLanguage":"es","@id":"https:\/\/www.ucaldas.edu.co\/portal\/wp-content\/litespeed\/avatar\/09ea5085e600095a7a811142c6944527.jpg?ver=1777497608","url":"https:\/\/www.ucaldas.edu.co\/portal\/wp-content\/litespeed\/avatar\/09ea5085e600095a7a811142c6944527.jpg?ver=1777497608","contentUrl":"https:\/\/www.ucaldas.edu.co\/portal\/wp-content\/litespeed\/avatar\/09ea5085e600095a7a811142c6944527.jpg?ver=1777497608","caption":"ofiprensa"},"url":"https:\/\/www.ucaldas.edu.co\/portal\/author\/ofiprensa\/"}]}},"_links":{"self":[{"href":"https:\/\/www.ucaldas.edu.co\/portal\/wp-json\/wp\/v2\/posts\/58612","targetHints":{"allow":["GET"]}}],"collection":[{"href":"https:\/\/www.ucaldas.edu.co\/portal\/wp-json\/wp\/v2\/posts"}],"about":[{"href":"https:\/\/www.ucaldas.edu.co\/portal\/wp-json\/wp\/v2\/types\/post"}],"author":[{"embeddable":true,"href":"https:\/\/www.ucaldas.edu.co\/portal\/wp-json\/wp\/v2\/users\/2"}],"replies":[{"embeddable":true,"href":"https:\/\/www.ucaldas.edu.co\/portal\/wp-json\/wp\/v2\/comments?post=58612"}],"version-history":[{"count":0,"href":"https:\/\/www.ucaldas.edu.co\/portal\/wp-json\/wp\/v2\/posts\/58612\/revisions"}],"wp:featuredmedia":[{"embeddable":true,"href":"https:\/\/www.ucaldas.edu.co\/portal\/wp-json\/wp\/v2\/media\/58613"}],"wp:attachment":[{"href":"https:\/\/www.ucaldas.edu.co\/portal\/wp-json\/wp\/v2\/media?parent=58612"}],"wp:term":[{"taxonomy":"category","embeddable":true,"href":"https:\/\/www.ucaldas.edu.co\/portal\/wp-json\/wp\/v2\/categories?post=58612"},{"taxonomy":"post_tag","embeddable":true,"href":"https:\/\/www.ucaldas.edu.co\/portal\/wp-json\/wp\/v2\/tags?post=58612"}],"curies":[{"name":"wp","href":"https:\/\/api.w.org\/{rel}","templated":true}]}}