{"id":58593,"date":"2020-09-23T23:42:08","date_gmt":"2020-09-23T23:42:08","guid":{"rendered":"https:\/\/www.ucaldas.edu.co\/portal\/?p=58593"},"modified":"2020-09-23T23:42:08","modified_gmt":"2020-09-23T23:42:08","slug":"conozca-otro-de-los-proyectos-u-de-caldas-aprobados-por-minciencias-en-la-convocatoria-872","status":"publish","type":"post","link":"https:\/\/www.ucaldas.edu.co\/portal\/conozca-otro-de-los-proyectos-u-de-caldas-aprobados-por-minciencias-en-la-convocatoria-872\/","title":{"rendered":"Conozca otro de los proyectos U. de Caldas aprobados por Minciencias en la convocatoria 872"},"content":{"rendered":"<p style=\"text-align: center;\">OCTAVO LUGAR EN LA CONVOCATORIA MINCIENCIAS<\/p>\n<p style=\"text-align: center;\"><strong>Conozca otro de los proyectos U. de Caldas aprobados por Minciencias en la convocatoria 872<\/strong><\/p>\n<p style=\"text-align: right;\">23\/09\/2020<\/p>\n<p><img loading=\"lazy\" decoding=\"async\" class=\"alignnone size-full wp-image-58594\" src=\"https:\/\/www.ucaldas.edu.co\/portal\/wp-content\/uploads\/2020\/09\/proyecto.jpg\" alt=\"\" width=\"700\" height=\"400\" srcset=\"https:\/\/www.ucaldas.edu.co\/portal\/wp-content\/uploads\/2020\/09\/proyecto.jpg 700w, https:\/\/www.ucaldas.edu.co\/portal\/wp-content\/uploads\/2020\/09\/proyecto-300x171.jpg 300w\" sizes=\"auto, (max-width: 700px) 100vw, 700px\" \/>El proyecto denominado \u201cRol sociocultural de las organizaciones de v\u00edctimas en la territorializaci\u00f3n de la memoria y en la reconciliaci\u00f3n social: An\u00e1lisis comparado entre los departamentos de Caldas y del Atl\u00e1ntico\u201d, ocup\u00f3 el octavo lugar de la convocatoria con 91 puntos de 100 posibles.<\/p>\n<p><!--more--><\/p>\n<p>En el proyecto participan como Investigadora principal la Dra. Hellen Charlot Cristancho Garrido, profesora de planta del Departamento de Historia y Geograf\u00eda, Investigadora del Instituto de Investigaciones en Ciencias Sociales y Humanas (ICSH) y Directora de la Maestr\u00eda en Estudios Territoriales, en calidad de miembro del Grupo de Investigaci\u00f3n Territorialidades; junto con la Dra. Beatriz Nates como co-investigadora y asesora acad\u00e9mica, en calidad de miembro del consejo cient\u00edfico de la Red Internacional de Estudios sobre Territorio y Cultura, docente de planta del Departamento de Antropolog\u00eda y Sociolog\u00eda, Investigadora del Instituto de Investigaciones en Ciencias Sociales y Humanas (ICSH) y Directora del Doctorado en Estudios Territoriales.<\/p>\n<p>Cristancho comenta que el proyecto tiene como objetivo general explorar narrativas y pr\u00e1cticas de organizaciones de v\u00edctimas sobre memoria en t\u00e9rminos de dignificaci\u00f3n, reparaci\u00f3n, contribuci\u00f3n al esclarecimiento de los hechos y reconciliaci\u00f3n social; para explicar y comprender su rol en procesos de territorializaci\u00f3n de la memoria y de reconciliaci\u00f3n social, a partir del an\u00e1lisis comparado de las trayectorias organizativas de v\u00edctimas de los departamentos de Caldas y del Atl\u00e1ntico en tiempos y espacios diferenciados (antes y despu\u00e9s de la Ley 1448 de 2011).<\/p>\n<p>La docente Cristancho explica que el proyecto se divide en dos momentos, el primer periodo temporal ser\u00e1 en funci\u00f3n de iniciativas de colectivos de v\u00edctimas sobre memoria antes de la creaci\u00f3n de la Ley; y el segundo, a partir de sus trayectorias organizativas en el contexto de su implementaci\u00f3n. Agrega que los espacios depender\u00e1n de los lugares apropiados, valorados y (re)significados alrededor de la memoria cuyo reconocimiento permitir\u00e1 dar cuenta del anclaje de la memoria en el territorio.<\/p>\n<p>La proyecto se enmarca en la l\u00ednea de la convocatoria \u201cMemoria de las v\u00edctimas e interpretaciones culturales y art\u00edsticas alrededor del conflicto armado\u201d, el cual profundiza en componentes de la subl\u00ednea \u201cEstudios anal\u00edticos sobre v\u00edctimas y sus memorias: Investigaciones que analicen el conflicto armado a trav\u00e9s de una aproximaci\u00f3n a agregados de estudios y trabajos sobre el papel de las memorias de las v\u00edctimas en t\u00e9rminos de dignificaci\u00f3n, efectos reparadores y contribuci\u00f3n al esclarecimiento de los hechos\u201d.<\/p>\n<p>&nbsp;<\/p>\n<p><strong>Informes: <\/strong>Oficina de Comunicaciones y Prensa Universidad de Caldas.<\/p>\n<p><strong>Redacci\u00f3n:<\/strong> Mateo Buritic\u00e1 Giraldo<\/p>\n<p>&nbsp;<\/p>\n","protected":false},"excerpt":{"rendered":"<p>OCTAVO LUGAR EN LA CONVOCATORIA MINCIENCIAS Conozca otro de los proyectos U. de Caldas aprobados por Minciencias en la convocatoria 872 23\/09\/2020 El proyecto denominado \u201cRol sociocultural de las organizaciones de v\u00edctimas en la territorializaci\u00f3n de la memoria y en la reconciliaci\u00f3n social: An\u00e1lisis comparado entre los departamentos de Caldas y del Atl\u00e1ntico\u201d, ocup\u00f3 el [&hellip;]<\/p>\n","protected":false},"author":2,"featured_media":58594,"comment_status":"closed","ping_status":"open","sticky":false,"template":"","format":"standard","meta":{"footnotes":""},"categories":[48,53,243],"tags":[505,4543,5249],"class_list":["post-58593","post","type-post","status-publish","format-standard","has-post-thumbnail","hentry","category-actualidad","category-universidad-al-dia","category-ucaldas-acreditada","tag-proyectos-de-investigacion","tag-minciencias","tag-victimas-conflicto"],"yoast_head":"<!-- This site is optimized with the Yoast SEO plugin v27.5 - https:\/\/yoast.com\/product\/yoast-seo-wordpress\/ -->\n<title>Conozca otro de los proyectos U. de Caldas aprobados por Minciencias en la convocatoria 872 .<\/title>\n<meta name=\"robots\" content=\"index, follow, max-snippet:-1, max-image-preview:large, max-video-preview:-1\" \/>\n<link rel=\"canonical\" href=\"https:\/\/www.ucaldas.edu.co\/portal\/conozca-otro-de-los-proyectos-u-de-caldas-aprobados-por-minciencias-en-la-convocatoria-872\/\" \/>\n<script type=\"application\/ld+json\" class=\"yoast-schema-graph\">{\"@context\":\"https:\\\/\\\/schema.org\",\"@graph\":[{\"@type\":\"Article\",\"@id\":\"https:\\\/\\\/www.ucaldas.edu.co\\\/portal\\\/conozca-otro-de-los-proyectos-u-de-caldas-aprobados-por-minciencias-en-la-convocatoria-872\\\/#article\",\"isPartOf\":{\"@id\":\"https:\\\/\\\/www.ucaldas.edu.co\\\/portal\\\/conozca-otro-de-los-proyectos-u-de-caldas-aprobados-por-minciencias-en-la-convocatoria-872\\\/\"},\"author\":{\"name\":\"ofiprensa\",\"@id\":\"https:\\\/\\\/www.ucaldas.edu.co\\\/portal\\\/#\\\/schema\\\/person\\\/a1b482e23449158b4bc319926c074fdf\"},\"headline\":\"Conozca otro de los proyectos U. de Caldas aprobados por Minciencias en la convocatoria 872\",\"datePublished\":\"2020-09-23T23:42:08+00:00\",\"mainEntityOfPage\":{\"@id\":\"https:\\\/\\\/www.ucaldas.edu.co\\\/portal\\\/conozca-otro-de-los-proyectos-u-de-caldas-aprobados-por-minciencias-en-la-convocatoria-872\\\/\"},\"wordCount\":476,\"publisher\":{\"@id\":\"https:\\\/\\\/www.ucaldas.edu.co\\\/portal\\\/#organization\"},\"image\":{\"@id\":\"https:\\\/\\\/www.ucaldas.edu.co\\\/portal\\\/conozca-otro-de-los-proyectos-u-de-caldas-aprobados-por-minciencias-en-la-convocatoria-872\\\/#primaryimage\"},\"thumbnailUrl\":\"https:\\\/\\\/www.ucaldas.edu.co\\\/portal\\\/wp-content\\\/uploads\\\/2020\\\/09\\\/proyecto.jpg\",\"keywords\":[\"proyectos de investigaci\u00f3n\",\"Minciencias\",\"v\u00edctimas conflicto\"],\"articleSection\":[\"Actualidad\",\"Universidad al D\u00eda\",\"Ucaldas Acreditada\"],\"inLanguage\":\"es\"},{\"@type\":\"WebPage\",\"@id\":\"https:\\\/\\\/www.ucaldas.edu.co\\\/portal\\\/conozca-otro-de-los-proyectos-u-de-caldas-aprobados-por-minciencias-en-la-convocatoria-872\\\/\",\"url\":\"https:\\\/\\\/www.ucaldas.edu.co\\\/portal\\\/conozca-otro-de-los-proyectos-u-de-caldas-aprobados-por-minciencias-en-la-convocatoria-872\\\/\",\"name\":\"Conozca otro de los proyectos U. de Caldas aprobados por Minciencias en la convocatoria 872 .\",\"isPartOf\":{\"@id\":\"https:\\\/\\\/www.ucaldas.edu.co\\\/portal\\\/#website\"},\"primaryImageOfPage\":{\"@id\":\"https:\\\/\\\/www.ucaldas.edu.co\\\/portal\\\/conozca-otro-de-los-proyectos-u-de-caldas-aprobados-por-minciencias-en-la-convocatoria-872\\\/#primaryimage\"},\"image\":{\"@id\":\"https:\\\/\\\/www.ucaldas.edu.co\\\/portal\\\/conozca-otro-de-los-proyectos-u-de-caldas-aprobados-por-minciencias-en-la-convocatoria-872\\\/#primaryimage\"},\"thumbnailUrl\":\"https:\\\/\\\/www.ucaldas.edu.co\\\/portal\\\/wp-content\\\/uploads\\\/2020\\\/09\\\/proyecto.jpg\",\"datePublished\":\"2020-09-23T23:42:08+00:00\",\"breadcrumb\":{\"@id\":\"https:\\\/\\\/www.ucaldas.edu.co\\\/portal\\\/conozca-otro-de-los-proyectos-u-de-caldas-aprobados-por-minciencias-en-la-convocatoria-872\\\/#breadcrumb\"},\"inLanguage\":\"es\",\"potentialAction\":[{\"@type\":\"ReadAction\",\"target\":[\"https:\\\/\\\/www.ucaldas.edu.co\\\/portal\\\/conozca-otro-de-los-proyectos-u-de-caldas-aprobados-por-minciencias-en-la-convocatoria-872\\\/\"]}]},{\"@type\":\"ImageObject\",\"inLanguage\":\"es\",\"@id\":\"https:\\\/\\\/www.ucaldas.edu.co\\\/portal\\\/conozca-otro-de-los-proyectos-u-de-caldas-aprobados-por-minciencias-en-la-convocatoria-872\\\/#primaryimage\",\"url\":\"https:\\\/\\\/www.ucaldas.edu.co\\\/portal\\\/wp-content\\\/uploads\\\/2020\\\/09\\\/proyecto.jpg\",\"contentUrl\":\"https:\\\/\\\/www.ucaldas.edu.co\\\/portal\\\/wp-content\\\/uploads\\\/2020\\\/09\\\/proyecto.jpg\",\"width\":700,\"height\":400},{\"@type\":\"BreadcrumbList\",\"@id\":\"https:\\\/\\\/www.ucaldas.edu.co\\\/portal\\\/conozca-otro-de-los-proyectos-u-de-caldas-aprobados-por-minciencias-en-la-convocatoria-872\\\/#breadcrumb\",\"itemListElement\":[{\"@type\":\"ListItem\",\"position\":1,\"name\":\"Portada\",\"item\":\"https:\\\/\\\/www.ucaldas.edu.co\\\/portal\\\/\"},{\"@type\":\"ListItem\",\"position\":2,\"name\":\"Conozca otro de los proyectos U. de Caldas aprobados por Minciencias en la convocatoria 872\"}]},{\"@type\":\"WebSite\",\"@id\":\"https:\\\/\\\/www.ucaldas.edu.co\\\/portal\\\/#website\",\"url\":\"https:\\\/\\\/www.ucaldas.edu.co\\\/portal\\\/\",\"name\":\"Universidad de Caldas\",\"description\":\"\",\"publisher\":{\"@id\":\"https:\\\/\\\/www.ucaldas.edu.co\\\/portal\\\/#organization\"},\"alternateName\":\"U. de Caldas\",\"potentialAction\":[{\"@type\":\"SearchAction\",\"target\":{\"@type\":\"EntryPoint\",\"urlTemplate\":\"https:\\\/\\\/www.ucaldas.edu.co\\\/portal\\\/?s={search_term_string}\"},\"query-input\":{\"@type\":\"PropertyValueSpecification\",\"valueRequired\":true,\"valueName\":\"search_term_string\"}}],\"inLanguage\":\"es\"},{\"@type\":\"Organization\",\"@id\":\"https:\\\/\\\/www.ucaldas.edu.co\\\/portal\\\/#organization\",\"name\":\"Universidad de Caldas\",\"alternateName\":\"U. de Caldas\",\"url\":\"https:\\\/\\\/www.ucaldas.edu.co\\\/portal\\\/\",\"logo\":{\"@type\":\"ImageObject\",\"inLanguage\":\"es\",\"@id\":\"https:\\\/\\\/www.ucaldas.edu.co\\\/portal\\\/#\\\/schema\\\/logo\\\/image\\\/\",\"url\":\"https:\\\/\\\/www.ucaldas.edu.co\\\/portal\\\/wp-content\\\/uploads\\\/2023\\\/11\\\/Logo_horizontal_oscuroU-2023.png\",\"contentUrl\":\"https:\\\/\\\/www.ucaldas.edu.co\\\/portal\\\/wp-content\\\/uploads\\\/2023\\\/11\\\/Logo_horizontal_oscuroU-2023.png\",\"width\":263,\"height\":101,\"caption\":\"Universidad de Caldas\"},\"image\":{\"@id\":\"https:\\\/\\\/www.ucaldas.edu.co\\\/portal\\\/#\\\/schema\\\/logo\\\/image\\\/\"},\"sameAs\":[\"https:\\\/\\\/www.facebook.com\\\/udecaldas\",\"https:\\\/\\\/x.com\\\/udecaldas\",\"https:\\\/\\\/www.youtube.com\\\/universidadcaldas\",\"https:\\\/\\\/www.instagram.com\\\/udecaldas\\\/\"]},{\"@type\":\"Person\",\"@id\":\"https:\\\/\\\/www.ucaldas.edu.co\\\/portal\\\/#\\\/schema\\\/person\\\/a1b482e23449158b4bc319926c074fdf\",\"name\":\"ofiprensa\",\"image\":{\"@type\":\"ImageObject\",\"inLanguage\":\"es\",\"@id\":\"https:\\\/\\\/www.ucaldas.edu.co\\\/portal\\\/wp-content\\\/litespeed\\\/avatar\\\/09ea5085e600095a7a811142c6944527.jpg?ver=1777497608\",\"url\":\"https:\\\/\\\/www.ucaldas.edu.co\\\/portal\\\/wp-content\\\/litespeed\\\/avatar\\\/09ea5085e600095a7a811142c6944527.jpg?ver=1777497608\",\"contentUrl\":\"https:\\\/\\\/www.ucaldas.edu.co\\\/portal\\\/wp-content\\\/litespeed\\\/avatar\\\/09ea5085e600095a7a811142c6944527.jpg?ver=1777497608\",\"caption\":\"ofiprensa\"},\"url\":\"https:\\\/\\\/www.ucaldas.edu.co\\\/portal\\\/author\\\/ofiprensa\\\/\"}]}<\/script>\n<!-- \/ Yoast SEO plugin. -->","yoast_head_json":{"title":"Conozca otro de los proyectos U. de Caldas aprobados por Minciencias en la convocatoria 872 .","robots":{"index":"index","follow":"follow","max-snippet":"max-snippet:-1","max-image-preview":"max-image-preview:large","max-video-preview":"max-video-preview:-1"},"canonical":"https:\/\/www.ucaldas.edu.co\/portal\/conozca-otro-de-los-proyectos-u-de-caldas-aprobados-por-minciencias-en-la-convocatoria-872\/","schema":{"@context":"https:\/\/schema.org","@graph":[{"@type":"Article","@id":"https:\/\/www.ucaldas.edu.co\/portal\/conozca-otro-de-los-proyectos-u-de-caldas-aprobados-por-minciencias-en-la-convocatoria-872\/#article","isPartOf":{"@id":"https:\/\/www.ucaldas.edu.co\/portal\/conozca-otro-de-los-proyectos-u-de-caldas-aprobados-por-minciencias-en-la-convocatoria-872\/"},"author":{"name":"ofiprensa","@id":"https:\/\/www.ucaldas.edu.co\/portal\/#\/schema\/person\/a1b482e23449158b4bc319926c074fdf"},"headline":"Conozca otro de los proyectos U. de Caldas aprobados por Minciencias en la convocatoria 872","datePublished":"2020-09-23T23:42:08+00:00","mainEntityOfPage":{"@id":"https:\/\/www.ucaldas.edu.co\/portal\/conozca-otro-de-los-proyectos-u-de-caldas-aprobados-por-minciencias-en-la-convocatoria-872\/"},"wordCount":476,"publisher":{"@id":"https:\/\/www.ucaldas.edu.co\/portal\/#organization"},"image":{"@id":"https:\/\/www.ucaldas.edu.co\/portal\/conozca-otro-de-los-proyectos-u-de-caldas-aprobados-por-minciencias-en-la-convocatoria-872\/#primaryimage"},"thumbnailUrl":"https:\/\/www.ucaldas.edu.co\/portal\/wp-content\/uploads\/2020\/09\/proyecto.jpg","keywords":["proyectos de investigaci\u00f3n","Minciencias","v\u00edctimas conflicto"],"articleSection":["Actualidad","Universidad al D\u00eda","Ucaldas Acreditada"],"inLanguage":"es"},{"@type":"WebPage","@id":"https:\/\/www.ucaldas.edu.co\/portal\/conozca-otro-de-los-proyectos-u-de-caldas-aprobados-por-minciencias-en-la-convocatoria-872\/","url":"https:\/\/www.ucaldas.edu.co\/portal\/conozca-otro-de-los-proyectos-u-de-caldas-aprobados-por-minciencias-en-la-convocatoria-872\/","name":"Conozca otro de los proyectos U. de Caldas aprobados por Minciencias en la convocatoria 872 .","isPartOf":{"@id":"https:\/\/www.ucaldas.edu.co\/portal\/#website"},"primaryImageOfPage":{"@id":"https:\/\/www.ucaldas.edu.co\/portal\/conozca-otro-de-los-proyectos-u-de-caldas-aprobados-por-minciencias-en-la-convocatoria-872\/#primaryimage"},"image":{"@id":"https:\/\/www.ucaldas.edu.co\/portal\/conozca-otro-de-los-proyectos-u-de-caldas-aprobados-por-minciencias-en-la-convocatoria-872\/#primaryimage"},"thumbnailUrl":"https:\/\/www.ucaldas.edu.co\/portal\/wp-content\/uploads\/2020\/09\/proyecto.jpg","datePublished":"2020-09-23T23:42:08+00:00","breadcrumb":{"@id":"https:\/\/www.ucaldas.edu.co\/portal\/conozca-otro-de-los-proyectos-u-de-caldas-aprobados-por-minciencias-en-la-convocatoria-872\/#breadcrumb"},"inLanguage":"es","potentialAction":[{"@type":"ReadAction","target":["https:\/\/www.ucaldas.edu.co\/portal\/conozca-otro-de-los-proyectos-u-de-caldas-aprobados-por-minciencias-en-la-convocatoria-872\/"]}]},{"@type":"ImageObject","inLanguage":"es","@id":"https:\/\/www.ucaldas.edu.co\/portal\/conozca-otro-de-los-proyectos-u-de-caldas-aprobados-por-minciencias-en-la-convocatoria-872\/#primaryimage","url":"https:\/\/www.ucaldas.edu.co\/portal\/wp-content\/uploads\/2020\/09\/proyecto.jpg","contentUrl":"https:\/\/www.ucaldas.edu.co\/portal\/wp-content\/uploads\/2020\/09\/proyecto.jpg","width":700,"height":400},{"@type":"BreadcrumbList","@id":"https:\/\/www.ucaldas.edu.co\/portal\/conozca-otro-de-los-proyectos-u-de-caldas-aprobados-por-minciencias-en-la-convocatoria-872\/#breadcrumb","itemListElement":[{"@type":"ListItem","position":1,"name":"Portada","item":"https:\/\/www.ucaldas.edu.co\/portal\/"},{"@type":"ListItem","position":2,"name":"Conozca otro de los proyectos U. de Caldas aprobados por Minciencias en la convocatoria 872"}]},{"@type":"WebSite","@id":"https:\/\/www.ucaldas.edu.co\/portal\/#website","url":"https:\/\/www.ucaldas.edu.co\/portal\/","name":"Universidad de Caldas","description":"","publisher":{"@id":"https:\/\/www.ucaldas.edu.co\/portal\/#organization"},"alternateName":"U. de Caldas","potentialAction":[{"@type":"SearchAction","target":{"@type":"EntryPoint","urlTemplate":"https:\/\/www.ucaldas.edu.co\/portal\/?s={search_term_string}"},"query-input":{"@type":"PropertyValueSpecification","valueRequired":true,"valueName":"search_term_string"}}],"inLanguage":"es"},{"@type":"Organization","@id":"https:\/\/www.ucaldas.edu.co\/portal\/#organization","name":"Universidad de Caldas","alternateName":"U. de Caldas","url":"https:\/\/www.ucaldas.edu.co\/portal\/","logo":{"@type":"ImageObject","inLanguage":"es","@id":"https:\/\/www.ucaldas.edu.co\/portal\/#\/schema\/logo\/image\/","url":"https:\/\/www.ucaldas.edu.co\/portal\/wp-content\/uploads\/2023\/11\/Logo_horizontal_oscuroU-2023.png","contentUrl":"https:\/\/www.ucaldas.edu.co\/portal\/wp-content\/uploads\/2023\/11\/Logo_horizontal_oscuroU-2023.png","width":263,"height":101,"caption":"Universidad de Caldas"},"image":{"@id":"https:\/\/www.ucaldas.edu.co\/portal\/#\/schema\/logo\/image\/"},"sameAs":["https:\/\/www.facebook.com\/udecaldas","https:\/\/x.com\/udecaldas","https:\/\/www.youtube.com\/universidadcaldas","https:\/\/www.instagram.com\/udecaldas\/"]},{"@type":"Person","@id":"https:\/\/www.ucaldas.edu.co\/portal\/#\/schema\/person\/a1b482e23449158b4bc319926c074fdf","name":"ofiprensa","image":{"@type":"ImageObject","inLanguage":"es","@id":"https:\/\/www.ucaldas.edu.co\/portal\/wp-content\/litespeed\/avatar\/09ea5085e600095a7a811142c6944527.jpg?ver=1777497608","url":"https:\/\/www.ucaldas.edu.co\/portal\/wp-content\/litespeed\/avatar\/09ea5085e600095a7a811142c6944527.jpg?ver=1777497608","contentUrl":"https:\/\/www.ucaldas.edu.co\/portal\/wp-content\/litespeed\/avatar\/09ea5085e600095a7a811142c6944527.jpg?ver=1777497608","caption":"ofiprensa"},"url":"https:\/\/www.ucaldas.edu.co\/portal\/author\/ofiprensa\/"}]}},"_links":{"self":[{"href":"https:\/\/www.ucaldas.edu.co\/portal\/wp-json\/wp\/v2\/posts\/58593","targetHints":{"allow":["GET"]}}],"collection":[{"href":"https:\/\/www.ucaldas.edu.co\/portal\/wp-json\/wp\/v2\/posts"}],"about":[{"href":"https:\/\/www.ucaldas.edu.co\/portal\/wp-json\/wp\/v2\/types\/post"}],"author":[{"embeddable":true,"href":"https:\/\/www.ucaldas.edu.co\/portal\/wp-json\/wp\/v2\/users\/2"}],"replies":[{"embeddable":true,"href":"https:\/\/www.ucaldas.edu.co\/portal\/wp-json\/wp\/v2\/comments?post=58593"}],"version-history":[{"count":0,"href":"https:\/\/www.ucaldas.edu.co\/portal\/wp-json\/wp\/v2\/posts\/58593\/revisions"}],"wp:featuredmedia":[{"embeddable":true,"href":"https:\/\/www.ucaldas.edu.co\/portal\/wp-json\/wp\/v2\/media\/58594"}],"wp:attachment":[{"href":"https:\/\/www.ucaldas.edu.co\/portal\/wp-json\/wp\/v2\/media?parent=58593"}],"wp:term":[{"taxonomy":"category","embeddable":true,"href":"https:\/\/www.ucaldas.edu.co\/portal\/wp-json\/wp\/v2\/categories?post=58593"},{"taxonomy":"post_tag","embeddable":true,"href":"https:\/\/www.ucaldas.edu.co\/portal\/wp-json\/wp\/v2\/tags?post=58593"}],"curies":[{"name":"wp","href":"https:\/\/api.w.org\/{rel}","templated":true}]}}