{"id":58492,"date":"2020-09-19T00:43:25","date_gmt":"2020-09-19T00:43:25","guid":{"rendered":"https:\/\/www.ucaldas.edu.co\/portal\/?p=58492"},"modified":"2020-09-19T00:43:25","modified_gmt":"2020-09-19T00:43:25","slug":"conozca-el-proyecto-u-de-caldas-que-ocupo-el-primer-lugar-en-la-convocatoria-0872-de-2020-de-minciencias","status":"publish","type":"post","link":"https:\/\/www.ucaldas.edu.co\/portal\/conozca-el-proyecto-u-de-caldas-que-ocupo-el-primer-lugar-en-la-convocatoria-0872-de-2020-de-minciencias\/","title":{"rendered":"Conozca el proyecto U. de Caldas que ocup\u00f3 el primer lugar  en la convocatoria 0872 de 2020 de Minciencias"},"content":{"rendered":"<p style=\"text-align: center;\">\n<p style=\"text-align: center;\">4 GRUPOS DE INVESTIGACI\u00d3N U. DE CALDAS INTERVIENEN EN EL PROYECTO<\/p>\n<p style=\"text-align: center;\"><strong>Conozca el proyecto U. de Caldas que ocup\u00f3 el primer lugar <\/strong><\/p>\n<p style=\"text-align: center;\"><strong>en la convocatoria 0872 de 2020 de Minciencias<\/strong><\/p>\n<p style=\"text-align: right;\">18\/09\/2020<\/p>\n<p><img loading=\"lazy\" decoding=\"async\" class=\"alignnone size-full wp-image-58493 aligncenter\" src=\"https:\/\/www.ucaldas.edu.co\/portal\/wp-content\/uploads\/2020\/09\/proyecto-minciencias.jpg\" alt=\"\" width=\"700\" height=\"400\" srcset=\"https:\/\/www.ucaldas.edu.co\/portal\/wp-content\/uploads\/2020\/09\/proyecto-minciencias.jpg 700w, https:\/\/www.ucaldas.edu.co\/portal\/wp-content\/uploads\/2020\/09\/proyecto-minciencias-300x171.jpg 300w\" sizes=\"auto, (max-width: 700px) 100vw, 700px\" \/><\/p>\n<p>\u201cConciencia Hist\u00f3rica del Conflicto Armado y Capacidades de los docentes en procesos de Construcci\u00f3n de Paz en la Escuela: Caso de los maestros de Riosucio y Marquetalia, Caldas\u201d es el nombre del proyecto U. de Caldas que ocup\u00f3 el primer lugar en la convocatoria 0872 de 2020 de Minciencias con un puntaje de 98 sobre 100 puntos posibles.<\/p>\n<p><!--more--><\/p>\n<p>Yasaldez Eder Loaiza Zuluaga, investigador principal del proyecto y l\u00edder del grupo de investigaci\u00f3n \u201cMaestros y Contextos\u201d, comenta que el proyecto busca desarrollar bajo la metodolog\u00eda de la fenomenolog\u00eda, una aproximaci\u00f3n a la\u00a0 experiencia de los maestros en este entorno, analizando la manera en la cual han vivido y sentido el conflicto armado, principalmente como sobrellevando y desarrollando propuestas que permitieron sacar a flote su capacidad pol\u00edtica para transformas estas realidades en las escuelas rurales.<\/p>\n<p>&nbsp;<\/p>\n<p>El proyecto es desarrollado los grupos de investigaci\u00f3n \u201cMaestros y contextos\u201d, \u201cCurriculum e identidades culturales\u201d, \u201cCognici\u00f3n y educaci\u00f3n\u201d, y el CEDAT; todos pertenecientes a la Universidad de Caldas. Tambi\u00e9n hace parte el grupo \u201cEstudios de Derecho y Sociedad\u201d de la Corporaci\u00f3n Universitaria de Sabaneta Unisabaneta.<\/p>\n<p>&nbsp;<\/p>\n<p>Loaiza expresa que se eligieron estas dos poblaciones dado a su historia con el conflicto armado de diferentes naturalezas, tanto de narcotr\u00e1fico como de guerrillas y grupos paramilitares; con los cuales varios maestros de estas zonas han sufrido experiencias.<\/p>\n<p>&nbsp;<\/p>\n<p>El proyecto sigue la l\u00ednea investigativa \u201cMemorias de las v\u00edctimas e interpretaciones culturales y art\u00edsticas alrededor del conflicto armado\u201d, siguiendo la subl\u00ednea \u201cEstudios anal\u00edticos sobre v\u00edctimas y sus memorias: Investigaciones que analicen el conflicto armado a trav\u00e9s de una aproximaci\u00f3n a agregados de estudios y trabajos sobre el papel de las memorias de las v\u00edctimas en t\u00e9rminos de dignificaci\u00f3n, efectos reparadores y contribuci\u00f3n al esclarecimiento de los hechos\u201d.<\/p>\n<p>&nbsp;<\/p>\n<p><strong><a href=\"https:\/\/minciencias.gov.co\/convocatorias\/programa-y-proyectos-ctei\/hacia-una-mayor-comprension-del-conflicto-armado-las\">Conozca aqu\u00ed los dem\u00e1s proyectos seleccionados.<\/a><\/strong><\/p>\n<p>&nbsp;<\/p>\n<p><strong>Anexo:<\/strong><\/p>\n<p><strong><a href=\"https:\/\/www.ucaldas.edu.co\/portal\/wp-content\/uploads\/2020\/09\/investigador-Yasaldez.mp3\">Audio Yasaldez Eder Loaiza Zuluaga.<\/a><\/strong><\/p>\n<p>&nbsp;<\/p>\n<p><strong>Informes: <\/strong>Oficina de Comunicaciones y Prensa Universidad de Caldas.<\/p>\n<p><strong>Redacci\u00f3n:<\/strong> Mateo Buritic\u00e1 Giraldo<\/p>\n<p>&nbsp;<\/p>\n","protected":false},"excerpt":{"rendered":"<p>4 GRUPOS DE INVESTIGACI\u00d3N U. DE CALDAS INTERVIENEN EN EL PROYECTO Conozca el proyecto U. de Caldas que ocup\u00f3 el primer lugar en la convocatoria 0872 de 2020 de Minciencias 18\/09\/2020 \u201cConciencia Hist\u00f3rica del Conflicto Armado y Capacidades de los docentes en procesos de Construcci\u00f3n de Paz en la Escuela: Caso de los maestros de [&hellip;]<\/p>\n","protected":false},"author":2,"featured_media":58493,"comment_status":"closed","ping_status":"open","sticky":false,"template":"","format":"standard","meta":{"footnotes":""},"categories":[48,53,243],"tags":[889,4543,5236],"class_list":["post-58492","post","type-post","status-publish","format-standard","has-post-thumbnail","hentry","category-actualidad","category-universidad-al-dia","category-ucaldas-acreditada","tag-grupos-de-investigacion","tag-minciencias","tag-proyectos-conflicto-armado"],"yoast_head":"<!-- This site is optimized with the Yoast SEO plugin v27.5 - https:\/\/yoast.com\/product\/yoast-seo-wordpress\/ -->\n<title>Conozca el proyecto U. de Caldas que ocup\u00f3 el primer lugar en la convocatoria 0872 de 2020 de Minciencias .<\/title>\n<meta name=\"robots\" content=\"index, follow, max-snippet:-1, max-image-preview:large, max-video-preview:-1\" \/>\n<link rel=\"canonical\" href=\"https:\/\/www.ucaldas.edu.co\/portal\/conozca-el-proyecto-u-de-caldas-que-ocupo-el-primer-lugar-en-la-convocatoria-0872-de-2020-de-minciencias\/\" \/>\n<script type=\"application\/ld+json\" class=\"yoast-schema-graph\">{\"@context\":\"https:\\\/\\\/schema.org\",\"@graph\":[{\"@type\":\"Article\",\"@id\":\"https:\\\/\\\/www.ucaldas.edu.co\\\/portal\\\/conozca-el-proyecto-u-de-caldas-que-ocupo-el-primer-lugar-en-la-convocatoria-0872-de-2020-de-minciencias\\\/#article\",\"isPartOf\":{\"@id\":\"https:\\\/\\\/www.ucaldas.edu.co\\\/portal\\\/conozca-el-proyecto-u-de-caldas-que-ocupo-el-primer-lugar-en-la-convocatoria-0872-de-2020-de-minciencias\\\/\"},\"author\":{\"name\":\"ofiprensa\",\"@id\":\"https:\\\/\\\/www.ucaldas.edu.co\\\/portal\\\/#\\\/schema\\\/person\\\/a1b482e23449158b4bc319926c074fdf\"},\"headline\":\"Conozca el proyecto U. de Caldas que ocup\u00f3 el primer lugar en la convocatoria 0872 de 2020 de Minciencias\",\"datePublished\":\"2020-09-19T00:43:25+00:00\",\"mainEntityOfPage\":{\"@id\":\"https:\\\/\\\/www.ucaldas.edu.co\\\/portal\\\/conozca-el-proyecto-u-de-caldas-que-ocupo-el-primer-lugar-en-la-convocatoria-0872-de-2020-de-minciencias\\\/\"},\"wordCount\":386,\"publisher\":{\"@id\":\"https:\\\/\\\/www.ucaldas.edu.co\\\/portal\\\/#organization\"},\"image\":{\"@id\":\"https:\\\/\\\/www.ucaldas.edu.co\\\/portal\\\/conozca-el-proyecto-u-de-caldas-que-ocupo-el-primer-lugar-en-la-convocatoria-0872-de-2020-de-minciencias\\\/#primaryimage\"},\"thumbnailUrl\":\"https:\\\/\\\/www.ucaldas.edu.co\\\/portal\\\/wp-content\\\/uploads\\\/2020\\\/09\\\/proyecto-minciencias.jpg\",\"keywords\":[\"grupos de investigaci\u00f3n\",\"Minciencias\",\"proyectos conflicto armado\"],\"articleSection\":[\"Actualidad\",\"Universidad al D\u00eda\",\"Ucaldas Acreditada\"],\"inLanguage\":\"es\"},{\"@type\":\"WebPage\",\"@id\":\"https:\\\/\\\/www.ucaldas.edu.co\\\/portal\\\/conozca-el-proyecto-u-de-caldas-que-ocupo-el-primer-lugar-en-la-convocatoria-0872-de-2020-de-minciencias\\\/\",\"url\":\"https:\\\/\\\/www.ucaldas.edu.co\\\/portal\\\/conozca-el-proyecto-u-de-caldas-que-ocupo-el-primer-lugar-en-la-convocatoria-0872-de-2020-de-minciencias\\\/\",\"name\":\"Conozca el proyecto U. de Caldas que ocup\u00f3 el primer lugar en la convocatoria 0872 de 2020 de Minciencias .\",\"isPartOf\":{\"@id\":\"https:\\\/\\\/www.ucaldas.edu.co\\\/portal\\\/#website\"},\"primaryImageOfPage\":{\"@id\":\"https:\\\/\\\/www.ucaldas.edu.co\\\/portal\\\/conozca-el-proyecto-u-de-caldas-que-ocupo-el-primer-lugar-en-la-convocatoria-0872-de-2020-de-minciencias\\\/#primaryimage\"},\"image\":{\"@id\":\"https:\\\/\\\/www.ucaldas.edu.co\\\/portal\\\/conozca-el-proyecto-u-de-caldas-que-ocupo-el-primer-lugar-en-la-convocatoria-0872-de-2020-de-minciencias\\\/#primaryimage\"},\"thumbnailUrl\":\"https:\\\/\\\/www.ucaldas.edu.co\\\/portal\\\/wp-content\\\/uploads\\\/2020\\\/09\\\/proyecto-minciencias.jpg\",\"datePublished\":\"2020-09-19T00:43:25+00:00\",\"breadcrumb\":{\"@id\":\"https:\\\/\\\/www.ucaldas.edu.co\\\/portal\\\/conozca-el-proyecto-u-de-caldas-que-ocupo-el-primer-lugar-en-la-convocatoria-0872-de-2020-de-minciencias\\\/#breadcrumb\"},\"inLanguage\":\"es\",\"potentialAction\":[{\"@type\":\"ReadAction\",\"target\":[\"https:\\\/\\\/www.ucaldas.edu.co\\\/portal\\\/conozca-el-proyecto-u-de-caldas-que-ocupo-el-primer-lugar-en-la-convocatoria-0872-de-2020-de-minciencias\\\/\"]}]},{\"@type\":\"ImageObject\",\"inLanguage\":\"es\",\"@id\":\"https:\\\/\\\/www.ucaldas.edu.co\\\/portal\\\/conozca-el-proyecto-u-de-caldas-que-ocupo-el-primer-lugar-en-la-convocatoria-0872-de-2020-de-minciencias\\\/#primaryimage\",\"url\":\"https:\\\/\\\/www.ucaldas.edu.co\\\/portal\\\/wp-content\\\/uploads\\\/2020\\\/09\\\/proyecto-minciencias.jpg\",\"contentUrl\":\"https:\\\/\\\/www.ucaldas.edu.co\\\/portal\\\/wp-content\\\/uploads\\\/2020\\\/09\\\/proyecto-minciencias.jpg\",\"width\":700,\"height\":400},{\"@type\":\"BreadcrumbList\",\"@id\":\"https:\\\/\\\/www.ucaldas.edu.co\\\/portal\\\/conozca-el-proyecto-u-de-caldas-que-ocupo-el-primer-lugar-en-la-convocatoria-0872-de-2020-de-minciencias\\\/#breadcrumb\",\"itemListElement\":[{\"@type\":\"ListItem\",\"position\":1,\"name\":\"Portada\",\"item\":\"https:\\\/\\\/www.ucaldas.edu.co\\\/portal\\\/\"},{\"@type\":\"ListItem\",\"position\":2,\"name\":\"Conozca el proyecto U. de Caldas que ocup\u00f3 el primer lugar en la convocatoria 0872 de 2020 de Minciencias\"}]},{\"@type\":\"WebSite\",\"@id\":\"https:\\\/\\\/www.ucaldas.edu.co\\\/portal\\\/#website\",\"url\":\"https:\\\/\\\/www.ucaldas.edu.co\\\/portal\\\/\",\"name\":\"Universidad de Caldas\",\"description\":\"\",\"publisher\":{\"@id\":\"https:\\\/\\\/www.ucaldas.edu.co\\\/portal\\\/#organization\"},\"alternateName\":\"U. de Caldas\",\"potentialAction\":[{\"@type\":\"SearchAction\",\"target\":{\"@type\":\"EntryPoint\",\"urlTemplate\":\"https:\\\/\\\/www.ucaldas.edu.co\\\/portal\\\/?s={search_term_string}\"},\"query-input\":{\"@type\":\"PropertyValueSpecification\",\"valueRequired\":true,\"valueName\":\"search_term_string\"}}],\"inLanguage\":\"es\"},{\"@type\":\"Organization\",\"@id\":\"https:\\\/\\\/www.ucaldas.edu.co\\\/portal\\\/#organization\",\"name\":\"Universidad de Caldas\",\"alternateName\":\"U. de Caldas\",\"url\":\"https:\\\/\\\/www.ucaldas.edu.co\\\/portal\\\/\",\"logo\":{\"@type\":\"ImageObject\",\"inLanguage\":\"es\",\"@id\":\"https:\\\/\\\/www.ucaldas.edu.co\\\/portal\\\/#\\\/schema\\\/logo\\\/image\\\/\",\"url\":\"https:\\\/\\\/www.ucaldas.edu.co\\\/portal\\\/wp-content\\\/uploads\\\/2023\\\/11\\\/Logo_horizontal_oscuroU-2023.png\",\"contentUrl\":\"https:\\\/\\\/www.ucaldas.edu.co\\\/portal\\\/wp-content\\\/uploads\\\/2023\\\/11\\\/Logo_horizontal_oscuroU-2023.png\",\"width\":263,\"height\":101,\"caption\":\"Universidad de Caldas\"},\"image\":{\"@id\":\"https:\\\/\\\/www.ucaldas.edu.co\\\/portal\\\/#\\\/schema\\\/logo\\\/image\\\/\"},\"sameAs\":[\"https:\\\/\\\/www.facebook.com\\\/udecaldas\",\"https:\\\/\\\/x.com\\\/udecaldas\",\"https:\\\/\\\/www.youtube.com\\\/universidadcaldas\",\"https:\\\/\\\/www.instagram.com\\\/udecaldas\\\/\"]},{\"@type\":\"Person\",\"@id\":\"https:\\\/\\\/www.ucaldas.edu.co\\\/portal\\\/#\\\/schema\\\/person\\\/a1b482e23449158b4bc319926c074fdf\",\"name\":\"ofiprensa\",\"image\":{\"@type\":\"ImageObject\",\"inLanguage\":\"es\",\"@id\":\"https:\\\/\\\/www.ucaldas.edu.co\\\/portal\\\/wp-content\\\/litespeed\\\/avatar\\\/09ea5085e600095a7a811142c6944527.jpg?ver=1777497608\",\"url\":\"https:\\\/\\\/www.ucaldas.edu.co\\\/portal\\\/wp-content\\\/litespeed\\\/avatar\\\/09ea5085e600095a7a811142c6944527.jpg?ver=1777497608\",\"contentUrl\":\"https:\\\/\\\/www.ucaldas.edu.co\\\/portal\\\/wp-content\\\/litespeed\\\/avatar\\\/09ea5085e600095a7a811142c6944527.jpg?ver=1777497608\",\"caption\":\"ofiprensa\"},\"url\":\"https:\\\/\\\/www.ucaldas.edu.co\\\/portal\\\/author\\\/ofiprensa\\\/\"}]}<\/script>\n<!-- \/ Yoast SEO plugin. -->","yoast_head_json":{"title":"Conozca el proyecto U. de Caldas que ocup\u00f3 el primer lugar en la convocatoria 0872 de 2020 de Minciencias .","robots":{"index":"index","follow":"follow","max-snippet":"max-snippet:-1","max-image-preview":"max-image-preview:large","max-video-preview":"max-video-preview:-1"},"canonical":"https:\/\/www.ucaldas.edu.co\/portal\/conozca-el-proyecto-u-de-caldas-que-ocupo-el-primer-lugar-en-la-convocatoria-0872-de-2020-de-minciencias\/","schema":{"@context":"https:\/\/schema.org","@graph":[{"@type":"Article","@id":"https:\/\/www.ucaldas.edu.co\/portal\/conozca-el-proyecto-u-de-caldas-que-ocupo-el-primer-lugar-en-la-convocatoria-0872-de-2020-de-minciencias\/#article","isPartOf":{"@id":"https:\/\/www.ucaldas.edu.co\/portal\/conozca-el-proyecto-u-de-caldas-que-ocupo-el-primer-lugar-en-la-convocatoria-0872-de-2020-de-minciencias\/"},"author":{"name":"ofiprensa","@id":"https:\/\/www.ucaldas.edu.co\/portal\/#\/schema\/person\/a1b482e23449158b4bc319926c074fdf"},"headline":"Conozca el proyecto U. de Caldas que ocup\u00f3 el primer lugar en la convocatoria 0872 de 2020 de Minciencias","datePublished":"2020-09-19T00:43:25+00:00","mainEntityOfPage":{"@id":"https:\/\/www.ucaldas.edu.co\/portal\/conozca-el-proyecto-u-de-caldas-que-ocupo-el-primer-lugar-en-la-convocatoria-0872-de-2020-de-minciencias\/"},"wordCount":386,"publisher":{"@id":"https:\/\/www.ucaldas.edu.co\/portal\/#organization"},"image":{"@id":"https:\/\/www.ucaldas.edu.co\/portal\/conozca-el-proyecto-u-de-caldas-que-ocupo-el-primer-lugar-en-la-convocatoria-0872-de-2020-de-minciencias\/#primaryimage"},"thumbnailUrl":"https:\/\/www.ucaldas.edu.co\/portal\/wp-content\/uploads\/2020\/09\/proyecto-minciencias.jpg","keywords":["grupos de investigaci\u00f3n","Minciencias","proyectos conflicto armado"],"articleSection":["Actualidad","Universidad al D\u00eda","Ucaldas Acreditada"],"inLanguage":"es"},{"@type":"WebPage","@id":"https:\/\/www.ucaldas.edu.co\/portal\/conozca-el-proyecto-u-de-caldas-que-ocupo-el-primer-lugar-en-la-convocatoria-0872-de-2020-de-minciencias\/","url":"https:\/\/www.ucaldas.edu.co\/portal\/conozca-el-proyecto-u-de-caldas-que-ocupo-el-primer-lugar-en-la-convocatoria-0872-de-2020-de-minciencias\/","name":"Conozca el proyecto U. de Caldas que ocup\u00f3 el primer lugar en la convocatoria 0872 de 2020 de Minciencias .","isPartOf":{"@id":"https:\/\/www.ucaldas.edu.co\/portal\/#website"},"primaryImageOfPage":{"@id":"https:\/\/www.ucaldas.edu.co\/portal\/conozca-el-proyecto-u-de-caldas-que-ocupo-el-primer-lugar-en-la-convocatoria-0872-de-2020-de-minciencias\/#primaryimage"},"image":{"@id":"https:\/\/www.ucaldas.edu.co\/portal\/conozca-el-proyecto-u-de-caldas-que-ocupo-el-primer-lugar-en-la-convocatoria-0872-de-2020-de-minciencias\/#primaryimage"},"thumbnailUrl":"https:\/\/www.ucaldas.edu.co\/portal\/wp-content\/uploads\/2020\/09\/proyecto-minciencias.jpg","datePublished":"2020-09-19T00:43:25+00:00","breadcrumb":{"@id":"https:\/\/www.ucaldas.edu.co\/portal\/conozca-el-proyecto-u-de-caldas-que-ocupo-el-primer-lugar-en-la-convocatoria-0872-de-2020-de-minciencias\/#breadcrumb"},"inLanguage":"es","potentialAction":[{"@type":"ReadAction","target":["https:\/\/www.ucaldas.edu.co\/portal\/conozca-el-proyecto-u-de-caldas-que-ocupo-el-primer-lugar-en-la-convocatoria-0872-de-2020-de-minciencias\/"]}]},{"@type":"ImageObject","inLanguage":"es","@id":"https:\/\/www.ucaldas.edu.co\/portal\/conozca-el-proyecto-u-de-caldas-que-ocupo-el-primer-lugar-en-la-convocatoria-0872-de-2020-de-minciencias\/#primaryimage","url":"https:\/\/www.ucaldas.edu.co\/portal\/wp-content\/uploads\/2020\/09\/proyecto-minciencias.jpg","contentUrl":"https:\/\/www.ucaldas.edu.co\/portal\/wp-content\/uploads\/2020\/09\/proyecto-minciencias.jpg","width":700,"height":400},{"@type":"BreadcrumbList","@id":"https:\/\/www.ucaldas.edu.co\/portal\/conozca-el-proyecto-u-de-caldas-que-ocupo-el-primer-lugar-en-la-convocatoria-0872-de-2020-de-minciencias\/#breadcrumb","itemListElement":[{"@type":"ListItem","position":1,"name":"Portada","item":"https:\/\/www.ucaldas.edu.co\/portal\/"},{"@type":"ListItem","position":2,"name":"Conozca el proyecto U. de Caldas que ocup\u00f3 el primer lugar en la convocatoria 0872 de 2020 de Minciencias"}]},{"@type":"WebSite","@id":"https:\/\/www.ucaldas.edu.co\/portal\/#website","url":"https:\/\/www.ucaldas.edu.co\/portal\/","name":"Universidad de Caldas","description":"","publisher":{"@id":"https:\/\/www.ucaldas.edu.co\/portal\/#organization"},"alternateName":"U. de Caldas","potentialAction":[{"@type":"SearchAction","target":{"@type":"EntryPoint","urlTemplate":"https:\/\/www.ucaldas.edu.co\/portal\/?s={search_term_string}"},"query-input":{"@type":"PropertyValueSpecification","valueRequired":true,"valueName":"search_term_string"}}],"inLanguage":"es"},{"@type":"Organization","@id":"https:\/\/www.ucaldas.edu.co\/portal\/#organization","name":"Universidad de Caldas","alternateName":"U. de Caldas","url":"https:\/\/www.ucaldas.edu.co\/portal\/","logo":{"@type":"ImageObject","inLanguage":"es","@id":"https:\/\/www.ucaldas.edu.co\/portal\/#\/schema\/logo\/image\/","url":"https:\/\/www.ucaldas.edu.co\/portal\/wp-content\/uploads\/2023\/11\/Logo_horizontal_oscuroU-2023.png","contentUrl":"https:\/\/www.ucaldas.edu.co\/portal\/wp-content\/uploads\/2023\/11\/Logo_horizontal_oscuroU-2023.png","width":263,"height":101,"caption":"Universidad de Caldas"},"image":{"@id":"https:\/\/www.ucaldas.edu.co\/portal\/#\/schema\/logo\/image\/"},"sameAs":["https:\/\/www.facebook.com\/udecaldas","https:\/\/x.com\/udecaldas","https:\/\/www.youtube.com\/universidadcaldas","https:\/\/www.instagram.com\/udecaldas\/"]},{"@type":"Person","@id":"https:\/\/www.ucaldas.edu.co\/portal\/#\/schema\/person\/a1b482e23449158b4bc319926c074fdf","name":"ofiprensa","image":{"@type":"ImageObject","inLanguage":"es","@id":"https:\/\/www.ucaldas.edu.co\/portal\/wp-content\/litespeed\/avatar\/09ea5085e600095a7a811142c6944527.jpg?ver=1777497608","url":"https:\/\/www.ucaldas.edu.co\/portal\/wp-content\/litespeed\/avatar\/09ea5085e600095a7a811142c6944527.jpg?ver=1777497608","contentUrl":"https:\/\/www.ucaldas.edu.co\/portal\/wp-content\/litespeed\/avatar\/09ea5085e600095a7a811142c6944527.jpg?ver=1777497608","caption":"ofiprensa"},"url":"https:\/\/www.ucaldas.edu.co\/portal\/author\/ofiprensa\/"}]}},"_links":{"self":[{"href":"https:\/\/www.ucaldas.edu.co\/portal\/wp-json\/wp\/v2\/posts\/58492","targetHints":{"allow":["GET"]}}],"collection":[{"href":"https:\/\/www.ucaldas.edu.co\/portal\/wp-json\/wp\/v2\/posts"}],"about":[{"href":"https:\/\/www.ucaldas.edu.co\/portal\/wp-json\/wp\/v2\/types\/post"}],"author":[{"embeddable":true,"href":"https:\/\/www.ucaldas.edu.co\/portal\/wp-json\/wp\/v2\/users\/2"}],"replies":[{"embeddable":true,"href":"https:\/\/www.ucaldas.edu.co\/portal\/wp-json\/wp\/v2\/comments?post=58492"}],"version-history":[{"count":0,"href":"https:\/\/www.ucaldas.edu.co\/portal\/wp-json\/wp\/v2\/posts\/58492\/revisions"}],"wp:featuredmedia":[{"embeddable":true,"href":"https:\/\/www.ucaldas.edu.co\/portal\/wp-json\/wp\/v2\/media\/58493"}],"wp:attachment":[{"href":"https:\/\/www.ucaldas.edu.co\/portal\/wp-json\/wp\/v2\/media?parent=58492"}],"wp:term":[{"taxonomy":"category","embeddable":true,"href":"https:\/\/www.ucaldas.edu.co\/portal\/wp-json\/wp\/v2\/categories?post=58492"},{"taxonomy":"post_tag","embeddable":true,"href":"https:\/\/www.ucaldas.edu.co\/portal\/wp-json\/wp\/v2\/tags?post=58492"}],"curies":[{"name":"wp","href":"https:\/\/api.w.org\/{rel}","templated":true}]}}