{"id":58241,"date":"2020-09-09T00:03:51","date_gmt":"2020-09-09T00:03:51","guid":{"rendered":"https:\/\/www.ucaldas.edu.co\/portal\/?p=58241"},"modified":"2020-09-09T23:23:13","modified_gmt":"2020-09-09T23:23:13","slug":"ceremonias-solemnes-de-grado-publico-se-realizaran-de-manera-no-presencial","status":"publish","type":"post","link":"https:\/\/www.ucaldas.edu.co\/portal\/ceremonias-solemnes-de-grado-publico-se-realizaran-de-manera-no-presencial\/","title":{"rendered":"Ceremonias solemnes de grado p\u00fablico se realizar\u00e1n de manera no presencial"},"content":{"rendered":"<p style=\"text-align: center;\">EL PR\u00d3XIMO VIERNES 9:00 A.M. Y 11:00 A.M.<\/p>\n<p style=\"text-align: center;\"><strong>Ceremonias solemnes de grado p\u00fablico se realizar\u00e1n de manera no presencial\u201d<\/strong><\/p>\n<p style=\"text-align: right;\">08\/09\/2020<\/p>\n<p>&nbsp;<\/p>\n<p><img loading=\"lazy\" decoding=\"async\" class=\"alignnone size-full wp-image-58201 aligncenter\" src=\"https:\/\/www.ucaldas.edu.co\/portal\/wp-content\/uploads\/2020\/09\/WhatsApp-Image-2020-09-07-at-4.15.33-PM.jpeg\" alt=\"\" width=\"701\" height=\"401\" srcset=\"https:\/\/www.ucaldas.edu.co\/portal\/wp-content\/uploads\/2020\/09\/WhatsApp-Image-2020-09-07-at-4.15.33-PM.jpeg 701w, https:\/\/www.ucaldas.edu.co\/portal\/wp-content\/uploads\/2020\/09\/WhatsApp-Image-2020-09-07-at-4.15.33-PM-300x172.jpeg 300w, https:\/\/www.ucaldas.edu.co\/portal\/wp-content\/uploads\/2020\/09\/WhatsApp-Image-2020-09-07-at-4.15.33-PM-700x401.jpeg 700w\" sizes=\"auto, (max-width: 701px) 100vw, 701px\" \/><\/p>\n<p>De acuerdo con la resoluci\u00f3n 857 del 7 de septiembre de 2020 emitida por la rector\u00eda de la Universidad de Caldas, se anuncia a la comunidad la decisi\u00f3n de realizar las ceremonias solemnes de grado p\u00fablico de manera no presencial, para lo cual se har\u00e1 con el uso de las tecnolog\u00edas de la informaci\u00f3n y de la comunicaci\u00f3n.<\/p>\n<p><!--more--><\/p>\n<p>El documento resalta que la ceremonia se realizar\u00e1 bajo las ritualidades que establece el art\u00edculo 29 del Acuerdo Nro. 16 de 2007 del Consejo Superior, de acuerdo con los protocolos que establezca la Oficina de Prensa de la Universidad de Caldas.<\/p>\n<p>Esta decisi\u00f3n obedece a la emergencia sanitaria generada por el SARS-CoV-19 con el \u00e1nimo de proteger la salud de sus graduandos y sus familias, adem\u00e1s de garantizar las condiciones para evitar la propagaci\u00f3n del virus.<\/p>\n<p>As\u00ed mismo se anuncia el calendario para las ceremonias de grado p\u00fablico por lo que resta de 2020 as\u00ed:<\/p>\n<p>&nbsp;<\/p>\n<table>\n<tbody>\n<tr>\n<td width=\"75\"><strong>SESIONES<\/strong><\/td>\n<td width=\"219\"><strong>ESTUDIANTES:<\/strong><\/p>\n<p>Fecha l\u00edmite para solicitar el grado y adjuntar los documentos obligatorios (COMPLETOS) por el SIA, para sesi\u00f3n de grado p\u00fablico (virtual)<\/td>\n<td width=\"147\"><strong>PROGRAMA:<\/strong><\/p>\n<p>Fecha l\u00edmite para revisi\u00f3n de la documentaci\u00f3n, ajustar y aprobar la informaci\u00f3n en el SIA<\/td>\n<td width=\"147\"><strong>FECHA<\/strong><\/p>\n<p><strong>CEREMONIA<\/strong><\/p>\n<p><strong>DE GRADO VIRTUAL<\/strong><\/td>\n<\/tr>\n<tr>\n<td width=\"75\">1<\/td>\n<td width=\"219\">16 de septiembre<\/td>\n<td width=\"147\">30 de septiembre<\/td>\n<td width=\"147\">23 octubre<\/td>\n<\/tr>\n<tr>\n<td width=\"75\">2<\/td>\n<td width=\"219\">14 de octubre<\/td>\n<td width=\"147\">30 de octubre<\/td>\n<td width=\"147\">27 noviembre<\/td>\n<\/tr>\n<tr>\n<td width=\"75\">3<\/td>\n<td width=\"219\">3 de noviembre<\/td>\n<td width=\"147\">23 de noviembre<\/td>\n<td width=\"147\">17 diciembre<\/td>\n<\/tr>\n<\/tbody>\n<\/table>\n<p>&nbsp;<\/p>\n<p>El pr\u00f3ximo viernes 11 de septiembre la Universidad de Caldas transmitir\u00e1 sus primeras ceremonias de grado virtuales a trav\u00e9s del canal oficial de YouTube\u00a0<a href=\"https:\/\/www.youtube.com\/user\/universidadcaldas\">@udecaldas.<\/a><\/p>\n<p><strong>\u00a0<\/strong><\/p>\n<p><strong>Anexo:<\/strong><\/p>\n<p><strong><a href=\"https:\/\/www.ucaldas.edu.co\/portal\/resolucion_n857_grados_virtuales\/\">Consulte la resoluci\u00f3n completa aqu\u00ed<\/a><\/strong><\/p>\n<p>&nbsp;<\/p>\n<p><strong>Informes: <\/strong>Oficina de Comunicaciones y Prensa Universidad de Caldas.<\/p>\n<p><strong>Redacci\u00f3n:<\/strong> Adriana Salazar Villegas<\/p>\n<p>&nbsp;<\/p>\n","protected":false},"excerpt":{"rendered":"<p>EL PR\u00d3XIMO VIERNES 9:00 A.M. Y 11:00 A.M. Ceremonias solemnes de grado p\u00fablico se realizar\u00e1n de manera no presencial\u201d 08\/09\/2020 &nbsp; De acuerdo con la resoluci\u00f3n 857 del 7 de septiembre de 2020 emitida por la rector\u00eda de la Universidad de Caldas, se anuncia a la comunidad la decisi\u00f3n de realizar las ceremonias solemnes de [&hellip;]<\/p>\n","protected":false},"author":2,"featured_media":58201,"comment_status":"closed","ping_status":"open","sticky":false,"template":"","format":"standard","meta":{"footnotes":""},"categories":[48,53],"tags":[118,1209,2890,3554,4895],"class_list":["post-58241","post","type-post","status-publish","format-standard","has-post-thumbnail","hentry","category-actualidad","category-universidad-al-dia","tag-grados","tag-resolucion","tag-virtual","tag-ceremonia","tag-protocolo"],"yoast_head":"<!-- This site is optimized with the Yoast SEO plugin v27.5 - https:\/\/yoast.com\/product\/yoast-seo-wordpress\/ -->\n<title>Ceremonias solemnes de grado p\u00fablico se realizar\u00e1n de manera no presencial .<\/title>\n<meta name=\"robots\" content=\"index, follow, max-snippet:-1, max-image-preview:large, max-video-preview:-1\" \/>\n<link rel=\"canonical\" href=\"https:\/\/www.ucaldas.edu.co\/portal\/ceremonias-solemnes-de-grado-publico-se-realizaran-de-manera-no-presencial\/\" \/>\n<script type=\"application\/ld+json\" class=\"yoast-schema-graph\">{\"@context\":\"https:\\\/\\\/schema.org\",\"@graph\":[{\"@type\":\"Article\",\"@id\":\"https:\\\/\\\/www.ucaldas.edu.co\\\/portal\\\/ceremonias-solemnes-de-grado-publico-se-realizaran-de-manera-no-presencial\\\/#article\",\"isPartOf\":{\"@id\":\"https:\\\/\\\/www.ucaldas.edu.co\\\/portal\\\/ceremonias-solemnes-de-grado-publico-se-realizaran-de-manera-no-presencial\\\/\"},\"author\":{\"name\":\"ofiprensa\",\"@id\":\"https:\\\/\\\/www.ucaldas.edu.co\\\/portal\\\/#\\\/schema\\\/person\\\/a1b482e23449158b4bc319926c074fdf\"},\"headline\":\"Ceremonias solemnes de grado p\u00fablico se realizar\u00e1n de manera no presencial\",\"datePublished\":\"2020-09-09T00:03:51+00:00\",\"dateModified\":\"2020-09-09T23:23:13+00:00\",\"mainEntityOfPage\":{\"@id\":\"https:\\\/\\\/www.ucaldas.edu.co\\\/portal\\\/ceremonias-solemnes-de-grado-publico-se-realizaran-de-manera-no-presencial\\\/\"},\"wordCount\":311,\"publisher\":{\"@id\":\"https:\\\/\\\/www.ucaldas.edu.co\\\/portal\\\/#organization\"},\"image\":{\"@id\":\"https:\\\/\\\/www.ucaldas.edu.co\\\/portal\\\/ceremonias-solemnes-de-grado-publico-se-realizaran-de-manera-no-presencial\\\/#primaryimage\"},\"thumbnailUrl\":\"https:\\\/\\\/www.ucaldas.edu.co\\\/portal\\\/wp-content\\\/uploads\\\/2020\\\/09\\\/WhatsApp-Image-2020-09-07-at-4.15.33-PM.jpeg\",\"keywords\":[\"grados\",\"Resoluci\u00f3n\",\"virtual\",\"ceremonia\",\"protocolo\"],\"articleSection\":[\"Actualidad\",\"Universidad al D\u00eda\"],\"inLanguage\":\"es\"},{\"@type\":\"WebPage\",\"@id\":\"https:\\\/\\\/www.ucaldas.edu.co\\\/portal\\\/ceremonias-solemnes-de-grado-publico-se-realizaran-de-manera-no-presencial\\\/\",\"url\":\"https:\\\/\\\/www.ucaldas.edu.co\\\/portal\\\/ceremonias-solemnes-de-grado-publico-se-realizaran-de-manera-no-presencial\\\/\",\"name\":\"Ceremonias solemnes de grado p\u00fablico se realizar\u00e1n de manera no presencial .\",\"isPartOf\":{\"@id\":\"https:\\\/\\\/www.ucaldas.edu.co\\\/portal\\\/#website\"},\"primaryImageOfPage\":{\"@id\":\"https:\\\/\\\/www.ucaldas.edu.co\\\/portal\\\/ceremonias-solemnes-de-grado-publico-se-realizaran-de-manera-no-presencial\\\/#primaryimage\"},\"image\":{\"@id\":\"https:\\\/\\\/www.ucaldas.edu.co\\\/portal\\\/ceremonias-solemnes-de-grado-publico-se-realizaran-de-manera-no-presencial\\\/#primaryimage\"},\"thumbnailUrl\":\"https:\\\/\\\/www.ucaldas.edu.co\\\/portal\\\/wp-content\\\/uploads\\\/2020\\\/09\\\/WhatsApp-Image-2020-09-07-at-4.15.33-PM.jpeg\",\"datePublished\":\"2020-09-09T00:03:51+00:00\",\"dateModified\":\"2020-09-09T23:23:13+00:00\",\"breadcrumb\":{\"@id\":\"https:\\\/\\\/www.ucaldas.edu.co\\\/portal\\\/ceremonias-solemnes-de-grado-publico-se-realizaran-de-manera-no-presencial\\\/#breadcrumb\"},\"inLanguage\":\"es\",\"potentialAction\":[{\"@type\":\"ReadAction\",\"target\":[\"https:\\\/\\\/www.ucaldas.edu.co\\\/portal\\\/ceremonias-solemnes-de-grado-publico-se-realizaran-de-manera-no-presencial\\\/\"]}]},{\"@type\":\"ImageObject\",\"inLanguage\":\"es\",\"@id\":\"https:\\\/\\\/www.ucaldas.edu.co\\\/portal\\\/ceremonias-solemnes-de-grado-publico-se-realizaran-de-manera-no-presencial\\\/#primaryimage\",\"url\":\"https:\\\/\\\/www.ucaldas.edu.co\\\/portal\\\/wp-content\\\/uploads\\\/2020\\\/09\\\/WhatsApp-Image-2020-09-07-at-4.15.33-PM.jpeg\",\"contentUrl\":\"https:\\\/\\\/www.ucaldas.edu.co\\\/portal\\\/wp-content\\\/uploads\\\/2020\\\/09\\\/WhatsApp-Image-2020-09-07-at-4.15.33-PM.jpeg\",\"width\":701,\"height\":401},{\"@type\":\"BreadcrumbList\",\"@id\":\"https:\\\/\\\/www.ucaldas.edu.co\\\/portal\\\/ceremonias-solemnes-de-grado-publico-se-realizaran-de-manera-no-presencial\\\/#breadcrumb\",\"itemListElement\":[{\"@type\":\"ListItem\",\"position\":1,\"name\":\"Portada\",\"item\":\"https:\\\/\\\/www.ucaldas.edu.co\\\/portal\\\/\"},{\"@type\":\"ListItem\",\"position\":2,\"name\":\"Ceremonias solemnes de grado p\u00fablico se realizar\u00e1n de manera no presencial\"}]},{\"@type\":\"WebSite\",\"@id\":\"https:\\\/\\\/www.ucaldas.edu.co\\\/portal\\\/#website\",\"url\":\"https:\\\/\\\/www.ucaldas.edu.co\\\/portal\\\/\",\"name\":\"Universidad de Caldas\",\"description\":\"\",\"publisher\":{\"@id\":\"https:\\\/\\\/www.ucaldas.edu.co\\\/portal\\\/#organization\"},\"alternateName\":\"U. de Caldas\",\"potentialAction\":[{\"@type\":\"SearchAction\",\"target\":{\"@type\":\"EntryPoint\",\"urlTemplate\":\"https:\\\/\\\/www.ucaldas.edu.co\\\/portal\\\/?s={search_term_string}\"},\"query-input\":{\"@type\":\"PropertyValueSpecification\",\"valueRequired\":true,\"valueName\":\"search_term_string\"}}],\"inLanguage\":\"es\"},{\"@type\":\"Organization\",\"@id\":\"https:\\\/\\\/www.ucaldas.edu.co\\\/portal\\\/#organization\",\"name\":\"Universidad de Caldas\",\"alternateName\":\"U. de Caldas\",\"url\":\"https:\\\/\\\/www.ucaldas.edu.co\\\/portal\\\/\",\"logo\":{\"@type\":\"ImageObject\",\"inLanguage\":\"es\",\"@id\":\"https:\\\/\\\/www.ucaldas.edu.co\\\/portal\\\/#\\\/schema\\\/logo\\\/image\\\/\",\"url\":\"https:\\\/\\\/www.ucaldas.edu.co\\\/portal\\\/wp-content\\\/uploads\\\/2023\\\/11\\\/Logo_horizontal_oscuroU-2023.png\",\"contentUrl\":\"https:\\\/\\\/www.ucaldas.edu.co\\\/portal\\\/wp-content\\\/uploads\\\/2023\\\/11\\\/Logo_horizontal_oscuroU-2023.png\",\"width\":263,\"height\":101,\"caption\":\"Universidad de Caldas\"},\"image\":{\"@id\":\"https:\\\/\\\/www.ucaldas.edu.co\\\/portal\\\/#\\\/schema\\\/logo\\\/image\\\/\"},\"sameAs\":[\"https:\\\/\\\/www.facebook.com\\\/udecaldas\",\"https:\\\/\\\/x.com\\\/udecaldas\",\"https:\\\/\\\/www.youtube.com\\\/universidadcaldas\",\"https:\\\/\\\/www.instagram.com\\\/udecaldas\\\/\"]},{\"@type\":\"Person\",\"@id\":\"https:\\\/\\\/www.ucaldas.edu.co\\\/portal\\\/#\\\/schema\\\/person\\\/a1b482e23449158b4bc319926c074fdf\",\"name\":\"ofiprensa\",\"image\":{\"@type\":\"ImageObject\",\"inLanguage\":\"es\",\"@id\":\"https:\\\/\\\/www.ucaldas.edu.co\\\/portal\\\/wp-content\\\/litespeed\\\/avatar\\\/09ea5085e600095a7a811142c6944527.jpg?ver=1777497608\",\"url\":\"https:\\\/\\\/www.ucaldas.edu.co\\\/portal\\\/wp-content\\\/litespeed\\\/avatar\\\/09ea5085e600095a7a811142c6944527.jpg?ver=1777497608\",\"contentUrl\":\"https:\\\/\\\/www.ucaldas.edu.co\\\/portal\\\/wp-content\\\/litespeed\\\/avatar\\\/09ea5085e600095a7a811142c6944527.jpg?ver=1777497608\",\"caption\":\"ofiprensa\"},\"url\":\"https:\\\/\\\/www.ucaldas.edu.co\\\/portal\\\/author\\\/ofiprensa\\\/\"}]}<\/script>\n<!-- \/ Yoast SEO plugin. -->","yoast_head_json":{"title":"Ceremonias solemnes de grado p\u00fablico se realizar\u00e1n de manera no presencial .","robots":{"index":"index","follow":"follow","max-snippet":"max-snippet:-1","max-image-preview":"max-image-preview:large","max-video-preview":"max-video-preview:-1"},"canonical":"https:\/\/www.ucaldas.edu.co\/portal\/ceremonias-solemnes-de-grado-publico-se-realizaran-de-manera-no-presencial\/","schema":{"@context":"https:\/\/schema.org","@graph":[{"@type":"Article","@id":"https:\/\/www.ucaldas.edu.co\/portal\/ceremonias-solemnes-de-grado-publico-se-realizaran-de-manera-no-presencial\/#article","isPartOf":{"@id":"https:\/\/www.ucaldas.edu.co\/portal\/ceremonias-solemnes-de-grado-publico-se-realizaran-de-manera-no-presencial\/"},"author":{"name":"ofiprensa","@id":"https:\/\/www.ucaldas.edu.co\/portal\/#\/schema\/person\/a1b482e23449158b4bc319926c074fdf"},"headline":"Ceremonias solemnes de grado p\u00fablico se realizar\u00e1n de manera no presencial","datePublished":"2020-09-09T00:03:51+00:00","dateModified":"2020-09-09T23:23:13+00:00","mainEntityOfPage":{"@id":"https:\/\/www.ucaldas.edu.co\/portal\/ceremonias-solemnes-de-grado-publico-se-realizaran-de-manera-no-presencial\/"},"wordCount":311,"publisher":{"@id":"https:\/\/www.ucaldas.edu.co\/portal\/#organization"},"image":{"@id":"https:\/\/www.ucaldas.edu.co\/portal\/ceremonias-solemnes-de-grado-publico-se-realizaran-de-manera-no-presencial\/#primaryimage"},"thumbnailUrl":"https:\/\/www.ucaldas.edu.co\/portal\/wp-content\/uploads\/2020\/09\/WhatsApp-Image-2020-09-07-at-4.15.33-PM.jpeg","keywords":["grados","Resoluci\u00f3n","virtual","ceremonia","protocolo"],"articleSection":["Actualidad","Universidad al D\u00eda"],"inLanguage":"es"},{"@type":"WebPage","@id":"https:\/\/www.ucaldas.edu.co\/portal\/ceremonias-solemnes-de-grado-publico-se-realizaran-de-manera-no-presencial\/","url":"https:\/\/www.ucaldas.edu.co\/portal\/ceremonias-solemnes-de-grado-publico-se-realizaran-de-manera-no-presencial\/","name":"Ceremonias solemnes de grado p\u00fablico se realizar\u00e1n de manera no presencial .","isPartOf":{"@id":"https:\/\/www.ucaldas.edu.co\/portal\/#website"},"primaryImageOfPage":{"@id":"https:\/\/www.ucaldas.edu.co\/portal\/ceremonias-solemnes-de-grado-publico-se-realizaran-de-manera-no-presencial\/#primaryimage"},"image":{"@id":"https:\/\/www.ucaldas.edu.co\/portal\/ceremonias-solemnes-de-grado-publico-se-realizaran-de-manera-no-presencial\/#primaryimage"},"thumbnailUrl":"https:\/\/www.ucaldas.edu.co\/portal\/wp-content\/uploads\/2020\/09\/WhatsApp-Image-2020-09-07-at-4.15.33-PM.jpeg","datePublished":"2020-09-09T00:03:51+00:00","dateModified":"2020-09-09T23:23:13+00:00","breadcrumb":{"@id":"https:\/\/www.ucaldas.edu.co\/portal\/ceremonias-solemnes-de-grado-publico-se-realizaran-de-manera-no-presencial\/#breadcrumb"},"inLanguage":"es","potentialAction":[{"@type":"ReadAction","target":["https:\/\/www.ucaldas.edu.co\/portal\/ceremonias-solemnes-de-grado-publico-se-realizaran-de-manera-no-presencial\/"]}]},{"@type":"ImageObject","inLanguage":"es","@id":"https:\/\/www.ucaldas.edu.co\/portal\/ceremonias-solemnes-de-grado-publico-se-realizaran-de-manera-no-presencial\/#primaryimage","url":"https:\/\/www.ucaldas.edu.co\/portal\/wp-content\/uploads\/2020\/09\/WhatsApp-Image-2020-09-07-at-4.15.33-PM.jpeg","contentUrl":"https:\/\/www.ucaldas.edu.co\/portal\/wp-content\/uploads\/2020\/09\/WhatsApp-Image-2020-09-07-at-4.15.33-PM.jpeg","width":701,"height":401},{"@type":"BreadcrumbList","@id":"https:\/\/www.ucaldas.edu.co\/portal\/ceremonias-solemnes-de-grado-publico-se-realizaran-de-manera-no-presencial\/#breadcrumb","itemListElement":[{"@type":"ListItem","position":1,"name":"Portada","item":"https:\/\/www.ucaldas.edu.co\/portal\/"},{"@type":"ListItem","position":2,"name":"Ceremonias solemnes de grado p\u00fablico se realizar\u00e1n de manera no presencial"}]},{"@type":"WebSite","@id":"https:\/\/www.ucaldas.edu.co\/portal\/#website","url":"https:\/\/www.ucaldas.edu.co\/portal\/","name":"Universidad de Caldas","description":"","publisher":{"@id":"https:\/\/www.ucaldas.edu.co\/portal\/#organization"},"alternateName":"U. de Caldas","potentialAction":[{"@type":"SearchAction","target":{"@type":"EntryPoint","urlTemplate":"https:\/\/www.ucaldas.edu.co\/portal\/?s={search_term_string}"},"query-input":{"@type":"PropertyValueSpecification","valueRequired":true,"valueName":"search_term_string"}}],"inLanguage":"es"},{"@type":"Organization","@id":"https:\/\/www.ucaldas.edu.co\/portal\/#organization","name":"Universidad de Caldas","alternateName":"U. de Caldas","url":"https:\/\/www.ucaldas.edu.co\/portal\/","logo":{"@type":"ImageObject","inLanguage":"es","@id":"https:\/\/www.ucaldas.edu.co\/portal\/#\/schema\/logo\/image\/","url":"https:\/\/www.ucaldas.edu.co\/portal\/wp-content\/uploads\/2023\/11\/Logo_horizontal_oscuroU-2023.png","contentUrl":"https:\/\/www.ucaldas.edu.co\/portal\/wp-content\/uploads\/2023\/11\/Logo_horizontal_oscuroU-2023.png","width":263,"height":101,"caption":"Universidad de Caldas"},"image":{"@id":"https:\/\/www.ucaldas.edu.co\/portal\/#\/schema\/logo\/image\/"},"sameAs":["https:\/\/www.facebook.com\/udecaldas","https:\/\/x.com\/udecaldas","https:\/\/www.youtube.com\/universidadcaldas","https:\/\/www.instagram.com\/udecaldas\/"]},{"@type":"Person","@id":"https:\/\/www.ucaldas.edu.co\/portal\/#\/schema\/person\/a1b482e23449158b4bc319926c074fdf","name":"ofiprensa","image":{"@type":"ImageObject","inLanguage":"es","@id":"https:\/\/www.ucaldas.edu.co\/portal\/wp-content\/litespeed\/avatar\/09ea5085e600095a7a811142c6944527.jpg?ver=1777497608","url":"https:\/\/www.ucaldas.edu.co\/portal\/wp-content\/litespeed\/avatar\/09ea5085e600095a7a811142c6944527.jpg?ver=1777497608","contentUrl":"https:\/\/www.ucaldas.edu.co\/portal\/wp-content\/litespeed\/avatar\/09ea5085e600095a7a811142c6944527.jpg?ver=1777497608","caption":"ofiprensa"},"url":"https:\/\/www.ucaldas.edu.co\/portal\/author\/ofiprensa\/"}]}},"_links":{"self":[{"href":"https:\/\/www.ucaldas.edu.co\/portal\/wp-json\/wp\/v2\/posts\/58241","targetHints":{"allow":["GET"]}}],"collection":[{"href":"https:\/\/www.ucaldas.edu.co\/portal\/wp-json\/wp\/v2\/posts"}],"about":[{"href":"https:\/\/www.ucaldas.edu.co\/portal\/wp-json\/wp\/v2\/types\/post"}],"author":[{"embeddable":true,"href":"https:\/\/www.ucaldas.edu.co\/portal\/wp-json\/wp\/v2\/users\/2"}],"replies":[{"embeddable":true,"href":"https:\/\/www.ucaldas.edu.co\/portal\/wp-json\/wp\/v2\/comments?post=58241"}],"version-history":[{"count":0,"href":"https:\/\/www.ucaldas.edu.co\/portal\/wp-json\/wp\/v2\/posts\/58241\/revisions"}],"wp:featuredmedia":[{"embeddable":true,"href":"https:\/\/www.ucaldas.edu.co\/portal\/wp-json\/wp\/v2\/media\/58201"}],"wp:attachment":[{"href":"https:\/\/www.ucaldas.edu.co\/portal\/wp-json\/wp\/v2\/media?parent=58241"}],"wp:term":[{"taxonomy":"category","embeddable":true,"href":"https:\/\/www.ucaldas.edu.co\/portal\/wp-json\/wp\/v2\/categories?post=58241"},{"taxonomy":"post_tag","embeddable":true,"href":"https:\/\/www.ucaldas.edu.co\/portal\/wp-json\/wp\/v2\/tags?post=58241"}],"curies":[{"name":"wp","href":"https:\/\/api.w.org\/{rel}","templated":true}]}}