{"id":58108,"date":"2020-09-03T00:10:45","date_gmt":"2020-09-03T00:10:45","guid":{"rendered":"https:\/\/www.ucaldas.edu.co\/portal\/?p=58108"},"modified":"2020-09-03T00:10:45","modified_gmt":"2020-09-03T00:10:45","slug":"charla-nueva-propuesta-de-reforma-a-la-salud-la-cuarta-sera-la-vencida","status":"publish","type":"post","link":"https:\/\/www.ucaldas.edu.co\/portal\/charla-nueva-propuesta-de-reforma-a-la-salud-la-cuarta-sera-la-vencida\/","title":{"rendered":"Charla: \u201cNueva propuesta de reforma a la salud:  \u00bfLa cuarta ser\u00e1 la vencida?\u201d"},"content":{"rendered":"<p style=\"text-align: center;\">\n<p style=\"text-align: center;\">PRESENTACI\u00d3N DEL PORTAL WEB DEL SEMILLERO DERECHO A LA SALUD DE LA U. DE CALDAS<\/p>\n<p style=\"text-align: center;\"><strong>Charla: \u201cNueva propuesta de reforma a la salud: <\/strong><\/p>\n<p style=\"text-align: center;\"><strong>\u00bfLa cuarta ser\u00e1 la vencida?\u201d<\/strong><\/p>\n<p style=\"text-align: right;\">02\/09\/2020<\/p>\n<p><img loading=\"lazy\" decoding=\"async\" class=\"alignnone size-full wp-image-58109 aligncenter\" src=\"https:\/\/www.ucaldas.edu.co\/portal\/wp-content\/uploads\/2020\/09\/reforma-salud.jpg\" alt=\"\" width=\"700\" height=\"400\" srcset=\"https:\/\/www.ucaldas.edu.co\/portal\/wp-content\/uploads\/2020\/09\/reforma-salud.jpg 700w, https:\/\/www.ucaldas.edu.co\/portal\/wp-content\/uploads\/2020\/09\/reforma-salud-300x171.jpg 300w\" sizes=\"auto, (max-width: 700px) 100vw, 700px\" \/><\/p>\n<p>El semillero Derecho a la Salud de la Universidad de Caldas realizar\u00e1 el evento denominado: \u201cNueva propuesta de reforma a la salud: \u00bfLa cuarta ser\u00e1 la vencida?\u201d, con motivo del lanzamiento de su p\u00e1gina web.<\/p>\n<p style=\"text-align: center;\"><!--more--><\/p>\n<p>Juan Andr\u00e9s Arango Londo\u00f1o, integrante del semillero y estudiante de antropolog\u00eda, comenta que este grupo cuenta con un equipo multidisciplinar de docentes del departamento de Salud P\u00fablica y estudiantes de antropolog\u00eda, medicina, enfermer\u00eda, trabajo social y administraci\u00f3n p\u00fablica, interesados en los determinantes sociales, pol\u00edticos, econ\u00f3micos y jur\u00eddicos del derecho a la salud en Colombia.<\/p>\n<p>&nbsp;<\/p>\n<p>Arango Londo\u00f1o agrega que el evento tendr\u00e1 como invitado a Bernardo Useche, Dr. en Salud P\u00fablica y presidente del colegio Colombiano de Psic\u00f3logos, quien hablar\u00e1 sobre la propuesta de reforma a la salud propuesta hace unos meses, apoyada por una mayor\u00eda en el Congreso de Colombia y que cuenta con el aval del Ministerio de Salud. Tambi\u00e9n se debatir\u00e1n preguntas que giran en torno a este tema, y los puntos positivos y negativos de esta nueva reforma.<\/p>\n<p>&nbsp;<\/p>\n<p>Los interesados en asistir al evento que se llevar\u00e1 a cabo el viernes 3 de septiembre a las 3 p.m. a trav\u00e9s de la plataforma Meet, deben realizar inscripci\u00f3n previa en el siguiente enlace: <a href=\"https:\/\/docs.google.com\/forms\/d\/e\/1FAIpQLSfKbIcdtIRHIx2sy7Kvi_iGPdi55eWP4cRjFExWcEv_H3jxGQ\/viewform\">Inscripciones.<\/a><\/p>\n<p><strong>\u00a0<\/strong><\/p>\n<p><strong>Anexo:<\/strong><\/p>\n<p><strong><a href=\"https:\/\/www.ucaldas.edu.co\/portal\/wp-content\/uploads\/2020\/09\/andres-arango.mp3\">Audio estudiante \u00a0Juan Andr\u00e9s Arango Londo\u00f1o.<\/a><\/strong><\/p>\n<p>&nbsp;<\/p>\n<p><strong>Informes: <\/strong>Oficina de Comunicaciones y Prensa Universidad de Caldas.<\/p>\n<p><strong>Redacci\u00f3n:<\/strong> Mateo Buritic\u00e1 Giraldo<\/p>\n<p>&nbsp;<\/p>\n","protected":false},"excerpt":{"rendered":"<p>PRESENTACI\u00d3N DEL PORTAL WEB DEL SEMILLERO DERECHO A LA SALUD DE LA U. DE CALDAS Charla: \u201cNueva propuesta de reforma a la salud: \u00bfLa cuarta ser\u00e1 la vencida?\u201d 02\/09\/2020 El semillero Derecho a la Salud de la Universidad de Caldas realizar\u00e1 el evento denominado: \u201cNueva propuesta de reforma a la salud: \u00bfLa cuarta ser\u00e1 la [&hellip;]<\/p>\n","protected":false},"author":2,"featured_media":58109,"comment_status":"closed","ping_status":"open","sticky":false,"template":"","format":"standard","meta":{"footnotes":""},"categories":[48,53,62],"tags":[5165,5166,5167],"class_list":["post-58108","post","type-post","status-publish","format-standard","has-post-thumbnail","hentry","category-actualidad","category-universidad-al-dia","category-eventos","tag-derecho-a-la-salud","tag-reforma-a-la-salud","tag-bernardo-useche"],"yoast_head":"<!-- This site is optimized with the Yoast SEO plugin v27.5 - https:\/\/yoast.com\/product\/yoast-seo-wordpress\/ -->\n<title>Charla: \u201cNueva propuesta de reforma a la salud: \u00bfLa cuarta ser\u00e1 la vencida?\u201d .<\/title>\n<meta name=\"robots\" content=\"index, follow, max-snippet:-1, max-image-preview:large, max-video-preview:-1\" \/>\n<link rel=\"canonical\" href=\"https:\/\/www.ucaldas.edu.co\/portal\/charla-nueva-propuesta-de-reforma-a-la-salud-la-cuarta-sera-la-vencida\/\" \/>\n<script type=\"application\/ld+json\" class=\"yoast-schema-graph\">{\"@context\":\"https:\\\/\\\/schema.org\",\"@graph\":[{\"@type\":\"Article\",\"@id\":\"https:\\\/\\\/www.ucaldas.edu.co\\\/portal\\\/charla-nueva-propuesta-de-reforma-a-la-salud-la-cuarta-sera-la-vencida\\\/#article\",\"isPartOf\":{\"@id\":\"https:\\\/\\\/www.ucaldas.edu.co\\\/portal\\\/charla-nueva-propuesta-de-reforma-a-la-salud-la-cuarta-sera-la-vencida\\\/\"},\"author\":{\"name\":\"ofiprensa\",\"@id\":\"https:\\\/\\\/www.ucaldas.edu.co\\\/portal\\\/#\\\/schema\\\/person\\\/a1b482e23449158b4bc319926c074fdf\"},\"headline\":\"Charla: \u201cNueva propuesta de reforma a la salud: \u00bfLa cuarta ser\u00e1 la vencida?\u201d\",\"datePublished\":\"2020-09-03T00:10:45+00:00\",\"mainEntityOfPage\":{\"@id\":\"https:\\\/\\\/www.ucaldas.edu.co\\\/portal\\\/charla-nueva-propuesta-de-reforma-a-la-salud-la-cuarta-sera-la-vencida\\\/\"},\"wordCount\":289,\"publisher\":{\"@id\":\"https:\\\/\\\/www.ucaldas.edu.co\\\/portal\\\/#organization\"},\"image\":{\"@id\":\"https:\\\/\\\/www.ucaldas.edu.co\\\/portal\\\/charla-nueva-propuesta-de-reforma-a-la-salud-la-cuarta-sera-la-vencida\\\/#primaryimage\"},\"thumbnailUrl\":\"https:\\\/\\\/www.ucaldas.edu.co\\\/portal\\\/wp-content\\\/uploads\\\/2020\\\/09\\\/reforma-salud.jpg\",\"keywords\":[\"derecho a la salud\",\"reforma a la salud\",\"Bernardo Useche\"],\"articleSection\":[\"Actualidad\",\"Universidad al D\u00eda\",\"Eventos\"],\"inLanguage\":\"es\"},{\"@type\":\"WebPage\",\"@id\":\"https:\\\/\\\/www.ucaldas.edu.co\\\/portal\\\/charla-nueva-propuesta-de-reforma-a-la-salud-la-cuarta-sera-la-vencida\\\/\",\"url\":\"https:\\\/\\\/www.ucaldas.edu.co\\\/portal\\\/charla-nueva-propuesta-de-reforma-a-la-salud-la-cuarta-sera-la-vencida\\\/\",\"name\":\"Charla: \u201cNueva propuesta de reforma a la salud: \u00bfLa cuarta ser\u00e1 la vencida?\u201d .\",\"isPartOf\":{\"@id\":\"https:\\\/\\\/www.ucaldas.edu.co\\\/portal\\\/#website\"},\"primaryImageOfPage\":{\"@id\":\"https:\\\/\\\/www.ucaldas.edu.co\\\/portal\\\/charla-nueva-propuesta-de-reforma-a-la-salud-la-cuarta-sera-la-vencida\\\/#primaryimage\"},\"image\":{\"@id\":\"https:\\\/\\\/www.ucaldas.edu.co\\\/portal\\\/charla-nueva-propuesta-de-reforma-a-la-salud-la-cuarta-sera-la-vencida\\\/#primaryimage\"},\"thumbnailUrl\":\"https:\\\/\\\/www.ucaldas.edu.co\\\/portal\\\/wp-content\\\/uploads\\\/2020\\\/09\\\/reforma-salud.jpg\",\"datePublished\":\"2020-09-03T00:10:45+00:00\",\"breadcrumb\":{\"@id\":\"https:\\\/\\\/www.ucaldas.edu.co\\\/portal\\\/charla-nueva-propuesta-de-reforma-a-la-salud-la-cuarta-sera-la-vencida\\\/#breadcrumb\"},\"inLanguage\":\"es\",\"potentialAction\":[{\"@type\":\"ReadAction\",\"target\":[\"https:\\\/\\\/www.ucaldas.edu.co\\\/portal\\\/charla-nueva-propuesta-de-reforma-a-la-salud-la-cuarta-sera-la-vencida\\\/\"]}]},{\"@type\":\"ImageObject\",\"inLanguage\":\"es\",\"@id\":\"https:\\\/\\\/www.ucaldas.edu.co\\\/portal\\\/charla-nueva-propuesta-de-reforma-a-la-salud-la-cuarta-sera-la-vencida\\\/#primaryimage\",\"url\":\"https:\\\/\\\/www.ucaldas.edu.co\\\/portal\\\/wp-content\\\/uploads\\\/2020\\\/09\\\/reforma-salud.jpg\",\"contentUrl\":\"https:\\\/\\\/www.ucaldas.edu.co\\\/portal\\\/wp-content\\\/uploads\\\/2020\\\/09\\\/reforma-salud.jpg\",\"width\":700,\"height\":400},{\"@type\":\"BreadcrumbList\",\"@id\":\"https:\\\/\\\/www.ucaldas.edu.co\\\/portal\\\/charla-nueva-propuesta-de-reforma-a-la-salud-la-cuarta-sera-la-vencida\\\/#breadcrumb\",\"itemListElement\":[{\"@type\":\"ListItem\",\"position\":1,\"name\":\"Portada\",\"item\":\"https:\\\/\\\/www.ucaldas.edu.co\\\/portal\\\/\"},{\"@type\":\"ListItem\",\"position\":2,\"name\":\"Charla: \u201cNueva propuesta de reforma a la salud: \u00bfLa cuarta ser\u00e1 la vencida?\u201d\"}]},{\"@type\":\"WebSite\",\"@id\":\"https:\\\/\\\/www.ucaldas.edu.co\\\/portal\\\/#website\",\"url\":\"https:\\\/\\\/www.ucaldas.edu.co\\\/portal\\\/\",\"name\":\"Universidad de Caldas\",\"description\":\"\",\"publisher\":{\"@id\":\"https:\\\/\\\/www.ucaldas.edu.co\\\/portal\\\/#organization\"},\"alternateName\":\"U. de Caldas\",\"potentialAction\":[{\"@type\":\"SearchAction\",\"target\":{\"@type\":\"EntryPoint\",\"urlTemplate\":\"https:\\\/\\\/www.ucaldas.edu.co\\\/portal\\\/?s={search_term_string}\"},\"query-input\":{\"@type\":\"PropertyValueSpecification\",\"valueRequired\":true,\"valueName\":\"search_term_string\"}}],\"inLanguage\":\"es\"},{\"@type\":\"Organization\",\"@id\":\"https:\\\/\\\/www.ucaldas.edu.co\\\/portal\\\/#organization\",\"name\":\"Universidad de Caldas\",\"alternateName\":\"U. de Caldas\",\"url\":\"https:\\\/\\\/www.ucaldas.edu.co\\\/portal\\\/\",\"logo\":{\"@type\":\"ImageObject\",\"inLanguage\":\"es\",\"@id\":\"https:\\\/\\\/www.ucaldas.edu.co\\\/portal\\\/#\\\/schema\\\/logo\\\/image\\\/\",\"url\":\"https:\\\/\\\/www.ucaldas.edu.co\\\/portal\\\/wp-content\\\/uploads\\\/2023\\\/11\\\/Logo_horizontal_oscuroU-2023.png\",\"contentUrl\":\"https:\\\/\\\/www.ucaldas.edu.co\\\/portal\\\/wp-content\\\/uploads\\\/2023\\\/11\\\/Logo_horizontal_oscuroU-2023.png\",\"width\":263,\"height\":101,\"caption\":\"Universidad de Caldas\"},\"image\":{\"@id\":\"https:\\\/\\\/www.ucaldas.edu.co\\\/portal\\\/#\\\/schema\\\/logo\\\/image\\\/\"},\"sameAs\":[\"https:\\\/\\\/www.facebook.com\\\/udecaldas\",\"https:\\\/\\\/x.com\\\/udecaldas\",\"https:\\\/\\\/www.youtube.com\\\/universidadcaldas\",\"https:\\\/\\\/www.instagram.com\\\/udecaldas\\\/\"]},{\"@type\":\"Person\",\"@id\":\"https:\\\/\\\/www.ucaldas.edu.co\\\/portal\\\/#\\\/schema\\\/person\\\/a1b482e23449158b4bc319926c074fdf\",\"name\":\"ofiprensa\",\"image\":{\"@type\":\"ImageObject\",\"inLanguage\":\"es\",\"@id\":\"https:\\\/\\\/www.ucaldas.edu.co\\\/portal\\\/wp-content\\\/litespeed\\\/avatar\\\/09ea5085e600095a7a811142c6944527.jpg?ver=1777497608\",\"url\":\"https:\\\/\\\/www.ucaldas.edu.co\\\/portal\\\/wp-content\\\/litespeed\\\/avatar\\\/09ea5085e600095a7a811142c6944527.jpg?ver=1777497608\",\"contentUrl\":\"https:\\\/\\\/www.ucaldas.edu.co\\\/portal\\\/wp-content\\\/litespeed\\\/avatar\\\/09ea5085e600095a7a811142c6944527.jpg?ver=1777497608\",\"caption\":\"ofiprensa\"},\"url\":\"https:\\\/\\\/www.ucaldas.edu.co\\\/portal\\\/author\\\/ofiprensa\\\/\"}]}<\/script>\n<!-- \/ Yoast SEO plugin. -->","yoast_head_json":{"title":"Charla: \u201cNueva propuesta de reforma a la salud: \u00bfLa cuarta ser\u00e1 la vencida?\u201d .","robots":{"index":"index","follow":"follow","max-snippet":"max-snippet:-1","max-image-preview":"max-image-preview:large","max-video-preview":"max-video-preview:-1"},"canonical":"https:\/\/www.ucaldas.edu.co\/portal\/charla-nueva-propuesta-de-reforma-a-la-salud-la-cuarta-sera-la-vencida\/","schema":{"@context":"https:\/\/schema.org","@graph":[{"@type":"Article","@id":"https:\/\/www.ucaldas.edu.co\/portal\/charla-nueva-propuesta-de-reforma-a-la-salud-la-cuarta-sera-la-vencida\/#article","isPartOf":{"@id":"https:\/\/www.ucaldas.edu.co\/portal\/charla-nueva-propuesta-de-reforma-a-la-salud-la-cuarta-sera-la-vencida\/"},"author":{"name":"ofiprensa","@id":"https:\/\/www.ucaldas.edu.co\/portal\/#\/schema\/person\/a1b482e23449158b4bc319926c074fdf"},"headline":"Charla: \u201cNueva propuesta de reforma a la salud: \u00bfLa cuarta ser\u00e1 la vencida?\u201d","datePublished":"2020-09-03T00:10:45+00:00","mainEntityOfPage":{"@id":"https:\/\/www.ucaldas.edu.co\/portal\/charla-nueva-propuesta-de-reforma-a-la-salud-la-cuarta-sera-la-vencida\/"},"wordCount":289,"publisher":{"@id":"https:\/\/www.ucaldas.edu.co\/portal\/#organization"},"image":{"@id":"https:\/\/www.ucaldas.edu.co\/portal\/charla-nueva-propuesta-de-reforma-a-la-salud-la-cuarta-sera-la-vencida\/#primaryimage"},"thumbnailUrl":"https:\/\/www.ucaldas.edu.co\/portal\/wp-content\/uploads\/2020\/09\/reforma-salud.jpg","keywords":["derecho a la salud","reforma a la salud","Bernardo Useche"],"articleSection":["Actualidad","Universidad al D\u00eda","Eventos"],"inLanguage":"es"},{"@type":"WebPage","@id":"https:\/\/www.ucaldas.edu.co\/portal\/charla-nueva-propuesta-de-reforma-a-la-salud-la-cuarta-sera-la-vencida\/","url":"https:\/\/www.ucaldas.edu.co\/portal\/charla-nueva-propuesta-de-reforma-a-la-salud-la-cuarta-sera-la-vencida\/","name":"Charla: \u201cNueva propuesta de reforma a la salud: \u00bfLa cuarta ser\u00e1 la vencida?\u201d .","isPartOf":{"@id":"https:\/\/www.ucaldas.edu.co\/portal\/#website"},"primaryImageOfPage":{"@id":"https:\/\/www.ucaldas.edu.co\/portal\/charla-nueva-propuesta-de-reforma-a-la-salud-la-cuarta-sera-la-vencida\/#primaryimage"},"image":{"@id":"https:\/\/www.ucaldas.edu.co\/portal\/charla-nueva-propuesta-de-reforma-a-la-salud-la-cuarta-sera-la-vencida\/#primaryimage"},"thumbnailUrl":"https:\/\/www.ucaldas.edu.co\/portal\/wp-content\/uploads\/2020\/09\/reforma-salud.jpg","datePublished":"2020-09-03T00:10:45+00:00","breadcrumb":{"@id":"https:\/\/www.ucaldas.edu.co\/portal\/charla-nueva-propuesta-de-reforma-a-la-salud-la-cuarta-sera-la-vencida\/#breadcrumb"},"inLanguage":"es","potentialAction":[{"@type":"ReadAction","target":["https:\/\/www.ucaldas.edu.co\/portal\/charla-nueva-propuesta-de-reforma-a-la-salud-la-cuarta-sera-la-vencida\/"]}]},{"@type":"ImageObject","inLanguage":"es","@id":"https:\/\/www.ucaldas.edu.co\/portal\/charla-nueva-propuesta-de-reforma-a-la-salud-la-cuarta-sera-la-vencida\/#primaryimage","url":"https:\/\/www.ucaldas.edu.co\/portal\/wp-content\/uploads\/2020\/09\/reforma-salud.jpg","contentUrl":"https:\/\/www.ucaldas.edu.co\/portal\/wp-content\/uploads\/2020\/09\/reforma-salud.jpg","width":700,"height":400},{"@type":"BreadcrumbList","@id":"https:\/\/www.ucaldas.edu.co\/portal\/charla-nueva-propuesta-de-reforma-a-la-salud-la-cuarta-sera-la-vencida\/#breadcrumb","itemListElement":[{"@type":"ListItem","position":1,"name":"Portada","item":"https:\/\/www.ucaldas.edu.co\/portal\/"},{"@type":"ListItem","position":2,"name":"Charla: \u201cNueva propuesta de reforma a la salud: \u00bfLa cuarta ser\u00e1 la vencida?\u201d"}]},{"@type":"WebSite","@id":"https:\/\/www.ucaldas.edu.co\/portal\/#website","url":"https:\/\/www.ucaldas.edu.co\/portal\/","name":"Universidad de Caldas","description":"","publisher":{"@id":"https:\/\/www.ucaldas.edu.co\/portal\/#organization"},"alternateName":"U. de Caldas","potentialAction":[{"@type":"SearchAction","target":{"@type":"EntryPoint","urlTemplate":"https:\/\/www.ucaldas.edu.co\/portal\/?s={search_term_string}"},"query-input":{"@type":"PropertyValueSpecification","valueRequired":true,"valueName":"search_term_string"}}],"inLanguage":"es"},{"@type":"Organization","@id":"https:\/\/www.ucaldas.edu.co\/portal\/#organization","name":"Universidad de Caldas","alternateName":"U. de Caldas","url":"https:\/\/www.ucaldas.edu.co\/portal\/","logo":{"@type":"ImageObject","inLanguage":"es","@id":"https:\/\/www.ucaldas.edu.co\/portal\/#\/schema\/logo\/image\/","url":"https:\/\/www.ucaldas.edu.co\/portal\/wp-content\/uploads\/2023\/11\/Logo_horizontal_oscuroU-2023.png","contentUrl":"https:\/\/www.ucaldas.edu.co\/portal\/wp-content\/uploads\/2023\/11\/Logo_horizontal_oscuroU-2023.png","width":263,"height":101,"caption":"Universidad de Caldas"},"image":{"@id":"https:\/\/www.ucaldas.edu.co\/portal\/#\/schema\/logo\/image\/"},"sameAs":["https:\/\/www.facebook.com\/udecaldas","https:\/\/x.com\/udecaldas","https:\/\/www.youtube.com\/universidadcaldas","https:\/\/www.instagram.com\/udecaldas\/"]},{"@type":"Person","@id":"https:\/\/www.ucaldas.edu.co\/portal\/#\/schema\/person\/a1b482e23449158b4bc319926c074fdf","name":"ofiprensa","image":{"@type":"ImageObject","inLanguage":"es","@id":"https:\/\/www.ucaldas.edu.co\/portal\/wp-content\/litespeed\/avatar\/09ea5085e600095a7a811142c6944527.jpg?ver=1777497608","url":"https:\/\/www.ucaldas.edu.co\/portal\/wp-content\/litespeed\/avatar\/09ea5085e600095a7a811142c6944527.jpg?ver=1777497608","contentUrl":"https:\/\/www.ucaldas.edu.co\/portal\/wp-content\/litespeed\/avatar\/09ea5085e600095a7a811142c6944527.jpg?ver=1777497608","caption":"ofiprensa"},"url":"https:\/\/www.ucaldas.edu.co\/portal\/author\/ofiprensa\/"}]}},"_links":{"self":[{"href":"https:\/\/www.ucaldas.edu.co\/portal\/wp-json\/wp\/v2\/posts\/58108","targetHints":{"allow":["GET"]}}],"collection":[{"href":"https:\/\/www.ucaldas.edu.co\/portal\/wp-json\/wp\/v2\/posts"}],"about":[{"href":"https:\/\/www.ucaldas.edu.co\/portal\/wp-json\/wp\/v2\/types\/post"}],"author":[{"embeddable":true,"href":"https:\/\/www.ucaldas.edu.co\/portal\/wp-json\/wp\/v2\/users\/2"}],"replies":[{"embeddable":true,"href":"https:\/\/www.ucaldas.edu.co\/portal\/wp-json\/wp\/v2\/comments?post=58108"}],"version-history":[{"count":0,"href":"https:\/\/www.ucaldas.edu.co\/portal\/wp-json\/wp\/v2\/posts\/58108\/revisions"}],"wp:featuredmedia":[{"embeddable":true,"href":"https:\/\/www.ucaldas.edu.co\/portal\/wp-json\/wp\/v2\/media\/58109"}],"wp:attachment":[{"href":"https:\/\/www.ucaldas.edu.co\/portal\/wp-json\/wp\/v2\/media?parent=58108"}],"wp:term":[{"taxonomy":"category","embeddable":true,"href":"https:\/\/www.ucaldas.edu.co\/portal\/wp-json\/wp\/v2\/categories?post=58108"},{"taxonomy":"post_tag","embeddable":true,"href":"https:\/\/www.ucaldas.edu.co\/portal\/wp-json\/wp\/v2\/tags?post=58108"}],"curies":[{"name":"wp","href":"https:\/\/api.w.org\/{rel}","templated":true}]}}