{"id":57952,"date":"2020-08-27T00:02:22","date_gmt":"2020-08-27T00:02:22","guid":{"rendered":"https:\/\/www.ucaldas.edu.co\/portal\/?p=57952"},"modified":"2020-08-27T00:28:07","modified_gmt":"2020-08-27T00:28:07","slug":"panel-verdad-y-memoria-la-universidad-publica-como-sujeto-de-reparacion-colectiva-2","status":"publish","type":"post","link":"https:\/\/www.ucaldas.edu.co\/portal\/panel-verdad-y-memoria-la-universidad-publica-como-sujeto-de-reparacion-colectiva-2\/","title":{"rendered":"Panel \u201cVerdad y Memoria: La Universidad P\u00fablica como sujeto de reparaci\u00f3n colectiva\u201d"},"content":{"rendered":"<p style=\"text-align: center;\">SUE, UNIVERSIDAD DE CALDAS Y UPTC<\/p>\n<p style=\"text-align: center;\"><strong><b>Panel \u201cVerdad y Memoria: La Universidad P\u00fablica como sujeto de reparaci\u00f3n colectiva\u201d<\/b><\/strong><\/p>\n<p style=\"text-align: right;\">26\/08\/2020<\/p>\n<p>&nbsp;<\/p>\n<p><img loading=\"lazy\" decoding=\"async\" class=\"alignnone size-full wp-image-57953 aligncenter\" src=\"https:\/\/www.ucaldas.edu.co\/portal\/wp-content\/uploads\/2020\/08\/WhatsApp-Image-2020-08-24-at-7.30.03-PM-1.jpeg\" alt=\"\" width=\"700\" height=\"400\" srcset=\"https:\/\/www.ucaldas.edu.co\/portal\/wp-content\/uploads\/2020\/08\/WhatsApp-Image-2020-08-24-at-7.30.03-PM-1.jpeg 700w, https:\/\/www.ucaldas.edu.co\/portal\/wp-content\/uploads\/2020\/08\/WhatsApp-Image-2020-08-24-at-7.30.03-PM-1-300x171.jpeg 300w\" sizes=\"auto, (max-width: 700px) 100vw, 700px\" \/><\/p>\n<p>La Mesa de Gobernabilidad y Paz del Sistema Universitario Estatal SUE, presenta ma\u00f1ana jueves 27 de agosto, el panel \u201cVerdad y Memoria: La Universidad P\u00fablica como sujeto de reparaci\u00f3n colectiva\u201d.<\/p>\n<p><!--more--><\/p>\n<p>El vicerrector Acad\u00e9mico de la Universidad Pedag\u00f3gica y Tecnol\u00f3gica de Colombia \u00a0-UPTC- Manuel Humberto Restrepo Dom\u00ednguez,\u00a0comenta que el objetivo de este evento es poner en conocimiento, presentar experiencias y servir de ejemplo a otras instituciones para adelantar procesos de recuperaci\u00f3n de la verdad y reconstrucci\u00f3n de la verdad colectiva, la cual es fundamental que el pa\u00eds conozca.<\/p>\n<p>&nbsp;<\/p>\n<p>Restrepo\u00a0Dom\u00ednguez\u00a0agrega adem\u00e1s que el panel nace a partir de la declaraci\u00f3n de las universidades como v\u00edctimas en el contexto del conflicto armado, que sufrieron innumerables agresiones en el \u00e1mbito de esta situaci\u00f3n que someti\u00f3 al pa\u00eds durante \u00a060 a\u00f1os, y que a\u00fan contin\u00faa como la realidad nacional.<\/p>\n<p>&nbsp;<\/p>\n<p>La Universidad de Atl\u00e1ntico, la Universidad de Magdalena y la Universidad Popular del Cesar, son las tres universidades que iniciaron estos procesos y han sido recibidas como instituciones que sufrieron las consecuencias del conflicto en sus sistemas educativos, de derechos y garant\u00edas.<\/p>\n<p>&nbsp;<\/p>\n<p>El evento que comenzar\u00e1 a las 2:00\u00a0p.m a trav\u00e9s del canal oficial de Youtube\u00a0<a href=\"@udecaldas\"><u>@udecaldas<\/u><\/a>, es organizado por la Universidad Pedag\u00f3gica y Tecnol\u00f3gica de Colombia y la Universidad de Caldas, en alianza con el Sistema Universitario Estatal SUE<\/p>\n<p>&nbsp;<\/p>\n<p><strong><b>Anexos:<\/b><\/strong><\/p>\n<p><a href=\"https:\/\/www.youtube.com\/watch?v=rE3snmHquWE\"><strong><u><b>Enlace del evento.<\/b><\/u><\/strong><\/a><\/p>\n<p><a href=\"https:\/\/www.ucaldas.edu.co\/portal\/wp-content\/uploads\/2020\/08\/vicerrector-uptc.mp3\"><strong><u><b>Audio <\/b><\/u><\/strong><strong><u><b>Vicerrector UPTC <\/b><\/u><\/strong><strong><u><b>Manuel Humberto Restrepo Dom\u00ednguez.<\/b><\/u><\/strong><\/a><\/p>\n<p>&nbsp;<\/p>\n<p><strong><b>Informes: <\/b><\/strong>Oficina de Comunicaciones y Prensa Universidad de Caldas.<\/p>\n<p><strong><b>Redacci\u00f3n:<\/b><\/strong>\u00a0Mateo Buritic\u00e1 Giraldo<\/p>\n<p>&nbsp;<\/p>\n<p>&nbsp;<\/p>\n<p>&nbsp;<\/p>\n<p>&nbsp;<\/p>\n<p>&nbsp;<\/p>\n","protected":false},"excerpt":{"rendered":"<p>SUE, UNIVERSIDAD DE CALDAS Y UPTC Panel \u201cVerdad y Memoria: La Universidad P\u00fablica como sujeto de reparaci\u00f3n colectiva\u201d 26\/08\/2020 &nbsp; La Mesa de Gobernabilidad y Paz del Sistema Universitario Estatal SUE, presenta ma\u00f1ana jueves 27 de agosto, el panel \u201cVerdad y Memoria: La Universidad P\u00fablica como sujeto de reparaci\u00f3n colectiva\u201d.<\/p>\n","protected":false},"author":2,"featured_media":57953,"comment_status":"closed","ping_status":"open","sticky":false,"template":"","format":"standard","meta":{"footnotes":""},"categories":[48,53,62],"tags":[1928,2086,2450],"class_list":["post-57952","post","type-post","status-publish","format-standard","has-post-thumbnail","hentry","category-actualidad","category-universidad-al-dia","category-eventos","tag-sue","tag-reparacion-de-victimas","tag-universidades-publicas"],"yoast_head":"<!-- This site is optimized with the Yoast SEO plugin v27.5 - https:\/\/yoast.com\/product\/yoast-seo-wordpress\/ -->\n<title>Panel \u201cVerdad y Memoria: La Universidad P\u00fablica como sujeto de reparaci\u00f3n colectiva\u201d .<\/title>\n<meta name=\"robots\" content=\"index, follow, max-snippet:-1, max-image-preview:large, max-video-preview:-1\" \/>\n<link rel=\"canonical\" href=\"https:\/\/www.ucaldas.edu.co\/portal\/panel-verdad-y-memoria-la-universidad-publica-como-sujeto-de-reparacion-colectiva-2\/\" \/>\n<script type=\"application\/ld+json\" class=\"yoast-schema-graph\">{\"@context\":\"https:\\\/\\\/schema.org\",\"@graph\":[{\"@type\":\"Article\",\"@id\":\"https:\\\/\\\/www.ucaldas.edu.co\\\/portal\\\/panel-verdad-y-memoria-la-universidad-publica-como-sujeto-de-reparacion-colectiva-2\\\/#article\",\"isPartOf\":{\"@id\":\"https:\\\/\\\/www.ucaldas.edu.co\\\/portal\\\/panel-verdad-y-memoria-la-universidad-publica-como-sujeto-de-reparacion-colectiva-2\\\/\"},\"author\":{\"name\":\"ofiprensa\",\"@id\":\"https:\\\/\\\/www.ucaldas.edu.co\\\/portal\\\/#\\\/schema\\\/person\\\/a1b482e23449158b4bc319926c074fdf\"},\"headline\":\"Panel \u201cVerdad y Memoria: La Universidad P\u00fablica como sujeto de reparaci\u00f3n colectiva\u201d\",\"datePublished\":\"2020-08-27T00:02:22+00:00\",\"dateModified\":\"2020-08-27T00:28:07+00:00\",\"mainEntityOfPage\":{\"@id\":\"https:\\\/\\\/www.ucaldas.edu.co\\\/portal\\\/panel-verdad-y-memoria-la-universidad-publica-como-sujeto-de-reparacion-colectiva-2\\\/\"},\"wordCount\":311,\"publisher\":{\"@id\":\"https:\\\/\\\/www.ucaldas.edu.co\\\/portal\\\/#organization\"},\"image\":{\"@id\":\"https:\\\/\\\/www.ucaldas.edu.co\\\/portal\\\/panel-verdad-y-memoria-la-universidad-publica-como-sujeto-de-reparacion-colectiva-2\\\/#primaryimage\"},\"thumbnailUrl\":\"https:\\\/\\\/www.ucaldas.edu.co\\\/portal\\\/wp-content\\\/uploads\\\/2020\\\/08\\\/WhatsApp-Image-2020-08-24-at-7.30.03-PM-1.jpeg\",\"keywords\":[\"SUE\",\"reparaci\u00f3n de v\u00edctimas\",\"universidades p\u00fablicas\"],\"articleSection\":[\"Actualidad\",\"Universidad al D\u00eda\",\"Eventos\"],\"inLanguage\":\"es\"},{\"@type\":\"WebPage\",\"@id\":\"https:\\\/\\\/www.ucaldas.edu.co\\\/portal\\\/panel-verdad-y-memoria-la-universidad-publica-como-sujeto-de-reparacion-colectiva-2\\\/\",\"url\":\"https:\\\/\\\/www.ucaldas.edu.co\\\/portal\\\/panel-verdad-y-memoria-la-universidad-publica-como-sujeto-de-reparacion-colectiva-2\\\/\",\"name\":\"Panel \u201cVerdad y Memoria: La Universidad P\u00fablica como sujeto de reparaci\u00f3n colectiva\u201d .\",\"isPartOf\":{\"@id\":\"https:\\\/\\\/www.ucaldas.edu.co\\\/portal\\\/#website\"},\"primaryImageOfPage\":{\"@id\":\"https:\\\/\\\/www.ucaldas.edu.co\\\/portal\\\/panel-verdad-y-memoria-la-universidad-publica-como-sujeto-de-reparacion-colectiva-2\\\/#primaryimage\"},\"image\":{\"@id\":\"https:\\\/\\\/www.ucaldas.edu.co\\\/portal\\\/panel-verdad-y-memoria-la-universidad-publica-como-sujeto-de-reparacion-colectiva-2\\\/#primaryimage\"},\"thumbnailUrl\":\"https:\\\/\\\/www.ucaldas.edu.co\\\/portal\\\/wp-content\\\/uploads\\\/2020\\\/08\\\/WhatsApp-Image-2020-08-24-at-7.30.03-PM-1.jpeg\",\"datePublished\":\"2020-08-27T00:02:22+00:00\",\"dateModified\":\"2020-08-27T00:28:07+00:00\",\"breadcrumb\":{\"@id\":\"https:\\\/\\\/www.ucaldas.edu.co\\\/portal\\\/panel-verdad-y-memoria-la-universidad-publica-como-sujeto-de-reparacion-colectiva-2\\\/#breadcrumb\"},\"inLanguage\":\"es\",\"potentialAction\":[{\"@type\":\"ReadAction\",\"target\":[\"https:\\\/\\\/www.ucaldas.edu.co\\\/portal\\\/panel-verdad-y-memoria-la-universidad-publica-como-sujeto-de-reparacion-colectiva-2\\\/\"]}]},{\"@type\":\"ImageObject\",\"inLanguage\":\"es\",\"@id\":\"https:\\\/\\\/www.ucaldas.edu.co\\\/portal\\\/panel-verdad-y-memoria-la-universidad-publica-como-sujeto-de-reparacion-colectiva-2\\\/#primaryimage\",\"url\":\"https:\\\/\\\/www.ucaldas.edu.co\\\/portal\\\/wp-content\\\/uploads\\\/2020\\\/08\\\/WhatsApp-Image-2020-08-24-at-7.30.03-PM-1.jpeg\",\"contentUrl\":\"https:\\\/\\\/www.ucaldas.edu.co\\\/portal\\\/wp-content\\\/uploads\\\/2020\\\/08\\\/WhatsApp-Image-2020-08-24-at-7.30.03-PM-1.jpeg\",\"width\":700,\"height\":400},{\"@type\":\"BreadcrumbList\",\"@id\":\"https:\\\/\\\/www.ucaldas.edu.co\\\/portal\\\/panel-verdad-y-memoria-la-universidad-publica-como-sujeto-de-reparacion-colectiva-2\\\/#breadcrumb\",\"itemListElement\":[{\"@type\":\"ListItem\",\"position\":1,\"name\":\"Portada\",\"item\":\"https:\\\/\\\/www.ucaldas.edu.co\\\/portal\\\/\"},{\"@type\":\"ListItem\",\"position\":2,\"name\":\"Panel \u201cVerdad y Memoria: La Universidad P\u00fablica como sujeto de reparaci\u00f3n colectiva\u201d\"}]},{\"@type\":\"WebSite\",\"@id\":\"https:\\\/\\\/www.ucaldas.edu.co\\\/portal\\\/#website\",\"url\":\"https:\\\/\\\/www.ucaldas.edu.co\\\/portal\\\/\",\"name\":\"Universidad de Caldas\",\"description\":\"\",\"publisher\":{\"@id\":\"https:\\\/\\\/www.ucaldas.edu.co\\\/portal\\\/#organization\"},\"alternateName\":\"U. de Caldas\",\"potentialAction\":[{\"@type\":\"SearchAction\",\"target\":{\"@type\":\"EntryPoint\",\"urlTemplate\":\"https:\\\/\\\/www.ucaldas.edu.co\\\/portal\\\/?s={search_term_string}\"},\"query-input\":{\"@type\":\"PropertyValueSpecification\",\"valueRequired\":true,\"valueName\":\"search_term_string\"}}],\"inLanguage\":\"es\"},{\"@type\":\"Organization\",\"@id\":\"https:\\\/\\\/www.ucaldas.edu.co\\\/portal\\\/#organization\",\"name\":\"Universidad de Caldas\",\"alternateName\":\"U. de Caldas\",\"url\":\"https:\\\/\\\/www.ucaldas.edu.co\\\/portal\\\/\",\"logo\":{\"@type\":\"ImageObject\",\"inLanguage\":\"es\",\"@id\":\"https:\\\/\\\/www.ucaldas.edu.co\\\/portal\\\/#\\\/schema\\\/logo\\\/image\\\/\",\"url\":\"https:\\\/\\\/www.ucaldas.edu.co\\\/portal\\\/wp-content\\\/uploads\\\/2023\\\/11\\\/Logo_horizontal_oscuroU-2023.png\",\"contentUrl\":\"https:\\\/\\\/www.ucaldas.edu.co\\\/portal\\\/wp-content\\\/uploads\\\/2023\\\/11\\\/Logo_horizontal_oscuroU-2023.png\",\"width\":263,\"height\":101,\"caption\":\"Universidad de Caldas\"},\"image\":{\"@id\":\"https:\\\/\\\/www.ucaldas.edu.co\\\/portal\\\/#\\\/schema\\\/logo\\\/image\\\/\"},\"sameAs\":[\"https:\\\/\\\/www.facebook.com\\\/udecaldas\",\"https:\\\/\\\/x.com\\\/udecaldas\",\"https:\\\/\\\/www.youtube.com\\\/universidadcaldas\",\"https:\\\/\\\/www.instagram.com\\\/udecaldas\\\/\"]},{\"@type\":\"Person\",\"@id\":\"https:\\\/\\\/www.ucaldas.edu.co\\\/portal\\\/#\\\/schema\\\/person\\\/a1b482e23449158b4bc319926c074fdf\",\"name\":\"ofiprensa\",\"image\":{\"@type\":\"ImageObject\",\"inLanguage\":\"es\",\"@id\":\"https:\\\/\\\/www.ucaldas.edu.co\\\/portal\\\/wp-content\\\/litespeed\\\/avatar\\\/09ea5085e600095a7a811142c6944527.jpg?ver=1777497608\",\"url\":\"https:\\\/\\\/www.ucaldas.edu.co\\\/portal\\\/wp-content\\\/litespeed\\\/avatar\\\/09ea5085e600095a7a811142c6944527.jpg?ver=1777497608\",\"contentUrl\":\"https:\\\/\\\/www.ucaldas.edu.co\\\/portal\\\/wp-content\\\/litespeed\\\/avatar\\\/09ea5085e600095a7a811142c6944527.jpg?ver=1777497608\",\"caption\":\"ofiprensa\"},\"url\":\"https:\\\/\\\/www.ucaldas.edu.co\\\/portal\\\/author\\\/ofiprensa\\\/\"}]}<\/script>\n<!-- \/ Yoast SEO plugin. -->","yoast_head_json":{"title":"Panel \u201cVerdad y Memoria: La Universidad P\u00fablica como sujeto de reparaci\u00f3n colectiva\u201d .","robots":{"index":"index","follow":"follow","max-snippet":"max-snippet:-1","max-image-preview":"max-image-preview:large","max-video-preview":"max-video-preview:-1"},"canonical":"https:\/\/www.ucaldas.edu.co\/portal\/panel-verdad-y-memoria-la-universidad-publica-como-sujeto-de-reparacion-colectiva-2\/","schema":{"@context":"https:\/\/schema.org","@graph":[{"@type":"Article","@id":"https:\/\/www.ucaldas.edu.co\/portal\/panel-verdad-y-memoria-la-universidad-publica-como-sujeto-de-reparacion-colectiva-2\/#article","isPartOf":{"@id":"https:\/\/www.ucaldas.edu.co\/portal\/panel-verdad-y-memoria-la-universidad-publica-como-sujeto-de-reparacion-colectiva-2\/"},"author":{"name":"ofiprensa","@id":"https:\/\/www.ucaldas.edu.co\/portal\/#\/schema\/person\/a1b482e23449158b4bc319926c074fdf"},"headline":"Panel \u201cVerdad y Memoria: La Universidad P\u00fablica como sujeto de reparaci\u00f3n colectiva\u201d","datePublished":"2020-08-27T00:02:22+00:00","dateModified":"2020-08-27T00:28:07+00:00","mainEntityOfPage":{"@id":"https:\/\/www.ucaldas.edu.co\/portal\/panel-verdad-y-memoria-la-universidad-publica-como-sujeto-de-reparacion-colectiva-2\/"},"wordCount":311,"publisher":{"@id":"https:\/\/www.ucaldas.edu.co\/portal\/#organization"},"image":{"@id":"https:\/\/www.ucaldas.edu.co\/portal\/panel-verdad-y-memoria-la-universidad-publica-como-sujeto-de-reparacion-colectiva-2\/#primaryimage"},"thumbnailUrl":"https:\/\/www.ucaldas.edu.co\/portal\/wp-content\/uploads\/2020\/08\/WhatsApp-Image-2020-08-24-at-7.30.03-PM-1.jpeg","keywords":["SUE","reparaci\u00f3n de v\u00edctimas","universidades p\u00fablicas"],"articleSection":["Actualidad","Universidad al D\u00eda","Eventos"],"inLanguage":"es"},{"@type":"WebPage","@id":"https:\/\/www.ucaldas.edu.co\/portal\/panel-verdad-y-memoria-la-universidad-publica-como-sujeto-de-reparacion-colectiva-2\/","url":"https:\/\/www.ucaldas.edu.co\/portal\/panel-verdad-y-memoria-la-universidad-publica-como-sujeto-de-reparacion-colectiva-2\/","name":"Panel \u201cVerdad y Memoria: La Universidad P\u00fablica como sujeto de reparaci\u00f3n colectiva\u201d .","isPartOf":{"@id":"https:\/\/www.ucaldas.edu.co\/portal\/#website"},"primaryImageOfPage":{"@id":"https:\/\/www.ucaldas.edu.co\/portal\/panel-verdad-y-memoria-la-universidad-publica-como-sujeto-de-reparacion-colectiva-2\/#primaryimage"},"image":{"@id":"https:\/\/www.ucaldas.edu.co\/portal\/panel-verdad-y-memoria-la-universidad-publica-como-sujeto-de-reparacion-colectiva-2\/#primaryimage"},"thumbnailUrl":"https:\/\/www.ucaldas.edu.co\/portal\/wp-content\/uploads\/2020\/08\/WhatsApp-Image-2020-08-24-at-7.30.03-PM-1.jpeg","datePublished":"2020-08-27T00:02:22+00:00","dateModified":"2020-08-27T00:28:07+00:00","breadcrumb":{"@id":"https:\/\/www.ucaldas.edu.co\/portal\/panel-verdad-y-memoria-la-universidad-publica-como-sujeto-de-reparacion-colectiva-2\/#breadcrumb"},"inLanguage":"es","potentialAction":[{"@type":"ReadAction","target":["https:\/\/www.ucaldas.edu.co\/portal\/panel-verdad-y-memoria-la-universidad-publica-como-sujeto-de-reparacion-colectiva-2\/"]}]},{"@type":"ImageObject","inLanguage":"es","@id":"https:\/\/www.ucaldas.edu.co\/portal\/panel-verdad-y-memoria-la-universidad-publica-como-sujeto-de-reparacion-colectiva-2\/#primaryimage","url":"https:\/\/www.ucaldas.edu.co\/portal\/wp-content\/uploads\/2020\/08\/WhatsApp-Image-2020-08-24-at-7.30.03-PM-1.jpeg","contentUrl":"https:\/\/www.ucaldas.edu.co\/portal\/wp-content\/uploads\/2020\/08\/WhatsApp-Image-2020-08-24-at-7.30.03-PM-1.jpeg","width":700,"height":400},{"@type":"BreadcrumbList","@id":"https:\/\/www.ucaldas.edu.co\/portal\/panel-verdad-y-memoria-la-universidad-publica-como-sujeto-de-reparacion-colectiva-2\/#breadcrumb","itemListElement":[{"@type":"ListItem","position":1,"name":"Portada","item":"https:\/\/www.ucaldas.edu.co\/portal\/"},{"@type":"ListItem","position":2,"name":"Panel \u201cVerdad y Memoria: La Universidad P\u00fablica como sujeto de reparaci\u00f3n colectiva\u201d"}]},{"@type":"WebSite","@id":"https:\/\/www.ucaldas.edu.co\/portal\/#website","url":"https:\/\/www.ucaldas.edu.co\/portal\/","name":"Universidad de Caldas","description":"","publisher":{"@id":"https:\/\/www.ucaldas.edu.co\/portal\/#organization"},"alternateName":"U. de Caldas","potentialAction":[{"@type":"SearchAction","target":{"@type":"EntryPoint","urlTemplate":"https:\/\/www.ucaldas.edu.co\/portal\/?s={search_term_string}"},"query-input":{"@type":"PropertyValueSpecification","valueRequired":true,"valueName":"search_term_string"}}],"inLanguage":"es"},{"@type":"Organization","@id":"https:\/\/www.ucaldas.edu.co\/portal\/#organization","name":"Universidad de Caldas","alternateName":"U. de Caldas","url":"https:\/\/www.ucaldas.edu.co\/portal\/","logo":{"@type":"ImageObject","inLanguage":"es","@id":"https:\/\/www.ucaldas.edu.co\/portal\/#\/schema\/logo\/image\/","url":"https:\/\/www.ucaldas.edu.co\/portal\/wp-content\/uploads\/2023\/11\/Logo_horizontal_oscuroU-2023.png","contentUrl":"https:\/\/www.ucaldas.edu.co\/portal\/wp-content\/uploads\/2023\/11\/Logo_horizontal_oscuroU-2023.png","width":263,"height":101,"caption":"Universidad de Caldas"},"image":{"@id":"https:\/\/www.ucaldas.edu.co\/portal\/#\/schema\/logo\/image\/"},"sameAs":["https:\/\/www.facebook.com\/udecaldas","https:\/\/x.com\/udecaldas","https:\/\/www.youtube.com\/universidadcaldas","https:\/\/www.instagram.com\/udecaldas\/"]},{"@type":"Person","@id":"https:\/\/www.ucaldas.edu.co\/portal\/#\/schema\/person\/a1b482e23449158b4bc319926c074fdf","name":"ofiprensa","image":{"@type":"ImageObject","inLanguage":"es","@id":"https:\/\/www.ucaldas.edu.co\/portal\/wp-content\/litespeed\/avatar\/09ea5085e600095a7a811142c6944527.jpg?ver=1777497608","url":"https:\/\/www.ucaldas.edu.co\/portal\/wp-content\/litespeed\/avatar\/09ea5085e600095a7a811142c6944527.jpg?ver=1777497608","contentUrl":"https:\/\/www.ucaldas.edu.co\/portal\/wp-content\/litespeed\/avatar\/09ea5085e600095a7a811142c6944527.jpg?ver=1777497608","caption":"ofiprensa"},"url":"https:\/\/www.ucaldas.edu.co\/portal\/author\/ofiprensa\/"}]}},"_links":{"self":[{"href":"https:\/\/www.ucaldas.edu.co\/portal\/wp-json\/wp\/v2\/posts\/57952","targetHints":{"allow":["GET"]}}],"collection":[{"href":"https:\/\/www.ucaldas.edu.co\/portal\/wp-json\/wp\/v2\/posts"}],"about":[{"href":"https:\/\/www.ucaldas.edu.co\/portal\/wp-json\/wp\/v2\/types\/post"}],"author":[{"embeddable":true,"href":"https:\/\/www.ucaldas.edu.co\/portal\/wp-json\/wp\/v2\/users\/2"}],"replies":[{"embeddable":true,"href":"https:\/\/www.ucaldas.edu.co\/portal\/wp-json\/wp\/v2\/comments?post=57952"}],"version-history":[{"count":0,"href":"https:\/\/www.ucaldas.edu.co\/portal\/wp-json\/wp\/v2\/posts\/57952\/revisions"}],"wp:featuredmedia":[{"embeddable":true,"href":"https:\/\/www.ucaldas.edu.co\/portal\/wp-json\/wp\/v2\/media\/57953"}],"wp:attachment":[{"href":"https:\/\/www.ucaldas.edu.co\/portal\/wp-json\/wp\/v2\/media?parent=57952"}],"wp:term":[{"taxonomy":"category","embeddable":true,"href":"https:\/\/www.ucaldas.edu.co\/portal\/wp-json\/wp\/v2\/categories?post=57952"},{"taxonomy":"post_tag","embeddable":true,"href":"https:\/\/www.ucaldas.edu.co\/portal\/wp-json\/wp\/v2\/tags?post=57952"}],"curies":[{"name":"wp","href":"https:\/\/api.w.org\/{rel}","templated":true}]}}