{"id":57846,"date":"2020-08-21T01:20:44","date_gmt":"2020-08-21T01:20:44","guid":{"rendered":"https:\/\/www.ucaldas.edu.co\/portal\/?p=57846"},"modified":"2020-08-21T01:20:44","modified_gmt":"2020-08-21T01:20:44","slug":"curso-virtual-sobre-abordaje-integral-de-covid-19-version-2-0-con-actualizaciones-y-evidencias-cientificas","status":"publish","type":"post","link":"https:\/\/www.ucaldas.edu.co\/portal\/curso-virtual-sobre-abordaje-integral-de-covid-19-version-2-0-con-actualizaciones-y-evidencias-cientificas\/","title":{"rendered":"Curso virtual sobre Abordaje Integral de COVID-19, versi\u00f3n 2.0  con actualizaciones y evidencias cient\u00edficas"},"content":{"rendered":"<p><strong><b>\u00a0<\/b><\/strong><\/p>\n<p style=\"text-align: center;\">DIRIGIDO A PROFESIONALES DE LA SALUD SIN COSTO<\/p>\n<p style=\"text-align: center;\"><strong><b>C<\/b><\/strong><strong><b>urso virtual sobre Abordaje Integral de COVID-19, versi\u00f3n 2.0 <\/b><\/strong><\/p>\n<p style=\"text-align: center;\"><strong><b>con actualizaciones y evidencias cient\u00edficas<\/b><\/strong><\/p>\n<p style=\"text-align: right;\">20\/08\/2020<\/p>\n<p><img loading=\"lazy\" decoding=\"async\" class=\"alignnone size-full wp-image-57847 aligncenter\" src=\"https:\/\/www.ucaldas.edu.co\/portal\/wp-content\/uploads\/2020\/08\/tele.jpeg\" alt=\"\" width=\"700\" height=\"400\" srcset=\"https:\/\/www.ucaldas.edu.co\/portal\/wp-content\/uploads\/2020\/08\/tele.jpeg 700w, https:\/\/www.ucaldas.edu.co\/portal\/wp-content\/uploads\/2020\/08\/tele-300x171.jpeg 300w\" sizes=\"auto, (max-width: 700px) 100vw, 700px\" \/><\/p>\n<p>Gracias al apoyo de la Gobernaci\u00f3n de Caldas y la Territorial de Salud, Telesalud pone a disposici\u00f3n de todos los profesionales de la salud de Caldas la versi\u00f3n 2.0 del curso gratuito:\u00a0Abordaje Integral de COVID-19, que cuenta con actualizaciones y evidencias cient\u00edficas.<\/p>\n<p><!--more--><\/p>\n<p>En la primera versi\u00f3n del curso de abordaje de COVID-19 se certificaron m\u00e1s de 1300 profesionales. Seg\u00fan Esteban Granada, Director de Telesalud ante la pandemia que se est\u00e1 viviendo, los profesionales de la salud requieren acompa\u00f1amiento acad\u00e9mico de los expertos para garantizar las mejores atenciones basadas en la evidencia cient\u00edfica, por lo cual este curso cuenta con una actualizaci\u00f3n muy importante para que los profesionales se entrenen, capaciten y certifiquen por la Universidad de Caldas.<\/p>\n<p>El curso presenta una actualizaci\u00f3n de la evidencia en temas como generalidades del virus, variaci\u00f3n gen\u00e9tica e implicaciones diagn\u00f3sticas, epidemiolog\u00eda global y local, mecanismos de transmisi\u00f3n, fisiopatolog\u00eda, manifestaciones cl\u00ednicas, an\u00e1lisis de laboratorio e imagenol\u00f3gico, m\u00e9todos \u00a0y algoritmo diagn\u00f3stico, COVID-19 en pediatr\u00eda, tratamiento, avances en vacunaci\u00f3n y bioseguridad y contenci\u00f3n. Adem\u00e1s, incluye un m\u00f3dulo de ense\u00f1anza interactiva con casos cl\u00ednicos que facilita el aprendizaje para el profesional.<\/p>\n<p>&nbsp;<\/p>\n<table>\n<tbody>\n<tr>\n<td width=\"603\"><strong><b>PARA DESTACAR:<\/b><\/strong><\/p>\n<p>Los profesionales interesados podr\u00e1n inscribirse a trav\u00e9s de la p\u00e1gina web: <a href=\"http:\/\/www.coronavirustelesalud.com\">http:\/\/www.coronavirustelesalud.com<\/a><\/p>\n<p>&nbsp;<\/td>\n<\/tr>\n<\/tbody>\n<\/table>\n<p>&nbsp;<\/p>\n<p><strong><b>Anexos:<\/b><\/strong><\/p>\n<p><a href=\"https:\/\/co.ivoox.com\/es\/curso-virtual-sobre-abordaje-integral-covid-19-version-audios-mp3_rf_55478742_1.html\"><strong><u><b>Esteban Granada Aguirre, Director de Telesalud<\/b><\/u><\/strong><\/a><\/p>\n<p><strong><b>\u00a0<\/b><\/strong><\/p>\n<p><strong><b>Informes:<\/b><\/strong>\u00a0Oficina de Prensa de la Universidad de Caldas<\/p>\n<p><strong><b>Redacci\u00f3n:<\/b><\/strong>\u00a0Julieth Osorio Torres<\/p>\n<p>&nbsp;<\/p>\n<p>&nbsp;<\/p>\n","protected":false},"excerpt":{"rendered":"<p>\u00a0 DIRIGIDO A PROFESIONALES DE LA SALUD SIN COSTO Curso virtual sobre Abordaje Integral de COVID-19, versi\u00f3n 2.0 con actualizaciones y evidencias cient\u00edficas 20\/08\/2020 Gracias al apoyo de la Gobernaci\u00f3n de Caldas y la Territorial de Salud, Telesalud pone a disposici\u00f3n de todos los profesionales de la salud de Caldas la versi\u00f3n 2.0 del curso [&hellip;]<\/p>\n","protected":false},"author":2,"featured_media":57847,"comment_status":"closed","ping_status":"open","sticky":false,"template":"","format":"standard","meta":{"footnotes":"","_members_access_role":[],"_members_access_error":""},"categories":[48,53],"tags":[4652,110,275,555],"class_list":["post-57846","post","type-post","status-publish","format-standard","has-post-thumbnail","hentry","category-actualidad","category-universidad-al-dia","tag-covid-19","tag-curso","tag-telesalud","tag-actualizacion"],"yoast_head":"<!-- This site is optimized with the Yoast SEO plugin v28.3 - https:\/\/yoast.com\/product\/yoast-seo-wordpress\/ -->\n<title>Curso virtual sobre Abordaje Integral de COVID-19, versi\u00f3n 2.0 con actualizaciones y evidencias cient\u00edficas .<\/title>\n<meta name=\"robots\" content=\"index, follow, max-snippet:-1, max-image-preview:large, max-video-preview:-1\" \/>\n<link rel=\"canonical\" href=\"https:\/\/www.ucaldas.edu.co\/portal\/curso-virtual-sobre-abordaje-integral-de-covid-19-version-2-0-con-actualizaciones-y-evidencias-cientificas\/\" \/>\n<script type=\"application\/ld+json\" class=\"yoast-schema-graph\">{\"@context\":\"https:\\\/\\\/schema.org\",\"@graph\":[{\"@type\":\"Article\",\"@id\":\"https:\\\/\\\/www.ucaldas.edu.co\\\/portal\\\/curso-virtual-sobre-abordaje-integral-de-covid-19-version-2-0-con-actualizaciones-y-evidencias-cientificas\\\/#article\",\"isPartOf\":{\"@id\":\"https:\\\/\\\/www.ucaldas.edu.co\\\/portal\\\/curso-virtual-sobre-abordaje-integral-de-covid-19-version-2-0-con-actualizaciones-y-evidencias-cientificas\\\/\"},\"author\":{\"name\":\"ofiprensa\",\"@id\":\"https:\\\/\\\/www.ucaldas.edu.co\\\/portal\\\/#\\\/schema\\\/person\\\/a1b482e23449158b4bc319926c074fdf\"},\"headline\":\"Curso virtual sobre Abordaje Integral de COVID-19, versi\u00f3n 2.0 con actualizaciones y evidencias cient\u00edficas\",\"datePublished\":\"2020-08-21T01:20:44+00:00\",\"mainEntityOfPage\":{\"@id\":\"https:\\\/\\\/www.ucaldas.edu.co\\\/portal\\\/curso-virtual-sobre-abordaje-integral-de-covid-19-version-2-0-con-actualizaciones-y-evidencias-cientificas\\\/\"},\"wordCount\":297,\"publisher\":{\"@id\":\"https:\\\/\\\/www.ucaldas.edu.co\\\/portal\\\/#organization\"},\"image\":{\"@id\":\"https:\\\/\\\/www.ucaldas.edu.co\\\/portal\\\/curso-virtual-sobre-abordaje-integral-de-covid-19-version-2-0-con-actualizaciones-y-evidencias-cientificas\\\/#primaryimage\"},\"thumbnailUrl\":\"https:\\\/\\\/www.ucaldas.edu.co\\\/portal\\\/wp-content\\\/uploads\\\/2020\\\/08\\\/tele.jpeg\",\"keywords\":[\"covid-19\",\"curso\",\"Telesalud\",\"actualizaci\u00f3n\"],\"articleSection\":[\"Actualidad\",\"Universidad al D\u00eda\"],\"inLanguage\":\"es\"},{\"@type\":\"WebPage\",\"@id\":\"https:\\\/\\\/www.ucaldas.edu.co\\\/portal\\\/curso-virtual-sobre-abordaje-integral-de-covid-19-version-2-0-con-actualizaciones-y-evidencias-cientificas\\\/\",\"url\":\"https:\\\/\\\/www.ucaldas.edu.co\\\/portal\\\/curso-virtual-sobre-abordaje-integral-de-covid-19-version-2-0-con-actualizaciones-y-evidencias-cientificas\\\/\",\"name\":\"Curso virtual sobre Abordaje Integral de COVID-19, versi\u00f3n 2.0 con actualizaciones y evidencias cient\u00edficas .\",\"isPartOf\":{\"@id\":\"https:\\\/\\\/www.ucaldas.edu.co\\\/portal\\\/#website\"},\"primaryImageOfPage\":{\"@id\":\"https:\\\/\\\/www.ucaldas.edu.co\\\/portal\\\/curso-virtual-sobre-abordaje-integral-de-covid-19-version-2-0-con-actualizaciones-y-evidencias-cientificas\\\/#primaryimage\"},\"image\":{\"@id\":\"https:\\\/\\\/www.ucaldas.edu.co\\\/portal\\\/curso-virtual-sobre-abordaje-integral-de-covid-19-version-2-0-con-actualizaciones-y-evidencias-cientificas\\\/#primaryimage\"},\"thumbnailUrl\":\"https:\\\/\\\/www.ucaldas.edu.co\\\/portal\\\/wp-content\\\/uploads\\\/2020\\\/08\\\/tele.jpeg\",\"datePublished\":\"2020-08-21T01:20:44+00:00\",\"breadcrumb\":{\"@id\":\"https:\\\/\\\/www.ucaldas.edu.co\\\/portal\\\/curso-virtual-sobre-abordaje-integral-de-covid-19-version-2-0-con-actualizaciones-y-evidencias-cientificas\\\/#breadcrumb\"},\"inLanguage\":\"es\",\"potentialAction\":[{\"@type\":\"ReadAction\",\"target\":[\"https:\\\/\\\/www.ucaldas.edu.co\\\/portal\\\/curso-virtual-sobre-abordaje-integral-de-covid-19-version-2-0-con-actualizaciones-y-evidencias-cientificas\\\/\"]}]},{\"@type\":\"ImageObject\",\"inLanguage\":\"es\",\"@id\":\"https:\\\/\\\/www.ucaldas.edu.co\\\/portal\\\/curso-virtual-sobre-abordaje-integral-de-covid-19-version-2-0-con-actualizaciones-y-evidencias-cientificas\\\/#primaryimage\",\"url\":\"https:\\\/\\\/www.ucaldas.edu.co\\\/portal\\\/wp-content\\\/uploads\\\/2020\\\/08\\\/tele.jpeg\",\"contentUrl\":\"https:\\\/\\\/www.ucaldas.edu.co\\\/portal\\\/wp-content\\\/uploads\\\/2020\\\/08\\\/tele.jpeg\",\"width\":700,\"height\":400},{\"@type\":\"BreadcrumbList\",\"@id\":\"https:\\\/\\\/www.ucaldas.edu.co\\\/portal\\\/curso-virtual-sobre-abordaje-integral-de-covid-19-version-2-0-con-actualizaciones-y-evidencias-cientificas\\\/#breadcrumb\",\"itemListElement\":[{\"@type\":\"ListItem\",\"position\":1,\"name\":\"Portada\",\"item\":\"https:\\\/\\\/www.ucaldas.edu.co\\\/portal\\\/\"},{\"@type\":\"ListItem\",\"position\":2,\"name\":\"Curso virtual sobre Abordaje Integral de COVID-19, versi\u00f3n 2.0 con actualizaciones y evidencias cient\u00edficas\"}]},{\"@type\":\"WebSite\",\"@id\":\"https:\\\/\\\/www.ucaldas.edu.co\\\/portal\\\/#website\",\"url\":\"https:\\\/\\\/www.ucaldas.edu.co\\\/portal\\\/\",\"name\":\"Universidad de Caldas\",\"description\":\"\",\"publisher\":{\"@id\":\"https:\\\/\\\/www.ucaldas.edu.co\\\/portal\\\/#organization\"},\"alternateName\":\"U. de Caldas\",\"potentialAction\":[{\"@type\":\"SearchAction\",\"target\":{\"@type\":\"EntryPoint\",\"urlTemplate\":\"https:\\\/\\\/www.ucaldas.edu.co\\\/portal\\\/?s={search_term_string}\"},\"query-input\":{\"@type\":\"PropertyValueSpecification\",\"valueRequired\":true,\"valueName\":\"search_term_string\"}}],\"inLanguage\":\"es\"},{\"@type\":\"Organization\",\"@id\":\"https:\\\/\\\/www.ucaldas.edu.co\\\/portal\\\/#organization\",\"name\":\"Universidad de Caldas\",\"alternateName\":\"U. de Caldas\",\"url\":\"https:\\\/\\\/www.ucaldas.edu.co\\\/portal\\\/\",\"logo\":{\"@type\":\"ImageObject\",\"inLanguage\":\"es\",\"@id\":\"https:\\\/\\\/www.ucaldas.edu.co\\\/portal\\\/#\\\/schema\\\/logo\\\/image\\\/\",\"url\":\"https:\\\/\\\/www.ucaldas.edu.co\\\/portal\\\/wp-content\\\/uploads\\\/2023\\\/11\\\/Logo_horizontal_oscuroU-2023.png\",\"contentUrl\":\"https:\\\/\\\/www.ucaldas.edu.co\\\/portal\\\/wp-content\\\/uploads\\\/2023\\\/11\\\/Logo_horizontal_oscuroU-2023.png\",\"width\":263,\"height\":101,\"caption\":\"Universidad de Caldas\"},\"image\":{\"@id\":\"https:\\\/\\\/www.ucaldas.edu.co\\\/portal\\\/#\\\/schema\\\/logo\\\/image\\\/\"},\"sameAs\":[\"https:\\\/\\\/www.facebook.com\\\/udecaldas\",\"https:\\\/\\\/x.com\\\/udecaldas\",\"https:\\\/\\\/www.youtube.com\\\/universidadcaldas\",\"https:\\\/\\\/www.instagram.com\\\/udecaldas\\\/\"]},{\"@type\":\"Person\",\"@id\":\"https:\\\/\\\/www.ucaldas.edu.co\\\/portal\\\/#\\\/schema\\\/person\\\/a1b482e23449158b4bc319926c074fdf\",\"name\":\"ofiprensa\",\"image\":{\"@type\":\"ImageObject\",\"inLanguage\":\"es\",\"@id\":\"https:\\\/\\\/www.ucaldas.edu.co\\\/portal\\\/wp-content\\\/litespeed\\\/avatar\\\/09ea5085e600095a7a811142c6944527.jpg?ver=1787779368\",\"url\":\"https:\\\/\\\/www.ucaldas.edu.co\\\/portal\\\/wp-content\\\/litespeed\\\/avatar\\\/09ea5085e600095a7a811142c6944527.jpg?ver=1787779368\",\"contentUrl\":\"https:\\\/\\\/www.ucaldas.edu.co\\\/portal\\\/wp-content\\\/litespeed\\\/avatar\\\/09ea5085e600095a7a811142c6944527.jpg?ver=1787779368\",\"caption\":\"ofiprensa\"},\"url\":\"https:\\\/\\\/www.ucaldas.edu.co\\\/portal\\\/author\\\/ofiprensa\\\/\"}]}<\/script>\n<!-- \/ Yoast SEO plugin. -->","yoast_head_json":{"title":"Curso virtual sobre Abordaje Integral de COVID-19, versi\u00f3n 2.0 con actualizaciones y evidencias cient\u00edficas .","robots":{"index":"index","follow":"follow","max-snippet":"max-snippet:-1","max-image-preview":"max-image-preview:large","max-video-preview":"max-video-preview:-1"},"canonical":"https:\/\/www.ucaldas.edu.co\/portal\/curso-virtual-sobre-abordaje-integral-de-covid-19-version-2-0-con-actualizaciones-y-evidencias-cientificas\/","schema":{"@context":"https:\/\/schema.org","@graph":[{"@type":"Article","@id":"https:\/\/www.ucaldas.edu.co\/portal\/curso-virtual-sobre-abordaje-integral-de-covid-19-version-2-0-con-actualizaciones-y-evidencias-cientificas\/#article","isPartOf":{"@id":"https:\/\/www.ucaldas.edu.co\/portal\/curso-virtual-sobre-abordaje-integral-de-covid-19-version-2-0-con-actualizaciones-y-evidencias-cientificas\/"},"author":{"name":"ofiprensa","@id":"https:\/\/www.ucaldas.edu.co\/portal\/#\/schema\/person\/a1b482e23449158b4bc319926c074fdf"},"headline":"Curso virtual sobre Abordaje Integral de COVID-19, versi\u00f3n 2.0 con actualizaciones y evidencias cient\u00edficas","datePublished":"2020-08-21T01:20:44+00:00","mainEntityOfPage":{"@id":"https:\/\/www.ucaldas.edu.co\/portal\/curso-virtual-sobre-abordaje-integral-de-covid-19-version-2-0-con-actualizaciones-y-evidencias-cientificas\/"},"wordCount":297,"publisher":{"@id":"https:\/\/www.ucaldas.edu.co\/portal\/#organization"},"image":{"@id":"https:\/\/www.ucaldas.edu.co\/portal\/curso-virtual-sobre-abordaje-integral-de-covid-19-version-2-0-con-actualizaciones-y-evidencias-cientificas\/#primaryimage"},"thumbnailUrl":"https:\/\/www.ucaldas.edu.co\/portal\/wp-content\/uploads\/2020\/08\/tele.jpeg","keywords":["covid-19","curso","Telesalud","actualizaci\u00f3n"],"articleSection":["Actualidad","Universidad al D\u00eda"],"inLanguage":"es"},{"@type":"WebPage","@id":"https:\/\/www.ucaldas.edu.co\/portal\/curso-virtual-sobre-abordaje-integral-de-covid-19-version-2-0-con-actualizaciones-y-evidencias-cientificas\/","url":"https:\/\/www.ucaldas.edu.co\/portal\/curso-virtual-sobre-abordaje-integral-de-covid-19-version-2-0-con-actualizaciones-y-evidencias-cientificas\/","name":"Curso virtual sobre Abordaje Integral de COVID-19, versi\u00f3n 2.0 con actualizaciones y evidencias cient\u00edficas .","isPartOf":{"@id":"https:\/\/www.ucaldas.edu.co\/portal\/#website"},"primaryImageOfPage":{"@id":"https:\/\/www.ucaldas.edu.co\/portal\/curso-virtual-sobre-abordaje-integral-de-covid-19-version-2-0-con-actualizaciones-y-evidencias-cientificas\/#primaryimage"},"image":{"@id":"https:\/\/www.ucaldas.edu.co\/portal\/curso-virtual-sobre-abordaje-integral-de-covid-19-version-2-0-con-actualizaciones-y-evidencias-cientificas\/#primaryimage"},"thumbnailUrl":"https:\/\/www.ucaldas.edu.co\/portal\/wp-content\/uploads\/2020\/08\/tele.jpeg","datePublished":"2020-08-21T01:20:44+00:00","breadcrumb":{"@id":"https:\/\/www.ucaldas.edu.co\/portal\/curso-virtual-sobre-abordaje-integral-de-covid-19-version-2-0-con-actualizaciones-y-evidencias-cientificas\/#breadcrumb"},"inLanguage":"es","potentialAction":[{"@type":"ReadAction","target":["https:\/\/www.ucaldas.edu.co\/portal\/curso-virtual-sobre-abordaje-integral-de-covid-19-version-2-0-con-actualizaciones-y-evidencias-cientificas\/"]}]},{"@type":"ImageObject","inLanguage":"es","@id":"https:\/\/www.ucaldas.edu.co\/portal\/curso-virtual-sobre-abordaje-integral-de-covid-19-version-2-0-con-actualizaciones-y-evidencias-cientificas\/#primaryimage","url":"https:\/\/www.ucaldas.edu.co\/portal\/wp-content\/uploads\/2020\/08\/tele.jpeg","contentUrl":"https:\/\/www.ucaldas.edu.co\/portal\/wp-content\/uploads\/2020\/08\/tele.jpeg","width":700,"height":400},{"@type":"BreadcrumbList","@id":"https:\/\/www.ucaldas.edu.co\/portal\/curso-virtual-sobre-abordaje-integral-de-covid-19-version-2-0-con-actualizaciones-y-evidencias-cientificas\/#breadcrumb","itemListElement":[{"@type":"ListItem","position":1,"name":"Portada","item":"https:\/\/www.ucaldas.edu.co\/portal\/"},{"@type":"ListItem","position":2,"name":"Curso virtual sobre Abordaje Integral de COVID-19, versi\u00f3n 2.0 con actualizaciones y evidencias cient\u00edficas"}]},{"@type":"WebSite","@id":"https:\/\/www.ucaldas.edu.co\/portal\/#website","url":"https:\/\/www.ucaldas.edu.co\/portal\/","name":"Universidad de Caldas","description":"","publisher":{"@id":"https:\/\/www.ucaldas.edu.co\/portal\/#organization"},"alternateName":"U. de Caldas","potentialAction":[{"@type":"SearchAction","target":{"@type":"EntryPoint","urlTemplate":"https:\/\/www.ucaldas.edu.co\/portal\/?s={search_term_string}"},"query-input":{"@type":"PropertyValueSpecification","valueRequired":true,"valueName":"search_term_string"}}],"inLanguage":"es"},{"@type":"Organization","@id":"https:\/\/www.ucaldas.edu.co\/portal\/#organization","name":"Universidad de Caldas","alternateName":"U. de Caldas","url":"https:\/\/www.ucaldas.edu.co\/portal\/","logo":{"@type":"ImageObject","inLanguage":"es","@id":"https:\/\/www.ucaldas.edu.co\/portal\/#\/schema\/logo\/image\/","url":"https:\/\/www.ucaldas.edu.co\/portal\/wp-content\/uploads\/2023\/11\/Logo_horizontal_oscuroU-2023.png","contentUrl":"https:\/\/www.ucaldas.edu.co\/portal\/wp-content\/uploads\/2023\/11\/Logo_horizontal_oscuroU-2023.png","width":263,"height":101,"caption":"Universidad de Caldas"},"image":{"@id":"https:\/\/www.ucaldas.edu.co\/portal\/#\/schema\/logo\/image\/"},"sameAs":["https:\/\/www.facebook.com\/udecaldas","https:\/\/x.com\/udecaldas","https:\/\/www.youtube.com\/universidadcaldas","https:\/\/www.instagram.com\/udecaldas\/"]},{"@type":"Person","@id":"https:\/\/www.ucaldas.edu.co\/portal\/#\/schema\/person\/a1b482e23449158b4bc319926c074fdf","name":"ofiprensa","image":{"@type":"ImageObject","inLanguage":"es","@id":"https:\/\/www.ucaldas.edu.co\/portal\/wp-content\/litespeed\/avatar\/09ea5085e600095a7a811142c6944527.jpg?ver=1787779368","url":"https:\/\/www.ucaldas.edu.co\/portal\/wp-content\/litespeed\/avatar\/09ea5085e600095a7a811142c6944527.jpg?ver=1787779368","contentUrl":"https:\/\/www.ucaldas.edu.co\/portal\/wp-content\/litespeed\/avatar\/09ea5085e600095a7a811142c6944527.jpg?ver=1787779368","caption":"ofiprensa"},"url":"https:\/\/www.ucaldas.edu.co\/portal\/author\/ofiprensa\/"}]}},"_links":{"self":[{"href":"https:\/\/www.ucaldas.edu.co\/portal\/wp-json\/wp\/v2\/posts\/57846","targetHints":{"allow":["GET"]}}],"collection":[{"href":"https:\/\/www.ucaldas.edu.co\/portal\/wp-json\/wp\/v2\/posts"}],"about":[{"href":"https:\/\/www.ucaldas.edu.co\/portal\/wp-json\/wp\/v2\/types\/post"}],"author":[{"embeddable":true,"href":"https:\/\/www.ucaldas.edu.co\/portal\/wp-json\/wp\/v2\/users\/2"}],"replies":[{"embeddable":true,"href":"https:\/\/www.ucaldas.edu.co\/portal\/wp-json\/wp\/v2\/comments?post=57846"}],"version-history":[{"count":0,"href":"https:\/\/www.ucaldas.edu.co\/portal\/wp-json\/wp\/v2\/posts\/57846\/revisions"}],"wp:featuredmedia":[{"embeddable":true,"href":"https:\/\/www.ucaldas.edu.co\/portal\/wp-json\/wp\/v2\/media\/57847"}],"wp:attachment":[{"href":"https:\/\/www.ucaldas.edu.co\/portal\/wp-json\/wp\/v2\/media?parent=57846"}],"wp:term":[{"taxonomy":"category","embeddable":true,"href":"https:\/\/www.ucaldas.edu.co\/portal\/wp-json\/wp\/v2\/categories?post=57846"},{"taxonomy":"post_tag","embeddable":true,"href":"https:\/\/www.ucaldas.edu.co\/portal\/wp-json\/wp\/v2\/tags?post=57846"}],"curies":[{"name":"wp","href":"https:\/\/api.w.org\/{rel}","templated":true}]}}