{"id":57782,"date":"2020-08-19T00:13:29","date_gmt":"2020-08-19T00:13:29","guid":{"rendered":"https:\/\/www.ucaldas.edu.co\/portal\/?p=57782"},"modified":"2020-08-19T00:13:29","modified_gmt":"2020-08-19T00:13:29","slug":"convocatoria-publindex-2020-de-minciencias-cierra-el-20-de-agosto","status":"publish","type":"post","link":"https:\/\/www.ucaldas.edu.co\/portal\/convocatoria-publindex-2020-de-minciencias-cierra-el-20-de-agosto\/","title":{"rendered":"Convocatoria Publindex 2020 de Minciencias cierra el 20 de agosto"},"content":{"rendered":"<p style=\"text-align: center;\">PARA INDEXACI\u00d3N DE REVISTAS CIENT\u00cdFICAS COLOMBIANAS ESPECIALIZADAS &#8211; PUBLINDEX 2020-<\/p>\n<p style=\"text-align: center;\"><strong><b>Convocatoria Publindex 2020 de Minciencias cierra el 20 de agosto<\/b><\/strong><\/p>\n<p style=\"text-align: right;\">18\/08\/2020<\/p>\n<p>&nbsp;<\/p>\n<p><img loading=\"lazy\" decoding=\"async\" class=\"size-full wp-image-54205 aligncenter\" src=\"https:\/\/www.ucaldas.edu.co\/portal\/wp-content\/uploads\/2020\/02\/MINCIENCIAS-compressor.png\" alt=\"\" width=\"700\" height=\"400\" srcset=\"https:\/\/www.ucaldas.edu.co\/portal\/wp-content\/uploads\/2020\/02\/MINCIENCIAS-compressor.png 700w, https:\/\/www.ucaldas.edu.co\/portal\/wp-content\/uploads\/2020\/02\/MINCIENCIAS-compressor-300x171.png 300w\" sizes=\"auto, (max-width: 700px) 100vw, 700px\" \/><\/p>\n<p>El Ministerio de Ciencia Tecnolog\u00eda e Innovaci\u00f3n invita a los editores, autores, miembros del comit\u00e9 editorial\/cient\u00edfico y \u00a0evaluadores las revistas cient\u00edficas colombianas especializadas en la publicaci\u00f3n de art\u00edculos resultados de procesos de investigaci\u00f3n,\u00a0 a cerrar su proceso inscripci\u00f3n en la convocatoria Publindex 2020.<\/p>\n<p><!--more--><\/p>\n<p>La convocatoria 875 para indexaci\u00f3n de revistas cient\u00edficas colombianas especializadas &#8211; Publindex 2020-\u00a0 cierra el pr\u00f3ximo 20 de agosto a las 4:00 p.m. \u00a0y tiene como objetivo Evaluar la calidad de las revistas cient\u00edficas nacionales, mediante criterios relacionados con la gesti\u00f3n editorial, la visibilidad y el impacto de las publicaciones, con el prop\u00f3sito de incrementar la calidad de la producci\u00f3n cient\u00edfica nacional y su inserci\u00f3n en el \u00e1mbito internacional.<\/p>\n<p>Recomendaciones:<\/p>\n<ul>\n<li>Las personas colombianas (editores, autores, miembros del comit\u00e9 editorial\/cient\u00edfico, evaluadores), deben tener diligenciado y actualizado el aplicativo CvLAC para ser\u00a0 vinculadas al aplicativo Publindex.<\/li>\n<li>Las personas extranjeras que no residan en Colombia y que no tuvieron una vinculaci\u00f3n con una instituci\u00f3n nacional durante el a\u00f1o 2019 (autores, miembros del comit\u00e9 editorial\/cient\u00edfico, evaluadores) deber\u00e1n estar registradas en Publindex con la siguiente informaci\u00f3n: nombres, \u00a0primer apellido, segundo apellido, filiaci\u00f3n institucional y un correo electr\u00f3nico. (No se requiere el campo del documento de identificaci\u00f3n).<\/li>\n<li>Se requiere para las revistas inscritas a la convocatoria tener el \u00abAval institucional y la validaci\u00f3n de los criterios de la Fase I\u00bb. Verifique su inclusi\u00f3n en el aplicativo Publindex a trav\u00e9s del enlace: \u00abResultados de la revisi\u00f3n realizada por las instituciones\u00bb.<\/li>\n<li>Publindex cuenta con un \u201cVisualizador\u201d, el cual le permite verificar el estado de los registros de la informaci\u00f3n.<\/li>\n<li>Las revistas colombianas incluidas en los \u00cdndices Bibliogr\u00e1ficos Citacionales: Journal Citation Reports- JCR y Scimago Journal of Rank \u2013 SJR, NO requieren el aval institucional, ni de los criterios de validaci\u00f3n.<\/li>\n<\/ul>\n<p>&nbsp;<\/p>\n<p>Consulte la convocatoria completa <a href=\"https:\/\/minciencias.gov.co\/convocatorias\/fortalecimiento-capacidades-para-la-generacion-conocimiento\/convocatoria-para\"><strong><u><b>\u00a0aqu\u00ed<\/b><\/u><\/strong><\/a><\/p>\n<p><strong><b>\u00a0<\/b><\/strong><\/p>\n<p><strong><b>*Informaci\u00f3n tomada de www.minciencias.gov.co<\/b><\/strong><\/p>\n<p><strong><b>\u00a0<\/b><\/strong><\/p>\n<p><strong><b>Informes: <\/b><\/strong>Oficina de Comunicaciones y Prensa Universidad de Caldas.<\/p>\n<p><strong><b>Redacci\u00f3n:<\/b><\/strong>\u00a0Adriana Salazar Villegas<\/p>\n<p>&nbsp;<\/p>\n","protected":false},"excerpt":{"rendered":"<p>PARA INDEXACI\u00d3N DE REVISTAS CIENT\u00cdFICAS COLOMBIANAS ESPECIALIZADAS &#8211; PUBLINDEX 2020- Convocatoria Publindex 2020 de Minciencias cierra el 20 de agosto 18\/08\/2020 &nbsp; El Ministerio de Ciencia Tecnolog\u00eda e Innovaci\u00f3n invita a los editores, autores, miembros del comit\u00e9 editorial\/cient\u00edfico y \u00a0evaluadores las revistas cient\u00edficas colombianas especializadas en la publicaci\u00f3n de art\u00edculos resultados de procesos de investigaci\u00f3n,\u00a0 [&hellip;]<\/p>\n","protected":false},"author":2,"featured_media":54205,"comment_status":"closed","ping_status":"open","sticky":false,"template":"","format":"standard","meta":{"footnotes":""},"categories":[48,53],"tags":[141,309,1195,4543],"class_list":["post-57782","post","type-post","status-publish","format-standard","has-post-thumbnail","hentry","category-actualidad","category-universidad-al-dia","tag-convocatoria","tag-investigadores","tag-publindex","tag-minciencias"],"yoast_head":"<!-- This site is optimized with the Yoast SEO plugin v27.5 - https:\/\/yoast.com\/product\/yoast-seo-wordpress\/ -->\n<title>Convocatoria Publindex 2020 de Minciencias cierra el 20 de agosto .<\/title>\n<meta name=\"robots\" content=\"index, follow, max-snippet:-1, max-image-preview:large, max-video-preview:-1\" \/>\n<link rel=\"canonical\" href=\"https:\/\/www.ucaldas.edu.co\/portal\/convocatoria-publindex-2020-de-minciencias-cierra-el-20-de-agosto\/\" \/>\n<script type=\"application\/ld+json\" class=\"yoast-schema-graph\">{\"@context\":\"https:\\\/\\\/schema.org\",\"@graph\":[{\"@type\":\"Article\",\"@id\":\"https:\\\/\\\/www.ucaldas.edu.co\\\/portal\\\/convocatoria-publindex-2020-de-minciencias-cierra-el-20-de-agosto\\\/#article\",\"isPartOf\":{\"@id\":\"https:\\\/\\\/www.ucaldas.edu.co\\\/portal\\\/convocatoria-publindex-2020-de-minciencias-cierra-el-20-de-agosto\\\/\"},\"author\":{\"name\":\"ofiprensa\",\"@id\":\"https:\\\/\\\/www.ucaldas.edu.co\\\/portal\\\/#\\\/schema\\\/person\\\/a1b482e23449158b4bc319926c074fdf\"},\"headline\":\"Convocatoria Publindex 2020 de Minciencias cierra el 20 de agosto\",\"datePublished\":\"2020-08-19T00:13:29+00:00\",\"mainEntityOfPage\":{\"@id\":\"https:\\\/\\\/www.ucaldas.edu.co\\\/portal\\\/convocatoria-publindex-2020-de-minciencias-cierra-el-20-de-agosto\\\/\"},\"wordCount\":375,\"publisher\":{\"@id\":\"https:\\\/\\\/www.ucaldas.edu.co\\\/portal\\\/#organization\"},\"image\":{\"@id\":\"https:\\\/\\\/www.ucaldas.edu.co\\\/portal\\\/convocatoria-publindex-2020-de-minciencias-cierra-el-20-de-agosto\\\/#primaryimage\"},\"thumbnailUrl\":\"https:\\\/\\\/www.ucaldas.edu.co\\\/portal\\\/wp-content\\\/uploads\\\/2020\\\/02\\\/MINCIENCIAS-compressor.png\",\"keywords\":[\"Convocatoria\",\"investigadores\",\"Publindex\",\"Minciencias\"],\"articleSection\":[\"Actualidad\",\"Universidad al D\u00eda\"],\"inLanguage\":\"es\"},{\"@type\":\"WebPage\",\"@id\":\"https:\\\/\\\/www.ucaldas.edu.co\\\/portal\\\/convocatoria-publindex-2020-de-minciencias-cierra-el-20-de-agosto\\\/\",\"url\":\"https:\\\/\\\/www.ucaldas.edu.co\\\/portal\\\/convocatoria-publindex-2020-de-minciencias-cierra-el-20-de-agosto\\\/\",\"name\":\"Convocatoria Publindex 2020 de Minciencias cierra el 20 de agosto .\",\"isPartOf\":{\"@id\":\"https:\\\/\\\/www.ucaldas.edu.co\\\/portal\\\/#website\"},\"primaryImageOfPage\":{\"@id\":\"https:\\\/\\\/www.ucaldas.edu.co\\\/portal\\\/convocatoria-publindex-2020-de-minciencias-cierra-el-20-de-agosto\\\/#primaryimage\"},\"image\":{\"@id\":\"https:\\\/\\\/www.ucaldas.edu.co\\\/portal\\\/convocatoria-publindex-2020-de-minciencias-cierra-el-20-de-agosto\\\/#primaryimage\"},\"thumbnailUrl\":\"https:\\\/\\\/www.ucaldas.edu.co\\\/portal\\\/wp-content\\\/uploads\\\/2020\\\/02\\\/MINCIENCIAS-compressor.png\",\"datePublished\":\"2020-08-19T00:13:29+00:00\",\"breadcrumb\":{\"@id\":\"https:\\\/\\\/www.ucaldas.edu.co\\\/portal\\\/convocatoria-publindex-2020-de-minciencias-cierra-el-20-de-agosto\\\/#breadcrumb\"},\"inLanguage\":\"es\",\"potentialAction\":[{\"@type\":\"ReadAction\",\"target\":[\"https:\\\/\\\/www.ucaldas.edu.co\\\/portal\\\/convocatoria-publindex-2020-de-minciencias-cierra-el-20-de-agosto\\\/\"]}]},{\"@type\":\"ImageObject\",\"inLanguage\":\"es\",\"@id\":\"https:\\\/\\\/www.ucaldas.edu.co\\\/portal\\\/convocatoria-publindex-2020-de-minciencias-cierra-el-20-de-agosto\\\/#primaryimage\",\"url\":\"https:\\\/\\\/www.ucaldas.edu.co\\\/portal\\\/wp-content\\\/uploads\\\/2020\\\/02\\\/MINCIENCIAS-compressor.png\",\"contentUrl\":\"https:\\\/\\\/www.ucaldas.edu.co\\\/portal\\\/wp-content\\\/uploads\\\/2020\\\/02\\\/MINCIENCIAS-compressor.png\",\"width\":700,\"height\":400},{\"@type\":\"BreadcrumbList\",\"@id\":\"https:\\\/\\\/www.ucaldas.edu.co\\\/portal\\\/convocatoria-publindex-2020-de-minciencias-cierra-el-20-de-agosto\\\/#breadcrumb\",\"itemListElement\":[{\"@type\":\"ListItem\",\"position\":1,\"name\":\"Portada\",\"item\":\"https:\\\/\\\/www.ucaldas.edu.co\\\/portal\\\/\"},{\"@type\":\"ListItem\",\"position\":2,\"name\":\"Convocatoria Publindex 2020 de Minciencias cierra el 20 de agosto\"}]},{\"@type\":\"WebSite\",\"@id\":\"https:\\\/\\\/www.ucaldas.edu.co\\\/portal\\\/#website\",\"url\":\"https:\\\/\\\/www.ucaldas.edu.co\\\/portal\\\/\",\"name\":\"Universidad de Caldas\",\"description\":\"\",\"publisher\":{\"@id\":\"https:\\\/\\\/www.ucaldas.edu.co\\\/portal\\\/#organization\"},\"alternateName\":\"U. de Caldas\",\"potentialAction\":[{\"@type\":\"SearchAction\",\"target\":{\"@type\":\"EntryPoint\",\"urlTemplate\":\"https:\\\/\\\/www.ucaldas.edu.co\\\/portal\\\/?s={search_term_string}\"},\"query-input\":{\"@type\":\"PropertyValueSpecification\",\"valueRequired\":true,\"valueName\":\"search_term_string\"}}],\"inLanguage\":\"es\"},{\"@type\":\"Organization\",\"@id\":\"https:\\\/\\\/www.ucaldas.edu.co\\\/portal\\\/#organization\",\"name\":\"Universidad de Caldas\",\"alternateName\":\"U. de Caldas\",\"url\":\"https:\\\/\\\/www.ucaldas.edu.co\\\/portal\\\/\",\"logo\":{\"@type\":\"ImageObject\",\"inLanguage\":\"es\",\"@id\":\"https:\\\/\\\/www.ucaldas.edu.co\\\/portal\\\/#\\\/schema\\\/logo\\\/image\\\/\",\"url\":\"https:\\\/\\\/www.ucaldas.edu.co\\\/portal\\\/wp-content\\\/uploads\\\/2023\\\/11\\\/Logo_horizontal_oscuroU-2023.png\",\"contentUrl\":\"https:\\\/\\\/www.ucaldas.edu.co\\\/portal\\\/wp-content\\\/uploads\\\/2023\\\/11\\\/Logo_horizontal_oscuroU-2023.png\",\"width\":263,\"height\":101,\"caption\":\"Universidad de Caldas\"},\"image\":{\"@id\":\"https:\\\/\\\/www.ucaldas.edu.co\\\/portal\\\/#\\\/schema\\\/logo\\\/image\\\/\"},\"sameAs\":[\"https:\\\/\\\/www.facebook.com\\\/udecaldas\",\"https:\\\/\\\/x.com\\\/udecaldas\",\"https:\\\/\\\/www.youtube.com\\\/universidadcaldas\",\"https:\\\/\\\/www.instagram.com\\\/udecaldas\\\/\"]},{\"@type\":\"Person\",\"@id\":\"https:\\\/\\\/www.ucaldas.edu.co\\\/portal\\\/#\\\/schema\\\/person\\\/a1b482e23449158b4bc319926c074fdf\",\"name\":\"ofiprensa\",\"image\":{\"@type\":\"ImageObject\",\"inLanguage\":\"es\",\"@id\":\"https:\\\/\\\/www.ucaldas.edu.co\\\/portal\\\/wp-content\\\/litespeed\\\/avatar\\\/09ea5085e600095a7a811142c6944527.jpg?ver=1777497608\",\"url\":\"https:\\\/\\\/www.ucaldas.edu.co\\\/portal\\\/wp-content\\\/litespeed\\\/avatar\\\/09ea5085e600095a7a811142c6944527.jpg?ver=1777497608\",\"contentUrl\":\"https:\\\/\\\/www.ucaldas.edu.co\\\/portal\\\/wp-content\\\/litespeed\\\/avatar\\\/09ea5085e600095a7a811142c6944527.jpg?ver=1777497608\",\"caption\":\"ofiprensa\"},\"url\":\"https:\\\/\\\/www.ucaldas.edu.co\\\/portal\\\/author\\\/ofiprensa\\\/\"}]}<\/script>\n<!-- \/ Yoast SEO plugin. -->","yoast_head_json":{"title":"Convocatoria Publindex 2020 de Minciencias cierra el 20 de agosto .","robots":{"index":"index","follow":"follow","max-snippet":"max-snippet:-1","max-image-preview":"max-image-preview:large","max-video-preview":"max-video-preview:-1"},"canonical":"https:\/\/www.ucaldas.edu.co\/portal\/convocatoria-publindex-2020-de-minciencias-cierra-el-20-de-agosto\/","schema":{"@context":"https:\/\/schema.org","@graph":[{"@type":"Article","@id":"https:\/\/www.ucaldas.edu.co\/portal\/convocatoria-publindex-2020-de-minciencias-cierra-el-20-de-agosto\/#article","isPartOf":{"@id":"https:\/\/www.ucaldas.edu.co\/portal\/convocatoria-publindex-2020-de-minciencias-cierra-el-20-de-agosto\/"},"author":{"name":"ofiprensa","@id":"https:\/\/www.ucaldas.edu.co\/portal\/#\/schema\/person\/a1b482e23449158b4bc319926c074fdf"},"headline":"Convocatoria Publindex 2020 de Minciencias cierra el 20 de agosto","datePublished":"2020-08-19T00:13:29+00:00","mainEntityOfPage":{"@id":"https:\/\/www.ucaldas.edu.co\/portal\/convocatoria-publindex-2020-de-minciencias-cierra-el-20-de-agosto\/"},"wordCount":375,"publisher":{"@id":"https:\/\/www.ucaldas.edu.co\/portal\/#organization"},"image":{"@id":"https:\/\/www.ucaldas.edu.co\/portal\/convocatoria-publindex-2020-de-minciencias-cierra-el-20-de-agosto\/#primaryimage"},"thumbnailUrl":"https:\/\/www.ucaldas.edu.co\/portal\/wp-content\/uploads\/2020\/02\/MINCIENCIAS-compressor.png","keywords":["Convocatoria","investigadores","Publindex","Minciencias"],"articleSection":["Actualidad","Universidad al D\u00eda"],"inLanguage":"es"},{"@type":"WebPage","@id":"https:\/\/www.ucaldas.edu.co\/portal\/convocatoria-publindex-2020-de-minciencias-cierra-el-20-de-agosto\/","url":"https:\/\/www.ucaldas.edu.co\/portal\/convocatoria-publindex-2020-de-minciencias-cierra-el-20-de-agosto\/","name":"Convocatoria Publindex 2020 de Minciencias cierra el 20 de agosto .","isPartOf":{"@id":"https:\/\/www.ucaldas.edu.co\/portal\/#website"},"primaryImageOfPage":{"@id":"https:\/\/www.ucaldas.edu.co\/portal\/convocatoria-publindex-2020-de-minciencias-cierra-el-20-de-agosto\/#primaryimage"},"image":{"@id":"https:\/\/www.ucaldas.edu.co\/portal\/convocatoria-publindex-2020-de-minciencias-cierra-el-20-de-agosto\/#primaryimage"},"thumbnailUrl":"https:\/\/www.ucaldas.edu.co\/portal\/wp-content\/uploads\/2020\/02\/MINCIENCIAS-compressor.png","datePublished":"2020-08-19T00:13:29+00:00","breadcrumb":{"@id":"https:\/\/www.ucaldas.edu.co\/portal\/convocatoria-publindex-2020-de-minciencias-cierra-el-20-de-agosto\/#breadcrumb"},"inLanguage":"es","potentialAction":[{"@type":"ReadAction","target":["https:\/\/www.ucaldas.edu.co\/portal\/convocatoria-publindex-2020-de-minciencias-cierra-el-20-de-agosto\/"]}]},{"@type":"ImageObject","inLanguage":"es","@id":"https:\/\/www.ucaldas.edu.co\/portal\/convocatoria-publindex-2020-de-minciencias-cierra-el-20-de-agosto\/#primaryimage","url":"https:\/\/www.ucaldas.edu.co\/portal\/wp-content\/uploads\/2020\/02\/MINCIENCIAS-compressor.png","contentUrl":"https:\/\/www.ucaldas.edu.co\/portal\/wp-content\/uploads\/2020\/02\/MINCIENCIAS-compressor.png","width":700,"height":400},{"@type":"BreadcrumbList","@id":"https:\/\/www.ucaldas.edu.co\/portal\/convocatoria-publindex-2020-de-minciencias-cierra-el-20-de-agosto\/#breadcrumb","itemListElement":[{"@type":"ListItem","position":1,"name":"Portada","item":"https:\/\/www.ucaldas.edu.co\/portal\/"},{"@type":"ListItem","position":2,"name":"Convocatoria Publindex 2020 de Minciencias cierra el 20 de agosto"}]},{"@type":"WebSite","@id":"https:\/\/www.ucaldas.edu.co\/portal\/#website","url":"https:\/\/www.ucaldas.edu.co\/portal\/","name":"Universidad de Caldas","description":"","publisher":{"@id":"https:\/\/www.ucaldas.edu.co\/portal\/#organization"},"alternateName":"U. de Caldas","potentialAction":[{"@type":"SearchAction","target":{"@type":"EntryPoint","urlTemplate":"https:\/\/www.ucaldas.edu.co\/portal\/?s={search_term_string}"},"query-input":{"@type":"PropertyValueSpecification","valueRequired":true,"valueName":"search_term_string"}}],"inLanguage":"es"},{"@type":"Organization","@id":"https:\/\/www.ucaldas.edu.co\/portal\/#organization","name":"Universidad de Caldas","alternateName":"U. de Caldas","url":"https:\/\/www.ucaldas.edu.co\/portal\/","logo":{"@type":"ImageObject","inLanguage":"es","@id":"https:\/\/www.ucaldas.edu.co\/portal\/#\/schema\/logo\/image\/","url":"https:\/\/www.ucaldas.edu.co\/portal\/wp-content\/uploads\/2023\/11\/Logo_horizontal_oscuroU-2023.png","contentUrl":"https:\/\/www.ucaldas.edu.co\/portal\/wp-content\/uploads\/2023\/11\/Logo_horizontal_oscuroU-2023.png","width":263,"height":101,"caption":"Universidad de Caldas"},"image":{"@id":"https:\/\/www.ucaldas.edu.co\/portal\/#\/schema\/logo\/image\/"},"sameAs":["https:\/\/www.facebook.com\/udecaldas","https:\/\/x.com\/udecaldas","https:\/\/www.youtube.com\/universidadcaldas","https:\/\/www.instagram.com\/udecaldas\/"]},{"@type":"Person","@id":"https:\/\/www.ucaldas.edu.co\/portal\/#\/schema\/person\/a1b482e23449158b4bc319926c074fdf","name":"ofiprensa","image":{"@type":"ImageObject","inLanguage":"es","@id":"https:\/\/www.ucaldas.edu.co\/portal\/wp-content\/litespeed\/avatar\/09ea5085e600095a7a811142c6944527.jpg?ver=1777497608","url":"https:\/\/www.ucaldas.edu.co\/portal\/wp-content\/litespeed\/avatar\/09ea5085e600095a7a811142c6944527.jpg?ver=1777497608","contentUrl":"https:\/\/www.ucaldas.edu.co\/portal\/wp-content\/litespeed\/avatar\/09ea5085e600095a7a811142c6944527.jpg?ver=1777497608","caption":"ofiprensa"},"url":"https:\/\/www.ucaldas.edu.co\/portal\/author\/ofiprensa\/"}]}},"_links":{"self":[{"href":"https:\/\/www.ucaldas.edu.co\/portal\/wp-json\/wp\/v2\/posts\/57782","targetHints":{"allow":["GET"]}}],"collection":[{"href":"https:\/\/www.ucaldas.edu.co\/portal\/wp-json\/wp\/v2\/posts"}],"about":[{"href":"https:\/\/www.ucaldas.edu.co\/portal\/wp-json\/wp\/v2\/types\/post"}],"author":[{"embeddable":true,"href":"https:\/\/www.ucaldas.edu.co\/portal\/wp-json\/wp\/v2\/users\/2"}],"replies":[{"embeddable":true,"href":"https:\/\/www.ucaldas.edu.co\/portal\/wp-json\/wp\/v2\/comments?post=57782"}],"version-history":[{"count":0,"href":"https:\/\/www.ucaldas.edu.co\/portal\/wp-json\/wp\/v2\/posts\/57782\/revisions"}],"wp:featuredmedia":[{"embeddable":true,"href":"https:\/\/www.ucaldas.edu.co\/portal\/wp-json\/wp\/v2\/media\/54205"}],"wp:attachment":[{"href":"https:\/\/www.ucaldas.edu.co\/portal\/wp-json\/wp\/v2\/media?parent=57782"}],"wp:term":[{"taxonomy":"category","embeddable":true,"href":"https:\/\/www.ucaldas.edu.co\/portal\/wp-json\/wp\/v2\/categories?post=57782"},{"taxonomy":"post_tag","embeddable":true,"href":"https:\/\/www.ucaldas.edu.co\/portal\/wp-json\/wp\/v2\/tags?post=57782"}],"curies":[{"name":"wp","href":"https:\/\/api.w.org\/{rel}","templated":true}]}}