{"id":57687,"date":"2020-08-13T23:43:17","date_gmt":"2020-08-13T23:43:17","guid":{"rendered":"https:\/\/www.ucaldas.edu.co\/portal\/?p=57687"},"modified":"2020-08-13T23:43:17","modified_gmt":"2020-08-13T23:43:17","slug":"abiertas-convocatorias-de-colombia-biodiversa","status":"publish","type":"post","link":"https:\/\/www.ucaldas.edu.co\/portal\/abiertas-convocatorias-de-colombia-biodiversa\/","title":{"rendered":"Abiertas convocatorias de Colombia Biodiversa"},"content":{"rendered":"<p style=\"text-align: center;\">HASTA EL 9 DE OCTUBRE\u00a0DE 2020<\/p>\n<p style=\"text-align: center;\"><strong><b>Abiertas convocatorias de Colombia Biodiversa <\/b><\/strong><\/p>\n<p style=\"text-align: right;\">13\/08\/2020<\/p>\n<p><img loading=\"lazy\" decoding=\"async\" class=\"size-full wp-image-57688 aligncenter\" src=\"https:\/\/www.ucaldas.edu.co\/portal\/wp-content\/uploads\/2020\/08\/colombia-biodiversa.jpg\" alt=\"\" width=\"700\" height=\"400\" srcset=\"https:\/\/www.ucaldas.edu.co\/portal\/wp-content\/uploads\/2020\/08\/colombia-biodiversa.jpg 700w, https:\/\/www.ucaldas.edu.co\/portal\/wp-content\/uploads\/2020\/08\/colombia-biodiversa-300x171.jpg 300w\" sizes=\"auto, (max-width: 700px) 100vw, 700px\" \/><\/p>\n<p>Se encuentran abiertas las convocatorias de Colombia Biodiversa, que apoyan el desarrollo de tesis de pregrado y maestr\u00eda relacionadas con la biodiversidad colombiana.<\/p>\n<p><!--more--><\/p>\n<p>Las Becas Colombia Biodiversa, se enfocan en apoyar tesis de grado para pregrado y maestr\u00eda, que desarrollan temas relacionados con conocimiento, conservaci\u00f3n y\/o uso sostenible de la biodiversidad colombiana. Por otra parte, las Becas Floricultura Biodiversa, Programa Ruta de la Sostenibilidad del Convenio con Asocolflores, busca apoyar tesis relacionadas con la flora y fauna silvestre asociada a agroecosistemas de la floricultura.<\/p>\n<p>Dada la emergencia sanitaria decretada, las bases y condiciones podr\u00edan sufrir modificaciones durante el tiempo que est\u00e9 abierta la convocatoria, por lo que se recomienda revisarlas constantemente.<\/p>\n<p>Antes de diligenciar el formulario, debe tener en cuenta que el computador donde lo realice tenga instalado Acrobat Reader. Adem\u00e1s es necesario realizarlo a trav\u00e9s de los siguientes navegadores: Internet Explorer 8 o superior, Google Chrome, Firefox o Safari.<\/p>\n<p>&nbsp;<\/p>\n<p>El proceso de inscripci\u00f3n lo realiza la Fundaci\u00f3n Alejandro \u00c1ngel Escobar cuando haya verificado que el formulario se ha diligenciado correctamente y se han cargado o subido debidamente los documentos solicitados. Una vez esto sucede, el estudiante recibir\u00e1 por correo electr\u00f3nico el n\u00famero definitivo de inscripci\u00f3n.<\/p>\n<p>&nbsp;<\/p>\n<p>En el siguiente enlace encontrar\u00e1 m\u00e1s informaci\u00f3n de la convocatoria: <a href=\"https:\/\/www.faae.org.co\/colombiabiodiversa\/instrucciones-para-aplicar.html\"><strong><u><b>Convocatoria completa.<\/b><\/u><\/strong><\/a><strong><b>\u00a0<\/b><\/strong><\/p>\n<p>&nbsp;<\/p>\n<p><strong><b>Informes: <\/b><\/strong>Oficina de Comunicaciones y Prensa Universidad de Caldas.<\/p>\n<p><strong><b>Redacci\u00f3n:<\/b><\/strong>\u00a0Mateo Buritic\u00e1 Giraldo<\/p>\n<p>&nbsp;<\/p>\n","protected":false},"excerpt":{"rendered":"<p>HASTA EL 9 DE OCTUBRE\u00a0DE 2020 Abiertas convocatorias de Colombia Biodiversa 13\/08\/2020 Se encuentran abiertas las convocatorias de Colombia Biodiversa, que apoyan el desarrollo de tesis de pregrado y maestr\u00eda relacionadas con la biodiversidad colombiana.<\/p>\n","protected":false},"author":2,"featured_media":57688,"comment_status":"closed","ping_status":"open","sticky":false,"template":"","format":"standard","meta":{"footnotes":"","_members_access_role":[],"_members_access_error":""},"categories":[48,53],"tags":[534,3318,5084],"class_list":["post-57687","post","type-post","status-publish","format-standard","has-post-thumbnail","hentry","category-actualidad","category-universidad-al-dia","tag-becas","tag-colombia-biodiversa","tag-tesis-pregrado"],"yoast_head":"<!-- This site is optimized with the Yoast SEO plugin v28.3 - https:\/\/yoast.com\/product\/yoast-seo-wordpress\/ -->\n<title>Abiertas convocatorias de Colombia Biodiversa .<\/title>\n<meta name=\"robots\" content=\"index, follow, max-snippet:-1, max-image-preview:large, max-video-preview:-1\" \/>\n<link rel=\"canonical\" href=\"https:\/\/www.ucaldas.edu.co\/portal\/abiertas-convocatorias-de-colombia-biodiversa\/\" \/>\n<script type=\"application\/ld+json\" class=\"yoast-schema-graph\">{\"@context\":\"https:\\\/\\\/schema.org\",\"@graph\":[{\"@type\":\"Article\",\"@id\":\"https:\\\/\\\/www.ucaldas.edu.co\\\/portal\\\/abiertas-convocatorias-de-colombia-biodiversa\\\/#article\",\"isPartOf\":{\"@id\":\"https:\\\/\\\/www.ucaldas.edu.co\\\/portal\\\/abiertas-convocatorias-de-colombia-biodiversa\\\/\"},\"author\":{\"name\":\"ofiprensa\",\"@id\":\"https:\\\/\\\/www.ucaldas.edu.co\\\/portal\\\/#\\\/schema\\\/person\\\/a1b482e23449158b4bc319926c074fdf\"},\"headline\":\"Abiertas convocatorias de Colombia Biodiversa\",\"datePublished\":\"2020-08-13T23:43:17+00:00\",\"mainEntityOfPage\":{\"@id\":\"https:\\\/\\\/www.ucaldas.edu.co\\\/portal\\\/abiertas-convocatorias-de-colombia-biodiversa\\\/\"},\"wordCount\":254,\"publisher\":{\"@id\":\"https:\\\/\\\/www.ucaldas.edu.co\\\/portal\\\/#organization\"},\"image\":{\"@id\":\"https:\\\/\\\/www.ucaldas.edu.co\\\/portal\\\/abiertas-convocatorias-de-colombia-biodiversa\\\/#primaryimage\"},\"thumbnailUrl\":\"https:\\\/\\\/www.ucaldas.edu.co\\\/portal\\\/wp-content\\\/uploads\\\/2020\\\/08\\\/colombia-biodiversa.jpg\",\"keywords\":[\"Becas\",\"Colombia Biodiversa\",\"tesis pregrado\"],\"articleSection\":[\"Actualidad\",\"Universidad al D\u00eda\"],\"inLanguage\":\"es\"},{\"@type\":\"WebPage\",\"@id\":\"https:\\\/\\\/www.ucaldas.edu.co\\\/portal\\\/abiertas-convocatorias-de-colombia-biodiversa\\\/\",\"url\":\"https:\\\/\\\/www.ucaldas.edu.co\\\/portal\\\/abiertas-convocatorias-de-colombia-biodiversa\\\/\",\"name\":\"Abiertas convocatorias de Colombia Biodiversa .\",\"isPartOf\":{\"@id\":\"https:\\\/\\\/www.ucaldas.edu.co\\\/portal\\\/#website\"},\"primaryImageOfPage\":{\"@id\":\"https:\\\/\\\/www.ucaldas.edu.co\\\/portal\\\/abiertas-convocatorias-de-colombia-biodiversa\\\/#primaryimage\"},\"image\":{\"@id\":\"https:\\\/\\\/www.ucaldas.edu.co\\\/portal\\\/abiertas-convocatorias-de-colombia-biodiversa\\\/#primaryimage\"},\"thumbnailUrl\":\"https:\\\/\\\/www.ucaldas.edu.co\\\/portal\\\/wp-content\\\/uploads\\\/2020\\\/08\\\/colombia-biodiversa.jpg\",\"datePublished\":\"2020-08-13T23:43:17+00:00\",\"breadcrumb\":{\"@id\":\"https:\\\/\\\/www.ucaldas.edu.co\\\/portal\\\/abiertas-convocatorias-de-colombia-biodiversa\\\/#breadcrumb\"},\"inLanguage\":\"es\",\"potentialAction\":[{\"@type\":\"ReadAction\",\"target\":[\"https:\\\/\\\/www.ucaldas.edu.co\\\/portal\\\/abiertas-convocatorias-de-colombia-biodiversa\\\/\"]}]},{\"@type\":\"ImageObject\",\"inLanguage\":\"es\",\"@id\":\"https:\\\/\\\/www.ucaldas.edu.co\\\/portal\\\/abiertas-convocatorias-de-colombia-biodiversa\\\/#primaryimage\",\"url\":\"https:\\\/\\\/www.ucaldas.edu.co\\\/portal\\\/wp-content\\\/uploads\\\/2020\\\/08\\\/colombia-biodiversa.jpg\",\"contentUrl\":\"https:\\\/\\\/www.ucaldas.edu.co\\\/portal\\\/wp-content\\\/uploads\\\/2020\\\/08\\\/colombia-biodiversa.jpg\",\"width\":700,\"height\":400},{\"@type\":\"BreadcrumbList\",\"@id\":\"https:\\\/\\\/www.ucaldas.edu.co\\\/portal\\\/abiertas-convocatorias-de-colombia-biodiversa\\\/#breadcrumb\",\"itemListElement\":[{\"@type\":\"ListItem\",\"position\":1,\"name\":\"Portada\",\"item\":\"https:\\\/\\\/www.ucaldas.edu.co\\\/portal\\\/\"},{\"@type\":\"ListItem\",\"position\":2,\"name\":\"Abiertas convocatorias de Colombia Biodiversa\"}]},{\"@type\":\"WebSite\",\"@id\":\"https:\\\/\\\/www.ucaldas.edu.co\\\/portal\\\/#website\",\"url\":\"https:\\\/\\\/www.ucaldas.edu.co\\\/portal\\\/\",\"name\":\"Universidad de Caldas\",\"description\":\"\",\"publisher\":{\"@id\":\"https:\\\/\\\/www.ucaldas.edu.co\\\/portal\\\/#organization\"},\"alternateName\":\"U. de Caldas\",\"potentialAction\":[{\"@type\":\"SearchAction\",\"target\":{\"@type\":\"EntryPoint\",\"urlTemplate\":\"https:\\\/\\\/www.ucaldas.edu.co\\\/portal\\\/?s={search_term_string}\"},\"query-input\":{\"@type\":\"PropertyValueSpecification\",\"valueRequired\":true,\"valueName\":\"search_term_string\"}}],\"inLanguage\":\"es\"},{\"@type\":\"Organization\",\"@id\":\"https:\\\/\\\/www.ucaldas.edu.co\\\/portal\\\/#organization\",\"name\":\"Universidad de Caldas\",\"alternateName\":\"U. de Caldas\",\"url\":\"https:\\\/\\\/www.ucaldas.edu.co\\\/portal\\\/\",\"logo\":{\"@type\":\"ImageObject\",\"inLanguage\":\"es\",\"@id\":\"https:\\\/\\\/www.ucaldas.edu.co\\\/portal\\\/#\\\/schema\\\/logo\\\/image\\\/\",\"url\":\"https:\\\/\\\/www.ucaldas.edu.co\\\/portal\\\/wp-content\\\/uploads\\\/2023\\\/11\\\/Logo_horizontal_oscuroU-2023.png\",\"contentUrl\":\"https:\\\/\\\/www.ucaldas.edu.co\\\/portal\\\/wp-content\\\/uploads\\\/2023\\\/11\\\/Logo_horizontal_oscuroU-2023.png\",\"width\":263,\"height\":101,\"caption\":\"Universidad de Caldas\"},\"image\":{\"@id\":\"https:\\\/\\\/www.ucaldas.edu.co\\\/portal\\\/#\\\/schema\\\/logo\\\/image\\\/\"},\"sameAs\":[\"https:\\\/\\\/www.facebook.com\\\/udecaldas\",\"https:\\\/\\\/x.com\\\/udecaldas\",\"https:\\\/\\\/www.youtube.com\\\/universidadcaldas\",\"https:\\\/\\\/www.instagram.com\\\/udecaldas\\\/\"]},{\"@type\":\"Person\",\"@id\":\"https:\\\/\\\/www.ucaldas.edu.co\\\/portal\\\/#\\\/schema\\\/person\\\/a1b482e23449158b4bc319926c074fdf\",\"name\":\"ofiprensa\",\"image\":{\"@type\":\"ImageObject\",\"inLanguage\":\"es\",\"@id\":\"https:\\\/\\\/www.ucaldas.edu.co\\\/portal\\\/wp-content\\\/litespeed\\\/avatar\\\/09ea5085e600095a7a811142c6944527.jpg?ver=1787779368\",\"url\":\"https:\\\/\\\/www.ucaldas.edu.co\\\/portal\\\/wp-content\\\/litespeed\\\/avatar\\\/09ea5085e600095a7a811142c6944527.jpg?ver=1787779368\",\"contentUrl\":\"https:\\\/\\\/www.ucaldas.edu.co\\\/portal\\\/wp-content\\\/litespeed\\\/avatar\\\/09ea5085e600095a7a811142c6944527.jpg?ver=1787779368\",\"caption\":\"ofiprensa\"},\"url\":\"https:\\\/\\\/www.ucaldas.edu.co\\\/portal\\\/author\\\/ofiprensa\\\/\"}]}<\/script>\n<!-- \/ Yoast SEO plugin. -->","yoast_head_json":{"title":"Abiertas convocatorias de Colombia Biodiversa .","robots":{"index":"index","follow":"follow","max-snippet":"max-snippet:-1","max-image-preview":"max-image-preview:large","max-video-preview":"max-video-preview:-1"},"canonical":"https:\/\/www.ucaldas.edu.co\/portal\/abiertas-convocatorias-de-colombia-biodiversa\/","schema":{"@context":"https:\/\/schema.org","@graph":[{"@type":"Article","@id":"https:\/\/www.ucaldas.edu.co\/portal\/abiertas-convocatorias-de-colombia-biodiversa\/#article","isPartOf":{"@id":"https:\/\/www.ucaldas.edu.co\/portal\/abiertas-convocatorias-de-colombia-biodiversa\/"},"author":{"name":"ofiprensa","@id":"https:\/\/www.ucaldas.edu.co\/portal\/#\/schema\/person\/a1b482e23449158b4bc319926c074fdf"},"headline":"Abiertas convocatorias de Colombia Biodiversa","datePublished":"2020-08-13T23:43:17+00:00","mainEntityOfPage":{"@id":"https:\/\/www.ucaldas.edu.co\/portal\/abiertas-convocatorias-de-colombia-biodiversa\/"},"wordCount":254,"publisher":{"@id":"https:\/\/www.ucaldas.edu.co\/portal\/#organization"},"image":{"@id":"https:\/\/www.ucaldas.edu.co\/portal\/abiertas-convocatorias-de-colombia-biodiversa\/#primaryimage"},"thumbnailUrl":"https:\/\/www.ucaldas.edu.co\/portal\/wp-content\/uploads\/2020\/08\/colombia-biodiversa.jpg","keywords":["Becas","Colombia Biodiversa","tesis pregrado"],"articleSection":["Actualidad","Universidad al D\u00eda"],"inLanguage":"es"},{"@type":"WebPage","@id":"https:\/\/www.ucaldas.edu.co\/portal\/abiertas-convocatorias-de-colombia-biodiversa\/","url":"https:\/\/www.ucaldas.edu.co\/portal\/abiertas-convocatorias-de-colombia-biodiversa\/","name":"Abiertas convocatorias de Colombia Biodiversa .","isPartOf":{"@id":"https:\/\/www.ucaldas.edu.co\/portal\/#website"},"primaryImageOfPage":{"@id":"https:\/\/www.ucaldas.edu.co\/portal\/abiertas-convocatorias-de-colombia-biodiversa\/#primaryimage"},"image":{"@id":"https:\/\/www.ucaldas.edu.co\/portal\/abiertas-convocatorias-de-colombia-biodiversa\/#primaryimage"},"thumbnailUrl":"https:\/\/www.ucaldas.edu.co\/portal\/wp-content\/uploads\/2020\/08\/colombia-biodiversa.jpg","datePublished":"2020-08-13T23:43:17+00:00","breadcrumb":{"@id":"https:\/\/www.ucaldas.edu.co\/portal\/abiertas-convocatorias-de-colombia-biodiversa\/#breadcrumb"},"inLanguage":"es","potentialAction":[{"@type":"ReadAction","target":["https:\/\/www.ucaldas.edu.co\/portal\/abiertas-convocatorias-de-colombia-biodiversa\/"]}]},{"@type":"ImageObject","inLanguage":"es","@id":"https:\/\/www.ucaldas.edu.co\/portal\/abiertas-convocatorias-de-colombia-biodiversa\/#primaryimage","url":"https:\/\/www.ucaldas.edu.co\/portal\/wp-content\/uploads\/2020\/08\/colombia-biodiversa.jpg","contentUrl":"https:\/\/www.ucaldas.edu.co\/portal\/wp-content\/uploads\/2020\/08\/colombia-biodiversa.jpg","width":700,"height":400},{"@type":"BreadcrumbList","@id":"https:\/\/www.ucaldas.edu.co\/portal\/abiertas-convocatorias-de-colombia-biodiversa\/#breadcrumb","itemListElement":[{"@type":"ListItem","position":1,"name":"Portada","item":"https:\/\/www.ucaldas.edu.co\/portal\/"},{"@type":"ListItem","position":2,"name":"Abiertas convocatorias de Colombia Biodiversa"}]},{"@type":"WebSite","@id":"https:\/\/www.ucaldas.edu.co\/portal\/#website","url":"https:\/\/www.ucaldas.edu.co\/portal\/","name":"Universidad de Caldas","description":"","publisher":{"@id":"https:\/\/www.ucaldas.edu.co\/portal\/#organization"},"alternateName":"U. de Caldas","potentialAction":[{"@type":"SearchAction","target":{"@type":"EntryPoint","urlTemplate":"https:\/\/www.ucaldas.edu.co\/portal\/?s={search_term_string}"},"query-input":{"@type":"PropertyValueSpecification","valueRequired":true,"valueName":"search_term_string"}}],"inLanguage":"es"},{"@type":"Organization","@id":"https:\/\/www.ucaldas.edu.co\/portal\/#organization","name":"Universidad de Caldas","alternateName":"U. de Caldas","url":"https:\/\/www.ucaldas.edu.co\/portal\/","logo":{"@type":"ImageObject","inLanguage":"es","@id":"https:\/\/www.ucaldas.edu.co\/portal\/#\/schema\/logo\/image\/","url":"https:\/\/www.ucaldas.edu.co\/portal\/wp-content\/uploads\/2023\/11\/Logo_horizontal_oscuroU-2023.png","contentUrl":"https:\/\/www.ucaldas.edu.co\/portal\/wp-content\/uploads\/2023\/11\/Logo_horizontal_oscuroU-2023.png","width":263,"height":101,"caption":"Universidad de Caldas"},"image":{"@id":"https:\/\/www.ucaldas.edu.co\/portal\/#\/schema\/logo\/image\/"},"sameAs":["https:\/\/www.facebook.com\/udecaldas","https:\/\/x.com\/udecaldas","https:\/\/www.youtube.com\/universidadcaldas","https:\/\/www.instagram.com\/udecaldas\/"]},{"@type":"Person","@id":"https:\/\/www.ucaldas.edu.co\/portal\/#\/schema\/person\/a1b482e23449158b4bc319926c074fdf","name":"ofiprensa","image":{"@type":"ImageObject","inLanguage":"es","@id":"https:\/\/www.ucaldas.edu.co\/portal\/wp-content\/litespeed\/avatar\/09ea5085e600095a7a811142c6944527.jpg?ver=1787779368","url":"https:\/\/www.ucaldas.edu.co\/portal\/wp-content\/litespeed\/avatar\/09ea5085e600095a7a811142c6944527.jpg?ver=1787779368","contentUrl":"https:\/\/www.ucaldas.edu.co\/portal\/wp-content\/litespeed\/avatar\/09ea5085e600095a7a811142c6944527.jpg?ver=1787779368","caption":"ofiprensa"},"url":"https:\/\/www.ucaldas.edu.co\/portal\/author\/ofiprensa\/"}]}},"_links":{"self":[{"href":"https:\/\/www.ucaldas.edu.co\/portal\/wp-json\/wp\/v2\/posts\/57687","targetHints":{"allow":["GET"]}}],"collection":[{"href":"https:\/\/www.ucaldas.edu.co\/portal\/wp-json\/wp\/v2\/posts"}],"about":[{"href":"https:\/\/www.ucaldas.edu.co\/portal\/wp-json\/wp\/v2\/types\/post"}],"author":[{"embeddable":true,"href":"https:\/\/www.ucaldas.edu.co\/portal\/wp-json\/wp\/v2\/users\/2"}],"replies":[{"embeddable":true,"href":"https:\/\/www.ucaldas.edu.co\/portal\/wp-json\/wp\/v2\/comments?post=57687"}],"version-history":[{"count":0,"href":"https:\/\/www.ucaldas.edu.co\/portal\/wp-json\/wp\/v2\/posts\/57687\/revisions"}],"wp:featuredmedia":[{"embeddable":true,"href":"https:\/\/www.ucaldas.edu.co\/portal\/wp-json\/wp\/v2\/media\/57688"}],"wp:attachment":[{"href":"https:\/\/www.ucaldas.edu.co\/portal\/wp-json\/wp\/v2\/media?parent=57687"}],"wp:term":[{"taxonomy":"category","embeddable":true,"href":"https:\/\/www.ucaldas.edu.co\/portal\/wp-json\/wp\/v2\/categories?post=57687"},{"taxonomy":"post_tag","embeddable":true,"href":"https:\/\/www.ucaldas.edu.co\/portal\/wp-json\/wp\/v2\/tags?post=57687"}],"curies":[{"name":"wp","href":"https:\/\/api.w.org\/{rel}","templated":true}]}}