{"id":57644,"date":"2020-08-13T00:17:06","date_gmt":"2020-08-13T00:17:06","guid":{"rendered":"https:\/\/www.ucaldas.edu.co\/portal\/?p=57644"},"modified":"2020-08-13T00:19:08","modified_gmt":"2020-08-13T00:19:08","slug":"convocatoria-recepcion-de-obras-para-la-exposicion-zona-de-encuentro","status":"publish","type":"post","link":"https:\/\/www.ucaldas.edu.co\/portal\/convocatoria-recepcion-de-obras-para-la-exposicion-zona-de-encuentro\/","title":{"rendered":"Convocatoria recepci\u00f3n de obras para la exposici\u00f3n Zona de Encuentro"},"content":{"rendered":"<p style=\"text-align: center;\">PROCESOS DE CREACI\u00d3N E INVESTIGACI\u00d3N EN LAS ARTES PL\u00c1STICAS<\/p>\n<p style=\"text-align: center;\"><strong><b>Convocatoria recepci\u00f3n de obras para la exposici\u00f3n Zona de Encuentro<\/b><\/strong><\/p>\n<p style=\"text-align: right;\">12\/08\/2020<\/p>\n<p><img loading=\"lazy\" decoding=\"async\" class=\"alignnone size-full wp-image-57645 aligncenter\" src=\"https:\/\/www.ucaldas.edu.co\/portal\/wp-content\/uploads\/2020\/08\/zona-encuentro.jpg\" alt=\"\" width=\"700\" height=\"400\" srcset=\"https:\/\/www.ucaldas.edu.co\/portal\/wp-content\/uploads\/2020\/08\/zona-encuentro.jpg 700w, https:\/\/www.ucaldas.edu.co\/portal\/wp-content\/uploads\/2020\/08\/zona-encuentro-300x171.jpg 300w\" sizes=\"auto, (max-width: 700px) 100vw, 700px\" \/><\/p>\n<p>Hasta el pr\u00f3ximo 24 de agosto se encuentra abierta la convocatoria para la recepci\u00f3n de obras en Artes Pl\u00e1sticas para la exposici\u00f3n Zona de Encuentro, que se realizar\u00e1 del 16 al 30 de noviembre.<\/p>\n<p><!--more--><\/p>\n<p>Zona de Encuentro nace como una necesidad de visibilizar los procesos de creaci\u00f3n e investigaci\u00f3n en las Artes Pl\u00e1sticas, a partir de los resultados obtenidos durante el proceso de formaci\u00f3n de los estudiantes, lo que invita a una reflexi\u00f3n, revisi\u00f3n y apropiaci\u00f3n de los espacios culturales a partir de un pensamiento cr\u00edtico y la transformaci\u00f3n cultural de la regi\u00f3n y el pa\u00eds.<\/p>\n<p>&nbsp;<\/p>\n<p>El evento adscrito a la Vicerrector\u00eda de Proyecci\u00f3n Universitaria, se constituye en un espacio en donde los estudiantes exponen sus propuestas de creaci\u00f3n y en un medio para promover el ejercicio art\u00edstico y la reflexi\u00f3n alrededor del campo de las Artes Pl\u00e1sticas y visuales.<\/p>\n<p>&nbsp;<\/p>\n<p>Esta exposici\u00f3n se constituye en un est\u00edmulo acad\u00e9mico que complementa todos los alcances de los efectos pedag\u00f3gicos que se proponen y se intentan en relaci\u00f3n al estudiantado de las Artes Pl\u00e1sticas de la Universidad de Caldas, as\u00ed como estudiantes de Dise\u00f1o Visual y Filosof\u00eda en el \u00e1mbito de la est\u00e9tica de las artes.<\/p>\n<p>&nbsp;<\/p>\n<p>La selecci\u00f3n de obras por parte de los jurados ser\u00e1 del 24 al 30 de agostos, y la publicaci\u00f3n de las obras admitidas, que ser\u00e1n presentadas en las salas virtuales La Pinacoteca y La Rotonda, se realizar\u00e1 el 31 del mismo mes.<\/p>\n<p>&nbsp;<\/p>\n<p>M\u00e1s informaci\u00f3n escribir al correo electr\u00f3nico: \u00a0<a href=\" arteplasticas@ucaldas.edu.co\"><u>\u00a0arteplasticas@ucaldas.edu.co<\/u><\/a><\/p>\n<p>&nbsp;<\/p>\n<p><strong><b>Informes: <\/b><\/strong>Oficina de Comunicaciones y Prensa Universidad de Caldas.<\/p>\n<p><strong><b>Redacci\u00f3n:<\/b><\/strong>\u00a0Mateo Buritic\u00e1 Giraldo<\/p>\n<p>&nbsp;<\/p>\n","protected":false},"excerpt":{"rendered":"<p>PROCESOS DE CREACI\u00d3N E INVESTIGACI\u00d3N EN LAS ARTES PL\u00c1STICAS Convocatoria recepci\u00f3n de obras para la exposici\u00f3n Zona de Encuentro 12\/08\/2020 Hasta el pr\u00f3ximo 24 de agosto se encuentra abierta la convocatoria para la recepci\u00f3n de obras en Artes Pl\u00e1sticas para la exposici\u00f3n Zona de Encuentro, que se realizar\u00e1 del 16 al 30 de noviembre.<\/p>\n","protected":false},"author":2,"featured_media":57645,"comment_status":"closed","ping_status":"open","sticky":false,"template":"","format":"standard","meta":{"footnotes":""},"categories":[48,53,62],"tags":[73,229,445,900],"class_list":["post-57644","post","type-post","status-publish","format-standard","has-post-thumbnail","hentry","category-actualidad","category-universidad-al-dia","category-eventos","tag-proyeccion","tag-exposicion","tag-artes-plasticas","tag-zona-de-encuentro"],"yoast_head":"<!-- This site is optimized with the Yoast SEO plugin v27.5 - https:\/\/yoast.com\/product\/yoast-seo-wordpress\/ -->\n<title>Convocatoria recepci\u00f3n de obras para la exposici\u00f3n Zona de Encuentro .<\/title>\n<meta name=\"robots\" content=\"index, follow, max-snippet:-1, max-image-preview:large, max-video-preview:-1\" \/>\n<link rel=\"canonical\" href=\"https:\/\/www.ucaldas.edu.co\/portal\/convocatoria-recepcion-de-obras-para-la-exposicion-zona-de-encuentro\/\" \/>\n<script type=\"application\/ld+json\" class=\"yoast-schema-graph\">{\"@context\":\"https:\\\/\\\/schema.org\",\"@graph\":[{\"@type\":\"Article\",\"@id\":\"https:\\\/\\\/www.ucaldas.edu.co\\\/portal\\\/convocatoria-recepcion-de-obras-para-la-exposicion-zona-de-encuentro\\\/#article\",\"isPartOf\":{\"@id\":\"https:\\\/\\\/www.ucaldas.edu.co\\\/portal\\\/convocatoria-recepcion-de-obras-para-la-exposicion-zona-de-encuentro\\\/\"},\"author\":{\"name\":\"ofiprensa\",\"@id\":\"https:\\\/\\\/www.ucaldas.edu.co\\\/portal\\\/#\\\/schema\\\/person\\\/a1b482e23449158b4bc319926c074fdf\"},\"headline\":\"Convocatoria recepci\u00f3n de obras para la exposici\u00f3n Zona de Encuentro\",\"datePublished\":\"2020-08-13T00:17:06+00:00\",\"dateModified\":\"2020-08-13T00:19:08+00:00\",\"mainEntityOfPage\":{\"@id\":\"https:\\\/\\\/www.ucaldas.edu.co\\\/portal\\\/convocatoria-recepcion-de-obras-para-la-exposicion-zona-de-encuentro\\\/\"},\"wordCount\":331,\"publisher\":{\"@id\":\"https:\\\/\\\/www.ucaldas.edu.co\\\/portal\\\/#organization\"},\"image\":{\"@id\":\"https:\\\/\\\/www.ucaldas.edu.co\\\/portal\\\/convocatoria-recepcion-de-obras-para-la-exposicion-zona-de-encuentro\\\/#primaryimage\"},\"thumbnailUrl\":\"https:\\\/\\\/www.ucaldas.edu.co\\\/portal\\\/wp-content\\\/uploads\\\/2020\\\/08\\\/zona-encuentro.jpg\",\"keywords\":[\"Proyecci\u00f3n\",\"exposici\u00f3n\",\"artes pl\u00e1sticas\",\"zona de encuentro\"],\"articleSection\":[\"Actualidad\",\"Universidad al D\u00eda\",\"Eventos\"],\"inLanguage\":\"es\"},{\"@type\":\"WebPage\",\"@id\":\"https:\\\/\\\/www.ucaldas.edu.co\\\/portal\\\/convocatoria-recepcion-de-obras-para-la-exposicion-zona-de-encuentro\\\/\",\"url\":\"https:\\\/\\\/www.ucaldas.edu.co\\\/portal\\\/convocatoria-recepcion-de-obras-para-la-exposicion-zona-de-encuentro\\\/\",\"name\":\"Convocatoria recepci\u00f3n de obras para la exposici\u00f3n Zona de Encuentro .\",\"isPartOf\":{\"@id\":\"https:\\\/\\\/www.ucaldas.edu.co\\\/portal\\\/#website\"},\"primaryImageOfPage\":{\"@id\":\"https:\\\/\\\/www.ucaldas.edu.co\\\/portal\\\/convocatoria-recepcion-de-obras-para-la-exposicion-zona-de-encuentro\\\/#primaryimage\"},\"image\":{\"@id\":\"https:\\\/\\\/www.ucaldas.edu.co\\\/portal\\\/convocatoria-recepcion-de-obras-para-la-exposicion-zona-de-encuentro\\\/#primaryimage\"},\"thumbnailUrl\":\"https:\\\/\\\/www.ucaldas.edu.co\\\/portal\\\/wp-content\\\/uploads\\\/2020\\\/08\\\/zona-encuentro.jpg\",\"datePublished\":\"2020-08-13T00:17:06+00:00\",\"dateModified\":\"2020-08-13T00:19:08+00:00\",\"breadcrumb\":{\"@id\":\"https:\\\/\\\/www.ucaldas.edu.co\\\/portal\\\/convocatoria-recepcion-de-obras-para-la-exposicion-zona-de-encuentro\\\/#breadcrumb\"},\"inLanguage\":\"es\",\"potentialAction\":[{\"@type\":\"ReadAction\",\"target\":[\"https:\\\/\\\/www.ucaldas.edu.co\\\/portal\\\/convocatoria-recepcion-de-obras-para-la-exposicion-zona-de-encuentro\\\/\"]}]},{\"@type\":\"ImageObject\",\"inLanguage\":\"es\",\"@id\":\"https:\\\/\\\/www.ucaldas.edu.co\\\/portal\\\/convocatoria-recepcion-de-obras-para-la-exposicion-zona-de-encuentro\\\/#primaryimage\",\"url\":\"https:\\\/\\\/www.ucaldas.edu.co\\\/portal\\\/wp-content\\\/uploads\\\/2020\\\/08\\\/zona-encuentro.jpg\",\"contentUrl\":\"https:\\\/\\\/www.ucaldas.edu.co\\\/portal\\\/wp-content\\\/uploads\\\/2020\\\/08\\\/zona-encuentro.jpg\",\"width\":700,\"height\":400},{\"@type\":\"BreadcrumbList\",\"@id\":\"https:\\\/\\\/www.ucaldas.edu.co\\\/portal\\\/convocatoria-recepcion-de-obras-para-la-exposicion-zona-de-encuentro\\\/#breadcrumb\",\"itemListElement\":[{\"@type\":\"ListItem\",\"position\":1,\"name\":\"Portada\",\"item\":\"https:\\\/\\\/www.ucaldas.edu.co\\\/portal\\\/\"},{\"@type\":\"ListItem\",\"position\":2,\"name\":\"Convocatoria recepci\u00f3n de obras para la exposici\u00f3n Zona de Encuentro\"}]},{\"@type\":\"WebSite\",\"@id\":\"https:\\\/\\\/www.ucaldas.edu.co\\\/portal\\\/#website\",\"url\":\"https:\\\/\\\/www.ucaldas.edu.co\\\/portal\\\/\",\"name\":\"Universidad de Caldas\",\"description\":\"\",\"publisher\":{\"@id\":\"https:\\\/\\\/www.ucaldas.edu.co\\\/portal\\\/#organization\"},\"alternateName\":\"U. de Caldas\",\"potentialAction\":[{\"@type\":\"SearchAction\",\"target\":{\"@type\":\"EntryPoint\",\"urlTemplate\":\"https:\\\/\\\/www.ucaldas.edu.co\\\/portal\\\/?s={search_term_string}\"},\"query-input\":{\"@type\":\"PropertyValueSpecification\",\"valueRequired\":true,\"valueName\":\"search_term_string\"}}],\"inLanguage\":\"es\"},{\"@type\":\"Organization\",\"@id\":\"https:\\\/\\\/www.ucaldas.edu.co\\\/portal\\\/#organization\",\"name\":\"Universidad de Caldas\",\"alternateName\":\"U. de Caldas\",\"url\":\"https:\\\/\\\/www.ucaldas.edu.co\\\/portal\\\/\",\"logo\":{\"@type\":\"ImageObject\",\"inLanguage\":\"es\",\"@id\":\"https:\\\/\\\/www.ucaldas.edu.co\\\/portal\\\/#\\\/schema\\\/logo\\\/image\\\/\",\"url\":\"https:\\\/\\\/www.ucaldas.edu.co\\\/portal\\\/wp-content\\\/uploads\\\/2023\\\/11\\\/Logo_horizontal_oscuroU-2023.png\",\"contentUrl\":\"https:\\\/\\\/www.ucaldas.edu.co\\\/portal\\\/wp-content\\\/uploads\\\/2023\\\/11\\\/Logo_horizontal_oscuroU-2023.png\",\"width\":263,\"height\":101,\"caption\":\"Universidad de Caldas\"},\"image\":{\"@id\":\"https:\\\/\\\/www.ucaldas.edu.co\\\/portal\\\/#\\\/schema\\\/logo\\\/image\\\/\"},\"sameAs\":[\"https:\\\/\\\/www.facebook.com\\\/udecaldas\",\"https:\\\/\\\/x.com\\\/udecaldas\",\"https:\\\/\\\/www.youtube.com\\\/universidadcaldas\",\"https:\\\/\\\/www.instagram.com\\\/udecaldas\\\/\"]},{\"@type\":\"Person\",\"@id\":\"https:\\\/\\\/www.ucaldas.edu.co\\\/portal\\\/#\\\/schema\\\/person\\\/a1b482e23449158b4bc319926c074fdf\",\"name\":\"ofiprensa\",\"image\":{\"@type\":\"ImageObject\",\"inLanguage\":\"es\",\"@id\":\"https:\\\/\\\/www.ucaldas.edu.co\\\/portal\\\/wp-content\\\/litespeed\\\/avatar\\\/09ea5085e600095a7a811142c6944527.jpg?ver=1777497608\",\"url\":\"https:\\\/\\\/www.ucaldas.edu.co\\\/portal\\\/wp-content\\\/litespeed\\\/avatar\\\/09ea5085e600095a7a811142c6944527.jpg?ver=1777497608\",\"contentUrl\":\"https:\\\/\\\/www.ucaldas.edu.co\\\/portal\\\/wp-content\\\/litespeed\\\/avatar\\\/09ea5085e600095a7a811142c6944527.jpg?ver=1777497608\",\"caption\":\"ofiprensa\"},\"url\":\"https:\\\/\\\/www.ucaldas.edu.co\\\/portal\\\/author\\\/ofiprensa\\\/\"}]}<\/script>\n<!-- \/ Yoast SEO plugin. -->","yoast_head_json":{"title":"Convocatoria recepci\u00f3n de obras para la exposici\u00f3n Zona de Encuentro .","robots":{"index":"index","follow":"follow","max-snippet":"max-snippet:-1","max-image-preview":"max-image-preview:large","max-video-preview":"max-video-preview:-1"},"canonical":"https:\/\/www.ucaldas.edu.co\/portal\/convocatoria-recepcion-de-obras-para-la-exposicion-zona-de-encuentro\/","schema":{"@context":"https:\/\/schema.org","@graph":[{"@type":"Article","@id":"https:\/\/www.ucaldas.edu.co\/portal\/convocatoria-recepcion-de-obras-para-la-exposicion-zona-de-encuentro\/#article","isPartOf":{"@id":"https:\/\/www.ucaldas.edu.co\/portal\/convocatoria-recepcion-de-obras-para-la-exposicion-zona-de-encuentro\/"},"author":{"name":"ofiprensa","@id":"https:\/\/www.ucaldas.edu.co\/portal\/#\/schema\/person\/a1b482e23449158b4bc319926c074fdf"},"headline":"Convocatoria recepci\u00f3n de obras para la exposici\u00f3n Zona de Encuentro","datePublished":"2020-08-13T00:17:06+00:00","dateModified":"2020-08-13T00:19:08+00:00","mainEntityOfPage":{"@id":"https:\/\/www.ucaldas.edu.co\/portal\/convocatoria-recepcion-de-obras-para-la-exposicion-zona-de-encuentro\/"},"wordCount":331,"publisher":{"@id":"https:\/\/www.ucaldas.edu.co\/portal\/#organization"},"image":{"@id":"https:\/\/www.ucaldas.edu.co\/portal\/convocatoria-recepcion-de-obras-para-la-exposicion-zona-de-encuentro\/#primaryimage"},"thumbnailUrl":"https:\/\/www.ucaldas.edu.co\/portal\/wp-content\/uploads\/2020\/08\/zona-encuentro.jpg","keywords":["Proyecci\u00f3n","exposici\u00f3n","artes pl\u00e1sticas","zona de encuentro"],"articleSection":["Actualidad","Universidad al D\u00eda","Eventos"],"inLanguage":"es"},{"@type":"WebPage","@id":"https:\/\/www.ucaldas.edu.co\/portal\/convocatoria-recepcion-de-obras-para-la-exposicion-zona-de-encuentro\/","url":"https:\/\/www.ucaldas.edu.co\/portal\/convocatoria-recepcion-de-obras-para-la-exposicion-zona-de-encuentro\/","name":"Convocatoria recepci\u00f3n de obras para la exposici\u00f3n Zona de Encuentro .","isPartOf":{"@id":"https:\/\/www.ucaldas.edu.co\/portal\/#website"},"primaryImageOfPage":{"@id":"https:\/\/www.ucaldas.edu.co\/portal\/convocatoria-recepcion-de-obras-para-la-exposicion-zona-de-encuentro\/#primaryimage"},"image":{"@id":"https:\/\/www.ucaldas.edu.co\/portal\/convocatoria-recepcion-de-obras-para-la-exposicion-zona-de-encuentro\/#primaryimage"},"thumbnailUrl":"https:\/\/www.ucaldas.edu.co\/portal\/wp-content\/uploads\/2020\/08\/zona-encuentro.jpg","datePublished":"2020-08-13T00:17:06+00:00","dateModified":"2020-08-13T00:19:08+00:00","breadcrumb":{"@id":"https:\/\/www.ucaldas.edu.co\/portal\/convocatoria-recepcion-de-obras-para-la-exposicion-zona-de-encuentro\/#breadcrumb"},"inLanguage":"es","potentialAction":[{"@type":"ReadAction","target":["https:\/\/www.ucaldas.edu.co\/portal\/convocatoria-recepcion-de-obras-para-la-exposicion-zona-de-encuentro\/"]}]},{"@type":"ImageObject","inLanguage":"es","@id":"https:\/\/www.ucaldas.edu.co\/portal\/convocatoria-recepcion-de-obras-para-la-exposicion-zona-de-encuentro\/#primaryimage","url":"https:\/\/www.ucaldas.edu.co\/portal\/wp-content\/uploads\/2020\/08\/zona-encuentro.jpg","contentUrl":"https:\/\/www.ucaldas.edu.co\/portal\/wp-content\/uploads\/2020\/08\/zona-encuentro.jpg","width":700,"height":400},{"@type":"BreadcrumbList","@id":"https:\/\/www.ucaldas.edu.co\/portal\/convocatoria-recepcion-de-obras-para-la-exposicion-zona-de-encuentro\/#breadcrumb","itemListElement":[{"@type":"ListItem","position":1,"name":"Portada","item":"https:\/\/www.ucaldas.edu.co\/portal\/"},{"@type":"ListItem","position":2,"name":"Convocatoria recepci\u00f3n de obras para la exposici\u00f3n Zona de Encuentro"}]},{"@type":"WebSite","@id":"https:\/\/www.ucaldas.edu.co\/portal\/#website","url":"https:\/\/www.ucaldas.edu.co\/portal\/","name":"Universidad de Caldas","description":"","publisher":{"@id":"https:\/\/www.ucaldas.edu.co\/portal\/#organization"},"alternateName":"U. de Caldas","potentialAction":[{"@type":"SearchAction","target":{"@type":"EntryPoint","urlTemplate":"https:\/\/www.ucaldas.edu.co\/portal\/?s={search_term_string}"},"query-input":{"@type":"PropertyValueSpecification","valueRequired":true,"valueName":"search_term_string"}}],"inLanguage":"es"},{"@type":"Organization","@id":"https:\/\/www.ucaldas.edu.co\/portal\/#organization","name":"Universidad de Caldas","alternateName":"U. de Caldas","url":"https:\/\/www.ucaldas.edu.co\/portal\/","logo":{"@type":"ImageObject","inLanguage":"es","@id":"https:\/\/www.ucaldas.edu.co\/portal\/#\/schema\/logo\/image\/","url":"https:\/\/www.ucaldas.edu.co\/portal\/wp-content\/uploads\/2023\/11\/Logo_horizontal_oscuroU-2023.png","contentUrl":"https:\/\/www.ucaldas.edu.co\/portal\/wp-content\/uploads\/2023\/11\/Logo_horizontal_oscuroU-2023.png","width":263,"height":101,"caption":"Universidad de Caldas"},"image":{"@id":"https:\/\/www.ucaldas.edu.co\/portal\/#\/schema\/logo\/image\/"},"sameAs":["https:\/\/www.facebook.com\/udecaldas","https:\/\/x.com\/udecaldas","https:\/\/www.youtube.com\/universidadcaldas","https:\/\/www.instagram.com\/udecaldas\/"]},{"@type":"Person","@id":"https:\/\/www.ucaldas.edu.co\/portal\/#\/schema\/person\/a1b482e23449158b4bc319926c074fdf","name":"ofiprensa","image":{"@type":"ImageObject","inLanguage":"es","@id":"https:\/\/www.ucaldas.edu.co\/portal\/wp-content\/litespeed\/avatar\/09ea5085e600095a7a811142c6944527.jpg?ver=1777497608","url":"https:\/\/www.ucaldas.edu.co\/portal\/wp-content\/litespeed\/avatar\/09ea5085e600095a7a811142c6944527.jpg?ver=1777497608","contentUrl":"https:\/\/www.ucaldas.edu.co\/portal\/wp-content\/litespeed\/avatar\/09ea5085e600095a7a811142c6944527.jpg?ver=1777497608","caption":"ofiprensa"},"url":"https:\/\/www.ucaldas.edu.co\/portal\/author\/ofiprensa\/"}]}},"_links":{"self":[{"href":"https:\/\/www.ucaldas.edu.co\/portal\/wp-json\/wp\/v2\/posts\/57644","targetHints":{"allow":["GET"]}}],"collection":[{"href":"https:\/\/www.ucaldas.edu.co\/portal\/wp-json\/wp\/v2\/posts"}],"about":[{"href":"https:\/\/www.ucaldas.edu.co\/portal\/wp-json\/wp\/v2\/types\/post"}],"author":[{"embeddable":true,"href":"https:\/\/www.ucaldas.edu.co\/portal\/wp-json\/wp\/v2\/users\/2"}],"replies":[{"embeddable":true,"href":"https:\/\/www.ucaldas.edu.co\/portal\/wp-json\/wp\/v2\/comments?post=57644"}],"version-history":[{"count":0,"href":"https:\/\/www.ucaldas.edu.co\/portal\/wp-json\/wp\/v2\/posts\/57644\/revisions"}],"wp:featuredmedia":[{"embeddable":true,"href":"https:\/\/www.ucaldas.edu.co\/portal\/wp-json\/wp\/v2\/media\/57645"}],"wp:attachment":[{"href":"https:\/\/www.ucaldas.edu.co\/portal\/wp-json\/wp\/v2\/media?parent=57644"}],"wp:term":[{"taxonomy":"category","embeddable":true,"href":"https:\/\/www.ucaldas.edu.co\/portal\/wp-json\/wp\/v2\/categories?post=57644"},{"taxonomy":"post_tag","embeddable":true,"href":"https:\/\/www.ucaldas.edu.co\/portal\/wp-json\/wp\/v2\/tags?post=57644"}],"curies":[{"name":"wp","href":"https:\/\/api.w.org\/{rel}","templated":true}]}}