{"id":57439,"date":"2020-08-04T00:47:11","date_gmt":"2020-08-04T00:47:11","guid":{"rendered":"https:\/\/www.ucaldas.edu.co\/portal\/?p=57439"},"modified":"2020-08-04T00:47:11","modified_gmt":"2020-08-04T00:47:11","slug":"mas-de-90-actividades-se-desarrollaron-en-la-feria-del-libro-en-manizales","status":"publish","type":"post","link":"https:\/\/www.ucaldas.edu.co\/portal\/mas-de-90-actividades-se-desarrollaron-en-la-feria-del-libro-en-manizales\/","title":{"rendered":"M\u00e1s de 90 actividades se desarrollaron en la Feria del libro en Manizales"},"content":{"rendered":"<p style=\"text-align: center;\">UNA FERIA VIRTUAL A LA ALTURA DE OTROS GRANDES EVENTOS DEL PA\u00cdS<\/p>\n<p style=\"text-align: center;\"><strong><b>M\u00e1s de 90 actividades se desarrollaron en la Feria del libro en Manizales<\/b><\/strong><\/p>\n<p style=\"text-align: right;\">03\/08\/2020<\/p>\n<p><img loading=\"lazy\" decoding=\"async\" class=\"alignnone size-full wp-image-57440 aligncenter\" src=\"https:\/\/www.ucaldas.edu.co\/portal\/wp-content\/uploads\/2020\/08\/libro.jpeg\" alt=\"\" width=\"700\" height=\"400\" srcset=\"https:\/\/www.ucaldas.edu.co\/portal\/wp-content\/uploads\/2020\/08\/libro.jpeg 700w, https:\/\/www.ucaldas.edu.co\/portal\/wp-content\/uploads\/2020\/08\/libro-300x171.jpeg 300w\" sizes=\"auto, (max-width: 700px) 100vw, 700px\" \/>Lleg\u00f3 a su final la Feria del Libro de Manizales, que\u00a0este a\u00f1o realiz\u00f3 su primera versi\u00f3n virtual en 11 a\u00f1os de trayectoria y hay que resaltar el valioso trabajo evidenciado en el escenario virtual y la excelente participaci\u00f3n de las personas que siguieron las actividades de la Feria a trav\u00e9s de sus transmisiones por medio de Facebook Live y Zoom.<\/p>\n<p><!--more--><\/p>\n<p>La Feria del Libro llega en un momento dist\u00f3pico, como bien lo dec\u00eda nuestro invitado el escritor argentino Carlos Chernov, al comparar el confinamiento que vivimos ahora a ra\u00edz de la pandemia mundial, con las historias de George Orwell, \u00a0Franz Kafka o Jhonathan Swift, que ya se hab\u00edan adelantado a los mundos dist\u00f3picos,\u00a0 parad\u00f3jicos y sat\u00edricos, este \u00faltimo hablando espec\u00edficamente de los Viajes de Gulliver.<\/p>\n<p>En la edici\u00f3n que acaba de terminar, la feria quiso destacar dos autores brasile\u00f1os: Clarice Lispector\u00a0una de las escritoras m\u00e1s importantes en lengua portuguesa del siglo XX que en el 2020 se cumplen 100 a\u00f1os\u00a0de su nacimiento y el otro autor es Rubem Fonseca uno de los grandes de la literatura latinoamericana, que muri\u00f3 el pasado 12 de abril. As\u00ed mismo, la Feria quiso conmemorar el centenario de Manuel Zapata Olivella quien\u00a0fue el primer escritor colombiano que exalt\u00f3 la afrocolombianidad y muri\u00f3 en el a\u00f1o 2004.<\/p>\n<p>El evento literario en la ciudad de Manizales se caracteriza por la gran importancia que tienen sus invitados, entre escritores, periodistas, ensayistas, guionistas dramaturgos y poetas, pero adem\u00e1s, no deja a un lado el libro, que es el protagonista de la semana. Octavio Escobar Giraldo, Director de la Feria del Libro afirma \u201cdesde el punto de vista cultural logramos una programaci\u00f3n muy equilibrada en la que autores de Am\u00e9rica y Europa compartieron espacios con escritores colombianos y con autores locales y de la regi\u00f3n\u201d; escritores invitados conversaron alrededor de los libros y de las realidades que viven a trav\u00e9s de las historias de sus obras. Esta es la raz\u00f3n por la que concebir una feria sin libros o sin autores, dejar\u00eda de lado el prop\u00f3sito de este evento cultural que es convocar a ni\u00f1os j\u00f3venes y adultos alrededor de la literatura.<\/p>\n<p>La gran apuesta de la Feria para la versi\u00f3n 2020 fue la virtualidad, alrededor de 94 actividades fueron transmitidas desde las plataformas digitales de la Feria del Libro y del CCU Rogelio Salmona y del programa de videollamadas y reuniones virtuales Zoom; entre las que est\u00e1n 14 conversaciones, 12 talleres, 60 presentaciones de libros y dos clubes de lectura. \u201cEl balance es muy positivo desde el punto de vista t\u00e9cnico, al llegar con muy buena se\u00f1al a los hogares de las personas que se conectaron con las actividades desde las pantallas.\u201d Puntualiz\u00f3 Octavio Escobar Giraldo.<\/p>\n<p>La Feria cont\u00f3 con la participaci\u00f3n de 12 invitados internacionales, 44 invitados nacionales, 103 invitados seleccionados a trav\u00e9s de convocatoria, 16 librer\u00edas aliadas, 738 ni\u00f1os en talleres a sala cerrada, 1.200 ni\u00f1os conectados en los live transmitidos desde la p\u00e1gina de la Feria del Libro y del CCU Rogelio Salmona, 134 ni\u00f1os de las comunas: Ciudadela del Norte, Atardeceres, San Jos\u00e9 y Ecoturismo Cerro de Oro, y en promedio 7 mil participantes por d\u00eda en los diferentes canales de transmisi\u00f3n,\u00a0\u201cdesde la Vicerrector\u00eda de Proyecci\u00f3n de la Universidad de Caldas nos sentimos muy felices y satisfechos con la feria porque llegamos con nuestras casi 100 actividades a 570 mil vistas en Facebook que son datos muy contundentes\u201d, asegur\u00f3 la Vicerrectora de Proyecci\u00f3n Universitaria Patricia Salazar Villegas.<\/p>\n<p>Adem\u00e1s de la buena participaci\u00f3n de los internautas, tambi\u00e9n se destacan los aliados de la Feria del libro de Manizales\u00a0que hacen que este proceso cultural crezca y se materialice, una feria que tuvo este a\u00f1o un presupuesto de 50 millones de pesos no ser\u00eda posible sin el apoyo de entidades como: la\u00a0 Universidad de Caldas &#8211; Vicerrector\u00eda de Proyecci\u00f3n Universitaria, Facultad de Artes y Humanidades, Departamento de Ling\u00fc\u00edstica y Literatura, Departamento de Filosof\u00eda, Editorial Universidad de Caldas, CCU Rogelio Salmona,\u00a0Ministerio de Cultura \u2013Programa Nacional de Concertaci\u00f3n Cultural, Plan Nacional de Lectura y Escritura \u2013 Leer es Mi Cuento, Palabra Kadabra, Alcald\u00eda de Manizales &#8211; Instituto de Cultura y Turismo, C\u00e1mara Colombiana del Libro, Red de Ferias del Libro, Banco de la Rep\u00fablica \u2013 Centro Cultural Manizales, Centro Colombo Americano, Panamericana Editorial, Penguin Random House Grupo Editorial \u00a0y Editorial Planeta.<\/p>\n<p>Este a\u00f1o, la feria cont\u00f3 con la participaci\u00f3n de 20 expositores virtuales entre editoriales y librer\u00edas que son: Editorial Universidad de Caldas, Editorial Universidad Aut\u00f3noma, Editorial Universidad Nacional, Lib\u00e9lula, Leo Libros, \u00c1gora Entretenimiento, Interm\u00fasica, Inssp\u00edre, Fondo de Cultura Econ\u00f3mica, Programa Editorial de la Universidad Aut\u00f3noma de Occidente, Universidad Pedag\u00f3gica Nacional, Noriega Editores, Universidad de Antioquia, Universidad de Antonio Nari\u00f1o, Asociaci\u00f3n de Editoriales Universitarias de Colombia, Red Books, Siglo del Hombre Editores, Ediciones desde Abajo y LuaBooks.<\/p>\n<p>La organizaci\u00f3n de la Feria del Libro de Manizales agradece a sus aliados y expositores y hace extensivo el agradecimiento a los medios de comunicaci\u00f3n que se unieron al evento e hicieron la difusi\u00f3n del mismo como muestra de la importancia del arte y la cultura no s\u00f3lo para nuestra ciudad sino para la regi\u00f3n y el pa\u00eds.<\/p>\n<p><strong><b>\u00a0<\/b><\/strong><\/p>\n<p><strong><b>Anexo:<\/b><\/strong><\/p>\n<p><a href=\"https:\/\/co.ivoox.com\/es\/mas-90-actividades-se-desarrollaron-la-audios-mp3_rf_54722985_1.html\"><strong><u><b>Audio Vicerrectora de Proyecci\u00f3n Universitaria Patricia Salazar Villegas<\/b><\/u><\/strong><\/a><\/p>\n<p><a href=\"https:\/\/co.ivoox.com\/es\/balance-positivo-feria-del-libro-manizales-2020-audios-mp3_rf_54725218_1.html\"><strong><u><b>Audio \u00a0Director de la Feria del Libro Octavio Escobar Giraldo<\/b><\/u><\/strong><\/a><strong><b>\u00a0<\/b><\/strong><\/p>\n<p><strong><b>\u00a0<\/b><\/strong><\/p>\n<p><strong><b>Informes: <\/b><\/strong>Oficina de Comunicaciones y Prensa Universidad de Caldas.<\/p>\n<p><strong><b>Redacci\u00f3n:<\/b><\/strong>\u00a0Oficina de Producci\u00f3n Editorial\u00a0Universidad de Caldas<\/p>\n<p>&nbsp;<\/p>\n","protected":false},"excerpt":{"rendered":"<p>UNA FERIA VIRTUAL A LA ALTURA DE OTROS GRANDES EVENTOS DEL PA\u00cdS M\u00e1s de 90 actividades se desarrollaron en la Feria del libro en Manizales 03\/08\/2020 Lleg\u00f3 a su final la Feria del Libro de Manizales, que\u00a0este a\u00f1o realiz\u00f3 su primera versi\u00f3n virtual en 11 a\u00f1os de trayectoria y hay que resaltar el valioso trabajo [&hellip;]<\/p>\n","protected":false},"author":2,"featured_media":57440,"comment_status":"closed","ping_status":"open","sticky":false,"template":"","format":"standard","meta":{"footnotes":""},"categories":[48,53,62],"tags":[4449,73,717,874,1204],"class_list":["post-57439","post","type-post","status-publish","format-standard","has-post-thumbnail","hentry","category-actualidad","category-universidad-al-dia","category-eventos","tag-eventos","tag-proyeccion","tag-feria-del-libro","tag-invitados","tag-balance"],"yoast_head":"<!-- This site is optimized with the Yoast SEO plugin v27.5 - https:\/\/yoast.com\/product\/yoast-seo-wordpress\/ -->\n<title>M\u00e1s de 90 actividades se desarrollaron en la Feria del libro en Manizales .<\/title>\n<meta name=\"robots\" content=\"index, follow, max-snippet:-1, max-image-preview:large, max-video-preview:-1\" \/>\n<link rel=\"canonical\" href=\"https:\/\/www.ucaldas.edu.co\/portal\/mas-de-90-actividades-se-desarrollaron-en-la-feria-del-libro-en-manizales\/\" \/>\n<script type=\"application\/ld+json\" class=\"yoast-schema-graph\">{\"@context\":\"https:\\\/\\\/schema.org\",\"@graph\":[{\"@type\":\"Article\",\"@id\":\"https:\\\/\\\/www.ucaldas.edu.co\\\/portal\\\/mas-de-90-actividades-se-desarrollaron-en-la-feria-del-libro-en-manizales\\\/#article\",\"isPartOf\":{\"@id\":\"https:\\\/\\\/www.ucaldas.edu.co\\\/portal\\\/mas-de-90-actividades-se-desarrollaron-en-la-feria-del-libro-en-manizales\\\/\"},\"author\":{\"name\":\"ofiprensa\",\"@id\":\"https:\\\/\\\/www.ucaldas.edu.co\\\/portal\\\/#\\\/schema\\\/person\\\/a1b482e23449158b4bc319926c074fdf\"},\"headline\":\"M\u00e1s de 90 actividades se desarrollaron en la Feria del libro en Manizales\",\"datePublished\":\"2020-08-04T00:47:11+00:00\",\"mainEntityOfPage\":{\"@id\":\"https:\\\/\\\/www.ucaldas.edu.co\\\/portal\\\/mas-de-90-actividades-se-desarrollaron-en-la-feria-del-libro-en-manizales\\\/\"},\"wordCount\":982,\"publisher\":{\"@id\":\"https:\\\/\\\/www.ucaldas.edu.co\\\/portal\\\/#organization\"},\"image\":{\"@id\":\"https:\\\/\\\/www.ucaldas.edu.co\\\/portal\\\/mas-de-90-actividades-se-desarrollaron-en-la-feria-del-libro-en-manizales\\\/#primaryimage\"},\"thumbnailUrl\":\"https:\\\/\\\/www.ucaldas.edu.co\\\/portal\\\/wp-content\\\/uploads\\\/2020\\\/08\\\/libro.jpeg\",\"keywords\":[\"eventos\",\"Proyecci\u00f3n\",\"Feria del Libro\",\"invitados\",\"balance\"],\"articleSection\":[\"Actualidad\",\"Universidad al D\u00eda\",\"Eventos\"],\"inLanguage\":\"es\"},{\"@type\":\"WebPage\",\"@id\":\"https:\\\/\\\/www.ucaldas.edu.co\\\/portal\\\/mas-de-90-actividades-se-desarrollaron-en-la-feria-del-libro-en-manizales\\\/\",\"url\":\"https:\\\/\\\/www.ucaldas.edu.co\\\/portal\\\/mas-de-90-actividades-se-desarrollaron-en-la-feria-del-libro-en-manizales\\\/\",\"name\":\"M\u00e1s de 90 actividades se desarrollaron en la Feria del libro en Manizales .\",\"isPartOf\":{\"@id\":\"https:\\\/\\\/www.ucaldas.edu.co\\\/portal\\\/#website\"},\"primaryImageOfPage\":{\"@id\":\"https:\\\/\\\/www.ucaldas.edu.co\\\/portal\\\/mas-de-90-actividades-se-desarrollaron-en-la-feria-del-libro-en-manizales\\\/#primaryimage\"},\"image\":{\"@id\":\"https:\\\/\\\/www.ucaldas.edu.co\\\/portal\\\/mas-de-90-actividades-se-desarrollaron-en-la-feria-del-libro-en-manizales\\\/#primaryimage\"},\"thumbnailUrl\":\"https:\\\/\\\/www.ucaldas.edu.co\\\/portal\\\/wp-content\\\/uploads\\\/2020\\\/08\\\/libro.jpeg\",\"datePublished\":\"2020-08-04T00:47:11+00:00\",\"breadcrumb\":{\"@id\":\"https:\\\/\\\/www.ucaldas.edu.co\\\/portal\\\/mas-de-90-actividades-se-desarrollaron-en-la-feria-del-libro-en-manizales\\\/#breadcrumb\"},\"inLanguage\":\"es\",\"potentialAction\":[{\"@type\":\"ReadAction\",\"target\":[\"https:\\\/\\\/www.ucaldas.edu.co\\\/portal\\\/mas-de-90-actividades-se-desarrollaron-en-la-feria-del-libro-en-manizales\\\/\"]}]},{\"@type\":\"ImageObject\",\"inLanguage\":\"es\",\"@id\":\"https:\\\/\\\/www.ucaldas.edu.co\\\/portal\\\/mas-de-90-actividades-se-desarrollaron-en-la-feria-del-libro-en-manizales\\\/#primaryimage\",\"url\":\"https:\\\/\\\/www.ucaldas.edu.co\\\/portal\\\/wp-content\\\/uploads\\\/2020\\\/08\\\/libro.jpeg\",\"contentUrl\":\"https:\\\/\\\/www.ucaldas.edu.co\\\/portal\\\/wp-content\\\/uploads\\\/2020\\\/08\\\/libro.jpeg\",\"width\":700,\"height\":400},{\"@type\":\"BreadcrumbList\",\"@id\":\"https:\\\/\\\/www.ucaldas.edu.co\\\/portal\\\/mas-de-90-actividades-se-desarrollaron-en-la-feria-del-libro-en-manizales\\\/#breadcrumb\",\"itemListElement\":[{\"@type\":\"ListItem\",\"position\":1,\"name\":\"Portada\",\"item\":\"https:\\\/\\\/www.ucaldas.edu.co\\\/portal\\\/\"},{\"@type\":\"ListItem\",\"position\":2,\"name\":\"M\u00e1s de 90 actividades se desarrollaron en la Feria del libro en Manizales\"}]},{\"@type\":\"WebSite\",\"@id\":\"https:\\\/\\\/www.ucaldas.edu.co\\\/portal\\\/#website\",\"url\":\"https:\\\/\\\/www.ucaldas.edu.co\\\/portal\\\/\",\"name\":\"Universidad de Caldas\",\"description\":\"\",\"publisher\":{\"@id\":\"https:\\\/\\\/www.ucaldas.edu.co\\\/portal\\\/#organization\"},\"alternateName\":\"U. de Caldas\",\"potentialAction\":[{\"@type\":\"SearchAction\",\"target\":{\"@type\":\"EntryPoint\",\"urlTemplate\":\"https:\\\/\\\/www.ucaldas.edu.co\\\/portal\\\/?s={search_term_string}\"},\"query-input\":{\"@type\":\"PropertyValueSpecification\",\"valueRequired\":true,\"valueName\":\"search_term_string\"}}],\"inLanguage\":\"es\"},{\"@type\":\"Organization\",\"@id\":\"https:\\\/\\\/www.ucaldas.edu.co\\\/portal\\\/#organization\",\"name\":\"Universidad de Caldas\",\"alternateName\":\"U. de Caldas\",\"url\":\"https:\\\/\\\/www.ucaldas.edu.co\\\/portal\\\/\",\"logo\":{\"@type\":\"ImageObject\",\"inLanguage\":\"es\",\"@id\":\"https:\\\/\\\/www.ucaldas.edu.co\\\/portal\\\/#\\\/schema\\\/logo\\\/image\\\/\",\"url\":\"https:\\\/\\\/www.ucaldas.edu.co\\\/portal\\\/wp-content\\\/uploads\\\/2023\\\/11\\\/Logo_horizontal_oscuroU-2023.png\",\"contentUrl\":\"https:\\\/\\\/www.ucaldas.edu.co\\\/portal\\\/wp-content\\\/uploads\\\/2023\\\/11\\\/Logo_horizontal_oscuroU-2023.png\",\"width\":263,\"height\":101,\"caption\":\"Universidad de Caldas\"},\"image\":{\"@id\":\"https:\\\/\\\/www.ucaldas.edu.co\\\/portal\\\/#\\\/schema\\\/logo\\\/image\\\/\"},\"sameAs\":[\"https:\\\/\\\/www.facebook.com\\\/udecaldas\",\"https:\\\/\\\/x.com\\\/udecaldas\",\"https:\\\/\\\/www.youtube.com\\\/universidadcaldas\",\"https:\\\/\\\/www.instagram.com\\\/udecaldas\\\/\"]},{\"@type\":\"Person\",\"@id\":\"https:\\\/\\\/www.ucaldas.edu.co\\\/portal\\\/#\\\/schema\\\/person\\\/a1b482e23449158b4bc319926c074fdf\",\"name\":\"ofiprensa\",\"image\":{\"@type\":\"ImageObject\",\"inLanguage\":\"es\",\"@id\":\"https:\\\/\\\/www.ucaldas.edu.co\\\/portal\\\/wp-content\\\/litespeed\\\/avatar\\\/09ea5085e600095a7a811142c6944527.jpg?ver=1777497608\",\"url\":\"https:\\\/\\\/www.ucaldas.edu.co\\\/portal\\\/wp-content\\\/litespeed\\\/avatar\\\/09ea5085e600095a7a811142c6944527.jpg?ver=1777497608\",\"contentUrl\":\"https:\\\/\\\/www.ucaldas.edu.co\\\/portal\\\/wp-content\\\/litespeed\\\/avatar\\\/09ea5085e600095a7a811142c6944527.jpg?ver=1777497608\",\"caption\":\"ofiprensa\"},\"url\":\"https:\\\/\\\/www.ucaldas.edu.co\\\/portal\\\/author\\\/ofiprensa\\\/\"}]}<\/script>\n<!-- \/ Yoast SEO plugin. -->","yoast_head_json":{"title":"M\u00e1s de 90 actividades se desarrollaron en la Feria del libro en Manizales .","robots":{"index":"index","follow":"follow","max-snippet":"max-snippet:-1","max-image-preview":"max-image-preview:large","max-video-preview":"max-video-preview:-1"},"canonical":"https:\/\/www.ucaldas.edu.co\/portal\/mas-de-90-actividades-se-desarrollaron-en-la-feria-del-libro-en-manizales\/","schema":{"@context":"https:\/\/schema.org","@graph":[{"@type":"Article","@id":"https:\/\/www.ucaldas.edu.co\/portal\/mas-de-90-actividades-se-desarrollaron-en-la-feria-del-libro-en-manizales\/#article","isPartOf":{"@id":"https:\/\/www.ucaldas.edu.co\/portal\/mas-de-90-actividades-se-desarrollaron-en-la-feria-del-libro-en-manizales\/"},"author":{"name":"ofiprensa","@id":"https:\/\/www.ucaldas.edu.co\/portal\/#\/schema\/person\/a1b482e23449158b4bc319926c074fdf"},"headline":"M\u00e1s de 90 actividades se desarrollaron en la Feria del libro en Manizales","datePublished":"2020-08-04T00:47:11+00:00","mainEntityOfPage":{"@id":"https:\/\/www.ucaldas.edu.co\/portal\/mas-de-90-actividades-se-desarrollaron-en-la-feria-del-libro-en-manizales\/"},"wordCount":982,"publisher":{"@id":"https:\/\/www.ucaldas.edu.co\/portal\/#organization"},"image":{"@id":"https:\/\/www.ucaldas.edu.co\/portal\/mas-de-90-actividades-se-desarrollaron-en-la-feria-del-libro-en-manizales\/#primaryimage"},"thumbnailUrl":"https:\/\/www.ucaldas.edu.co\/portal\/wp-content\/uploads\/2020\/08\/libro.jpeg","keywords":["eventos","Proyecci\u00f3n","Feria del Libro","invitados","balance"],"articleSection":["Actualidad","Universidad al D\u00eda","Eventos"],"inLanguage":"es"},{"@type":"WebPage","@id":"https:\/\/www.ucaldas.edu.co\/portal\/mas-de-90-actividades-se-desarrollaron-en-la-feria-del-libro-en-manizales\/","url":"https:\/\/www.ucaldas.edu.co\/portal\/mas-de-90-actividades-se-desarrollaron-en-la-feria-del-libro-en-manizales\/","name":"M\u00e1s de 90 actividades se desarrollaron en la Feria del libro en Manizales .","isPartOf":{"@id":"https:\/\/www.ucaldas.edu.co\/portal\/#website"},"primaryImageOfPage":{"@id":"https:\/\/www.ucaldas.edu.co\/portal\/mas-de-90-actividades-se-desarrollaron-en-la-feria-del-libro-en-manizales\/#primaryimage"},"image":{"@id":"https:\/\/www.ucaldas.edu.co\/portal\/mas-de-90-actividades-se-desarrollaron-en-la-feria-del-libro-en-manizales\/#primaryimage"},"thumbnailUrl":"https:\/\/www.ucaldas.edu.co\/portal\/wp-content\/uploads\/2020\/08\/libro.jpeg","datePublished":"2020-08-04T00:47:11+00:00","breadcrumb":{"@id":"https:\/\/www.ucaldas.edu.co\/portal\/mas-de-90-actividades-se-desarrollaron-en-la-feria-del-libro-en-manizales\/#breadcrumb"},"inLanguage":"es","potentialAction":[{"@type":"ReadAction","target":["https:\/\/www.ucaldas.edu.co\/portal\/mas-de-90-actividades-se-desarrollaron-en-la-feria-del-libro-en-manizales\/"]}]},{"@type":"ImageObject","inLanguage":"es","@id":"https:\/\/www.ucaldas.edu.co\/portal\/mas-de-90-actividades-se-desarrollaron-en-la-feria-del-libro-en-manizales\/#primaryimage","url":"https:\/\/www.ucaldas.edu.co\/portal\/wp-content\/uploads\/2020\/08\/libro.jpeg","contentUrl":"https:\/\/www.ucaldas.edu.co\/portal\/wp-content\/uploads\/2020\/08\/libro.jpeg","width":700,"height":400},{"@type":"BreadcrumbList","@id":"https:\/\/www.ucaldas.edu.co\/portal\/mas-de-90-actividades-se-desarrollaron-en-la-feria-del-libro-en-manizales\/#breadcrumb","itemListElement":[{"@type":"ListItem","position":1,"name":"Portada","item":"https:\/\/www.ucaldas.edu.co\/portal\/"},{"@type":"ListItem","position":2,"name":"M\u00e1s de 90 actividades se desarrollaron en la Feria del libro en Manizales"}]},{"@type":"WebSite","@id":"https:\/\/www.ucaldas.edu.co\/portal\/#website","url":"https:\/\/www.ucaldas.edu.co\/portal\/","name":"Universidad de Caldas","description":"","publisher":{"@id":"https:\/\/www.ucaldas.edu.co\/portal\/#organization"},"alternateName":"U. de Caldas","potentialAction":[{"@type":"SearchAction","target":{"@type":"EntryPoint","urlTemplate":"https:\/\/www.ucaldas.edu.co\/portal\/?s={search_term_string}"},"query-input":{"@type":"PropertyValueSpecification","valueRequired":true,"valueName":"search_term_string"}}],"inLanguage":"es"},{"@type":"Organization","@id":"https:\/\/www.ucaldas.edu.co\/portal\/#organization","name":"Universidad de Caldas","alternateName":"U. de Caldas","url":"https:\/\/www.ucaldas.edu.co\/portal\/","logo":{"@type":"ImageObject","inLanguage":"es","@id":"https:\/\/www.ucaldas.edu.co\/portal\/#\/schema\/logo\/image\/","url":"https:\/\/www.ucaldas.edu.co\/portal\/wp-content\/uploads\/2023\/11\/Logo_horizontal_oscuroU-2023.png","contentUrl":"https:\/\/www.ucaldas.edu.co\/portal\/wp-content\/uploads\/2023\/11\/Logo_horizontal_oscuroU-2023.png","width":263,"height":101,"caption":"Universidad de Caldas"},"image":{"@id":"https:\/\/www.ucaldas.edu.co\/portal\/#\/schema\/logo\/image\/"},"sameAs":["https:\/\/www.facebook.com\/udecaldas","https:\/\/x.com\/udecaldas","https:\/\/www.youtube.com\/universidadcaldas","https:\/\/www.instagram.com\/udecaldas\/"]},{"@type":"Person","@id":"https:\/\/www.ucaldas.edu.co\/portal\/#\/schema\/person\/a1b482e23449158b4bc319926c074fdf","name":"ofiprensa","image":{"@type":"ImageObject","inLanguage":"es","@id":"https:\/\/www.ucaldas.edu.co\/portal\/wp-content\/litespeed\/avatar\/09ea5085e600095a7a811142c6944527.jpg?ver=1777497608","url":"https:\/\/www.ucaldas.edu.co\/portal\/wp-content\/litespeed\/avatar\/09ea5085e600095a7a811142c6944527.jpg?ver=1777497608","contentUrl":"https:\/\/www.ucaldas.edu.co\/portal\/wp-content\/litespeed\/avatar\/09ea5085e600095a7a811142c6944527.jpg?ver=1777497608","caption":"ofiprensa"},"url":"https:\/\/www.ucaldas.edu.co\/portal\/author\/ofiprensa\/"}]}},"_links":{"self":[{"href":"https:\/\/www.ucaldas.edu.co\/portal\/wp-json\/wp\/v2\/posts\/57439","targetHints":{"allow":["GET"]}}],"collection":[{"href":"https:\/\/www.ucaldas.edu.co\/portal\/wp-json\/wp\/v2\/posts"}],"about":[{"href":"https:\/\/www.ucaldas.edu.co\/portal\/wp-json\/wp\/v2\/types\/post"}],"author":[{"embeddable":true,"href":"https:\/\/www.ucaldas.edu.co\/portal\/wp-json\/wp\/v2\/users\/2"}],"replies":[{"embeddable":true,"href":"https:\/\/www.ucaldas.edu.co\/portal\/wp-json\/wp\/v2\/comments?post=57439"}],"version-history":[{"count":0,"href":"https:\/\/www.ucaldas.edu.co\/portal\/wp-json\/wp\/v2\/posts\/57439\/revisions"}],"wp:featuredmedia":[{"embeddable":true,"href":"https:\/\/www.ucaldas.edu.co\/portal\/wp-json\/wp\/v2\/media\/57440"}],"wp:attachment":[{"href":"https:\/\/www.ucaldas.edu.co\/portal\/wp-json\/wp\/v2\/media?parent=57439"}],"wp:term":[{"taxonomy":"category","embeddable":true,"href":"https:\/\/www.ucaldas.edu.co\/portal\/wp-json\/wp\/v2\/categories?post=57439"},{"taxonomy":"post_tag","embeddable":true,"href":"https:\/\/www.ucaldas.edu.co\/portal\/wp-json\/wp\/v2\/tags?post=57439"}],"curies":[{"name":"wp","href":"https:\/\/api.w.org\/{rel}","templated":true}]}}