{"id":57369,"date":"2020-07-31T00:37:18","date_gmt":"2020-07-31T00:37:18","guid":{"rendered":"https:\/\/www.ucaldas.edu.co\/portal\/?p=57369"},"modified":"2020-07-31T00:37:18","modified_gmt":"2020-07-31T00:37:18","slug":"en-caldas-con-atenciones-de-telemedicina-se-ha-realizado-la-deteccion-de-234-casos-con-sintomas-de-posible-covid-19","status":"publish","type":"post","link":"https:\/\/www.ucaldas.edu.co\/portal\/en-caldas-con-atenciones-de-telemedicina-se-ha-realizado-la-deteccion-de-234-casos-con-sintomas-de-posible-covid-19\/","title":{"rendered":"En Caldas con atenciones de telemedicina se ha realizado la detecci\u00f3n de 234 casos con s\u00edntomas de posible COVID-19"},"content":{"rendered":"<p style=\"text-align: center;\">SERVICIOS DE TELESALUD APORTAN\u00a0\u00a0A LA CONTENCI\u00d3N\u00a0DE LA PANDEMIA<\/p>\n<p style=\"text-align: center;\"><strong><b>En Caldas con atenciones de telemedicina se ha realizado la detecci\u00f3n de 234 casos con s\u00edntomas de posible COVID-19 <\/b><\/strong><\/p>\n<p style=\"text-align: right;\">30\/07\/2020<\/p>\n<p><img loading=\"lazy\" decoding=\"async\" class=\"alignnone size-full wp-image-57370 aligncenter\" src=\"https:\/\/www.ucaldas.edu.co\/portal\/wp-content\/uploads\/2020\/07\/teleeeee.jpeg\" alt=\"\" width=\"700\" height=\"400\" srcset=\"https:\/\/www.ucaldas.edu.co\/portal\/wp-content\/uploads\/2020\/07\/teleeeee.jpeg 700w, https:\/\/www.ucaldas.edu.co\/portal\/wp-content\/uploads\/2020\/07\/teleeeee-300x171.jpeg 300w\" sizes=\"auto, (max-width: 700px) 100vw, 700px\" \/><\/p>\n<p>Con las atenciones de telemedicina que brinda el programa de Telesalud\u00a0de la Universidad de Caldas\u00a0durante la emergencia, \u00a0gracias al apoyo de la Gobernaci\u00f3n de Caldas y la Territorial de Salud de Caldas, se ha realizado la detecci\u00f3n 234 casos con s\u00edntomas de posible coronavirus, siendo la telemedicina una de las estrategias que m\u00e1s ha aportado a la contenci\u00f3n y control en el departamento de Caldas.<\/p>\n<p><!--more--><\/p>\n<p>Marcela Tabares, l\u00edder de Telemedicina de Telesalud afirm\u00f3 que en las \u00faltimas dos semanas han aumentado los pacientes que cumplen criterio de caso sospechoso y desde Telesalud se han gestionado alrededor de 70 pruebas diagn\u00f3sticas que han sido tomadas a los pacientes \u00a0en sus casas.<\/p>\n<p>Ante el posible aumento de casos de COVID-19 que se prev\u00e9 para los pr\u00f3ximos d\u00edas y considerando que una de las medidas m\u00e1s efectivas para frenar los contagios es quedarse en casa, desde Telesalud se pone a disposici\u00f3n los servicios de telemedicina gratuitos para que las personas consulten ante cualquier s\u00edntoma y accedan a atenciones m\u00e9dicas desde sus casas.<\/p>\n<p>En este sentido, \u00a0Telesalud y\u00a0 atiende\u00a0 todo tipo pacientes con todo tipo sintomatolog\u00edas para lo cual la L\u00edder de Telemedicina expres\u00f3: \u201cHemos atendido pacientes con s\u00edntomas como dolor cr\u00f3nico, lesiones en la piel, artritis y personas que han querido realizarse chequeo m\u00e9dico para que podamos detectar alteraciones y mejorar las medidas de prevenci\u00f3n a trav\u00e9s de Telemedicina\u201d.<\/p>\n<p>&nbsp;<\/p>\n<p>Desde Telesalud se hace un llamado a no bajar la guardia y aumentar las medidas de prevenci\u00f3n y protecci\u00f3n personal e invita a hacer uso de los servicios gratuitos y juntos seguir afrontando este reto de la mejor manera.<\/p>\n<p>&nbsp;<\/p>\n<p><strong><b>Anexos:<\/b><\/strong><\/p>\n<p><a href=\"https:\/\/co.ivoox.com\/es\/en-caldas-atenciones-telemedicina-se-ha-audios-mp3_rf_54611044_1.html\"><strong><u><b>Marcela Tabares, L\u00edder de Telemedicina de Telesalud<\/b><\/u><\/strong><\/a><\/p>\n<p><strong><b>\u00a0<\/b><\/strong><\/p>\n<p><strong><b>Informes:<\/b><\/strong>\u00a0Oficina de Prensa de la Universidad de Caldas<\/p>\n<p><strong><b>Redacci\u00f3n:<\/b><\/strong>\u00a0Julieth Osorio Torres<\/p>\n<p>&nbsp;<\/p>\n","protected":false},"excerpt":{"rendered":"<p>SERVICIOS DE TELESALUD APORTAN\u00a0\u00a0A LA CONTENCI\u00d3N\u00a0DE LA PANDEMIA En Caldas con atenciones de telemedicina se ha realizado la detecci\u00f3n de 234 casos con s\u00edntomas de posible COVID-19 30\/07\/2020 Con las atenciones de telemedicina que brinda el programa de Telesalud\u00a0de la Universidad de Caldas\u00a0durante la emergencia, \u00a0gracias al apoyo de la Gobernaci\u00f3n de Caldas y la [&hellip;]<\/p>\n","protected":false},"author":2,"featured_media":57370,"comment_status":"closed","ping_status":"open","sticky":false,"template":"","format":"standard","meta":{"footnotes":""},"categories":[48,53],"tags":[73,275,2830,4652],"class_list":["post-57369","post","type-post","status-publish","format-standard","has-post-thumbnail","hentry","category-actualidad","category-universidad-al-dia","tag-proyeccion","tag-telesalud","tag-telemedicina","tag-covid-19"],"yoast_head":"<!-- This site is optimized with the Yoast SEO plugin v27.5 - https:\/\/yoast.com\/product\/yoast-seo-wordpress\/ -->\n<title>En Caldas con atenciones de telemedicina se ha realizado la detecci\u00f3n de 234 casos con s\u00edntomas de posible COVID-19 .<\/title>\n<meta name=\"robots\" content=\"index, follow, max-snippet:-1, max-image-preview:large, max-video-preview:-1\" \/>\n<link rel=\"canonical\" href=\"https:\/\/www.ucaldas.edu.co\/portal\/en-caldas-con-atenciones-de-telemedicina-se-ha-realizado-la-deteccion-de-234-casos-con-sintomas-de-posible-covid-19\/\" \/>\n<script type=\"application\/ld+json\" class=\"yoast-schema-graph\">{\"@context\":\"https:\\\/\\\/schema.org\",\"@graph\":[{\"@type\":\"Article\",\"@id\":\"https:\\\/\\\/www.ucaldas.edu.co\\\/portal\\\/en-caldas-con-atenciones-de-telemedicina-se-ha-realizado-la-deteccion-de-234-casos-con-sintomas-de-posible-covid-19\\\/#article\",\"isPartOf\":{\"@id\":\"https:\\\/\\\/www.ucaldas.edu.co\\\/portal\\\/en-caldas-con-atenciones-de-telemedicina-se-ha-realizado-la-deteccion-de-234-casos-con-sintomas-de-posible-covid-19\\\/\"},\"author\":{\"name\":\"ofiprensa\",\"@id\":\"https:\\\/\\\/www.ucaldas.edu.co\\\/portal\\\/#\\\/schema\\\/person\\\/a1b482e23449158b4bc319926c074fdf\"},\"headline\":\"En Caldas con atenciones de telemedicina se ha realizado la detecci\u00f3n de 234 casos con s\u00edntomas de posible COVID-19\",\"datePublished\":\"2020-07-31T00:37:18+00:00\",\"mainEntityOfPage\":{\"@id\":\"https:\\\/\\\/www.ucaldas.edu.co\\\/portal\\\/en-caldas-con-atenciones-de-telemedicina-se-ha-realizado-la-deteccion-de-234-casos-con-sintomas-de-posible-covid-19\\\/\"},\"wordCount\":364,\"publisher\":{\"@id\":\"https:\\\/\\\/www.ucaldas.edu.co\\\/portal\\\/#organization\"},\"image\":{\"@id\":\"https:\\\/\\\/www.ucaldas.edu.co\\\/portal\\\/en-caldas-con-atenciones-de-telemedicina-se-ha-realizado-la-deteccion-de-234-casos-con-sintomas-de-posible-covid-19\\\/#primaryimage\"},\"thumbnailUrl\":\"https:\\\/\\\/www.ucaldas.edu.co\\\/portal\\\/wp-content\\\/uploads\\\/2020\\\/07\\\/teleeeee.jpeg\",\"keywords\":[\"Proyecci\u00f3n\",\"Telesalud\",\"telemedicina\",\"covid-19\"],\"articleSection\":[\"Actualidad\",\"Universidad al D\u00eda\"],\"inLanguage\":\"es\"},{\"@type\":\"WebPage\",\"@id\":\"https:\\\/\\\/www.ucaldas.edu.co\\\/portal\\\/en-caldas-con-atenciones-de-telemedicina-se-ha-realizado-la-deteccion-de-234-casos-con-sintomas-de-posible-covid-19\\\/\",\"url\":\"https:\\\/\\\/www.ucaldas.edu.co\\\/portal\\\/en-caldas-con-atenciones-de-telemedicina-se-ha-realizado-la-deteccion-de-234-casos-con-sintomas-de-posible-covid-19\\\/\",\"name\":\"En Caldas con atenciones de telemedicina se ha realizado la detecci\u00f3n de 234 casos con s\u00edntomas de posible COVID-19 .\",\"isPartOf\":{\"@id\":\"https:\\\/\\\/www.ucaldas.edu.co\\\/portal\\\/#website\"},\"primaryImageOfPage\":{\"@id\":\"https:\\\/\\\/www.ucaldas.edu.co\\\/portal\\\/en-caldas-con-atenciones-de-telemedicina-se-ha-realizado-la-deteccion-de-234-casos-con-sintomas-de-posible-covid-19\\\/#primaryimage\"},\"image\":{\"@id\":\"https:\\\/\\\/www.ucaldas.edu.co\\\/portal\\\/en-caldas-con-atenciones-de-telemedicina-se-ha-realizado-la-deteccion-de-234-casos-con-sintomas-de-posible-covid-19\\\/#primaryimage\"},\"thumbnailUrl\":\"https:\\\/\\\/www.ucaldas.edu.co\\\/portal\\\/wp-content\\\/uploads\\\/2020\\\/07\\\/teleeeee.jpeg\",\"datePublished\":\"2020-07-31T00:37:18+00:00\",\"breadcrumb\":{\"@id\":\"https:\\\/\\\/www.ucaldas.edu.co\\\/portal\\\/en-caldas-con-atenciones-de-telemedicina-se-ha-realizado-la-deteccion-de-234-casos-con-sintomas-de-posible-covid-19\\\/#breadcrumb\"},\"inLanguage\":\"es\",\"potentialAction\":[{\"@type\":\"ReadAction\",\"target\":[\"https:\\\/\\\/www.ucaldas.edu.co\\\/portal\\\/en-caldas-con-atenciones-de-telemedicina-se-ha-realizado-la-deteccion-de-234-casos-con-sintomas-de-posible-covid-19\\\/\"]}]},{\"@type\":\"ImageObject\",\"inLanguage\":\"es\",\"@id\":\"https:\\\/\\\/www.ucaldas.edu.co\\\/portal\\\/en-caldas-con-atenciones-de-telemedicina-se-ha-realizado-la-deteccion-de-234-casos-con-sintomas-de-posible-covid-19\\\/#primaryimage\",\"url\":\"https:\\\/\\\/www.ucaldas.edu.co\\\/portal\\\/wp-content\\\/uploads\\\/2020\\\/07\\\/teleeeee.jpeg\",\"contentUrl\":\"https:\\\/\\\/www.ucaldas.edu.co\\\/portal\\\/wp-content\\\/uploads\\\/2020\\\/07\\\/teleeeee.jpeg\",\"width\":700,\"height\":400},{\"@type\":\"BreadcrumbList\",\"@id\":\"https:\\\/\\\/www.ucaldas.edu.co\\\/portal\\\/en-caldas-con-atenciones-de-telemedicina-se-ha-realizado-la-deteccion-de-234-casos-con-sintomas-de-posible-covid-19\\\/#breadcrumb\",\"itemListElement\":[{\"@type\":\"ListItem\",\"position\":1,\"name\":\"Portada\",\"item\":\"https:\\\/\\\/www.ucaldas.edu.co\\\/portal\\\/\"},{\"@type\":\"ListItem\",\"position\":2,\"name\":\"En Caldas con atenciones de telemedicina se ha realizado la detecci\u00f3n de 234 casos con s\u00edntomas de posible COVID-19\"}]},{\"@type\":\"WebSite\",\"@id\":\"https:\\\/\\\/www.ucaldas.edu.co\\\/portal\\\/#website\",\"url\":\"https:\\\/\\\/www.ucaldas.edu.co\\\/portal\\\/\",\"name\":\"Universidad de Caldas\",\"description\":\"\",\"publisher\":{\"@id\":\"https:\\\/\\\/www.ucaldas.edu.co\\\/portal\\\/#organization\"},\"alternateName\":\"U. de Caldas\",\"potentialAction\":[{\"@type\":\"SearchAction\",\"target\":{\"@type\":\"EntryPoint\",\"urlTemplate\":\"https:\\\/\\\/www.ucaldas.edu.co\\\/portal\\\/?s={search_term_string}\"},\"query-input\":{\"@type\":\"PropertyValueSpecification\",\"valueRequired\":true,\"valueName\":\"search_term_string\"}}],\"inLanguage\":\"es\"},{\"@type\":\"Organization\",\"@id\":\"https:\\\/\\\/www.ucaldas.edu.co\\\/portal\\\/#organization\",\"name\":\"Universidad de Caldas\",\"alternateName\":\"U. de Caldas\",\"url\":\"https:\\\/\\\/www.ucaldas.edu.co\\\/portal\\\/\",\"logo\":{\"@type\":\"ImageObject\",\"inLanguage\":\"es\",\"@id\":\"https:\\\/\\\/www.ucaldas.edu.co\\\/portal\\\/#\\\/schema\\\/logo\\\/image\\\/\",\"url\":\"https:\\\/\\\/www.ucaldas.edu.co\\\/portal\\\/wp-content\\\/uploads\\\/2023\\\/11\\\/Logo_horizontal_oscuroU-2023.png\",\"contentUrl\":\"https:\\\/\\\/www.ucaldas.edu.co\\\/portal\\\/wp-content\\\/uploads\\\/2023\\\/11\\\/Logo_horizontal_oscuroU-2023.png\",\"width\":263,\"height\":101,\"caption\":\"Universidad de Caldas\"},\"image\":{\"@id\":\"https:\\\/\\\/www.ucaldas.edu.co\\\/portal\\\/#\\\/schema\\\/logo\\\/image\\\/\"},\"sameAs\":[\"https:\\\/\\\/www.facebook.com\\\/udecaldas\",\"https:\\\/\\\/x.com\\\/udecaldas\",\"https:\\\/\\\/www.youtube.com\\\/universidadcaldas\",\"https:\\\/\\\/www.instagram.com\\\/udecaldas\\\/\"]},{\"@type\":\"Person\",\"@id\":\"https:\\\/\\\/www.ucaldas.edu.co\\\/portal\\\/#\\\/schema\\\/person\\\/a1b482e23449158b4bc319926c074fdf\",\"name\":\"ofiprensa\",\"image\":{\"@type\":\"ImageObject\",\"inLanguage\":\"es\",\"@id\":\"https:\\\/\\\/www.ucaldas.edu.co\\\/portal\\\/wp-content\\\/litespeed\\\/avatar\\\/09ea5085e600095a7a811142c6944527.jpg?ver=1777497608\",\"url\":\"https:\\\/\\\/www.ucaldas.edu.co\\\/portal\\\/wp-content\\\/litespeed\\\/avatar\\\/09ea5085e600095a7a811142c6944527.jpg?ver=1777497608\",\"contentUrl\":\"https:\\\/\\\/www.ucaldas.edu.co\\\/portal\\\/wp-content\\\/litespeed\\\/avatar\\\/09ea5085e600095a7a811142c6944527.jpg?ver=1777497608\",\"caption\":\"ofiprensa\"},\"url\":\"https:\\\/\\\/www.ucaldas.edu.co\\\/portal\\\/author\\\/ofiprensa\\\/\"}]}<\/script>\n<!-- \/ Yoast SEO plugin. -->","yoast_head_json":{"title":"En Caldas con atenciones de telemedicina se ha realizado la detecci\u00f3n de 234 casos con s\u00edntomas de posible COVID-19 .","robots":{"index":"index","follow":"follow","max-snippet":"max-snippet:-1","max-image-preview":"max-image-preview:large","max-video-preview":"max-video-preview:-1"},"canonical":"https:\/\/www.ucaldas.edu.co\/portal\/en-caldas-con-atenciones-de-telemedicina-se-ha-realizado-la-deteccion-de-234-casos-con-sintomas-de-posible-covid-19\/","schema":{"@context":"https:\/\/schema.org","@graph":[{"@type":"Article","@id":"https:\/\/www.ucaldas.edu.co\/portal\/en-caldas-con-atenciones-de-telemedicina-se-ha-realizado-la-deteccion-de-234-casos-con-sintomas-de-posible-covid-19\/#article","isPartOf":{"@id":"https:\/\/www.ucaldas.edu.co\/portal\/en-caldas-con-atenciones-de-telemedicina-se-ha-realizado-la-deteccion-de-234-casos-con-sintomas-de-posible-covid-19\/"},"author":{"name":"ofiprensa","@id":"https:\/\/www.ucaldas.edu.co\/portal\/#\/schema\/person\/a1b482e23449158b4bc319926c074fdf"},"headline":"En Caldas con atenciones de telemedicina se ha realizado la detecci\u00f3n de 234 casos con s\u00edntomas de posible COVID-19","datePublished":"2020-07-31T00:37:18+00:00","mainEntityOfPage":{"@id":"https:\/\/www.ucaldas.edu.co\/portal\/en-caldas-con-atenciones-de-telemedicina-se-ha-realizado-la-deteccion-de-234-casos-con-sintomas-de-posible-covid-19\/"},"wordCount":364,"publisher":{"@id":"https:\/\/www.ucaldas.edu.co\/portal\/#organization"},"image":{"@id":"https:\/\/www.ucaldas.edu.co\/portal\/en-caldas-con-atenciones-de-telemedicina-se-ha-realizado-la-deteccion-de-234-casos-con-sintomas-de-posible-covid-19\/#primaryimage"},"thumbnailUrl":"https:\/\/www.ucaldas.edu.co\/portal\/wp-content\/uploads\/2020\/07\/teleeeee.jpeg","keywords":["Proyecci\u00f3n","Telesalud","telemedicina","covid-19"],"articleSection":["Actualidad","Universidad al D\u00eda"],"inLanguage":"es"},{"@type":"WebPage","@id":"https:\/\/www.ucaldas.edu.co\/portal\/en-caldas-con-atenciones-de-telemedicina-se-ha-realizado-la-deteccion-de-234-casos-con-sintomas-de-posible-covid-19\/","url":"https:\/\/www.ucaldas.edu.co\/portal\/en-caldas-con-atenciones-de-telemedicina-se-ha-realizado-la-deteccion-de-234-casos-con-sintomas-de-posible-covid-19\/","name":"En Caldas con atenciones de telemedicina se ha realizado la detecci\u00f3n de 234 casos con s\u00edntomas de posible COVID-19 .","isPartOf":{"@id":"https:\/\/www.ucaldas.edu.co\/portal\/#website"},"primaryImageOfPage":{"@id":"https:\/\/www.ucaldas.edu.co\/portal\/en-caldas-con-atenciones-de-telemedicina-se-ha-realizado-la-deteccion-de-234-casos-con-sintomas-de-posible-covid-19\/#primaryimage"},"image":{"@id":"https:\/\/www.ucaldas.edu.co\/portal\/en-caldas-con-atenciones-de-telemedicina-se-ha-realizado-la-deteccion-de-234-casos-con-sintomas-de-posible-covid-19\/#primaryimage"},"thumbnailUrl":"https:\/\/www.ucaldas.edu.co\/portal\/wp-content\/uploads\/2020\/07\/teleeeee.jpeg","datePublished":"2020-07-31T00:37:18+00:00","breadcrumb":{"@id":"https:\/\/www.ucaldas.edu.co\/portal\/en-caldas-con-atenciones-de-telemedicina-se-ha-realizado-la-deteccion-de-234-casos-con-sintomas-de-posible-covid-19\/#breadcrumb"},"inLanguage":"es","potentialAction":[{"@type":"ReadAction","target":["https:\/\/www.ucaldas.edu.co\/portal\/en-caldas-con-atenciones-de-telemedicina-se-ha-realizado-la-deteccion-de-234-casos-con-sintomas-de-posible-covid-19\/"]}]},{"@type":"ImageObject","inLanguage":"es","@id":"https:\/\/www.ucaldas.edu.co\/portal\/en-caldas-con-atenciones-de-telemedicina-se-ha-realizado-la-deteccion-de-234-casos-con-sintomas-de-posible-covid-19\/#primaryimage","url":"https:\/\/www.ucaldas.edu.co\/portal\/wp-content\/uploads\/2020\/07\/teleeeee.jpeg","contentUrl":"https:\/\/www.ucaldas.edu.co\/portal\/wp-content\/uploads\/2020\/07\/teleeeee.jpeg","width":700,"height":400},{"@type":"BreadcrumbList","@id":"https:\/\/www.ucaldas.edu.co\/portal\/en-caldas-con-atenciones-de-telemedicina-se-ha-realizado-la-deteccion-de-234-casos-con-sintomas-de-posible-covid-19\/#breadcrumb","itemListElement":[{"@type":"ListItem","position":1,"name":"Portada","item":"https:\/\/www.ucaldas.edu.co\/portal\/"},{"@type":"ListItem","position":2,"name":"En Caldas con atenciones de telemedicina se ha realizado la detecci\u00f3n de 234 casos con s\u00edntomas de posible COVID-19"}]},{"@type":"WebSite","@id":"https:\/\/www.ucaldas.edu.co\/portal\/#website","url":"https:\/\/www.ucaldas.edu.co\/portal\/","name":"Universidad de Caldas","description":"","publisher":{"@id":"https:\/\/www.ucaldas.edu.co\/portal\/#organization"},"alternateName":"U. de Caldas","potentialAction":[{"@type":"SearchAction","target":{"@type":"EntryPoint","urlTemplate":"https:\/\/www.ucaldas.edu.co\/portal\/?s={search_term_string}"},"query-input":{"@type":"PropertyValueSpecification","valueRequired":true,"valueName":"search_term_string"}}],"inLanguage":"es"},{"@type":"Organization","@id":"https:\/\/www.ucaldas.edu.co\/portal\/#organization","name":"Universidad de Caldas","alternateName":"U. de Caldas","url":"https:\/\/www.ucaldas.edu.co\/portal\/","logo":{"@type":"ImageObject","inLanguage":"es","@id":"https:\/\/www.ucaldas.edu.co\/portal\/#\/schema\/logo\/image\/","url":"https:\/\/www.ucaldas.edu.co\/portal\/wp-content\/uploads\/2023\/11\/Logo_horizontal_oscuroU-2023.png","contentUrl":"https:\/\/www.ucaldas.edu.co\/portal\/wp-content\/uploads\/2023\/11\/Logo_horizontal_oscuroU-2023.png","width":263,"height":101,"caption":"Universidad de Caldas"},"image":{"@id":"https:\/\/www.ucaldas.edu.co\/portal\/#\/schema\/logo\/image\/"},"sameAs":["https:\/\/www.facebook.com\/udecaldas","https:\/\/x.com\/udecaldas","https:\/\/www.youtube.com\/universidadcaldas","https:\/\/www.instagram.com\/udecaldas\/"]},{"@type":"Person","@id":"https:\/\/www.ucaldas.edu.co\/portal\/#\/schema\/person\/a1b482e23449158b4bc319926c074fdf","name":"ofiprensa","image":{"@type":"ImageObject","inLanguage":"es","@id":"https:\/\/www.ucaldas.edu.co\/portal\/wp-content\/litespeed\/avatar\/09ea5085e600095a7a811142c6944527.jpg?ver=1777497608","url":"https:\/\/www.ucaldas.edu.co\/portal\/wp-content\/litespeed\/avatar\/09ea5085e600095a7a811142c6944527.jpg?ver=1777497608","contentUrl":"https:\/\/www.ucaldas.edu.co\/portal\/wp-content\/litespeed\/avatar\/09ea5085e600095a7a811142c6944527.jpg?ver=1777497608","caption":"ofiprensa"},"url":"https:\/\/www.ucaldas.edu.co\/portal\/author\/ofiprensa\/"}]}},"_links":{"self":[{"href":"https:\/\/www.ucaldas.edu.co\/portal\/wp-json\/wp\/v2\/posts\/57369","targetHints":{"allow":["GET"]}}],"collection":[{"href":"https:\/\/www.ucaldas.edu.co\/portal\/wp-json\/wp\/v2\/posts"}],"about":[{"href":"https:\/\/www.ucaldas.edu.co\/portal\/wp-json\/wp\/v2\/types\/post"}],"author":[{"embeddable":true,"href":"https:\/\/www.ucaldas.edu.co\/portal\/wp-json\/wp\/v2\/users\/2"}],"replies":[{"embeddable":true,"href":"https:\/\/www.ucaldas.edu.co\/portal\/wp-json\/wp\/v2\/comments?post=57369"}],"version-history":[{"count":0,"href":"https:\/\/www.ucaldas.edu.co\/portal\/wp-json\/wp\/v2\/posts\/57369\/revisions"}],"wp:featuredmedia":[{"embeddable":true,"href":"https:\/\/www.ucaldas.edu.co\/portal\/wp-json\/wp\/v2\/media\/57370"}],"wp:attachment":[{"href":"https:\/\/www.ucaldas.edu.co\/portal\/wp-json\/wp\/v2\/media?parent=57369"}],"wp:term":[{"taxonomy":"category","embeddable":true,"href":"https:\/\/www.ucaldas.edu.co\/portal\/wp-json\/wp\/v2\/categories?post=57369"},{"taxonomy":"post_tag","embeddable":true,"href":"https:\/\/www.ucaldas.edu.co\/portal\/wp-json\/wp\/v2\/tags?post=57369"}],"curies":[{"name":"wp","href":"https:\/\/api.w.org\/{rel}","templated":true}]}}