{"id":57252,"date":"2020-07-24T23:46:31","date_gmt":"2020-07-24T23:46:31","guid":{"rendered":"https:\/\/www.ucaldas.edu.co\/portal\/?p=57252"},"modified":"2020-07-24T23:46:31","modified_gmt":"2020-07-24T23:46:31","slug":"inscripciones-a-la-especializacion-en-legislacion-tributaria-y-aduanas","status":"publish","type":"post","link":"https:\/\/www.ucaldas.edu.co\/portal\/inscripciones-a-la-especializacion-en-legislacion-tributaria-y-aduanas\/","title":{"rendered":"Inscripciones a la Especializaci\u00f3n en Legislaci\u00f3n Tributaria y Aduanas"},"content":{"rendered":"<p style=\"text-align: center;\">HASTA EL 31 DE JULIO<\/p>\n<p style=\"text-align: center;\"><strong><b>Inscripciones a la Especializaci\u00f3n en Legislaci\u00f3n Tributaria y Aduanas<\/b><\/strong><\/p>\n<p style=\"text-align: right;\">24\/07\/2020<\/p>\n<p><img loading=\"lazy\" decoding=\"async\" class=\"alignnone size-full wp-image-57253 aligncenter\" src=\"https:\/\/www.ucaldas.edu.co\/portal\/wp-content\/uploads\/2020\/07\/tributaria.jpg\" alt=\"\" width=\"700\" height=\"400\" srcset=\"https:\/\/www.ucaldas.edu.co\/portal\/wp-content\/uploads\/2020\/07\/tributaria.jpg 700w, https:\/\/www.ucaldas.edu.co\/portal\/wp-content\/uploads\/2020\/07\/tributaria-300x171.jpg 300w\" sizes=\"auto, (max-width: 700px) 100vw, 700px\" \/><\/p>\n<p>Hasta el pr\u00f3ximo 31 de julio estar\u00e1 habilitada la venta de Pines para inscribirse a la Especializaci\u00f3n en Legislaci\u00f3n Tributaria y Aduanas de la Facultad de Ciencias Jur\u00eddicas y Sociales de la Universidad de Caldas<\/p>\n<p><!--more--><\/p>\n<p>El programa tiene por objetivo preparar profesionales id\u00f3neos tanto en el manejo del sistema tributario, como aduanero colombiano, en \u00e1reas de trabajo como la pol\u00edtica fiscal, el comercio exterior, el comercio electr\u00f3nico y el derecho cambiario, de conformidad con la internacionalizaci\u00f3n de la econom\u00eda y el desarrollo del pa\u00eds.<\/p>\n<p>&nbsp;<\/p>\n<p>Adem\u00e1s, se busca formar especialistas con estructura \u00e9tica, preparados para ejercer una funci\u00f3n de concertaci\u00f3n y equidad entre el Estado y los contribuyentes. Incentivar la capacidad de an\u00e1lisis y toma de decisiones frente a situaciones tributarias complejas, relacionadas con la causaci\u00f3n, verificaci\u00f3n, determinaci\u00f3n, recaudo y discusi\u00f3n de los tributos y derechos aduaneros, con la finalidad de identificar las acciones y procedimientos requeridos para la aplicaci\u00f3n y cumplimiento de las pol\u00edticas fiscales, empresariales o de gesti\u00f3n p\u00fablica.<\/p>\n<p>El aspirante debe cumplir con los siguientes requerimientos:<\/p>\n<ul>\n<li>Una fotograf\u00eda.<\/li>\n<li>Fotocopia del documento de identidad.<\/li>\n<li>Registro civil de nacimiento.<\/li>\n<li>Fotocopia del diploma y acta de grado de pregrado.<\/li>\n<li>Fotocopia del carn\u00e9 de egresado de la Universidad de Caldas (si es del caso).<\/li>\n<li>Fotocopia del certificado electoral (\u00faltimas elecciones).<\/li>\n<li>Certificado de suficiencia lectora de un idioma extranjero.<\/li>\n<li>Hoja de vida del aspirante con los respectivos soportes.<\/li>\n<\/ul>\n<p>&nbsp;<\/p>\n<p>La venta de Pines es a trav\u00e9s del Banco Davivienda se har\u00e1 en la siguiente cuenta:<\/p>\n<p>&nbsp;<\/p>\n<p>Transferencia<\/p>\n<p>Cuenta de Ahorros 084500007467<\/p>\n<p>Referencia 1: Documento de Identidad<\/p>\n<p>Referencia 2: 0116<\/p>\n<p>Valor del Pin posgrados: $ 307.231<\/p>\n<p>&nbsp;<\/p>\n<table>\n<tbody>\n<tr>\n<td width=\"603\"><strong><b>PARA DESTACAR<\/b><\/strong><\/p>\n<p>Las consignaciones deben ser enviadas al correo electr\u00f3nico: <a href=\"mailto:guadalupe.valdes@ucaldas.edu.co\">guadalupe.valdes@ucaldas.edu.co<\/a>, medio por el cual se har\u00e1 llegar el pin.<\/td>\n<\/tr>\n<\/tbody>\n<\/table>\n<p>&nbsp;<\/p>\n<p><a href=\"https:\/\/juridicasysociales.ucaldas.edu.co\/esp-en-legislacion-tributaria-y-de-aduanas\/\"><strong><u><b>M\u00e1s informaci\u00f3n del programa aqu\u00ed.<\/b><\/u><\/strong><\/a><\/p>\n<p>&nbsp;<\/p>\n<p><strong><b>Informes: <\/b><\/strong>Oficina de Comunicaciones y Prensa Universidad de Caldas.<\/p>\n<p><strong><b>Redacci\u00f3n:<\/b><\/strong>\u00a0Mateo Buritic\u00e1 Giraldo<\/p>\n<p>&nbsp;<\/p>\n","protected":false},"excerpt":{"rendered":"<p>HASTA EL 31 DE JULIO Inscripciones a la Especializaci\u00f3n en Legislaci\u00f3n Tributaria y Aduanas 24\/07\/2020 Hasta el pr\u00f3ximo 31 de julio estar\u00e1 habilitada la venta de Pines para inscribirse a la Especializaci\u00f3n en Legislaci\u00f3n Tributaria y Aduanas de la Facultad de Ciencias Jur\u00eddicas y Sociales de la Universidad de Caldas<\/p>\n","protected":false},"author":2,"featured_media":57253,"comment_status":"closed","ping_status":"open","sticky":false,"template":"","format":"standard","meta":{"footnotes":""},"categories":[48,53],"tags":[297,2110,2919,3194],"class_list":["post-57252","post","type-post","status-publish","format-standard","has-post-thumbnail","hentry","category-actualidad","category-universidad-al-dia","tag-inscripciones","tag-legislacion","tag-especializacion","tag-aduanas"],"yoast_head":"<!-- This site is optimized with the Yoast SEO plugin v27.5 - https:\/\/yoast.com\/product\/yoast-seo-wordpress\/ -->\n<title>Inscripciones a la Especializaci\u00f3n en Legislaci\u00f3n Tributaria y Aduanas .<\/title>\n<meta name=\"robots\" content=\"index, follow, max-snippet:-1, max-image-preview:large, max-video-preview:-1\" \/>\n<link rel=\"canonical\" href=\"https:\/\/www.ucaldas.edu.co\/portal\/inscripciones-a-la-especializacion-en-legislacion-tributaria-y-aduanas\/\" \/>\n<script type=\"application\/ld+json\" class=\"yoast-schema-graph\">{\"@context\":\"https:\\\/\\\/schema.org\",\"@graph\":[{\"@type\":\"Article\",\"@id\":\"https:\\\/\\\/www.ucaldas.edu.co\\\/portal\\\/inscripciones-a-la-especializacion-en-legislacion-tributaria-y-aduanas\\\/#article\",\"isPartOf\":{\"@id\":\"https:\\\/\\\/www.ucaldas.edu.co\\\/portal\\\/inscripciones-a-la-especializacion-en-legislacion-tributaria-y-aduanas\\\/\"},\"author\":{\"name\":\"ofiprensa\",\"@id\":\"https:\\\/\\\/www.ucaldas.edu.co\\\/portal\\\/#\\\/schema\\\/person\\\/a1b482e23449158b4bc319926c074fdf\"},\"headline\":\"Inscripciones a la Especializaci\u00f3n en Legislaci\u00f3n Tributaria y Aduanas\",\"datePublished\":\"2020-07-24T23:46:31+00:00\",\"mainEntityOfPage\":{\"@id\":\"https:\\\/\\\/www.ucaldas.edu.co\\\/portal\\\/inscripciones-a-la-especializacion-en-legislacion-tributaria-y-aduanas\\\/\"},\"wordCount\":356,\"publisher\":{\"@id\":\"https:\\\/\\\/www.ucaldas.edu.co\\\/portal\\\/#organization\"},\"image\":{\"@id\":\"https:\\\/\\\/www.ucaldas.edu.co\\\/portal\\\/inscripciones-a-la-especializacion-en-legislacion-tributaria-y-aduanas\\\/#primaryimage\"},\"thumbnailUrl\":\"https:\\\/\\\/www.ucaldas.edu.co\\\/portal\\\/wp-content\\\/uploads\\\/2020\\\/07\\\/tributaria.jpg\",\"keywords\":[\"Inscripciones\",\"legislaci\u00f3n\",\"especializaci\u00f3n\",\"aduanas\"],\"articleSection\":[\"Actualidad\",\"Universidad al D\u00eda\"],\"inLanguage\":\"es\"},{\"@type\":\"WebPage\",\"@id\":\"https:\\\/\\\/www.ucaldas.edu.co\\\/portal\\\/inscripciones-a-la-especializacion-en-legislacion-tributaria-y-aduanas\\\/\",\"url\":\"https:\\\/\\\/www.ucaldas.edu.co\\\/portal\\\/inscripciones-a-la-especializacion-en-legislacion-tributaria-y-aduanas\\\/\",\"name\":\"Inscripciones a la Especializaci\u00f3n en Legislaci\u00f3n Tributaria y Aduanas .\",\"isPartOf\":{\"@id\":\"https:\\\/\\\/www.ucaldas.edu.co\\\/portal\\\/#website\"},\"primaryImageOfPage\":{\"@id\":\"https:\\\/\\\/www.ucaldas.edu.co\\\/portal\\\/inscripciones-a-la-especializacion-en-legislacion-tributaria-y-aduanas\\\/#primaryimage\"},\"image\":{\"@id\":\"https:\\\/\\\/www.ucaldas.edu.co\\\/portal\\\/inscripciones-a-la-especializacion-en-legislacion-tributaria-y-aduanas\\\/#primaryimage\"},\"thumbnailUrl\":\"https:\\\/\\\/www.ucaldas.edu.co\\\/portal\\\/wp-content\\\/uploads\\\/2020\\\/07\\\/tributaria.jpg\",\"datePublished\":\"2020-07-24T23:46:31+00:00\",\"breadcrumb\":{\"@id\":\"https:\\\/\\\/www.ucaldas.edu.co\\\/portal\\\/inscripciones-a-la-especializacion-en-legislacion-tributaria-y-aduanas\\\/#breadcrumb\"},\"inLanguage\":\"es\",\"potentialAction\":[{\"@type\":\"ReadAction\",\"target\":[\"https:\\\/\\\/www.ucaldas.edu.co\\\/portal\\\/inscripciones-a-la-especializacion-en-legislacion-tributaria-y-aduanas\\\/\"]}]},{\"@type\":\"ImageObject\",\"inLanguage\":\"es\",\"@id\":\"https:\\\/\\\/www.ucaldas.edu.co\\\/portal\\\/inscripciones-a-la-especializacion-en-legislacion-tributaria-y-aduanas\\\/#primaryimage\",\"url\":\"https:\\\/\\\/www.ucaldas.edu.co\\\/portal\\\/wp-content\\\/uploads\\\/2020\\\/07\\\/tributaria.jpg\",\"contentUrl\":\"https:\\\/\\\/www.ucaldas.edu.co\\\/portal\\\/wp-content\\\/uploads\\\/2020\\\/07\\\/tributaria.jpg\",\"width\":700,\"height\":400},{\"@type\":\"BreadcrumbList\",\"@id\":\"https:\\\/\\\/www.ucaldas.edu.co\\\/portal\\\/inscripciones-a-la-especializacion-en-legislacion-tributaria-y-aduanas\\\/#breadcrumb\",\"itemListElement\":[{\"@type\":\"ListItem\",\"position\":1,\"name\":\"Portada\",\"item\":\"https:\\\/\\\/www.ucaldas.edu.co\\\/portal\\\/\"},{\"@type\":\"ListItem\",\"position\":2,\"name\":\"Inscripciones a la Especializaci\u00f3n en Legislaci\u00f3n Tributaria y Aduanas\"}]},{\"@type\":\"WebSite\",\"@id\":\"https:\\\/\\\/www.ucaldas.edu.co\\\/portal\\\/#website\",\"url\":\"https:\\\/\\\/www.ucaldas.edu.co\\\/portal\\\/\",\"name\":\"Universidad de Caldas\",\"description\":\"\",\"publisher\":{\"@id\":\"https:\\\/\\\/www.ucaldas.edu.co\\\/portal\\\/#organization\"},\"alternateName\":\"U. de Caldas\",\"potentialAction\":[{\"@type\":\"SearchAction\",\"target\":{\"@type\":\"EntryPoint\",\"urlTemplate\":\"https:\\\/\\\/www.ucaldas.edu.co\\\/portal\\\/?s={search_term_string}\"},\"query-input\":{\"@type\":\"PropertyValueSpecification\",\"valueRequired\":true,\"valueName\":\"search_term_string\"}}],\"inLanguage\":\"es\"},{\"@type\":\"Organization\",\"@id\":\"https:\\\/\\\/www.ucaldas.edu.co\\\/portal\\\/#organization\",\"name\":\"Universidad de Caldas\",\"alternateName\":\"U. de Caldas\",\"url\":\"https:\\\/\\\/www.ucaldas.edu.co\\\/portal\\\/\",\"logo\":{\"@type\":\"ImageObject\",\"inLanguage\":\"es\",\"@id\":\"https:\\\/\\\/www.ucaldas.edu.co\\\/portal\\\/#\\\/schema\\\/logo\\\/image\\\/\",\"url\":\"https:\\\/\\\/www.ucaldas.edu.co\\\/portal\\\/wp-content\\\/uploads\\\/2023\\\/11\\\/Logo_horizontal_oscuroU-2023.png\",\"contentUrl\":\"https:\\\/\\\/www.ucaldas.edu.co\\\/portal\\\/wp-content\\\/uploads\\\/2023\\\/11\\\/Logo_horizontal_oscuroU-2023.png\",\"width\":263,\"height\":101,\"caption\":\"Universidad de Caldas\"},\"image\":{\"@id\":\"https:\\\/\\\/www.ucaldas.edu.co\\\/portal\\\/#\\\/schema\\\/logo\\\/image\\\/\"},\"sameAs\":[\"https:\\\/\\\/www.facebook.com\\\/udecaldas\",\"https:\\\/\\\/x.com\\\/udecaldas\",\"https:\\\/\\\/www.youtube.com\\\/universidadcaldas\",\"https:\\\/\\\/www.instagram.com\\\/udecaldas\\\/\"]},{\"@type\":\"Person\",\"@id\":\"https:\\\/\\\/www.ucaldas.edu.co\\\/portal\\\/#\\\/schema\\\/person\\\/a1b482e23449158b4bc319926c074fdf\",\"name\":\"ofiprensa\",\"image\":{\"@type\":\"ImageObject\",\"inLanguage\":\"es\",\"@id\":\"https:\\\/\\\/www.ucaldas.edu.co\\\/portal\\\/wp-content\\\/litespeed\\\/avatar\\\/09ea5085e600095a7a811142c6944527.jpg?ver=1777497608\",\"url\":\"https:\\\/\\\/www.ucaldas.edu.co\\\/portal\\\/wp-content\\\/litespeed\\\/avatar\\\/09ea5085e600095a7a811142c6944527.jpg?ver=1777497608\",\"contentUrl\":\"https:\\\/\\\/www.ucaldas.edu.co\\\/portal\\\/wp-content\\\/litespeed\\\/avatar\\\/09ea5085e600095a7a811142c6944527.jpg?ver=1777497608\",\"caption\":\"ofiprensa\"},\"url\":\"https:\\\/\\\/www.ucaldas.edu.co\\\/portal\\\/author\\\/ofiprensa\\\/\"}]}<\/script>\n<!-- \/ Yoast SEO plugin. -->","yoast_head_json":{"title":"Inscripciones a la Especializaci\u00f3n en Legislaci\u00f3n Tributaria y Aduanas .","robots":{"index":"index","follow":"follow","max-snippet":"max-snippet:-1","max-image-preview":"max-image-preview:large","max-video-preview":"max-video-preview:-1"},"canonical":"https:\/\/www.ucaldas.edu.co\/portal\/inscripciones-a-la-especializacion-en-legislacion-tributaria-y-aduanas\/","schema":{"@context":"https:\/\/schema.org","@graph":[{"@type":"Article","@id":"https:\/\/www.ucaldas.edu.co\/portal\/inscripciones-a-la-especializacion-en-legislacion-tributaria-y-aduanas\/#article","isPartOf":{"@id":"https:\/\/www.ucaldas.edu.co\/portal\/inscripciones-a-la-especializacion-en-legislacion-tributaria-y-aduanas\/"},"author":{"name":"ofiprensa","@id":"https:\/\/www.ucaldas.edu.co\/portal\/#\/schema\/person\/a1b482e23449158b4bc319926c074fdf"},"headline":"Inscripciones a la Especializaci\u00f3n en Legislaci\u00f3n Tributaria y Aduanas","datePublished":"2020-07-24T23:46:31+00:00","mainEntityOfPage":{"@id":"https:\/\/www.ucaldas.edu.co\/portal\/inscripciones-a-la-especializacion-en-legislacion-tributaria-y-aduanas\/"},"wordCount":356,"publisher":{"@id":"https:\/\/www.ucaldas.edu.co\/portal\/#organization"},"image":{"@id":"https:\/\/www.ucaldas.edu.co\/portal\/inscripciones-a-la-especializacion-en-legislacion-tributaria-y-aduanas\/#primaryimage"},"thumbnailUrl":"https:\/\/www.ucaldas.edu.co\/portal\/wp-content\/uploads\/2020\/07\/tributaria.jpg","keywords":["Inscripciones","legislaci\u00f3n","especializaci\u00f3n","aduanas"],"articleSection":["Actualidad","Universidad al D\u00eda"],"inLanguage":"es"},{"@type":"WebPage","@id":"https:\/\/www.ucaldas.edu.co\/portal\/inscripciones-a-la-especializacion-en-legislacion-tributaria-y-aduanas\/","url":"https:\/\/www.ucaldas.edu.co\/portal\/inscripciones-a-la-especializacion-en-legislacion-tributaria-y-aduanas\/","name":"Inscripciones a la Especializaci\u00f3n en Legislaci\u00f3n Tributaria y Aduanas .","isPartOf":{"@id":"https:\/\/www.ucaldas.edu.co\/portal\/#website"},"primaryImageOfPage":{"@id":"https:\/\/www.ucaldas.edu.co\/portal\/inscripciones-a-la-especializacion-en-legislacion-tributaria-y-aduanas\/#primaryimage"},"image":{"@id":"https:\/\/www.ucaldas.edu.co\/portal\/inscripciones-a-la-especializacion-en-legislacion-tributaria-y-aduanas\/#primaryimage"},"thumbnailUrl":"https:\/\/www.ucaldas.edu.co\/portal\/wp-content\/uploads\/2020\/07\/tributaria.jpg","datePublished":"2020-07-24T23:46:31+00:00","breadcrumb":{"@id":"https:\/\/www.ucaldas.edu.co\/portal\/inscripciones-a-la-especializacion-en-legislacion-tributaria-y-aduanas\/#breadcrumb"},"inLanguage":"es","potentialAction":[{"@type":"ReadAction","target":["https:\/\/www.ucaldas.edu.co\/portal\/inscripciones-a-la-especializacion-en-legislacion-tributaria-y-aduanas\/"]}]},{"@type":"ImageObject","inLanguage":"es","@id":"https:\/\/www.ucaldas.edu.co\/portal\/inscripciones-a-la-especializacion-en-legislacion-tributaria-y-aduanas\/#primaryimage","url":"https:\/\/www.ucaldas.edu.co\/portal\/wp-content\/uploads\/2020\/07\/tributaria.jpg","contentUrl":"https:\/\/www.ucaldas.edu.co\/portal\/wp-content\/uploads\/2020\/07\/tributaria.jpg","width":700,"height":400},{"@type":"BreadcrumbList","@id":"https:\/\/www.ucaldas.edu.co\/portal\/inscripciones-a-la-especializacion-en-legislacion-tributaria-y-aduanas\/#breadcrumb","itemListElement":[{"@type":"ListItem","position":1,"name":"Portada","item":"https:\/\/www.ucaldas.edu.co\/portal\/"},{"@type":"ListItem","position":2,"name":"Inscripciones a la Especializaci\u00f3n en Legislaci\u00f3n Tributaria y Aduanas"}]},{"@type":"WebSite","@id":"https:\/\/www.ucaldas.edu.co\/portal\/#website","url":"https:\/\/www.ucaldas.edu.co\/portal\/","name":"Universidad de Caldas","description":"","publisher":{"@id":"https:\/\/www.ucaldas.edu.co\/portal\/#organization"},"alternateName":"U. de Caldas","potentialAction":[{"@type":"SearchAction","target":{"@type":"EntryPoint","urlTemplate":"https:\/\/www.ucaldas.edu.co\/portal\/?s={search_term_string}"},"query-input":{"@type":"PropertyValueSpecification","valueRequired":true,"valueName":"search_term_string"}}],"inLanguage":"es"},{"@type":"Organization","@id":"https:\/\/www.ucaldas.edu.co\/portal\/#organization","name":"Universidad de Caldas","alternateName":"U. de Caldas","url":"https:\/\/www.ucaldas.edu.co\/portal\/","logo":{"@type":"ImageObject","inLanguage":"es","@id":"https:\/\/www.ucaldas.edu.co\/portal\/#\/schema\/logo\/image\/","url":"https:\/\/www.ucaldas.edu.co\/portal\/wp-content\/uploads\/2023\/11\/Logo_horizontal_oscuroU-2023.png","contentUrl":"https:\/\/www.ucaldas.edu.co\/portal\/wp-content\/uploads\/2023\/11\/Logo_horizontal_oscuroU-2023.png","width":263,"height":101,"caption":"Universidad de Caldas"},"image":{"@id":"https:\/\/www.ucaldas.edu.co\/portal\/#\/schema\/logo\/image\/"},"sameAs":["https:\/\/www.facebook.com\/udecaldas","https:\/\/x.com\/udecaldas","https:\/\/www.youtube.com\/universidadcaldas","https:\/\/www.instagram.com\/udecaldas\/"]},{"@type":"Person","@id":"https:\/\/www.ucaldas.edu.co\/portal\/#\/schema\/person\/a1b482e23449158b4bc319926c074fdf","name":"ofiprensa","image":{"@type":"ImageObject","inLanguage":"es","@id":"https:\/\/www.ucaldas.edu.co\/portal\/wp-content\/litespeed\/avatar\/09ea5085e600095a7a811142c6944527.jpg?ver=1777497608","url":"https:\/\/www.ucaldas.edu.co\/portal\/wp-content\/litespeed\/avatar\/09ea5085e600095a7a811142c6944527.jpg?ver=1777497608","contentUrl":"https:\/\/www.ucaldas.edu.co\/portal\/wp-content\/litespeed\/avatar\/09ea5085e600095a7a811142c6944527.jpg?ver=1777497608","caption":"ofiprensa"},"url":"https:\/\/www.ucaldas.edu.co\/portal\/author\/ofiprensa\/"}]}},"_links":{"self":[{"href":"https:\/\/www.ucaldas.edu.co\/portal\/wp-json\/wp\/v2\/posts\/57252","targetHints":{"allow":["GET"]}}],"collection":[{"href":"https:\/\/www.ucaldas.edu.co\/portal\/wp-json\/wp\/v2\/posts"}],"about":[{"href":"https:\/\/www.ucaldas.edu.co\/portal\/wp-json\/wp\/v2\/types\/post"}],"author":[{"embeddable":true,"href":"https:\/\/www.ucaldas.edu.co\/portal\/wp-json\/wp\/v2\/users\/2"}],"replies":[{"embeddable":true,"href":"https:\/\/www.ucaldas.edu.co\/portal\/wp-json\/wp\/v2\/comments?post=57252"}],"version-history":[{"count":0,"href":"https:\/\/www.ucaldas.edu.co\/portal\/wp-json\/wp\/v2\/posts\/57252\/revisions"}],"wp:featuredmedia":[{"embeddable":true,"href":"https:\/\/www.ucaldas.edu.co\/portal\/wp-json\/wp\/v2\/media\/57253"}],"wp:attachment":[{"href":"https:\/\/www.ucaldas.edu.co\/portal\/wp-json\/wp\/v2\/media?parent=57252"}],"wp:term":[{"taxonomy":"category","embeddable":true,"href":"https:\/\/www.ucaldas.edu.co\/portal\/wp-json\/wp\/v2\/categories?post=57252"},{"taxonomy":"post_tag","embeddable":true,"href":"https:\/\/www.ucaldas.edu.co\/portal\/wp-json\/wp\/v2\/tags?post=57252"}],"curies":[{"name":"wp","href":"https:\/\/api.w.org\/{rel}","templated":true}]}}