{"id":57201,"date":"2020-07-23T00:41:28","date_gmt":"2020-07-23T00:41:28","guid":{"rendered":"https:\/\/www.ucaldas.edu.co\/portal\/?p=57201"},"modified":"2020-07-23T00:41:28","modified_gmt":"2020-07-23T00:41:28","slug":"bienestar-universitario-adelanta-encuesta-de-caracterizacion-psicosocial","status":"publish","type":"post","link":"https:\/\/www.ucaldas.edu.co\/portal\/bienestar-universitario-adelanta-encuesta-de-caracterizacion-psicosocial\/","title":{"rendered":"Bienestar Universitario adelanta encuesta de caracterizaci\u00f3n psicosocial"},"content":{"rendered":"<p style=\"text-align: center;\">DIRIGIDA A LA COMUNIDAD ESTUDIANTIL<\/p>\n<p style=\"text-align: center;\"><strong><b>Bienestar Universitario adelanta encuesta de caracterizaci\u00f3n psicosocial<\/b><\/strong><\/p>\n<p style=\"text-align: right;\">22\/07\/2020<\/p>\n<p><img loading=\"lazy\" decoding=\"async\" class=\"alignnone size-full wp-image-57202 aligncenter\" src=\"https:\/\/www.ucaldas.edu.co\/portal\/wp-content\/uploads\/2020\/07\/Psicosocial.jpeg\" alt=\"\" width=\"674\" height=\"360\" srcset=\"https:\/\/www.ucaldas.edu.co\/portal\/wp-content\/uploads\/2020\/07\/Psicosocial.jpeg 674w, https:\/\/www.ucaldas.edu.co\/portal\/wp-content\/uploads\/2020\/07\/Psicosocial-300x160.jpeg 300w\" sizes=\"auto, (max-width: 674px) 100vw, 674px\" \/><\/p>\n<p>Establecer un diagn\u00f3stico psicosocial claro y preciso de la comunidad estudiantil de la Universidad de Caldas, es el objetivo de la encuesta enviada a los estudiantes a sus correos institucionales y cuyos resultados servir\u00e1n para constituir programas \u00a0adecuados a sus \u00a0necesidades.<\/p>\n<p><!--more--><\/p>\n<p>De acuerdo con la jefe de la Oficina de Bienestar Universitario Marcela Naranjo Londo\u00f1o el prop\u00f3sito de este ejercicio, es a partir de los resultados ofrecer desde la administraci\u00f3n \u00a0condiciones que favorezcan la formaci\u00f3n integral a partir de servicios de salud, apoyo acad\u00e9mico ,incentivo, \u00a0est\u00edmulos \u00a0y\u00a0actividades de cultura y deporte.<\/p>\n<p>&nbsp;<\/p>\n<p>La informaci\u00f3n recolectada ser\u00e1 tratada bajo la pol\u00edtica de protecci\u00f3n de datos. (Ley 1581 de 2012)<br \/>\nInicialmente deber\u00e1 contestar una breve encuesta respecto de caracter\u00edsticas socioecon\u00f3micas y luego algunas preguntas sobre salud mental. La participaci\u00f3n es totalmente voluntaria.<\/p>\n<p>&nbsp;<\/p>\n<p>Los estudiantes podr\u00e1n diligenciar esta encuesta a trav\u00e9s de su correo electr\u00f3nico o en el siguiente enlace: <a href=\"https:\/\/bit.ly\/32LWNvW\"><u>https:\/\/bit.ly\/32LWNvW<\/u><\/a><\/p>\n<p>&nbsp;<\/p>\n<p><strong><b>Informes: <\/b><\/strong>Oficina de Comunicaciones y Prensa Universidad de Caldas.<\/p>\n<p><strong><b>Redacci\u00f3n:<\/b><\/strong>\u00a0Adriana Salazar Villegas<\/p>\n<p>&nbsp;<\/p>\n<p>&nbsp;<\/p>\n","protected":false},"excerpt":{"rendered":"<p>DIRIGIDA A LA COMUNIDAD ESTUDIANTIL Bienestar Universitario adelanta encuesta de caracterizaci\u00f3n psicosocial 22\/07\/2020 Establecer un diagn\u00f3stico psicosocial claro y preciso de la comunidad estudiantil de la Universidad de Caldas, es el objetivo de la encuesta enviada a los estudiantes a sus correos institucionales y cuyos resultados servir\u00e1n para constituir programas \u00a0adecuados a sus \u00a0necesidades.<\/p>\n","protected":false},"author":2,"featured_media":57202,"comment_status":"closed","ping_status":"open","sticky":false,"template":"","format":"standard","meta":{"footnotes":""},"categories":[48,53],"tags":[330,856,1083,5001],"class_list":["post-57201","post","type-post","status-publish","format-standard","has-post-thumbnail","hentry","category-actualidad","category-universidad-al-dia","tag-estudiantes","tag-salud-mental","tag-encuesta","tag-caracteristicas-socioeconomicas"],"yoast_head":"<!-- This site is optimized with the Yoast SEO plugin v27.5 - https:\/\/yoast.com\/product\/yoast-seo-wordpress\/ -->\n<title>Bienestar Universitario adelanta encuesta de caracterizaci\u00f3n psicosocial .<\/title>\n<meta name=\"robots\" content=\"index, follow, max-snippet:-1, max-image-preview:large, max-video-preview:-1\" \/>\n<link rel=\"canonical\" href=\"https:\/\/www.ucaldas.edu.co\/portal\/bienestar-universitario-adelanta-encuesta-de-caracterizacion-psicosocial\/\" \/>\n<script type=\"application\/ld+json\" class=\"yoast-schema-graph\">{\"@context\":\"https:\\\/\\\/schema.org\",\"@graph\":[{\"@type\":\"Article\",\"@id\":\"https:\\\/\\\/www.ucaldas.edu.co\\\/portal\\\/bienestar-universitario-adelanta-encuesta-de-caracterizacion-psicosocial\\\/#article\",\"isPartOf\":{\"@id\":\"https:\\\/\\\/www.ucaldas.edu.co\\\/portal\\\/bienestar-universitario-adelanta-encuesta-de-caracterizacion-psicosocial\\\/\"},\"author\":{\"name\":\"ofiprensa\",\"@id\":\"https:\\\/\\\/www.ucaldas.edu.co\\\/portal\\\/#\\\/schema\\\/person\\\/a1b482e23449158b4bc319926c074fdf\"},\"headline\":\"Bienestar Universitario adelanta encuesta de caracterizaci\u00f3n psicosocial\",\"datePublished\":\"2020-07-23T00:41:28+00:00\",\"mainEntityOfPage\":{\"@id\":\"https:\\\/\\\/www.ucaldas.edu.co\\\/portal\\\/bienestar-universitario-adelanta-encuesta-de-caracterizacion-psicosocial\\\/\"},\"wordCount\":206,\"publisher\":{\"@id\":\"https:\\\/\\\/www.ucaldas.edu.co\\\/portal\\\/#organization\"},\"image\":{\"@id\":\"https:\\\/\\\/www.ucaldas.edu.co\\\/portal\\\/bienestar-universitario-adelanta-encuesta-de-caracterizacion-psicosocial\\\/#primaryimage\"},\"thumbnailUrl\":\"https:\\\/\\\/www.ucaldas.edu.co\\\/portal\\\/wp-content\\\/uploads\\\/2020\\\/07\\\/Psicosocial.jpeg\",\"keywords\":[\"estudiantes\",\"salud mental\",\"encuesta\",\"caracter\u00edsticas socioecon\u00f3micas\"],\"articleSection\":[\"Actualidad\",\"Universidad al D\u00eda\"],\"inLanguage\":\"es\"},{\"@type\":\"WebPage\",\"@id\":\"https:\\\/\\\/www.ucaldas.edu.co\\\/portal\\\/bienestar-universitario-adelanta-encuesta-de-caracterizacion-psicosocial\\\/\",\"url\":\"https:\\\/\\\/www.ucaldas.edu.co\\\/portal\\\/bienestar-universitario-adelanta-encuesta-de-caracterizacion-psicosocial\\\/\",\"name\":\"Bienestar Universitario adelanta encuesta de caracterizaci\u00f3n psicosocial .\",\"isPartOf\":{\"@id\":\"https:\\\/\\\/www.ucaldas.edu.co\\\/portal\\\/#website\"},\"primaryImageOfPage\":{\"@id\":\"https:\\\/\\\/www.ucaldas.edu.co\\\/portal\\\/bienestar-universitario-adelanta-encuesta-de-caracterizacion-psicosocial\\\/#primaryimage\"},\"image\":{\"@id\":\"https:\\\/\\\/www.ucaldas.edu.co\\\/portal\\\/bienestar-universitario-adelanta-encuesta-de-caracterizacion-psicosocial\\\/#primaryimage\"},\"thumbnailUrl\":\"https:\\\/\\\/www.ucaldas.edu.co\\\/portal\\\/wp-content\\\/uploads\\\/2020\\\/07\\\/Psicosocial.jpeg\",\"datePublished\":\"2020-07-23T00:41:28+00:00\",\"breadcrumb\":{\"@id\":\"https:\\\/\\\/www.ucaldas.edu.co\\\/portal\\\/bienestar-universitario-adelanta-encuesta-de-caracterizacion-psicosocial\\\/#breadcrumb\"},\"inLanguage\":\"es\",\"potentialAction\":[{\"@type\":\"ReadAction\",\"target\":[\"https:\\\/\\\/www.ucaldas.edu.co\\\/portal\\\/bienestar-universitario-adelanta-encuesta-de-caracterizacion-psicosocial\\\/\"]}]},{\"@type\":\"ImageObject\",\"inLanguage\":\"es\",\"@id\":\"https:\\\/\\\/www.ucaldas.edu.co\\\/portal\\\/bienestar-universitario-adelanta-encuesta-de-caracterizacion-psicosocial\\\/#primaryimage\",\"url\":\"https:\\\/\\\/www.ucaldas.edu.co\\\/portal\\\/wp-content\\\/uploads\\\/2020\\\/07\\\/Psicosocial.jpeg\",\"contentUrl\":\"https:\\\/\\\/www.ucaldas.edu.co\\\/portal\\\/wp-content\\\/uploads\\\/2020\\\/07\\\/Psicosocial.jpeg\",\"width\":674,\"height\":360},{\"@type\":\"BreadcrumbList\",\"@id\":\"https:\\\/\\\/www.ucaldas.edu.co\\\/portal\\\/bienestar-universitario-adelanta-encuesta-de-caracterizacion-psicosocial\\\/#breadcrumb\",\"itemListElement\":[{\"@type\":\"ListItem\",\"position\":1,\"name\":\"Portada\",\"item\":\"https:\\\/\\\/www.ucaldas.edu.co\\\/portal\\\/\"},{\"@type\":\"ListItem\",\"position\":2,\"name\":\"Bienestar Universitario adelanta encuesta de caracterizaci\u00f3n psicosocial\"}]},{\"@type\":\"WebSite\",\"@id\":\"https:\\\/\\\/www.ucaldas.edu.co\\\/portal\\\/#website\",\"url\":\"https:\\\/\\\/www.ucaldas.edu.co\\\/portal\\\/\",\"name\":\"Universidad de Caldas\",\"description\":\"\",\"publisher\":{\"@id\":\"https:\\\/\\\/www.ucaldas.edu.co\\\/portal\\\/#organization\"},\"alternateName\":\"U. de Caldas\",\"potentialAction\":[{\"@type\":\"SearchAction\",\"target\":{\"@type\":\"EntryPoint\",\"urlTemplate\":\"https:\\\/\\\/www.ucaldas.edu.co\\\/portal\\\/?s={search_term_string}\"},\"query-input\":{\"@type\":\"PropertyValueSpecification\",\"valueRequired\":true,\"valueName\":\"search_term_string\"}}],\"inLanguage\":\"es\"},{\"@type\":\"Organization\",\"@id\":\"https:\\\/\\\/www.ucaldas.edu.co\\\/portal\\\/#organization\",\"name\":\"Universidad de Caldas\",\"alternateName\":\"U. de Caldas\",\"url\":\"https:\\\/\\\/www.ucaldas.edu.co\\\/portal\\\/\",\"logo\":{\"@type\":\"ImageObject\",\"inLanguage\":\"es\",\"@id\":\"https:\\\/\\\/www.ucaldas.edu.co\\\/portal\\\/#\\\/schema\\\/logo\\\/image\\\/\",\"url\":\"https:\\\/\\\/www.ucaldas.edu.co\\\/portal\\\/wp-content\\\/uploads\\\/2023\\\/11\\\/Logo_horizontal_oscuroU-2023.png\",\"contentUrl\":\"https:\\\/\\\/www.ucaldas.edu.co\\\/portal\\\/wp-content\\\/uploads\\\/2023\\\/11\\\/Logo_horizontal_oscuroU-2023.png\",\"width\":263,\"height\":101,\"caption\":\"Universidad de Caldas\"},\"image\":{\"@id\":\"https:\\\/\\\/www.ucaldas.edu.co\\\/portal\\\/#\\\/schema\\\/logo\\\/image\\\/\"},\"sameAs\":[\"https:\\\/\\\/www.facebook.com\\\/udecaldas\",\"https:\\\/\\\/x.com\\\/udecaldas\",\"https:\\\/\\\/www.youtube.com\\\/universidadcaldas\",\"https:\\\/\\\/www.instagram.com\\\/udecaldas\\\/\"]},{\"@type\":\"Person\",\"@id\":\"https:\\\/\\\/www.ucaldas.edu.co\\\/portal\\\/#\\\/schema\\\/person\\\/a1b482e23449158b4bc319926c074fdf\",\"name\":\"ofiprensa\",\"image\":{\"@type\":\"ImageObject\",\"inLanguage\":\"es\",\"@id\":\"https:\\\/\\\/www.ucaldas.edu.co\\\/portal\\\/wp-content\\\/litespeed\\\/avatar\\\/09ea5085e600095a7a811142c6944527.jpg?ver=1777497608\",\"url\":\"https:\\\/\\\/www.ucaldas.edu.co\\\/portal\\\/wp-content\\\/litespeed\\\/avatar\\\/09ea5085e600095a7a811142c6944527.jpg?ver=1777497608\",\"contentUrl\":\"https:\\\/\\\/www.ucaldas.edu.co\\\/portal\\\/wp-content\\\/litespeed\\\/avatar\\\/09ea5085e600095a7a811142c6944527.jpg?ver=1777497608\",\"caption\":\"ofiprensa\"},\"url\":\"https:\\\/\\\/www.ucaldas.edu.co\\\/portal\\\/author\\\/ofiprensa\\\/\"}]}<\/script>\n<!-- \/ Yoast SEO plugin. -->","yoast_head_json":{"title":"Bienestar Universitario adelanta encuesta de caracterizaci\u00f3n psicosocial .","robots":{"index":"index","follow":"follow","max-snippet":"max-snippet:-1","max-image-preview":"max-image-preview:large","max-video-preview":"max-video-preview:-1"},"canonical":"https:\/\/www.ucaldas.edu.co\/portal\/bienestar-universitario-adelanta-encuesta-de-caracterizacion-psicosocial\/","schema":{"@context":"https:\/\/schema.org","@graph":[{"@type":"Article","@id":"https:\/\/www.ucaldas.edu.co\/portal\/bienestar-universitario-adelanta-encuesta-de-caracterizacion-psicosocial\/#article","isPartOf":{"@id":"https:\/\/www.ucaldas.edu.co\/portal\/bienestar-universitario-adelanta-encuesta-de-caracterizacion-psicosocial\/"},"author":{"name":"ofiprensa","@id":"https:\/\/www.ucaldas.edu.co\/portal\/#\/schema\/person\/a1b482e23449158b4bc319926c074fdf"},"headline":"Bienestar Universitario adelanta encuesta de caracterizaci\u00f3n psicosocial","datePublished":"2020-07-23T00:41:28+00:00","mainEntityOfPage":{"@id":"https:\/\/www.ucaldas.edu.co\/portal\/bienestar-universitario-adelanta-encuesta-de-caracterizacion-psicosocial\/"},"wordCount":206,"publisher":{"@id":"https:\/\/www.ucaldas.edu.co\/portal\/#organization"},"image":{"@id":"https:\/\/www.ucaldas.edu.co\/portal\/bienestar-universitario-adelanta-encuesta-de-caracterizacion-psicosocial\/#primaryimage"},"thumbnailUrl":"https:\/\/www.ucaldas.edu.co\/portal\/wp-content\/uploads\/2020\/07\/Psicosocial.jpeg","keywords":["estudiantes","salud mental","encuesta","caracter\u00edsticas socioecon\u00f3micas"],"articleSection":["Actualidad","Universidad al D\u00eda"],"inLanguage":"es"},{"@type":"WebPage","@id":"https:\/\/www.ucaldas.edu.co\/portal\/bienestar-universitario-adelanta-encuesta-de-caracterizacion-psicosocial\/","url":"https:\/\/www.ucaldas.edu.co\/portal\/bienestar-universitario-adelanta-encuesta-de-caracterizacion-psicosocial\/","name":"Bienestar Universitario adelanta encuesta de caracterizaci\u00f3n psicosocial .","isPartOf":{"@id":"https:\/\/www.ucaldas.edu.co\/portal\/#website"},"primaryImageOfPage":{"@id":"https:\/\/www.ucaldas.edu.co\/portal\/bienestar-universitario-adelanta-encuesta-de-caracterizacion-psicosocial\/#primaryimage"},"image":{"@id":"https:\/\/www.ucaldas.edu.co\/portal\/bienestar-universitario-adelanta-encuesta-de-caracterizacion-psicosocial\/#primaryimage"},"thumbnailUrl":"https:\/\/www.ucaldas.edu.co\/portal\/wp-content\/uploads\/2020\/07\/Psicosocial.jpeg","datePublished":"2020-07-23T00:41:28+00:00","breadcrumb":{"@id":"https:\/\/www.ucaldas.edu.co\/portal\/bienestar-universitario-adelanta-encuesta-de-caracterizacion-psicosocial\/#breadcrumb"},"inLanguage":"es","potentialAction":[{"@type":"ReadAction","target":["https:\/\/www.ucaldas.edu.co\/portal\/bienestar-universitario-adelanta-encuesta-de-caracterizacion-psicosocial\/"]}]},{"@type":"ImageObject","inLanguage":"es","@id":"https:\/\/www.ucaldas.edu.co\/portal\/bienestar-universitario-adelanta-encuesta-de-caracterizacion-psicosocial\/#primaryimage","url":"https:\/\/www.ucaldas.edu.co\/portal\/wp-content\/uploads\/2020\/07\/Psicosocial.jpeg","contentUrl":"https:\/\/www.ucaldas.edu.co\/portal\/wp-content\/uploads\/2020\/07\/Psicosocial.jpeg","width":674,"height":360},{"@type":"BreadcrumbList","@id":"https:\/\/www.ucaldas.edu.co\/portal\/bienestar-universitario-adelanta-encuesta-de-caracterizacion-psicosocial\/#breadcrumb","itemListElement":[{"@type":"ListItem","position":1,"name":"Portada","item":"https:\/\/www.ucaldas.edu.co\/portal\/"},{"@type":"ListItem","position":2,"name":"Bienestar Universitario adelanta encuesta de caracterizaci\u00f3n psicosocial"}]},{"@type":"WebSite","@id":"https:\/\/www.ucaldas.edu.co\/portal\/#website","url":"https:\/\/www.ucaldas.edu.co\/portal\/","name":"Universidad de Caldas","description":"","publisher":{"@id":"https:\/\/www.ucaldas.edu.co\/portal\/#organization"},"alternateName":"U. de Caldas","potentialAction":[{"@type":"SearchAction","target":{"@type":"EntryPoint","urlTemplate":"https:\/\/www.ucaldas.edu.co\/portal\/?s={search_term_string}"},"query-input":{"@type":"PropertyValueSpecification","valueRequired":true,"valueName":"search_term_string"}}],"inLanguage":"es"},{"@type":"Organization","@id":"https:\/\/www.ucaldas.edu.co\/portal\/#organization","name":"Universidad de Caldas","alternateName":"U. de Caldas","url":"https:\/\/www.ucaldas.edu.co\/portal\/","logo":{"@type":"ImageObject","inLanguage":"es","@id":"https:\/\/www.ucaldas.edu.co\/portal\/#\/schema\/logo\/image\/","url":"https:\/\/www.ucaldas.edu.co\/portal\/wp-content\/uploads\/2023\/11\/Logo_horizontal_oscuroU-2023.png","contentUrl":"https:\/\/www.ucaldas.edu.co\/portal\/wp-content\/uploads\/2023\/11\/Logo_horizontal_oscuroU-2023.png","width":263,"height":101,"caption":"Universidad de Caldas"},"image":{"@id":"https:\/\/www.ucaldas.edu.co\/portal\/#\/schema\/logo\/image\/"},"sameAs":["https:\/\/www.facebook.com\/udecaldas","https:\/\/x.com\/udecaldas","https:\/\/www.youtube.com\/universidadcaldas","https:\/\/www.instagram.com\/udecaldas\/"]},{"@type":"Person","@id":"https:\/\/www.ucaldas.edu.co\/portal\/#\/schema\/person\/a1b482e23449158b4bc319926c074fdf","name":"ofiprensa","image":{"@type":"ImageObject","inLanguage":"es","@id":"https:\/\/www.ucaldas.edu.co\/portal\/wp-content\/litespeed\/avatar\/09ea5085e600095a7a811142c6944527.jpg?ver=1777497608","url":"https:\/\/www.ucaldas.edu.co\/portal\/wp-content\/litespeed\/avatar\/09ea5085e600095a7a811142c6944527.jpg?ver=1777497608","contentUrl":"https:\/\/www.ucaldas.edu.co\/portal\/wp-content\/litespeed\/avatar\/09ea5085e600095a7a811142c6944527.jpg?ver=1777497608","caption":"ofiprensa"},"url":"https:\/\/www.ucaldas.edu.co\/portal\/author\/ofiprensa\/"}]}},"_links":{"self":[{"href":"https:\/\/www.ucaldas.edu.co\/portal\/wp-json\/wp\/v2\/posts\/57201","targetHints":{"allow":["GET"]}}],"collection":[{"href":"https:\/\/www.ucaldas.edu.co\/portal\/wp-json\/wp\/v2\/posts"}],"about":[{"href":"https:\/\/www.ucaldas.edu.co\/portal\/wp-json\/wp\/v2\/types\/post"}],"author":[{"embeddable":true,"href":"https:\/\/www.ucaldas.edu.co\/portal\/wp-json\/wp\/v2\/users\/2"}],"replies":[{"embeddable":true,"href":"https:\/\/www.ucaldas.edu.co\/portal\/wp-json\/wp\/v2\/comments?post=57201"}],"version-history":[{"count":0,"href":"https:\/\/www.ucaldas.edu.co\/portal\/wp-json\/wp\/v2\/posts\/57201\/revisions"}],"wp:featuredmedia":[{"embeddable":true,"href":"https:\/\/www.ucaldas.edu.co\/portal\/wp-json\/wp\/v2\/media\/57202"}],"wp:attachment":[{"href":"https:\/\/www.ucaldas.edu.co\/portal\/wp-json\/wp\/v2\/media?parent=57201"}],"wp:term":[{"taxonomy":"category","embeddable":true,"href":"https:\/\/www.ucaldas.edu.co\/portal\/wp-json\/wp\/v2\/categories?post=57201"},{"taxonomy":"post_tag","embeddable":true,"href":"https:\/\/www.ucaldas.edu.co\/portal\/wp-json\/wp\/v2\/tags?post=57201"}],"curies":[{"name":"wp","href":"https:\/\/api.w.org\/{rel}","templated":true}]}}