{"id":57195,"date":"2020-07-22T00:18:56","date_gmt":"2020-07-22T00:18:56","guid":{"rendered":"https:\/\/www.ucaldas.edu.co\/portal\/?p=57195"},"modified":"2020-07-22T00:18:56","modified_gmt":"2020-07-22T00:18:56","slug":"ministerio-de-educacion-nacional-renueva-la-acreditacion-de-alta-calidad-al-programa-de-sociologia-por-cuatro-anos","status":"publish","type":"post","link":"https:\/\/www.ucaldas.edu.co\/portal\/ministerio-de-educacion-nacional-renueva-la-acreditacion-de-alta-calidad-al-programa-de-sociologia-por-cuatro-anos\/","title":{"rendered":"Ministerio de Educaci\u00f3n Nacional renueva la acreditaci\u00f3n de alta calidad al programa de Sociolog\u00eda\u00a0por cuatro a\u00f1os"},"content":{"rendered":"<p style=\"text-align: center;\">MEDIANTE RESOLUCI\u00d3N 013196 DEL 17 DE JULIO DE 2020<\/p>\n<p style=\"text-align: center;\"><strong><b>Ministerio de Educaci\u00f3n Nacional renueva la acreditaci\u00f3n de alta calidad al programa de S<\/b><\/strong><strong><b>ociolog\u00eda<\/b><\/strong><strong><b>\u00a0por cuatro a\u00f1os<\/b><\/strong><\/p>\n<p style=\"text-align: right;\">21\/07\/2020<\/p>\n<p><strong><b><img loading=\"lazy\" decoding=\"async\" class=\"alignnone size-full wp-image-57196 aligncenter\" src=\"https:\/\/www.ucaldas.edu.co\/portal\/wp-content\/uploads\/2020\/07\/Acreditaci\u00f3n.jpeg\" alt=\"\" width=\"700\" height=\"400\" srcset=\"https:\/\/www.ucaldas.edu.co\/portal\/wp-content\/uploads\/2020\/07\/Acreditaci\u00f3n.jpeg 700w, https:\/\/www.ucaldas.edu.co\/portal\/wp-content\/uploads\/2020\/07\/Acreditaci\u00f3n-300x171.jpeg 300w\" sizes=\"auto, (max-width: 700px) 100vw, 700px\" \/>\u00a0<\/b><\/strong><\/p>\n<p>El\u00a0Programa de Sociolog\u00eda de la Universidad de Caldas recibi\u00f3 del Ministerio de Educaci\u00f3n Nacional (MEN) la renovaci\u00f3n de su acreditaci\u00f3n de alta calidad, por cuatro a\u00f1os. De acuerdo con las resoluci\u00f3n 0131196: \u201cSe ha demostrado que el programa de programa SOCIOLOG\u00cdA de la UNIVERSIDAD DE CALDAS, con lugar de desarrollo en MANIZALES., ha logrado niveles de calidad suficientes para que, de acuerdo con las normas que rigen la materia, sea reconocido p\u00fablicamente este hecho a trav\u00e9s de un acto formal\u201d.<\/p>\n<p><!--more--><\/p>\n<p>El\u00a0Consejo Nacional de Acreditaci\u00f3n (CNA) destaca aspectos del programa como :<\/p>\n<p>&nbsp;<\/p>\n<ul>\n<li>La movilidad estudiantil internacional entrante de 13 y saliente de 12 durante el periodo de observaci\u00f3n.<\/li>\n<\/ul>\n<p>&nbsp;<\/p>\n<ul>\n<li>Los grupos de investigaci\u00f3n que apoya al Programa; Comunicaci\u00f3n, Cultura y Sociedad clasificado A en el Sistema Nacional de Ciencia, Tecnolog\u00eda e Innovaci\u00f3n SNCTI, el grupo Territorialidades clasificado A y el grupo IDACANZAS clasificado C.<\/li>\n<\/ul>\n<p>&nbsp;<\/p>\n<ul>\n<li>Las 40 actividades de extensi\u00f3n durante el periodo de observaci\u00f3n, que incluyen talleres, foros, seminarios, encuentros, congresos, sustentaciones p\u00fablicas de trabajos, entre otras acciones relacionadas con el \u00e1rea disciplinar.<\/li>\n<\/ul>\n<p>&nbsp;<\/p>\n<p>La Acreditaci\u00f3n en Alta Calidad es el acto por el cual el Estado adopta y hace publico el reconocimiento que los pares acad\u00e9micos hacen de la comprobaci\u00f3n que efect\u00faa una instituci\u00f3n sobre la calidad de sus programas acad\u00e9micos, su organizaci\u00f3n, funcionamiento y el cumplimiento de su funci\u00f3n social, constituy\u00e9ndose en instrumento para el mejoramiento de la calidad de la educaci\u00f3n superior.<\/p>\n<p><strong><b>\u00a0<\/b><\/strong><\/p>\n<p><strong><b>Anexo:<\/b><\/strong><\/p>\n<p><a href=\"https:\/\/www.ucaldas.edu.co\/portal\/r_013196_17072020\/\"><strong><u><b>Resoluci\u00f3n Ministerio de Educaci\u00f3n de renovaci\u00f3n de alta calidad al programa de Sociolog\u00eda<\/b><\/u><\/strong><\/a><\/p>\n<p><strong><b>\u00a0<\/b><\/strong><\/p>\n<p><strong><b>Informes: <\/b><\/strong>Oficina de Comunicaciones y Prensa Universidad de Caldas.<\/p>\n<p><strong><b>Redacci\u00f3n:<\/b><\/strong>\u00a0Adriana Salazar Villegas<\/p>\n<p>&nbsp;<\/p>\n","protected":false},"excerpt":{"rendered":"<p>MEDIANTE RESOLUCI\u00d3N 013196 DEL 17 DE JULIO DE 2020 Ministerio de Educaci\u00f3n Nacional renueva la acreditaci\u00f3n de alta calidad al programa de Sociolog\u00eda\u00a0por cuatro a\u00f1os 21\/07\/2020 \u00a0 El\u00a0Programa de Sociolog\u00eda de la Universidad de Caldas recibi\u00f3 del Ministerio de Educaci\u00f3n Nacional (MEN) la renovaci\u00f3n de su acreditaci\u00f3n de alta calidad, por cuatro a\u00f1os. De acuerdo [&hellip;]<\/p>\n","protected":false},"author":2,"featured_media":57196,"comment_status":"closed","ping_status":"open","sticky":false,"template":"","format":"standard","meta":{"footnotes":""},"categories":[48,53],"tags":[367,1927,2609,3774],"class_list":["post-57195","post","type-post","status-publish","format-standard","has-post-thumbnail","hentry","category-actualidad","category-universidad-al-dia","tag-sociologia","tag-men","tag-acreditacion-alta-calidad","tag-cna"],"yoast_head":"<!-- This site is optimized with the Yoast SEO plugin v27.5 - https:\/\/yoast.com\/product\/yoast-seo-wordpress\/ -->\n<title>Ministerio de Educaci\u00f3n Nacional renueva la acreditaci\u00f3n de alta calidad al programa de Sociolog\u00eda\u00a0por cuatro a\u00f1os .<\/title>\n<meta name=\"robots\" content=\"index, follow, max-snippet:-1, max-image-preview:large, max-video-preview:-1\" \/>\n<link rel=\"canonical\" href=\"https:\/\/www.ucaldas.edu.co\/portal\/ministerio-de-educacion-nacional-renueva-la-acreditacion-de-alta-calidad-al-programa-de-sociologia-por-cuatro-anos\/\" \/>\n<script type=\"application\/ld+json\" class=\"yoast-schema-graph\">{\"@context\":\"https:\\\/\\\/schema.org\",\"@graph\":[{\"@type\":\"Article\",\"@id\":\"https:\\\/\\\/www.ucaldas.edu.co\\\/portal\\\/ministerio-de-educacion-nacional-renueva-la-acreditacion-de-alta-calidad-al-programa-de-sociologia-por-cuatro-anos\\\/#article\",\"isPartOf\":{\"@id\":\"https:\\\/\\\/www.ucaldas.edu.co\\\/portal\\\/ministerio-de-educacion-nacional-renueva-la-acreditacion-de-alta-calidad-al-programa-de-sociologia-por-cuatro-anos\\\/\"},\"author\":{\"name\":\"ofiprensa\",\"@id\":\"https:\\\/\\\/www.ucaldas.edu.co\\\/portal\\\/#\\\/schema\\\/person\\\/a1b482e23449158b4bc319926c074fdf\"},\"headline\":\"Ministerio de Educaci\u00f3n Nacional renueva la acreditaci\u00f3n de alta calidad al programa de Sociolog\u00eda\u00a0por cuatro a\u00f1os\",\"datePublished\":\"2020-07-22T00:18:56+00:00\",\"mainEntityOfPage\":{\"@id\":\"https:\\\/\\\/www.ucaldas.edu.co\\\/portal\\\/ministerio-de-educacion-nacional-renueva-la-acreditacion-de-alta-calidad-al-programa-de-sociologia-por-cuatro-anos\\\/\"},\"wordCount\":344,\"publisher\":{\"@id\":\"https:\\\/\\\/www.ucaldas.edu.co\\\/portal\\\/#organization\"},\"image\":{\"@id\":\"https:\\\/\\\/www.ucaldas.edu.co\\\/portal\\\/ministerio-de-educacion-nacional-renueva-la-acreditacion-de-alta-calidad-al-programa-de-sociologia-por-cuatro-anos\\\/#primaryimage\"},\"thumbnailUrl\":\"https:\\\/\\\/www.ucaldas.edu.co\\\/portal\\\/wp-content\\\/uploads\\\/2020\\\/07\\\/Acreditaci\u00f3n.jpeg\",\"keywords\":[\"Sociolog\u00eda\",\"MEN\",\"Acreditaci\u00f3n Alta Calidad\",\"CNA\"],\"articleSection\":[\"Actualidad\",\"Universidad al D\u00eda\"],\"inLanguage\":\"es\"},{\"@type\":\"WebPage\",\"@id\":\"https:\\\/\\\/www.ucaldas.edu.co\\\/portal\\\/ministerio-de-educacion-nacional-renueva-la-acreditacion-de-alta-calidad-al-programa-de-sociologia-por-cuatro-anos\\\/\",\"url\":\"https:\\\/\\\/www.ucaldas.edu.co\\\/portal\\\/ministerio-de-educacion-nacional-renueva-la-acreditacion-de-alta-calidad-al-programa-de-sociologia-por-cuatro-anos\\\/\",\"name\":\"Ministerio de Educaci\u00f3n Nacional renueva la acreditaci\u00f3n de alta calidad al programa de Sociolog\u00eda\u00a0por cuatro a\u00f1os .\",\"isPartOf\":{\"@id\":\"https:\\\/\\\/www.ucaldas.edu.co\\\/portal\\\/#website\"},\"primaryImageOfPage\":{\"@id\":\"https:\\\/\\\/www.ucaldas.edu.co\\\/portal\\\/ministerio-de-educacion-nacional-renueva-la-acreditacion-de-alta-calidad-al-programa-de-sociologia-por-cuatro-anos\\\/#primaryimage\"},\"image\":{\"@id\":\"https:\\\/\\\/www.ucaldas.edu.co\\\/portal\\\/ministerio-de-educacion-nacional-renueva-la-acreditacion-de-alta-calidad-al-programa-de-sociologia-por-cuatro-anos\\\/#primaryimage\"},\"thumbnailUrl\":\"https:\\\/\\\/www.ucaldas.edu.co\\\/portal\\\/wp-content\\\/uploads\\\/2020\\\/07\\\/Acreditaci\u00f3n.jpeg\",\"datePublished\":\"2020-07-22T00:18:56+00:00\",\"breadcrumb\":{\"@id\":\"https:\\\/\\\/www.ucaldas.edu.co\\\/portal\\\/ministerio-de-educacion-nacional-renueva-la-acreditacion-de-alta-calidad-al-programa-de-sociologia-por-cuatro-anos\\\/#breadcrumb\"},\"inLanguage\":\"es\",\"potentialAction\":[{\"@type\":\"ReadAction\",\"target\":[\"https:\\\/\\\/www.ucaldas.edu.co\\\/portal\\\/ministerio-de-educacion-nacional-renueva-la-acreditacion-de-alta-calidad-al-programa-de-sociologia-por-cuatro-anos\\\/\"]}]},{\"@type\":\"ImageObject\",\"inLanguage\":\"es\",\"@id\":\"https:\\\/\\\/www.ucaldas.edu.co\\\/portal\\\/ministerio-de-educacion-nacional-renueva-la-acreditacion-de-alta-calidad-al-programa-de-sociologia-por-cuatro-anos\\\/#primaryimage\",\"url\":\"https:\\\/\\\/www.ucaldas.edu.co\\\/portal\\\/wp-content\\\/uploads\\\/2020\\\/07\\\/Acreditaci\u00f3n.jpeg\",\"contentUrl\":\"https:\\\/\\\/www.ucaldas.edu.co\\\/portal\\\/wp-content\\\/uploads\\\/2020\\\/07\\\/Acreditaci\u00f3n.jpeg\",\"width\":700,\"height\":400},{\"@type\":\"BreadcrumbList\",\"@id\":\"https:\\\/\\\/www.ucaldas.edu.co\\\/portal\\\/ministerio-de-educacion-nacional-renueva-la-acreditacion-de-alta-calidad-al-programa-de-sociologia-por-cuatro-anos\\\/#breadcrumb\",\"itemListElement\":[{\"@type\":\"ListItem\",\"position\":1,\"name\":\"Portada\",\"item\":\"https:\\\/\\\/www.ucaldas.edu.co\\\/portal\\\/\"},{\"@type\":\"ListItem\",\"position\":2,\"name\":\"Ministerio de Educaci\u00f3n Nacional renueva la acreditaci\u00f3n de alta calidad al programa de Sociolog\u00eda\u00a0por cuatro a\u00f1os\"}]},{\"@type\":\"WebSite\",\"@id\":\"https:\\\/\\\/www.ucaldas.edu.co\\\/portal\\\/#website\",\"url\":\"https:\\\/\\\/www.ucaldas.edu.co\\\/portal\\\/\",\"name\":\"Universidad de Caldas\",\"description\":\"\",\"publisher\":{\"@id\":\"https:\\\/\\\/www.ucaldas.edu.co\\\/portal\\\/#organization\"},\"alternateName\":\"U. de Caldas\",\"potentialAction\":[{\"@type\":\"SearchAction\",\"target\":{\"@type\":\"EntryPoint\",\"urlTemplate\":\"https:\\\/\\\/www.ucaldas.edu.co\\\/portal\\\/?s={search_term_string}\"},\"query-input\":{\"@type\":\"PropertyValueSpecification\",\"valueRequired\":true,\"valueName\":\"search_term_string\"}}],\"inLanguage\":\"es\"},{\"@type\":\"Organization\",\"@id\":\"https:\\\/\\\/www.ucaldas.edu.co\\\/portal\\\/#organization\",\"name\":\"Universidad de Caldas\",\"alternateName\":\"U. de Caldas\",\"url\":\"https:\\\/\\\/www.ucaldas.edu.co\\\/portal\\\/\",\"logo\":{\"@type\":\"ImageObject\",\"inLanguage\":\"es\",\"@id\":\"https:\\\/\\\/www.ucaldas.edu.co\\\/portal\\\/#\\\/schema\\\/logo\\\/image\\\/\",\"url\":\"https:\\\/\\\/www.ucaldas.edu.co\\\/portal\\\/wp-content\\\/uploads\\\/2023\\\/11\\\/Logo_horizontal_oscuroU-2023.png\",\"contentUrl\":\"https:\\\/\\\/www.ucaldas.edu.co\\\/portal\\\/wp-content\\\/uploads\\\/2023\\\/11\\\/Logo_horizontal_oscuroU-2023.png\",\"width\":263,\"height\":101,\"caption\":\"Universidad de Caldas\"},\"image\":{\"@id\":\"https:\\\/\\\/www.ucaldas.edu.co\\\/portal\\\/#\\\/schema\\\/logo\\\/image\\\/\"},\"sameAs\":[\"https:\\\/\\\/www.facebook.com\\\/udecaldas\",\"https:\\\/\\\/x.com\\\/udecaldas\",\"https:\\\/\\\/www.youtube.com\\\/universidadcaldas\",\"https:\\\/\\\/www.instagram.com\\\/udecaldas\\\/\"]},{\"@type\":\"Person\",\"@id\":\"https:\\\/\\\/www.ucaldas.edu.co\\\/portal\\\/#\\\/schema\\\/person\\\/a1b482e23449158b4bc319926c074fdf\",\"name\":\"ofiprensa\",\"image\":{\"@type\":\"ImageObject\",\"inLanguage\":\"es\",\"@id\":\"https:\\\/\\\/www.ucaldas.edu.co\\\/portal\\\/wp-content\\\/litespeed\\\/avatar\\\/09ea5085e600095a7a811142c6944527.jpg?ver=1777497608\",\"url\":\"https:\\\/\\\/www.ucaldas.edu.co\\\/portal\\\/wp-content\\\/litespeed\\\/avatar\\\/09ea5085e600095a7a811142c6944527.jpg?ver=1777497608\",\"contentUrl\":\"https:\\\/\\\/www.ucaldas.edu.co\\\/portal\\\/wp-content\\\/litespeed\\\/avatar\\\/09ea5085e600095a7a811142c6944527.jpg?ver=1777497608\",\"caption\":\"ofiprensa\"},\"url\":\"https:\\\/\\\/www.ucaldas.edu.co\\\/portal\\\/author\\\/ofiprensa\\\/\"}]}<\/script>\n<!-- \/ Yoast SEO plugin. -->","yoast_head_json":{"title":"Ministerio de Educaci\u00f3n Nacional renueva la acreditaci\u00f3n de alta calidad al programa de Sociolog\u00eda\u00a0por cuatro a\u00f1os .","robots":{"index":"index","follow":"follow","max-snippet":"max-snippet:-1","max-image-preview":"max-image-preview:large","max-video-preview":"max-video-preview:-1"},"canonical":"https:\/\/www.ucaldas.edu.co\/portal\/ministerio-de-educacion-nacional-renueva-la-acreditacion-de-alta-calidad-al-programa-de-sociologia-por-cuatro-anos\/","schema":{"@context":"https:\/\/schema.org","@graph":[{"@type":"Article","@id":"https:\/\/www.ucaldas.edu.co\/portal\/ministerio-de-educacion-nacional-renueva-la-acreditacion-de-alta-calidad-al-programa-de-sociologia-por-cuatro-anos\/#article","isPartOf":{"@id":"https:\/\/www.ucaldas.edu.co\/portal\/ministerio-de-educacion-nacional-renueva-la-acreditacion-de-alta-calidad-al-programa-de-sociologia-por-cuatro-anos\/"},"author":{"name":"ofiprensa","@id":"https:\/\/www.ucaldas.edu.co\/portal\/#\/schema\/person\/a1b482e23449158b4bc319926c074fdf"},"headline":"Ministerio de Educaci\u00f3n Nacional renueva la acreditaci\u00f3n de alta calidad al programa de Sociolog\u00eda\u00a0por cuatro a\u00f1os","datePublished":"2020-07-22T00:18:56+00:00","mainEntityOfPage":{"@id":"https:\/\/www.ucaldas.edu.co\/portal\/ministerio-de-educacion-nacional-renueva-la-acreditacion-de-alta-calidad-al-programa-de-sociologia-por-cuatro-anos\/"},"wordCount":344,"publisher":{"@id":"https:\/\/www.ucaldas.edu.co\/portal\/#organization"},"image":{"@id":"https:\/\/www.ucaldas.edu.co\/portal\/ministerio-de-educacion-nacional-renueva-la-acreditacion-de-alta-calidad-al-programa-de-sociologia-por-cuatro-anos\/#primaryimage"},"thumbnailUrl":"https:\/\/www.ucaldas.edu.co\/portal\/wp-content\/uploads\/2020\/07\/Acreditaci\u00f3n.jpeg","keywords":["Sociolog\u00eda","MEN","Acreditaci\u00f3n Alta Calidad","CNA"],"articleSection":["Actualidad","Universidad al D\u00eda"],"inLanguage":"es"},{"@type":"WebPage","@id":"https:\/\/www.ucaldas.edu.co\/portal\/ministerio-de-educacion-nacional-renueva-la-acreditacion-de-alta-calidad-al-programa-de-sociologia-por-cuatro-anos\/","url":"https:\/\/www.ucaldas.edu.co\/portal\/ministerio-de-educacion-nacional-renueva-la-acreditacion-de-alta-calidad-al-programa-de-sociologia-por-cuatro-anos\/","name":"Ministerio de Educaci\u00f3n Nacional renueva la acreditaci\u00f3n de alta calidad al programa de Sociolog\u00eda\u00a0por cuatro a\u00f1os .","isPartOf":{"@id":"https:\/\/www.ucaldas.edu.co\/portal\/#website"},"primaryImageOfPage":{"@id":"https:\/\/www.ucaldas.edu.co\/portal\/ministerio-de-educacion-nacional-renueva-la-acreditacion-de-alta-calidad-al-programa-de-sociologia-por-cuatro-anos\/#primaryimage"},"image":{"@id":"https:\/\/www.ucaldas.edu.co\/portal\/ministerio-de-educacion-nacional-renueva-la-acreditacion-de-alta-calidad-al-programa-de-sociologia-por-cuatro-anos\/#primaryimage"},"thumbnailUrl":"https:\/\/www.ucaldas.edu.co\/portal\/wp-content\/uploads\/2020\/07\/Acreditaci\u00f3n.jpeg","datePublished":"2020-07-22T00:18:56+00:00","breadcrumb":{"@id":"https:\/\/www.ucaldas.edu.co\/portal\/ministerio-de-educacion-nacional-renueva-la-acreditacion-de-alta-calidad-al-programa-de-sociologia-por-cuatro-anos\/#breadcrumb"},"inLanguage":"es","potentialAction":[{"@type":"ReadAction","target":["https:\/\/www.ucaldas.edu.co\/portal\/ministerio-de-educacion-nacional-renueva-la-acreditacion-de-alta-calidad-al-programa-de-sociologia-por-cuatro-anos\/"]}]},{"@type":"ImageObject","inLanguage":"es","@id":"https:\/\/www.ucaldas.edu.co\/portal\/ministerio-de-educacion-nacional-renueva-la-acreditacion-de-alta-calidad-al-programa-de-sociologia-por-cuatro-anos\/#primaryimage","url":"https:\/\/www.ucaldas.edu.co\/portal\/wp-content\/uploads\/2020\/07\/Acreditaci\u00f3n.jpeg","contentUrl":"https:\/\/www.ucaldas.edu.co\/portal\/wp-content\/uploads\/2020\/07\/Acreditaci\u00f3n.jpeg","width":700,"height":400},{"@type":"BreadcrumbList","@id":"https:\/\/www.ucaldas.edu.co\/portal\/ministerio-de-educacion-nacional-renueva-la-acreditacion-de-alta-calidad-al-programa-de-sociologia-por-cuatro-anos\/#breadcrumb","itemListElement":[{"@type":"ListItem","position":1,"name":"Portada","item":"https:\/\/www.ucaldas.edu.co\/portal\/"},{"@type":"ListItem","position":2,"name":"Ministerio de Educaci\u00f3n Nacional renueva la acreditaci\u00f3n de alta calidad al programa de Sociolog\u00eda\u00a0por cuatro a\u00f1os"}]},{"@type":"WebSite","@id":"https:\/\/www.ucaldas.edu.co\/portal\/#website","url":"https:\/\/www.ucaldas.edu.co\/portal\/","name":"Universidad de Caldas","description":"","publisher":{"@id":"https:\/\/www.ucaldas.edu.co\/portal\/#organization"},"alternateName":"U. de Caldas","potentialAction":[{"@type":"SearchAction","target":{"@type":"EntryPoint","urlTemplate":"https:\/\/www.ucaldas.edu.co\/portal\/?s={search_term_string}"},"query-input":{"@type":"PropertyValueSpecification","valueRequired":true,"valueName":"search_term_string"}}],"inLanguage":"es"},{"@type":"Organization","@id":"https:\/\/www.ucaldas.edu.co\/portal\/#organization","name":"Universidad de Caldas","alternateName":"U. de Caldas","url":"https:\/\/www.ucaldas.edu.co\/portal\/","logo":{"@type":"ImageObject","inLanguage":"es","@id":"https:\/\/www.ucaldas.edu.co\/portal\/#\/schema\/logo\/image\/","url":"https:\/\/www.ucaldas.edu.co\/portal\/wp-content\/uploads\/2023\/11\/Logo_horizontal_oscuroU-2023.png","contentUrl":"https:\/\/www.ucaldas.edu.co\/portal\/wp-content\/uploads\/2023\/11\/Logo_horizontal_oscuroU-2023.png","width":263,"height":101,"caption":"Universidad de Caldas"},"image":{"@id":"https:\/\/www.ucaldas.edu.co\/portal\/#\/schema\/logo\/image\/"},"sameAs":["https:\/\/www.facebook.com\/udecaldas","https:\/\/x.com\/udecaldas","https:\/\/www.youtube.com\/universidadcaldas","https:\/\/www.instagram.com\/udecaldas\/"]},{"@type":"Person","@id":"https:\/\/www.ucaldas.edu.co\/portal\/#\/schema\/person\/a1b482e23449158b4bc319926c074fdf","name":"ofiprensa","image":{"@type":"ImageObject","inLanguage":"es","@id":"https:\/\/www.ucaldas.edu.co\/portal\/wp-content\/litespeed\/avatar\/09ea5085e600095a7a811142c6944527.jpg?ver=1777497608","url":"https:\/\/www.ucaldas.edu.co\/portal\/wp-content\/litespeed\/avatar\/09ea5085e600095a7a811142c6944527.jpg?ver=1777497608","contentUrl":"https:\/\/www.ucaldas.edu.co\/portal\/wp-content\/litespeed\/avatar\/09ea5085e600095a7a811142c6944527.jpg?ver=1777497608","caption":"ofiprensa"},"url":"https:\/\/www.ucaldas.edu.co\/portal\/author\/ofiprensa\/"}]}},"_links":{"self":[{"href":"https:\/\/www.ucaldas.edu.co\/portal\/wp-json\/wp\/v2\/posts\/57195","targetHints":{"allow":["GET"]}}],"collection":[{"href":"https:\/\/www.ucaldas.edu.co\/portal\/wp-json\/wp\/v2\/posts"}],"about":[{"href":"https:\/\/www.ucaldas.edu.co\/portal\/wp-json\/wp\/v2\/types\/post"}],"author":[{"embeddable":true,"href":"https:\/\/www.ucaldas.edu.co\/portal\/wp-json\/wp\/v2\/users\/2"}],"replies":[{"embeddable":true,"href":"https:\/\/www.ucaldas.edu.co\/portal\/wp-json\/wp\/v2\/comments?post=57195"}],"version-history":[{"count":0,"href":"https:\/\/www.ucaldas.edu.co\/portal\/wp-json\/wp\/v2\/posts\/57195\/revisions"}],"wp:featuredmedia":[{"embeddable":true,"href":"https:\/\/www.ucaldas.edu.co\/portal\/wp-json\/wp\/v2\/media\/57196"}],"wp:attachment":[{"href":"https:\/\/www.ucaldas.edu.co\/portal\/wp-json\/wp\/v2\/media?parent=57195"}],"wp:term":[{"taxonomy":"category","embeddable":true,"href":"https:\/\/www.ucaldas.edu.co\/portal\/wp-json\/wp\/v2\/categories?post=57195"},{"taxonomy":"post_tag","embeddable":true,"href":"https:\/\/www.ucaldas.edu.co\/portal\/wp-json\/wp\/v2\/tags?post=57195"}],"curies":[{"name":"wp","href":"https:\/\/api.w.org\/{rel}","templated":true}]}}