{"id":5674,"date":"2010-05-08T17:46:20","date_gmt":"2010-05-08T22:46:20","guid":{"rendered":"https:\/\/www.ucaldas.edu.co\/portal\/?p=5674"},"modified":"2010-05-08T17:46:20","modified_gmt":"2010-05-08T22:46:20","slug":"50-anos-de-la-primera-promocion-del-programa-de-medicina","status":"publish","type":"post","link":"https:\/\/www.ucaldas.edu.co\/portal\/50-anos-de-la-primera-promocion-del-programa-de-medicina\/","title":{"rendered":"50 a\u00f1os de la primera promoci\u00f3n del Programa de Medicina"},"content":{"rendered":"<p>&nbsp;<\/p>\n<hr id=\"system-readmore\" \/>\n<p>&nbsp;<\/p>\n<p>&nbsp;<\/p>\n<table border=\"0\">\n<tbody>\n<tr>\n<td><img loading=\"lazy\" decoding=\"async\" style=\"border: 0px\" alt=\"\" src=\"http:\/\/www.ucaldas.edu.co\/images\/stories\/50_medicina.jpg\" width=\"264\" height=\"140\" border=\"0\" \/><\/td>\n<td><b>Agenda II Encuentro de Egresados de Medicina 50 a\u00f1os de la Primera Promoci\u00f3n niversidad de Caldas<\/b><\/td>\n<\/tr>\n<\/tbody>\n<\/table>\n<div align=\"center\"><b>S\u00e1bado 15 de mayo del 2010<\/b><\/div>\n<p><b>Auditorio Ernesto Guti\u00e9rrez Arango, Sede Versalles<\/b><\/p>\n<p><b>7:00 a.m.<\/b> Inscripciones y credenciales<br \/>\n<b>8:00 a.m.<\/b> Inauguraci\u00f3n del Tercer Encuentro de Egresados.<\/p>\n<p><b>Programa acad\u00e9mico y cient\u00edfico: una mirada al pasado, presente y futuro de la salud.<\/b><\/p>\n<p><b>8:30 a.m.<\/b><i> Machos afectivos: Una propuesta hacia una nueva masculinidad<\/i>. Carlos Alberto Montoya.<br \/>\n<b>9:10 a.m.<\/b> Conferencia de Jorge Eduardo Montes, egresado invitado internacional.<br \/>\n<b>9:50 a.m.<\/b> <i>Aproximaciones a la autonom\u00eda m\u00e9dica<\/i>. Gustavo Malag\u00f3n.<br \/>\n<b>10:30 a.m.<\/b> Caf\u00e9 y refrigerio.<br \/>\n<b>10:50 a.m.<\/b> Inauguraci\u00f3n del Sal\u00f3n de la Memoria Hist\u00f3rica de la Salud en Caldas. Ricardo G\u00f3mez Giraldo, Rector de la Universidad de Caldas; Dolly Magnolia Gonz\u00e1lez Hoyos, Decana de la Facultad de Ciencias para la Salud; y Academia de Medicina de Caldas.<\/p>\n<p><b>2:00 p.m.<\/b> Conferencia de Yesid Guti\u00e9rrez Hoyos, egresado invitado internacional.<br \/>\n<b>2:40 p.m.<\/b> <i>Referentes te\u00f3ricos para mejorar la eficiencia de la educaci\u00f3n m\u00e9dica continuada<\/i>. Gustavo Reyes Duque.<br \/>\n<b>3:20 p.m.<\/b> Caf\u00e9 y refrigerio.<br \/>\n<b>3:40 p.m.<\/b> <i>Apuntes sobre la historia del programa de Medicina de la Facultad de Ciencias para la Salud<\/i>. Francisco Gonz\u00e1lez L\u00f3pez.<br \/>\n<b>4:20 p.m.<\/b> Conferencia <i>Sepsis, armas de fuego y microscopios<\/i>. Johan Sebasti\u00e1n Hern\u00e1ndez.<br \/>\n<b>5:00 p.m.<\/b> Presentaci\u00f3n l\u00fadica <i>Trauma y Tango<\/i>. Rodolfo Cabrales Vega y Jorge Arturo Miranda Rosero.<br \/>\n<b>7:00 p.m.<\/b> Encuentros de egresados, por especialidades m\u00e9dicas, y de generaciones de egresados.<\/p>\n<p>&nbsp;<\/p>\n<div align=\"center\"><b>Domingo 16 de mayo del 2010<\/p>\n<p><\/b><\/div>\n<div align=\"center\"><\/div>\n<p><b>Auditorio Ernesto Guti\u00e9rrez Arango, Sede Versalles<\/b><\/p>\n<p><b>Tercer Encuentro de Humanidades M\u00e9dicas<\/b><br \/>\n<b>8:30 a.m.<\/b> <i>Dante Alighieri y la Medicina<\/i>. Orlando Mej\u00eda Rivera.<br \/>\n<b>9:10 a.m.<\/b> <i>S\u00e1tira y caricatura de la medicina<\/i>. Gustavo L\u00f3pez Ramos.<br \/>\n<b>9:50 a.m.<\/b> Caf\u00e9 y refrigerio.<br \/>\n<b>10:10 a.m.<\/b> <i>Mitos griegos y Medicina<\/i>. \u00d3scar Jaramillo Robledo.<br \/>\n<b>11:50 a.m.<\/b> <i>La Web 2.0, una nueva herramienta para el trabajo colaborativo en internet<\/i>. Fernando \u00c1lvarez L\u00f3pez.<\/p>\n<p><b>2:30 p.m.<\/b> <i>Una mirada al darwinismo<\/i>. Rafael Mac\u00eda Mej\u00eda<br \/>\n<b>3:10 p.m.<\/b> <i>Reflexiones sobre el humanismo m\u00e9dico<\/i>. Adolfo Vera<br \/>\n<b>3:50 p.m.<\/b> Caf\u00e9 y refrigerio<br \/>\n<b>4:10 p.m.<\/b> Homenaje a los egresados de la Primera Promoci\u00f3n de M\u00e9dicos de la Universidad de Caldas.<br \/>\n<b>5:15 p.m.<\/b> Concierto del Ensamble de Metales de Manizales, de la Universidad de Caldas.<br \/>\n<b>7:00 p.m.<\/b> Fiesta de Clausura. Corporaci\u00f3n Centro Manizales.<\/p>\n<p><b>Informes:<\/b> Oficina de Prensa de la Universidad de Caldas, tel\u00e9fono 878 15 00 extensi\u00f3n 11 167.<\/p>\n<p>Espere pronto m\u00e1s informaci\u00f3n&#8230;<\/p>\n","protected":false},"excerpt":{"rendered":"<p>&nbsp; &nbsp; &nbsp; Agenda II Encuentro de Egresados de Medicina 50 a\u00f1os de la Primera Promoci\u00f3n niversidad de Caldas S\u00e1bado 15 de mayo del 2010 Auditorio Ernesto Guti\u00e9rrez Arango, Sede Versalles 7:00 a.m. Inscripciones y credenciales 8:00 a.m. Inauguraci\u00f3n del Tercer Encuentro de Egresados. Programa acad\u00e9mico y cient\u00edfico: una mirada al pasado, presente y futuro [&hellip;]<\/p>\n","protected":false},"author":2,"featured_media":0,"comment_status":"closed","ping_status":"closed","sticky":false,"template":"","format":"standard","meta":{"footnotes":""},"categories":[48,53],"tags":[],"class_list":["post-5674","post","type-post","status-publish","format-standard","hentry","category-actualidad","category-universidad-al-dia"],"yoast_head":"<!-- This site is optimized with the Yoast SEO plugin v27.5 - https:\/\/yoast.com\/product\/yoast-seo-wordpress\/ -->\n<title>50 a\u00f1os de la primera promoci\u00f3n del Programa de Medicina .<\/title>\n<meta name=\"robots\" content=\"index, follow, max-snippet:-1, max-image-preview:large, max-video-preview:-1\" \/>\n<link rel=\"canonical\" href=\"https:\/\/www.ucaldas.edu.co\/portal\/50-anos-de-la-primera-promocion-del-programa-de-medicina\/\" \/>\n<script type=\"application\/ld+json\" class=\"yoast-schema-graph\">{\"@context\":\"https:\\\/\\\/schema.org\",\"@graph\":[{\"@type\":\"Article\",\"@id\":\"https:\\\/\\\/www.ucaldas.edu.co\\\/portal\\\/50-anos-de-la-primera-promocion-del-programa-de-medicina\\\/#article\",\"isPartOf\":{\"@id\":\"https:\\\/\\\/www.ucaldas.edu.co\\\/portal\\\/50-anos-de-la-primera-promocion-del-programa-de-medicina\\\/\"},\"author\":{\"name\":\"ofiprensa\",\"@id\":\"https:\\\/\\\/www.ucaldas.edu.co\\\/portal\\\/#\\\/schema\\\/person\\\/a1b482e23449158b4bc319926c074fdf\"},\"headline\":\"50 a\u00f1os de la primera promoci\u00f3n del Programa de Medicina\",\"datePublished\":\"2010-05-08T22:46:20+00:00\",\"mainEntityOfPage\":{\"@id\":\"https:\\\/\\\/www.ucaldas.edu.co\\\/portal\\\/50-anos-de-la-primera-promocion-del-programa-de-medicina\\\/\"},\"wordCount\":423,\"publisher\":{\"@id\":\"https:\\\/\\\/www.ucaldas.edu.co\\\/portal\\\/#organization\"},\"image\":{\"@id\":\"https:\\\/\\\/www.ucaldas.edu.co\\\/portal\\\/50-anos-de-la-primera-promocion-del-programa-de-medicina\\\/#primaryimage\"},\"thumbnailUrl\":\"http:\\\/\\\/www.ucaldas.edu.co\\\/images\\\/stories\\\/50_medicina.jpg\",\"articleSection\":[\"Actualidad\",\"Universidad al D\u00eda\"],\"inLanguage\":\"es\"},{\"@type\":\"WebPage\",\"@id\":\"https:\\\/\\\/www.ucaldas.edu.co\\\/portal\\\/50-anos-de-la-primera-promocion-del-programa-de-medicina\\\/\",\"url\":\"https:\\\/\\\/www.ucaldas.edu.co\\\/portal\\\/50-anos-de-la-primera-promocion-del-programa-de-medicina\\\/\",\"name\":\"50 a\u00f1os de la primera promoci\u00f3n del Programa de Medicina .\",\"isPartOf\":{\"@id\":\"https:\\\/\\\/www.ucaldas.edu.co\\\/portal\\\/#website\"},\"primaryImageOfPage\":{\"@id\":\"https:\\\/\\\/www.ucaldas.edu.co\\\/portal\\\/50-anos-de-la-primera-promocion-del-programa-de-medicina\\\/#primaryimage\"},\"image\":{\"@id\":\"https:\\\/\\\/www.ucaldas.edu.co\\\/portal\\\/50-anos-de-la-primera-promocion-del-programa-de-medicina\\\/#primaryimage\"},\"thumbnailUrl\":\"http:\\\/\\\/www.ucaldas.edu.co\\\/images\\\/stories\\\/50_medicina.jpg\",\"datePublished\":\"2010-05-08T22:46:20+00:00\",\"breadcrumb\":{\"@id\":\"https:\\\/\\\/www.ucaldas.edu.co\\\/portal\\\/50-anos-de-la-primera-promocion-del-programa-de-medicina\\\/#breadcrumb\"},\"inLanguage\":\"es\",\"potentialAction\":[{\"@type\":\"ReadAction\",\"target\":[\"https:\\\/\\\/www.ucaldas.edu.co\\\/portal\\\/50-anos-de-la-primera-promocion-del-programa-de-medicina\\\/\"]}]},{\"@type\":\"ImageObject\",\"inLanguage\":\"es\",\"@id\":\"https:\\\/\\\/www.ucaldas.edu.co\\\/portal\\\/50-anos-de-la-primera-promocion-del-programa-de-medicina\\\/#primaryimage\",\"url\":\"http:\\\/\\\/www.ucaldas.edu.co\\\/images\\\/stories\\\/50_medicina.jpg\",\"contentUrl\":\"http:\\\/\\\/www.ucaldas.edu.co\\\/images\\\/stories\\\/50_medicina.jpg\"},{\"@type\":\"BreadcrumbList\",\"@id\":\"https:\\\/\\\/www.ucaldas.edu.co\\\/portal\\\/50-anos-de-la-primera-promocion-del-programa-de-medicina\\\/#breadcrumb\",\"itemListElement\":[{\"@type\":\"ListItem\",\"position\":1,\"name\":\"Portada\",\"item\":\"https:\\\/\\\/www.ucaldas.edu.co\\\/portal\\\/\"},{\"@type\":\"ListItem\",\"position\":2,\"name\":\"50 a\u00f1os de la primera promoci\u00f3n del Programa de Medicina\"}]},{\"@type\":\"WebSite\",\"@id\":\"https:\\\/\\\/www.ucaldas.edu.co\\\/portal\\\/#website\",\"url\":\"https:\\\/\\\/www.ucaldas.edu.co\\\/portal\\\/\",\"name\":\"Universidad de Caldas\",\"description\":\"\",\"publisher\":{\"@id\":\"https:\\\/\\\/www.ucaldas.edu.co\\\/portal\\\/#organization\"},\"alternateName\":\"U. de Caldas\",\"potentialAction\":[{\"@type\":\"SearchAction\",\"target\":{\"@type\":\"EntryPoint\",\"urlTemplate\":\"https:\\\/\\\/www.ucaldas.edu.co\\\/portal\\\/?s={search_term_string}\"},\"query-input\":{\"@type\":\"PropertyValueSpecification\",\"valueRequired\":true,\"valueName\":\"search_term_string\"}}],\"inLanguage\":\"es\"},{\"@type\":\"Organization\",\"@id\":\"https:\\\/\\\/www.ucaldas.edu.co\\\/portal\\\/#organization\",\"name\":\"Universidad de Caldas\",\"alternateName\":\"U. de Caldas\",\"url\":\"https:\\\/\\\/www.ucaldas.edu.co\\\/portal\\\/\",\"logo\":{\"@type\":\"ImageObject\",\"inLanguage\":\"es\",\"@id\":\"https:\\\/\\\/www.ucaldas.edu.co\\\/portal\\\/#\\\/schema\\\/logo\\\/image\\\/\",\"url\":\"https:\\\/\\\/www.ucaldas.edu.co\\\/portal\\\/wp-content\\\/uploads\\\/2023\\\/11\\\/Logo_horizontal_oscuroU-2023.png\",\"contentUrl\":\"https:\\\/\\\/www.ucaldas.edu.co\\\/portal\\\/wp-content\\\/uploads\\\/2023\\\/11\\\/Logo_horizontal_oscuroU-2023.png\",\"width\":263,\"height\":101,\"caption\":\"Universidad de Caldas\"},\"image\":{\"@id\":\"https:\\\/\\\/www.ucaldas.edu.co\\\/portal\\\/#\\\/schema\\\/logo\\\/image\\\/\"},\"sameAs\":[\"https:\\\/\\\/www.facebook.com\\\/udecaldas\",\"https:\\\/\\\/x.com\\\/udecaldas\",\"https:\\\/\\\/www.youtube.com\\\/universidadcaldas\",\"https:\\\/\\\/www.instagram.com\\\/udecaldas\\\/\"]},{\"@type\":\"Person\",\"@id\":\"https:\\\/\\\/www.ucaldas.edu.co\\\/portal\\\/#\\\/schema\\\/person\\\/a1b482e23449158b4bc319926c074fdf\",\"name\":\"ofiprensa\",\"image\":{\"@type\":\"ImageObject\",\"inLanguage\":\"es\",\"@id\":\"https:\\\/\\\/www.ucaldas.edu.co\\\/portal\\\/wp-content\\\/litespeed\\\/avatar\\\/09ea5085e600095a7a811142c6944527.jpg?ver=1777497608\",\"url\":\"https:\\\/\\\/www.ucaldas.edu.co\\\/portal\\\/wp-content\\\/litespeed\\\/avatar\\\/09ea5085e600095a7a811142c6944527.jpg?ver=1777497608\",\"contentUrl\":\"https:\\\/\\\/www.ucaldas.edu.co\\\/portal\\\/wp-content\\\/litespeed\\\/avatar\\\/09ea5085e600095a7a811142c6944527.jpg?ver=1777497608\",\"caption\":\"ofiprensa\"},\"url\":\"https:\\\/\\\/www.ucaldas.edu.co\\\/portal\\\/author\\\/ofiprensa\\\/\"}]}<\/script>\n<!-- \/ Yoast SEO plugin. -->","yoast_head_json":{"title":"50 a\u00f1os de la primera promoci\u00f3n del Programa de Medicina .","robots":{"index":"index","follow":"follow","max-snippet":"max-snippet:-1","max-image-preview":"max-image-preview:large","max-video-preview":"max-video-preview:-1"},"canonical":"https:\/\/www.ucaldas.edu.co\/portal\/50-anos-de-la-primera-promocion-del-programa-de-medicina\/","schema":{"@context":"https:\/\/schema.org","@graph":[{"@type":"Article","@id":"https:\/\/www.ucaldas.edu.co\/portal\/50-anos-de-la-primera-promocion-del-programa-de-medicina\/#article","isPartOf":{"@id":"https:\/\/www.ucaldas.edu.co\/portal\/50-anos-de-la-primera-promocion-del-programa-de-medicina\/"},"author":{"name":"ofiprensa","@id":"https:\/\/www.ucaldas.edu.co\/portal\/#\/schema\/person\/a1b482e23449158b4bc319926c074fdf"},"headline":"50 a\u00f1os de la primera promoci\u00f3n del Programa de Medicina","datePublished":"2010-05-08T22:46:20+00:00","mainEntityOfPage":{"@id":"https:\/\/www.ucaldas.edu.co\/portal\/50-anos-de-la-primera-promocion-del-programa-de-medicina\/"},"wordCount":423,"publisher":{"@id":"https:\/\/www.ucaldas.edu.co\/portal\/#organization"},"image":{"@id":"https:\/\/www.ucaldas.edu.co\/portal\/50-anos-de-la-primera-promocion-del-programa-de-medicina\/#primaryimage"},"thumbnailUrl":"http:\/\/www.ucaldas.edu.co\/images\/stories\/50_medicina.jpg","articleSection":["Actualidad","Universidad al D\u00eda"],"inLanguage":"es"},{"@type":"WebPage","@id":"https:\/\/www.ucaldas.edu.co\/portal\/50-anos-de-la-primera-promocion-del-programa-de-medicina\/","url":"https:\/\/www.ucaldas.edu.co\/portal\/50-anos-de-la-primera-promocion-del-programa-de-medicina\/","name":"50 a\u00f1os de la primera promoci\u00f3n del Programa de Medicina .","isPartOf":{"@id":"https:\/\/www.ucaldas.edu.co\/portal\/#website"},"primaryImageOfPage":{"@id":"https:\/\/www.ucaldas.edu.co\/portal\/50-anos-de-la-primera-promocion-del-programa-de-medicina\/#primaryimage"},"image":{"@id":"https:\/\/www.ucaldas.edu.co\/portal\/50-anos-de-la-primera-promocion-del-programa-de-medicina\/#primaryimage"},"thumbnailUrl":"http:\/\/www.ucaldas.edu.co\/images\/stories\/50_medicina.jpg","datePublished":"2010-05-08T22:46:20+00:00","breadcrumb":{"@id":"https:\/\/www.ucaldas.edu.co\/portal\/50-anos-de-la-primera-promocion-del-programa-de-medicina\/#breadcrumb"},"inLanguage":"es","potentialAction":[{"@type":"ReadAction","target":["https:\/\/www.ucaldas.edu.co\/portal\/50-anos-de-la-primera-promocion-del-programa-de-medicina\/"]}]},{"@type":"ImageObject","inLanguage":"es","@id":"https:\/\/www.ucaldas.edu.co\/portal\/50-anos-de-la-primera-promocion-del-programa-de-medicina\/#primaryimage","url":"http:\/\/www.ucaldas.edu.co\/images\/stories\/50_medicina.jpg","contentUrl":"http:\/\/www.ucaldas.edu.co\/images\/stories\/50_medicina.jpg"},{"@type":"BreadcrumbList","@id":"https:\/\/www.ucaldas.edu.co\/portal\/50-anos-de-la-primera-promocion-del-programa-de-medicina\/#breadcrumb","itemListElement":[{"@type":"ListItem","position":1,"name":"Portada","item":"https:\/\/www.ucaldas.edu.co\/portal\/"},{"@type":"ListItem","position":2,"name":"50 a\u00f1os de la primera promoci\u00f3n del Programa de Medicina"}]},{"@type":"WebSite","@id":"https:\/\/www.ucaldas.edu.co\/portal\/#website","url":"https:\/\/www.ucaldas.edu.co\/portal\/","name":"Universidad de Caldas","description":"","publisher":{"@id":"https:\/\/www.ucaldas.edu.co\/portal\/#organization"},"alternateName":"U. de Caldas","potentialAction":[{"@type":"SearchAction","target":{"@type":"EntryPoint","urlTemplate":"https:\/\/www.ucaldas.edu.co\/portal\/?s={search_term_string}"},"query-input":{"@type":"PropertyValueSpecification","valueRequired":true,"valueName":"search_term_string"}}],"inLanguage":"es"},{"@type":"Organization","@id":"https:\/\/www.ucaldas.edu.co\/portal\/#organization","name":"Universidad de Caldas","alternateName":"U. de Caldas","url":"https:\/\/www.ucaldas.edu.co\/portal\/","logo":{"@type":"ImageObject","inLanguage":"es","@id":"https:\/\/www.ucaldas.edu.co\/portal\/#\/schema\/logo\/image\/","url":"https:\/\/www.ucaldas.edu.co\/portal\/wp-content\/uploads\/2023\/11\/Logo_horizontal_oscuroU-2023.png","contentUrl":"https:\/\/www.ucaldas.edu.co\/portal\/wp-content\/uploads\/2023\/11\/Logo_horizontal_oscuroU-2023.png","width":263,"height":101,"caption":"Universidad de Caldas"},"image":{"@id":"https:\/\/www.ucaldas.edu.co\/portal\/#\/schema\/logo\/image\/"},"sameAs":["https:\/\/www.facebook.com\/udecaldas","https:\/\/x.com\/udecaldas","https:\/\/www.youtube.com\/universidadcaldas","https:\/\/www.instagram.com\/udecaldas\/"]},{"@type":"Person","@id":"https:\/\/www.ucaldas.edu.co\/portal\/#\/schema\/person\/a1b482e23449158b4bc319926c074fdf","name":"ofiprensa","image":{"@type":"ImageObject","inLanguage":"es","@id":"https:\/\/www.ucaldas.edu.co\/portal\/wp-content\/litespeed\/avatar\/09ea5085e600095a7a811142c6944527.jpg?ver=1777497608","url":"https:\/\/www.ucaldas.edu.co\/portal\/wp-content\/litespeed\/avatar\/09ea5085e600095a7a811142c6944527.jpg?ver=1777497608","contentUrl":"https:\/\/www.ucaldas.edu.co\/portal\/wp-content\/litespeed\/avatar\/09ea5085e600095a7a811142c6944527.jpg?ver=1777497608","caption":"ofiprensa"},"url":"https:\/\/www.ucaldas.edu.co\/portal\/author\/ofiprensa\/"}]}},"_links":{"self":[{"href":"https:\/\/www.ucaldas.edu.co\/portal\/wp-json\/wp\/v2\/posts\/5674","targetHints":{"allow":["GET"]}}],"collection":[{"href":"https:\/\/www.ucaldas.edu.co\/portal\/wp-json\/wp\/v2\/posts"}],"about":[{"href":"https:\/\/www.ucaldas.edu.co\/portal\/wp-json\/wp\/v2\/types\/post"}],"author":[{"embeddable":true,"href":"https:\/\/www.ucaldas.edu.co\/portal\/wp-json\/wp\/v2\/users\/2"}],"replies":[{"embeddable":true,"href":"https:\/\/www.ucaldas.edu.co\/portal\/wp-json\/wp\/v2\/comments?post=5674"}],"version-history":[{"count":0,"href":"https:\/\/www.ucaldas.edu.co\/portal\/wp-json\/wp\/v2\/posts\/5674\/revisions"}],"wp:attachment":[{"href":"https:\/\/www.ucaldas.edu.co\/portal\/wp-json\/wp\/v2\/media?parent=5674"}],"wp:term":[{"taxonomy":"category","embeddable":true,"href":"https:\/\/www.ucaldas.edu.co\/portal\/wp-json\/wp\/v2\/categories?post=5674"},{"taxonomy":"post_tag","embeddable":true,"href":"https:\/\/www.ucaldas.edu.co\/portal\/wp-json\/wp\/v2\/tags?post=5674"}],"curies":[{"name":"wp","href":"https:\/\/api.w.org\/{rel}","templated":true}]}}