{"id":5670,"date":"2010-05-07T17:44:41","date_gmt":"2010-05-07T22:44:41","guid":{"rendered":"https:\/\/www.ucaldas.edu.co\/portal\/?p=5670"},"modified":"2010-05-07T17:44:41","modified_gmt":"2010-05-07T22:44:41","slug":"equipo-directivo-de-la-u-de-caldas-abre-contacto-universitario","status":"publish","type":"post","link":"https:\/\/www.ucaldas.edu.co\/portal\/equipo-directivo-de-la-u-de-caldas-abre-contacto-universitario\/","title":{"rendered":"Equipo directivo de la U. de Caldas abre contacto universitario"},"content":{"rendered":"<p>Espacio de conversaci\u00f3n a trav\u00e9s de los\u00a0 consejos de facultad<\/p>\n<hr id=\"system-readmore\" \/>\n<p align=\"center\">\n<table border=\"0\">\n<tbody>\n<tr>\n<td><img loading=\"lazy\" decoding=\"async\" style=\"border: 0px\" alt=\"Palogrande\" src=\"http:\/\/www.ucaldas.edu.co\/images\/palogrande.jpg\" width=\"210\" height=\"150\" border=\"0\" \/><\/td>\n<td>Contacto Universitario es un espacio de conversaci\u00f3n entre los voceros designados por las facultades y la direcci\u00f3n universitaria. Lo coordina el Consejo de cada Facultad y es abierto al p\u00fablico en general.<\/td>\n<\/tr>\n<\/tbody>\n<\/table>\n<p>&nbsp;<\/p>\n<p>Este lunes se realizar\u00e1 el primero de estos encuentros correspondiente a la Facultad de Ciencias Jur\u00eddicas y Sociales. El objetivo es conversar en un espacio abierto,\u00a0 sobre asuntos estrat\u00e9gicos y de inter\u00e9s com\u00fan, propuestos por los acad\u00e9micos, a trav\u00e9s de los consejos de Facultad.<\/p>\n<p>&nbsp;<\/p>\n<p>El encuentro ser\u00e1 este lunes 10 de mayo, en el auditorio Tulio G\u00f3mez Estrada, a partir de las 7:30 a.m.<\/p>\n<p>&nbsp;<\/p>\n<p>Esta iniciativa orientada a fortalecer la comunicaci\u00f3n al interior de la Universidad, permite\u00a0 enriquecer miradas, vivencias y convivencias. Tambi\u00e9n, contribuye a la construcci\u00f3n de una visi\u00f3n compartida sobre nuestra Instituci\u00f3n.<\/p>\n<p>&nbsp;<\/p>\n<p>Mayores informes, en la Oficina de Prensa. Tel\u00e9fono 878 15 00, extensi\u00f3n 11167.<\/p>\n","protected":false},"excerpt":{"rendered":"<p>Espacio de conversaci\u00f3n a trav\u00e9s de los\u00a0 consejos de facultad Contacto Universitario es un espacio de conversaci\u00f3n entre los voceros designados por las facultades y la direcci\u00f3n universitaria. Lo coordina el Consejo de cada Facultad y es abierto al p\u00fablico en general. &nbsp; Este lunes se realizar\u00e1 el primero de estos encuentros correspondiente a la [&hellip;]<\/p>\n","protected":false},"author":2,"featured_media":0,"comment_status":"closed","ping_status":"closed","sticky":false,"template":"","format":"standard","meta":{"footnotes":""},"categories":[48,53],"tags":[],"class_list":["post-5670","post","type-post","status-publish","format-standard","hentry","category-actualidad","category-universidad-al-dia"],"yoast_head":"<!-- This site is optimized with the Yoast SEO plugin v27.5 - https:\/\/yoast.com\/product\/yoast-seo-wordpress\/ -->\n<title>Equipo directivo de la U. de Caldas abre contacto universitario .<\/title>\n<meta name=\"robots\" content=\"index, follow, max-snippet:-1, max-image-preview:large, max-video-preview:-1\" \/>\n<link rel=\"canonical\" href=\"https:\/\/www.ucaldas.edu.co\/portal\/equipo-directivo-de-la-u-de-caldas-abre-contacto-universitario\/\" \/>\n<script type=\"application\/ld+json\" class=\"yoast-schema-graph\">{\"@context\":\"https:\\\/\\\/schema.org\",\"@graph\":[{\"@type\":\"Article\",\"@id\":\"https:\\\/\\\/www.ucaldas.edu.co\\\/portal\\\/equipo-directivo-de-la-u-de-caldas-abre-contacto-universitario\\\/#article\",\"isPartOf\":{\"@id\":\"https:\\\/\\\/www.ucaldas.edu.co\\\/portal\\\/equipo-directivo-de-la-u-de-caldas-abre-contacto-universitario\\\/\"},\"author\":{\"name\":\"ofiprensa\",\"@id\":\"https:\\\/\\\/www.ucaldas.edu.co\\\/portal\\\/#\\\/schema\\\/person\\\/a1b482e23449158b4bc319926c074fdf\"},\"headline\":\"Equipo directivo de la U. de Caldas abre contacto universitario\",\"datePublished\":\"2010-05-07T22:44:41+00:00\",\"mainEntityOfPage\":{\"@id\":\"https:\\\/\\\/www.ucaldas.edu.co\\\/portal\\\/equipo-directivo-de-la-u-de-caldas-abre-contacto-universitario\\\/\"},\"wordCount\":177,\"publisher\":{\"@id\":\"https:\\\/\\\/www.ucaldas.edu.co\\\/portal\\\/#organization\"},\"image\":{\"@id\":\"https:\\\/\\\/www.ucaldas.edu.co\\\/portal\\\/equipo-directivo-de-la-u-de-caldas-abre-contacto-universitario\\\/#primaryimage\"},\"thumbnailUrl\":\"http:\\\/\\\/www.ucaldas.edu.co\\\/images\\\/palogrande.jpg\",\"articleSection\":[\"Actualidad\",\"Universidad al D\u00eda\"],\"inLanguage\":\"es\"},{\"@type\":\"WebPage\",\"@id\":\"https:\\\/\\\/www.ucaldas.edu.co\\\/portal\\\/equipo-directivo-de-la-u-de-caldas-abre-contacto-universitario\\\/\",\"url\":\"https:\\\/\\\/www.ucaldas.edu.co\\\/portal\\\/equipo-directivo-de-la-u-de-caldas-abre-contacto-universitario\\\/\",\"name\":\"Equipo directivo de la U. de Caldas abre contacto universitario .\",\"isPartOf\":{\"@id\":\"https:\\\/\\\/www.ucaldas.edu.co\\\/portal\\\/#website\"},\"primaryImageOfPage\":{\"@id\":\"https:\\\/\\\/www.ucaldas.edu.co\\\/portal\\\/equipo-directivo-de-la-u-de-caldas-abre-contacto-universitario\\\/#primaryimage\"},\"image\":{\"@id\":\"https:\\\/\\\/www.ucaldas.edu.co\\\/portal\\\/equipo-directivo-de-la-u-de-caldas-abre-contacto-universitario\\\/#primaryimage\"},\"thumbnailUrl\":\"http:\\\/\\\/www.ucaldas.edu.co\\\/images\\\/palogrande.jpg\",\"datePublished\":\"2010-05-07T22:44:41+00:00\",\"breadcrumb\":{\"@id\":\"https:\\\/\\\/www.ucaldas.edu.co\\\/portal\\\/equipo-directivo-de-la-u-de-caldas-abre-contacto-universitario\\\/#breadcrumb\"},\"inLanguage\":\"es\",\"potentialAction\":[{\"@type\":\"ReadAction\",\"target\":[\"https:\\\/\\\/www.ucaldas.edu.co\\\/portal\\\/equipo-directivo-de-la-u-de-caldas-abre-contacto-universitario\\\/\"]}]},{\"@type\":\"ImageObject\",\"inLanguage\":\"es\",\"@id\":\"https:\\\/\\\/www.ucaldas.edu.co\\\/portal\\\/equipo-directivo-de-la-u-de-caldas-abre-contacto-universitario\\\/#primaryimage\",\"url\":\"http:\\\/\\\/www.ucaldas.edu.co\\\/images\\\/palogrande.jpg\",\"contentUrl\":\"http:\\\/\\\/www.ucaldas.edu.co\\\/images\\\/palogrande.jpg\"},{\"@type\":\"BreadcrumbList\",\"@id\":\"https:\\\/\\\/www.ucaldas.edu.co\\\/portal\\\/equipo-directivo-de-la-u-de-caldas-abre-contacto-universitario\\\/#breadcrumb\",\"itemListElement\":[{\"@type\":\"ListItem\",\"position\":1,\"name\":\"Portada\",\"item\":\"https:\\\/\\\/www.ucaldas.edu.co\\\/portal\\\/\"},{\"@type\":\"ListItem\",\"position\":2,\"name\":\"Equipo directivo de la U. de Caldas abre contacto universitario\"}]},{\"@type\":\"WebSite\",\"@id\":\"https:\\\/\\\/www.ucaldas.edu.co\\\/portal\\\/#website\",\"url\":\"https:\\\/\\\/www.ucaldas.edu.co\\\/portal\\\/\",\"name\":\"Universidad de Caldas\",\"description\":\"\",\"publisher\":{\"@id\":\"https:\\\/\\\/www.ucaldas.edu.co\\\/portal\\\/#organization\"},\"alternateName\":\"U. de Caldas\",\"potentialAction\":[{\"@type\":\"SearchAction\",\"target\":{\"@type\":\"EntryPoint\",\"urlTemplate\":\"https:\\\/\\\/www.ucaldas.edu.co\\\/portal\\\/?s={search_term_string}\"},\"query-input\":{\"@type\":\"PropertyValueSpecification\",\"valueRequired\":true,\"valueName\":\"search_term_string\"}}],\"inLanguage\":\"es\"},{\"@type\":\"Organization\",\"@id\":\"https:\\\/\\\/www.ucaldas.edu.co\\\/portal\\\/#organization\",\"name\":\"Universidad de Caldas\",\"alternateName\":\"U. de Caldas\",\"url\":\"https:\\\/\\\/www.ucaldas.edu.co\\\/portal\\\/\",\"logo\":{\"@type\":\"ImageObject\",\"inLanguage\":\"es\",\"@id\":\"https:\\\/\\\/www.ucaldas.edu.co\\\/portal\\\/#\\\/schema\\\/logo\\\/image\\\/\",\"url\":\"https:\\\/\\\/www.ucaldas.edu.co\\\/portal\\\/wp-content\\\/uploads\\\/2023\\\/11\\\/Logo_horizontal_oscuroU-2023.png\",\"contentUrl\":\"https:\\\/\\\/www.ucaldas.edu.co\\\/portal\\\/wp-content\\\/uploads\\\/2023\\\/11\\\/Logo_horizontal_oscuroU-2023.png\",\"width\":263,\"height\":101,\"caption\":\"Universidad de Caldas\"},\"image\":{\"@id\":\"https:\\\/\\\/www.ucaldas.edu.co\\\/portal\\\/#\\\/schema\\\/logo\\\/image\\\/\"},\"sameAs\":[\"https:\\\/\\\/www.facebook.com\\\/udecaldas\",\"https:\\\/\\\/x.com\\\/udecaldas\",\"https:\\\/\\\/www.youtube.com\\\/universidadcaldas\",\"https:\\\/\\\/www.instagram.com\\\/udecaldas\\\/\"]},{\"@type\":\"Person\",\"@id\":\"https:\\\/\\\/www.ucaldas.edu.co\\\/portal\\\/#\\\/schema\\\/person\\\/a1b482e23449158b4bc319926c074fdf\",\"name\":\"ofiprensa\",\"image\":{\"@type\":\"ImageObject\",\"inLanguage\":\"es\",\"@id\":\"https:\\\/\\\/www.ucaldas.edu.co\\\/portal\\\/wp-content\\\/litespeed\\\/avatar\\\/09ea5085e600095a7a811142c6944527.jpg?ver=1777497608\",\"url\":\"https:\\\/\\\/www.ucaldas.edu.co\\\/portal\\\/wp-content\\\/litespeed\\\/avatar\\\/09ea5085e600095a7a811142c6944527.jpg?ver=1777497608\",\"contentUrl\":\"https:\\\/\\\/www.ucaldas.edu.co\\\/portal\\\/wp-content\\\/litespeed\\\/avatar\\\/09ea5085e600095a7a811142c6944527.jpg?ver=1777497608\",\"caption\":\"ofiprensa\"},\"url\":\"https:\\\/\\\/www.ucaldas.edu.co\\\/portal\\\/author\\\/ofiprensa\\\/\"}]}<\/script>\n<!-- \/ Yoast SEO plugin. -->","yoast_head_json":{"title":"Equipo directivo de la U. de Caldas abre contacto universitario .","robots":{"index":"index","follow":"follow","max-snippet":"max-snippet:-1","max-image-preview":"max-image-preview:large","max-video-preview":"max-video-preview:-1"},"canonical":"https:\/\/www.ucaldas.edu.co\/portal\/equipo-directivo-de-la-u-de-caldas-abre-contacto-universitario\/","schema":{"@context":"https:\/\/schema.org","@graph":[{"@type":"Article","@id":"https:\/\/www.ucaldas.edu.co\/portal\/equipo-directivo-de-la-u-de-caldas-abre-contacto-universitario\/#article","isPartOf":{"@id":"https:\/\/www.ucaldas.edu.co\/portal\/equipo-directivo-de-la-u-de-caldas-abre-contacto-universitario\/"},"author":{"name":"ofiprensa","@id":"https:\/\/www.ucaldas.edu.co\/portal\/#\/schema\/person\/a1b482e23449158b4bc319926c074fdf"},"headline":"Equipo directivo de la U. de Caldas abre contacto universitario","datePublished":"2010-05-07T22:44:41+00:00","mainEntityOfPage":{"@id":"https:\/\/www.ucaldas.edu.co\/portal\/equipo-directivo-de-la-u-de-caldas-abre-contacto-universitario\/"},"wordCount":177,"publisher":{"@id":"https:\/\/www.ucaldas.edu.co\/portal\/#organization"},"image":{"@id":"https:\/\/www.ucaldas.edu.co\/portal\/equipo-directivo-de-la-u-de-caldas-abre-contacto-universitario\/#primaryimage"},"thumbnailUrl":"http:\/\/www.ucaldas.edu.co\/images\/palogrande.jpg","articleSection":["Actualidad","Universidad al D\u00eda"],"inLanguage":"es"},{"@type":"WebPage","@id":"https:\/\/www.ucaldas.edu.co\/portal\/equipo-directivo-de-la-u-de-caldas-abre-contacto-universitario\/","url":"https:\/\/www.ucaldas.edu.co\/portal\/equipo-directivo-de-la-u-de-caldas-abre-contacto-universitario\/","name":"Equipo directivo de la U. de Caldas abre contacto universitario .","isPartOf":{"@id":"https:\/\/www.ucaldas.edu.co\/portal\/#website"},"primaryImageOfPage":{"@id":"https:\/\/www.ucaldas.edu.co\/portal\/equipo-directivo-de-la-u-de-caldas-abre-contacto-universitario\/#primaryimage"},"image":{"@id":"https:\/\/www.ucaldas.edu.co\/portal\/equipo-directivo-de-la-u-de-caldas-abre-contacto-universitario\/#primaryimage"},"thumbnailUrl":"http:\/\/www.ucaldas.edu.co\/images\/palogrande.jpg","datePublished":"2010-05-07T22:44:41+00:00","breadcrumb":{"@id":"https:\/\/www.ucaldas.edu.co\/portal\/equipo-directivo-de-la-u-de-caldas-abre-contacto-universitario\/#breadcrumb"},"inLanguage":"es","potentialAction":[{"@type":"ReadAction","target":["https:\/\/www.ucaldas.edu.co\/portal\/equipo-directivo-de-la-u-de-caldas-abre-contacto-universitario\/"]}]},{"@type":"ImageObject","inLanguage":"es","@id":"https:\/\/www.ucaldas.edu.co\/portal\/equipo-directivo-de-la-u-de-caldas-abre-contacto-universitario\/#primaryimage","url":"http:\/\/www.ucaldas.edu.co\/images\/palogrande.jpg","contentUrl":"http:\/\/www.ucaldas.edu.co\/images\/palogrande.jpg"},{"@type":"BreadcrumbList","@id":"https:\/\/www.ucaldas.edu.co\/portal\/equipo-directivo-de-la-u-de-caldas-abre-contacto-universitario\/#breadcrumb","itemListElement":[{"@type":"ListItem","position":1,"name":"Portada","item":"https:\/\/www.ucaldas.edu.co\/portal\/"},{"@type":"ListItem","position":2,"name":"Equipo directivo de la U. de Caldas abre contacto universitario"}]},{"@type":"WebSite","@id":"https:\/\/www.ucaldas.edu.co\/portal\/#website","url":"https:\/\/www.ucaldas.edu.co\/portal\/","name":"Universidad de Caldas","description":"","publisher":{"@id":"https:\/\/www.ucaldas.edu.co\/portal\/#organization"},"alternateName":"U. de Caldas","potentialAction":[{"@type":"SearchAction","target":{"@type":"EntryPoint","urlTemplate":"https:\/\/www.ucaldas.edu.co\/portal\/?s={search_term_string}"},"query-input":{"@type":"PropertyValueSpecification","valueRequired":true,"valueName":"search_term_string"}}],"inLanguage":"es"},{"@type":"Organization","@id":"https:\/\/www.ucaldas.edu.co\/portal\/#organization","name":"Universidad de Caldas","alternateName":"U. de Caldas","url":"https:\/\/www.ucaldas.edu.co\/portal\/","logo":{"@type":"ImageObject","inLanguage":"es","@id":"https:\/\/www.ucaldas.edu.co\/portal\/#\/schema\/logo\/image\/","url":"https:\/\/www.ucaldas.edu.co\/portal\/wp-content\/uploads\/2023\/11\/Logo_horizontal_oscuroU-2023.png","contentUrl":"https:\/\/www.ucaldas.edu.co\/portal\/wp-content\/uploads\/2023\/11\/Logo_horizontal_oscuroU-2023.png","width":263,"height":101,"caption":"Universidad de Caldas"},"image":{"@id":"https:\/\/www.ucaldas.edu.co\/portal\/#\/schema\/logo\/image\/"},"sameAs":["https:\/\/www.facebook.com\/udecaldas","https:\/\/x.com\/udecaldas","https:\/\/www.youtube.com\/universidadcaldas","https:\/\/www.instagram.com\/udecaldas\/"]},{"@type":"Person","@id":"https:\/\/www.ucaldas.edu.co\/portal\/#\/schema\/person\/a1b482e23449158b4bc319926c074fdf","name":"ofiprensa","image":{"@type":"ImageObject","inLanguage":"es","@id":"https:\/\/www.ucaldas.edu.co\/portal\/wp-content\/litespeed\/avatar\/09ea5085e600095a7a811142c6944527.jpg?ver=1777497608","url":"https:\/\/www.ucaldas.edu.co\/portal\/wp-content\/litespeed\/avatar\/09ea5085e600095a7a811142c6944527.jpg?ver=1777497608","contentUrl":"https:\/\/www.ucaldas.edu.co\/portal\/wp-content\/litespeed\/avatar\/09ea5085e600095a7a811142c6944527.jpg?ver=1777497608","caption":"ofiprensa"},"url":"https:\/\/www.ucaldas.edu.co\/portal\/author\/ofiprensa\/"}]}},"_links":{"self":[{"href":"https:\/\/www.ucaldas.edu.co\/portal\/wp-json\/wp\/v2\/posts\/5670","targetHints":{"allow":["GET"]}}],"collection":[{"href":"https:\/\/www.ucaldas.edu.co\/portal\/wp-json\/wp\/v2\/posts"}],"about":[{"href":"https:\/\/www.ucaldas.edu.co\/portal\/wp-json\/wp\/v2\/types\/post"}],"author":[{"embeddable":true,"href":"https:\/\/www.ucaldas.edu.co\/portal\/wp-json\/wp\/v2\/users\/2"}],"replies":[{"embeddable":true,"href":"https:\/\/www.ucaldas.edu.co\/portal\/wp-json\/wp\/v2\/comments?post=5670"}],"version-history":[{"count":0,"href":"https:\/\/www.ucaldas.edu.co\/portal\/wp-json\/wp\/v2\/posts\/5670\/revisions"}],"wp:attachment":[{"href":"https:\/\/www.ucaldas.edu.co\/portal\/wp-json\/wp\/v2\/media?parent=5670"}],"wp:term":[{"taxonomy":"category","embeddable":true,"href":"https:\/\/www.ucaldas.edu.co\/portal\/wp-json\/wp\/v2\/categories?post=5670"},{"taxonomy":"post_tag","embeddable":true,"href":"https:\/\/www.ucaldas.edu.co\/portal\/wp-json\/wp\/v2\/tags?post=5670"}],"curies":[{"name":"wp","href":"https:\/\/api.w.org\/{rel}","templated":true}]}}