{"id":56629,"date":"2020-06-24T23:54:54","date_gmt":"2020-06-24T23:54:54","guid":{"rendered":"https:\/\/www.ucaldas.edu.co\/portal\/?p=56629"},"modified":"2020-06-24T23:56:26","modified_gmt":"2020-06-24T23:56:26","slug":"movilidad-seguro-en-el-protocolo-de-bioseguridad-u-de-caldas","status":"publish","type":"post","link":"https:\/\/www.ucaldas.edu.co\/portal\/movilidad-seguro-en-el-protocolo-de-bioseguridad-u-de-caldas\/","title":{"rendered":"Movilidad Segura en el Protocolo de Bioseguridad U. de Caldas"},"content":{"rendered":"<p style=\"text-align: center;\">#UdeCaldasTeCuida<\/p>\n<p style=\"text-align: center;\"><strong><b>Movilidad Segura en el Protocolo de Bioseguridad U. de Caldas <\/b><\/strong><\/p>\n<p style=\"text-align: right;\">24\/06\/2020<\/p>\n<p><img loading=\"lazy\" decoding=\"async\" class=\"alignnone size-full wp-image-56630 aligncenter\" src=\"https:\/\/www.ucaldas.edu.co\/portal\/wp-content\/uploads\/2020\/06\/protocolo-vehiculo.jpg\" alt=\"\" width=\"700\" height=\"400\" srcset=\"https:\/\/www.ucaldas.edu.co\/portal\/wp-content\/uploads\/2020\/06\/protocolo-vehiculo.jpg 700w, https:\/\/www.ucaldas.edu.co\/portal\/wp-content\/uploads\/2020\/06\/protocolo-vehiculo-300x171.jpg 300w\" sizes=\"auto, (max-width: 700px) 100vw, 700px\" \/><\/p>\n<p>La Movilidad Segura es otro de los aspectos a resaltar dentro del Protocolo de Bioseguridad establecido por la Universidad de Caldas para el comienzo de las actividades presenciales.<\/p>\n<p><!--more--><\/p>\n<p>Medidas de seguridad en Transporte P\u00fablico:<\/p>\n<ul>\n<li>Se deber\u00e1 realizar higienizaci\u00f3n de manos antes y despu\u00e9s de cada trayecto.<\/li>\n<li>Se recomienda evitar el desplazamiento en este medio de transporte en horas pico.<\/li>\n<li>Al momento de subirse al transporte p\u00fablico la persona procurara\u0301 llevar el dinero exacto para evitar recibir cambio y acatar las recomendaciones dadas por el conductor.<\/li>\n<li>Evitar tocar pasamanos y barras de agarre.<\/li>\n<li>Procurar tener las manos libres, evitando el uso de celular, libros, entre otros.<\/li>\n<li>Deber\u00e1 conservar un distanciamiento de dos metros tanto durante la espera del transporte p\u00fablico como dentro del veh\u00edculo, lo m\u00e1s alejado posible con el uso permanente del tapabocas y el uso de gel antibacterial.<\/li>\n<li>Abrir ventanas del veh\u00edculo de ser posible para favorecer la ventilaci\u00f3n interna.<\/li>\n<li>Al abandonar el medio de transporte y llegar a la casa o al puesto de trabajo deber\u00e1 lavarse las manos siguiendo el protocolo.<\/li>\n<\/ul>\n<p>Medidas de seguridad en Transporte particular &#8211; Carro<\/p>\n<ul>\n<li>Se deber\u00e1 realizar higienizaci\u00f3n de manos antes y despu\u00e9s de cada trayecto.<\/li>\n<li>Al interior del veh\u00edculo se desplazar\u00e1n m\u00e1ximo tres personas manteniendo el distanciamiento f\u00edsico dentro del mismo.<\/li>\n<li>Abrir ventanas del veh\u00edculo de ser posible para favorecer la ventilaci\u00f3n interna. Evitar el uso de aire acondicionado en el veh\u00edculo. En caso de ser estrictamente necesario se recomienda verificar el estado del filtro del aire acondicionado. Es importante que los ductos de aireaci\u00f3n permanezcan limpios.<\/li>\n<li>A la llegada a los diferentes campus de la Universidad de Caldas, si en el veh\u00edculo se transportan varias personas, a excepci\u00f3n del conductor todos deber\u00e1n bajarse antes de ingresar al campus e ingresar por la porter\u00eda peatonal.<\/li>\n<li>Deber\u00e1 seguir estrictamente el protocolo de ingreso, tanto en la porter\u00eda peatonal como vehicular. El conductor del veh\u00edculo debe bajarse para la toma de temperatura y la realizaci\u00f3n de la aspersi\u00f3n e higienizaci\u00f3n de manos.<\/li>\n<li>Se proceder\u00e1 con la desinfecci\u00f3n de los veh\u00edculos al ingreso.<\/li>\n<li>Conservar un tiempo de ingreso prudencial entre dos veh\u00edculos, con el fin de facilitar el parqueo del veh\u00edculo que va a adelante y el cumplimiento de protocolos.<\/li>\n<li>Al seguir el trayecto de entrada, el conductor ubicara\u0301 un parqueadero con un espacio intermedio con otro veh\u00edculo, garantizando el distanciamiento entre estos. Al bajarse, realizara\u0301 el protocolo de desinfecci\u00f3n de las partes del veh\u00edculo que han sido manipuladas como: manijas, cintur\u00f3n de seguridad, tim\u00f3n, panel de instrumentos, palanca de cambios y freno de mano. Luego deber\u00e1 realizar el lavado de manos siguiendo el protocolo dirigi\u00e9ndose al lavamanos m\u00e1s cercano al parqueadero.<\/li>\n<li>Para abandonar las instalaciones de la Universidad, el conductor proceder\u00e1\u0301 a abrir puertas y bajar ventanillas del veh\u00edculo, con el fin de airear el interior por un tiempo de dos minutos. Al interior del veh\u00edculo se desplazar\u00e1n m\u00e1ximo tres personas manteniendo el distanciamiento f\u00edsico dentro del mismo.<\/li>\n<li>Si el conductor debe presentar alg\u00fan documento solicitado en la porter\u00eda vehicular lo debe mostrar al guarda de seguridad.<\/li>\n<\/ul>\n<p>Medidas de seguridad en Transporte particular &#8211; moto y bicicleta<\/p>\n<ul>\n<li>La moto ser\u00e1 ocupada \u00fanicamente por el conductor, al momento de ingresar a las instalaciones de la Universidad.<\/li>\n<li>Deber\u00e1n portar permanentemente el tapabocas por debajo del casco de seguridad.<\/li>\n<li>Al ingresar por la porter\u00eda vehicular deber\u00e1 aplicarse el protocolo definido en el punto 3 INGRESO.<\/li>\n<li>Se realizara\u0301 desinfecci\u00f3n de los neum\u00e1ticos en la entrada a partir de bomba manual (que asperje soluci\u00f3n de hipoclorito de sodio al 0.1%).<\/li>\n<li>Al seguir el trayecto de entrada, el conductor ubicara\u0301 un parqueadero que garantice un espacio intermedio con otra moto garantizando el distanciamiento entre motos.<\/li>\n<li>El conductor antes de hacer uso del medio de transporte deber\u00e1 desinfectar el manubrio, elementos de seguridad como casco, guantes, gafas y accesorios rociar con alcohol al 70% y posteriormente se frotara\u0301 con un pa\u00f1o limpio.<\/li>\n<\/ul>\n<p>&nbsp;<\/p>\n<p><strong><b>Informes: <\/b><\/strong>Oficina de Comunicaciones y Prensa Universidad de Caldas.<\/p>\n<p><strong><b>Redacci\u00f3n:<\/b><\/strong>\u00a0Mateo Buritic\u00e1 Giraldo<\/p>\n<p>&nbsp;<\/p>\n","protected":false},"excerpt":{"rendered":"<p>#UdeCaldasTeCuida Movilidad Segura en el Protocolo de Bioseguridad U. de Caldas 24\/06\/2020 La Movilidad Segura es otro de los aspectos a resaltar dentro del Protocolo de Bioseguridad establecido por la Universidad de Caldas para el comienzo de las actividades presenciales.<\/p>\n","protected":false},"author":2,"featured_media":56630,"comment_status":"closed","ping_status":"open","sticky":false,"template":"","format":"standard","meta":{"footnotes":""},"categories":[48,53],"tags":[4728,4895,4912],"class_list":["post-56629","post","type-post","status-publish","format-standard","has-post-thumbnail","hentry","category-actualidad","category-universidad-al-dia","tag-pandemia","tag-protocolo","tag-bioseguridad"],"yoast_head":"<!-- This site is optimized with the Yoast SEO plugin v27.5 - https:\/\/yoast.com\/product\/yoast-seo-wordpress\/ -->\n<title>Movilidad Segura en el Protocolo de Bioseguridad U. de Caldas .<\/title>\n<meta name=\"robots\" content=\"index, follow, max-snippet:-1, max-image-preview:large, max-video-preview:-1\" \/>\n<link rel=\"canonical\" href=\"https:\/\/www.ucaldas.edu.co\/portal\/movilidad-seguro-en-el-protocolo-de-bioseguridad-u-de-caldas\/\" \/>\n<script type=\"application\/ld+json\" class=\"yoast-schema-graph\">{\"@context\":\"https:\\\/\\\/schema.org\",\"@graph\":[{\"@type\":\"Article\",\"@id\":\"https:\\\/\\\/www.ucaldas.edu.co\\\/portal\\\/movilidad-seguro-en-el-protocolo-de-bioseguridad-u-de-caldas\\\/#article\",\"isPartOf\":{\"@id\":\"https:\\\/\\\/www.ucaldas.edu.co\\\/portal\\\/movilidad-seguro-en-el-protocolo-de-bioseguridad-u-de-caldas\\\/\"},\"author\":{\"name\":\"ofiprensa\",\"@id\":\"https:\\\/\\\/www.ucaldas.edu.co\\\/portal\\\/#\\\/schema\\\/person\\\/a1b482e23449158b4bc319926c074fdf\"},\"headline\":\"Movilidad Segura en el Protocolo de Bioseguridad U. de Caldas\",\"datePublished\":\"2020-06-24T23:54:54+00:00\",\"dateModified\":\"2020-06-24T23:56:26+00:00\",\"mainEntityOfPage\":{\"@id\":\"https:\\\/\\\/www.ucaldas.edu.co\\\/portal\\\/movilidad-seguro-en-el-protocolo-de-bioseguridad-u-de-caldas\\\/\"},\"wordCount\":728,\"publisher\":{\"@id\":\"https:\\\/\\\/www.ucaldas.edu.co\\\/portal\\\/#organization\"},\"image\":{\"@id\":\"https:\\\/\\\/www.ucaldas.edu.co\\\/portal\\\/movilidad-seguro-en-el-protocolo-de-bioseguridad-u-de-caldas\\\/#primaryimage\"},\"thumbnailUrl\":\"https:\\\/\\\/www.ucaldas.edu.co\\\/portal\\\/wp-content\\\/uploads\\\/2020\\\/06\\\/protocolo-vehiculo.jpg\",\"keywords\":[\"pandemia\",\"protocolo\",\"bioseguridad\"],\"articleSection\":[\"Actualidad\",\"Universidad al D\u00eda\"],\"inLanguage\":\"es\"},{\"@type\":\"WebPage\",\"@id\":\"https:\\\/\\\/www.ucaldas.edu.co\\\/portal\\\/movilidad-seguro-en-el-protocolo-de-bioseguridad-u-de-caldas\\\/\",\"url\":\"https:\\\/\\\/www.ucaldas.edu.co\\\/portal\\\/movilidad-seguro-en-el-protocolo-de-bioseguridad-u-de-caldas\\\/\",\"name\":\"Movilidad Segura en el Protocolo de Bioseguridad U. de Caldas .\",\"isPartOf\":{\"@id\":\"https:\\\/\\\/www.ucaldas.edu.co\\\/portal\\\/#website\"},\"primaryImageOfPage\":{\"@id\":\"https:\\\/\\\/www.ucaldas.edu.co\\\/portal\\\/movilidad-seguro-en-el-protocolo-de-bioseguridad-u-de-caldas\\\/#primaryimage\"},\"image\":{\"@id\":\"https:\\\/\\\/www.ucaldas.edu.co\\\/portal\\\/movilidad-seguro-en-el-protocolo-de-bioseguridad-u-de-caldas\\\/#primaryimage\"},\"thumbnailUrl\":\"https:\\\/\\\/www.ucaldas.edu.co\\\/portal\\\/wp-content\\\/uploads\\\/2020\\\/06\\\/protocolo-vehiculo.jpg\",\"datePublished\":\"2020-06-24T23:54:54+00:00\",\"dateModified\":\"2020-06-24T23:56:26+00:00\",\"breadcrumb\":{\"@id\":\"https:\\\/\\\/www.ucaldas.edu.co\\\/portal\\\/movilidad-seguro-en-el-protocolo-de-bioseguridad-u-de-caldas\\\/#breadcrumb\"},\"inLanguage\":\"es\",\"potentialAction\":[{\"@type\":\"ReadAction\",\"target\":[\"https:\\\/\\\/www.ucaldas.edu.co\\\/portal\\\/movilidad-seguro-en-el-protocolo-de-bioseguridad-u-de-caldas\\\/\"]}]},{\"@type\":\"ImageObject\",\"inLanguage\":\"es\",\"@id\":\"https:\\\/\\\/www.ucaldas.edu.co\\\/portal\\\/movilidad-seguro-en-el-protocolo-de-bioseguridad-u-de-caldas\\\/#primaryimage\",\"url\":\"https:\\\/\\\/www.ucaldas.edu.co\\\/portal\\\/wp-content\\\/uploads\\\/2020\\\/06\\\/protocolo-vehiculo.jpg\",\"contentUrl\":\"https:\\\/\\\/www.ucaldas.edu.co\\\/portal\\\/wp-content\\\/uploads\\\/2020\\\/06\\\/protocolo-vehiculo.jpg\",\"width\":700,\"height\":400},{\"@type\":\"BreadcrumbList\",\"@id\":\"https:\\\/\\\/www.ucaldas.edu.co\\\/portal\\\/movilidad-seguro-en-el-protocolo-de-bioseguridad-u-de-caldas\\\/#breadcrumb\",\"itemListElement\":[{\"@type\":\"ListItem\",\"position\":1,\"name\":\"Portada\",\"item\":\"https:\\\/\\\/www.ucaldas.edu.co\\\/portal\\\/\"},{\"@type\":\"ListItem\",\"position\":2,\"name\":\"Movilidad Segura en el Protocolo de Bioseguridad U. de Caldas\"}]},{\"@type\":\"WebSite\",\"@id\":\"https:\\\/\\\/www.ucaldas.edu.co\\\/portal\\\/#website\",\"url\":\"https:\\\/\\\/www.ucaldas.edu.co\\\/portal\\\/\",\"name\":\"Universidad de Caldas\",\"description\":\"\",\"publisher\":{\"@id\":\"https:\\\/\\\/www.ucaldas.edu.co\\\/portal\\\/#organization\"},\"alternateName\":\"U. de Caldas\",\"potentialAction\":[{\"@type\":\"SearchAction\",\"target\":{\"@type\":\"EntryPoint\",\"urlTemplate\":\"https:\\\/\\\/www.ucaldas.edu.co\\\/portal\\\/?s={search_term_string}\"},\"query-input\":{\"@type\":\"PropertyValueSpecification\",\"valueRequired\":true,\"valueName\":\"search_term_string\"}}],\"inLanguage\":\"es\"},{\"@type\":\"Organization\",\"@id\":\"https:\\\/\\\/www.ucaldas.edu.co\\\/portal\\\/#organization\",\"name\":\"Universidad de Caldas\",\"alternateName\":\"U. de Caldas\",\"url\":\"https:\\\/\\\/www.ucaldas.edu.co\\\/portal\\\/\",\"logo\":{\"@type\":\"ImageObject\",\"inLanguage\":\"es\",\"@id\":\"https:\\\/\\\/www.ucaldas.edu.co\\\/portal\\\/#\\\/schema\\\/logo\\\/image\\\/\",\"url\":\"https:\\\/\\\/www.ucaldas.edu.co\\\/portal\\\/wp-content\\\/uploads\\\/2023\\\/11\\\/Logo_horizontal_oscuroU-2023.png\",\"contentUrl\":\"https:\\\/\\\/www.ucaldas.edu.co\\\/portal\\\/wp-content\\\/uploads\\\/2023\\\/11\\\/Logo_horizontal_oscuroU-2023.png\",\"width\":263,\"height\":101,\"caption\":\"Universidad de Caldas\"},\"image\":{\"@id\":\"https:\\\/\\\/www.ucaldas.edu.co\\\/portal\\\/#\\\/schema\\\/logo\\\/image\\\/\"},\"sameAs\":[\"https:\\\/\\\/www.facebook.com\\\/udecaldas\",\"https:\\\/\\\/x.com\\\/udecaldas\",\"https:\\\/\\\/www.youtube.com\\\/universidadcaldas\",\"https:\\\/\\\/www.instagram.com\\\/udecaldas\\\/\"]},{\"@type\":\"Person\",\"@id\":\"https:\\\/\\\/www.ucaldas.edu.co\\\/portal\\\/#\\\/schema\\\/person\\\/a1b482e23449158b4bc319926c074fdf\",\"name\":\"ofiprensa\",\"image\":{\"@type\":\"ImageObject\",\"inLanguage\":\"es\",\"@id\":\"https:\\\/\\\/www.ucaldas.edu.co\\\/portal\\\/wp-content\\\/litespeed\\\/avatar\\\/09ea5085e600095a7a811142c6944527.jpg?ver=1777497608\",\"url\":\"https:\\\/\\\/www.ucaldas.edu.co\\\/portal\\\/wp-content\\\/litespeed\\\/avatar\\\/09ea5085e600095a7a811142c6944527.jpg?ver=1777497608\",\"contentUrl\":\"https:\\\/\\\/www.ucaldas.edu.co\\\/portal\\\/wp-content\\\/litespeed\\\/avatar\\\/09ea5085e600095a7a811142c6944527.jpg?ver=1777497608\",\"caption\":\"ofiprensa\"},\"url\":\"https:\\\/\\\/www.ucaldas.edu.co\\\/portal\\\/author\\\/ofiprensa\\\/\"}]}<\/script>\n<!-- \/ Yoast SEO plugin. -->","yoast_head_json":{"title":"Movilidad Segura en el Protocolo de Bioseguridad U. de Caldas .","robots":{"index":"index","follow":"follow","max-snippet":"max-snippet:-1","max-image-preview":"max-image-preview:large","max-video-preview":"max-video-preview:-1"},"canonical":"https:\/\/www.ucaldas.edu.co\/portal\/movilidad-seguro-en-el-protocolo-de-bioseguridad-u-de-caldas\/","schema":{"@context":"https:\/\/schema.org","@graph":[{"@type":"Article","@id":"https:\/\/www.ucaldas.edu.co\/portal\/movilidad-seguro-en-el-protocolo-de-bioseguridad-u-de-caldas\/#article","isPartOf":{"@id":"https:\/\/www.ucaldas.edu.co\/portal\/movilidad-seguro-en-el-protocolo-de-bioseguridad-u-de-caldas\/"},"author":{"name":"ofiprensa","@id":"https:\/\/www.ucaldas.edu.co\/portal\/#\/schema\/person\/a1b482e23449158b4bc319926c074fdf"},"headline":"Movilidad Segura en el Protocolo de Bioseguridad U. de Caldas","datePublished":"2020-06-24T23:54:54+00:00","dateModified":"2020-06-24T23:56:26+00:00","mainEntityOfPage":{"@id":"https:\/\/www.ucaldas.edu.co\/portal\/movilidad-seguro-en-el-protocolo-de-bioseguridad-u-de-caldas\/"},"wordCount":728,"publisher":{"@id":"https:\/\/www.ucaldas.edu.co\/portal\/#organization"},"image":{"@id":"https:\/\/www.ucaldas.edu.co\/portal\/movilidad-seguro-en-el-protocolo-de-bioseguridad-u-de-caldas\/#primaryimage"},"thumbnailUrl":"https:\/\/www.ucaldas.edu.co\/portal\/wp-content\/uploads\/2020\/06\/protocolo-vehiculo.jpg","keywords":["pandemia","protocolo","bioseguridad"],"articleSection":["Actualidad","Universidad al D\u00eda"],"inLanguage":"es"},{"@type":"WebPage","@id":"https:\/\/www.ucaldas.edu.co\/portal\/movilidad-seguro-en-el-protocolo-de-bioseguridad-u-de-caldas\/","url":"https:\/\/www.ucaldas.edu.co\/portal\/movilidad-seguro-en-el-protocolo-de-bioseguridad-u-de-caldas\/","name":"Movilidad Segura en el Protocolo de Bioseguridad U. de Caldas .","isPartOf":{"@id":"https:\/\/www.ucaldas.edu.co\/portal\/#website"},"primaryImageOfPage":{"@id":"https:\/\/www.ucaldas.edu.co\/portal\/movilidad-seguro-en-el-protocolo-de-bioseguridad-u-de-caldas\/#primaryimage"},"image":{"@id":"https:\/\/www.ucaldas.edu.co\/portal\/movilidad-seguro-en-el-protocolo-de-bioseguridad-u-de-caldas\/#primaryimage"},"thumbnailUrl":"https:\/\/www.ucaldas.edu.co\/portal\/wp-content\/uploads\/2020\/06\/protocolo-vehiculo.jpg","datePublished":"2020-06-24T23:54:54+00:00","dateModified":"2020-06-24T23:56:26+00:00","breadcrumb":{"@id":"https:\/\/www.ucaldas.edu.co\/portal\/movilidad-seguro-en-el-protocolo-de-bioseguridad-u-de-caldas\/#breadcrumb"},"inLanguage":"es","potentialAction":[{"@type":"ReadAction","target":["https:\/\/www.ucaldas.edu.co\/portal\/movilidad-seguro-en-el-protocolo-de-bioseguridad-u-de-caldas\/"]}]},{"@type":"ImageObject","inLanguage":"es","@id":"https:\/\/www.ucaldas.edu.co\/portal\/movilidad-seguro-en-el-protocolo-de-bioseguridad-u-de-caldas\/#primaryimage","url":"https:\/\/www.ucaldas.edu.co\/portal\/wp-content\/uploads\/2020\/06\/protocolo-vehiculo.jpg","contentUrl":"https:\/\/www.ucaldas.edu.co\/portal\/wp-content\/uploads\/2020\/06\/protocolo-vehiculo.jpg","width":700,"height":400},{"@type":"BreadcrumbList","@id":"https:\/\/www.ucaldas.edu.co\/portal\/movilidad-seguro-en-el-protocolo-de-bioseguridad-u-de-caldas\/#breadcrumb","itemListElement":[{"@type":"ListItem","position":1,"name":"Portada","item":"https:\/\/www.ucaldas.edu.co\/portal\/"},{"@type":"ListItem","position":2,"name":"Movilidad Segura en el Protocolo de Bioseguridad U. de Caldas"}]},{"@type":"WebSite","@id":"https:\/\/www.ucaldas.edu.co\/portal\/#website","url":"https:\/\/www.ucaldas.edu.co\/portal\/","name":"Universidad de Caldas","description":"","publisher":{"@id":"https:\/\/www.ucaldas.edu.co\/portal\/#organization"},"alternateName":"U. de Caldas","potentialAction":[{"@type":"SearchAction","target":{"@type":"EntryPoint","urlTemplate":"https:\/\/www.ucaldas.edu.co\/portal\/?s={search_term_string}"},"query-input":{"@type":"PropertyValueSpecification","valueRequired":true,"valueName":"search_term_string"}}],"inLanguage":"es"},{"@type":"Organization","@id":"https:\/\/www.ucaldas.edu.co\/portal\/#organization","name":"Universidad de Caldas","alternateName":"U. de Caldas","url":"https:\/\/www.ucaldas.edu.co\/portal\/","logo":{"@type":"ImageObject","inLanguage":"es","@id":"https:\/\/www.ucaldas.edu.co\/portal\/#\/schema\/logo\/image\/","url":"https:\/\/www.ucaldas.edu.co\/portal\/wp-content\/uploads\/2023\/11\/Logo_horizontal_oscuroU-2023.png","contentUrl":"https:\/\/www.ucaldas.edu.co\/portal\/wp-content\/uploads\/2023\/11\/Logo_horizontal_oscuroU-2023.png","width":263,"height":101,"caption":"Universidad de Caldas"},"image":{"@id":"https:\/\/www.ucaldas.edu.co\/portal\/#\/schema\/logo\/image\/"},"sameAs":["https:\/\/www.facebook.com\/udecaldas","https:\/\/x.com\/udecaldas","https:\/\/www.youtube.com\/universidadcaldas","https:\/\/www.instagram.com\/udecaldas\/"]},{"@type":"Person","@id":"https:\/\/www.ucaldas.edu.co\/portal\/#\/schema\/person\/a1b482e23449158b4bc319926c074fdf","name":"ofiprensa","image":{"@type":"ImageObject","inLanguage":"es","@id":"https:\/\/www.ucaldas.edu.co\/portal\/wp-content\/litespeed\/avatar\/09ea5085e600095a7a811142c6944527.jpg?ver=1777497608","url":"https:\/\/www.ucaldas.edu.co\/portal\/wp-content\/litespeed\/avatar\/09ea5085e600095a7a811142c6944527.jpg?ver=1777497608","contentUrl":"https:\/\/www.ucaldas.edu.co\/portal\/wp-content\/litespeed\/avatar\/09ea5085e600095a7a811142c6944527.jpg?ver=1777497608","caption":"ofiprensa"},"url":"https:\/\/www.ucaldas.edu.co\/portal\/author\/ofiprensa\/"}]}},"_links":{"self":[{"href":"https:\/\/www.ucaldas.edu.co\/portal\/wp-json\/wp\/v2\/posts\/56629","targetHints":{"allow":["GET"]}}],"collection":[{"href":"https:\/\/www.ucaldas.edu.co\/portal\/wp-json\/wp\/v2\/posts"}],"about":[{"href":"https:\/\/www.ucaldas.edu.co\/portal\/wp-json\/wp\/v2\/types\/post"}],"author":[{"embeddable":true,"href":"https:\/\/www.ucaldas.edu.co\/portal\/wp-json\/wp\/v2\/users\/2"}],"replies":[{"embeddable":true,"href":"https:\/\/www.ucaldas.edu.co\/portal\/wp-json\/wp\/v2\/comments?post=56629"}],"version-history":[{"count":0,"href":"https:\/\/www.ucaldas.edu.co\/portal\/wp-json\/wp\/v2\/posts\/56629\/revisions"}],"wp:featuredmedia":[{"embeddable":true,"href":"https:\/\/www.ucaldas.edu.co\/portal\/wp-json\/wp\/v2\/media\/56630"}],"wp:attachment":[{"href":"https:\/\/www.ucaldas.edu.co\/portal\/wp-json\/wp\/v2\/media?parent=56629"}],"wp:term":[{"taxonomy":"category","embeddable":true,"href":"https:\/\/www.ucaldas.edu.co\/portal\/wp-json\/wp\/v2\/categories?post=56629"},{"taxonomy":"post_tag","embeddable":true,"href":"https:\/\/www.ucaldas.edu.co\/portal\/wp-json\/wp\/v2\/tags?post=56629"}],"curies":[{"name":"wp","href":"https:\/\/api.w.org\/{rel}","templated":true}]}}