{"id":56461,"date":"2020-06-12T00:23:23","date_gmt":"2020-06-12T00:23:23","guid":{"rendered":"https:\/\/www.ucaldas.edu.co\/portal\/?p=56461"},"modified":"2020-06-12T00:23:23","modified_gmt":"2020-06-12T00:23:23","slug":"la-vicerrectoria-de-investigaciones-y-posgrados-presenta-la-convocatoria-875-2020","status":"publish","type":"post","link":"https:\/\/www.ucaldas.edu.co\/portal\/la-vicerrectoria-de-investigaciones-y-posgrados-presenta-la-convocatoria-875-2020\/","title":{"rendered":"La Vicerrector\u00eda de Investigaciones y Posgrados presenta la Convocatoria 875 &#8211; 2020"},"content":{"rendered":"<p style=\"text-align: center;\">INDEXACI\u00d3N DE REVISTAS CIENT\u00cdFICAS<\/p>\n<p style=\"text-align: center;\"><strong>La Vicerrector\u00eda de Investigaciones y Posgrados presenta la Convocatoria 875 &#8211; 2020<\/strong><\/p>\n<p style=\"text-align: right;\">11\/06\/2020<\/p>\n<p><img loading=\"lazy\" decoding=\"async\" class=\"size-full wp-image-56463 aligncenter\" src=\"https:\/\/www.ucaldas.edu.co\/portal\/wp-content\/uploads\/2020\/06\/inves.jpg\" alt=\"\" width=\"700\" height=\"400\" srcset=\"https:\/\/www.ucaldas.edu.co\/portal\/wp-content\/uploads\/2020\/06\/inves.jpg 700w, https:\/\/www.ucaldas.edu.co\/portal\/wp-content\/uploads\/2020\/06\/inves-300x171.jpg 300w\" sizes=\"auto, (max-width: 700px) 100vw, 700px\" \/><\/p>\n<p>&nbsp;<\/p>\n<p>La Vicerrector\u00eda de Investigaciones y Posgrados de la Universidad de Caldas en conjunto con la Oficina de Revistas Cient\u00edficas, llevaron a cabo un evento online a trav\u00e9s de la plataforma Meet, en la cual socializaron la estrategia institucional planteada para presentarse a la \u00faltima convocatoria de Indexaci\u00f3n de Revistas Cient\u00edficas Colombianas Especializadas Publindex.<\/p>\n<p>&nbsp;<\/p>\n<p>El objetivo principal de la convocatoria es evaluar la calidad de las revistas cient\u00edficas nacionales, mediante criterios relacionados con la gesti\u00f3n editorial, la visibilidad y el impacto de las publicaciones, con el prop\u00f3sito de incrementar la calidad de la producci\u00f3n cient\u00edfica nacional y su inserci\u00f3n en el \u00e1mbito internacional.<\/p>\n<p>&nbsp;<\/p>\n<p>La Vicerrector\u00eda de Investigaciones y Posgrados, ser\u00e1 la encargada de verificar el cumplimiento de la gesti\u00f3n editorial, que corresponde a la Fase I del proceso, con el objetivo de brindar el Aval a las publicaciones.<\/p>\n<p>&nbsp;<\/p>\n<p>Los requisitos de la convocatoria son:<\/p>\n<p>&nbsp;<\/p>\n<ul>\n<li>Informaci\u00f3n actualizada y vinculada en el aplicativo Publindex<\/li>\n<li>Las personas colombianas (editores, autores, miembros del comit\u00e9 editorial\/cient\u00edfico, evaluadores) deben tener diligenciada y actualizada en el aplicativo CvLAC<\/li>\n<li>Las personas extranjeras residentes en Colombia que tengan vinculaci\u00f3n con una instituci\u00f3n colombiana durante la ventana de observaci\u00f3n de evaluaci\u00f3n (editores, autores, miembros del comit\u00e9 editorial\/cient\u00edfico, evaluadores), deben tener la informaci\u00f3n diligenciada y actualizada en el aplicativo CvLAC, con el fin de ser vinculada al aplicativo Publindex.<\/li>\n<li>Las personas extranjeras que no residan en Colombia y que no tienen una vinculaci\u00f3n con una instituci\u00f3n colombiana durante la ventana de observaci\u00f3n para la evaluaci\u00f3n (autores, miembros del comit\u00e9 editorial\/cient\u00edfico, evaluadores) deber\u00e1n estar registradas en el aplicativo de Publindex<\/li>\n<li>Tener como m\u00ednimo dos a\u00f1os de existencia<\/li>\n<li>La revista debe estar avalada por cada una de las instituciones editoras<\/li>\n<li>Las instituciones editoras debe verificar el cumplimiento de los 12 criterios de la Fase I<\/li>\n<li>No aplica para la U. de Caldas (para la fusi\u00f3n de revistas).<\/li>\n<li>Cargar los soportes relacionados con la inclusi\u00f3n de la revista en los SIR<\/li>\n<li>Inscribirse en el plazo fijado, de acuerdo con las fechas y horas establecidas en el Cronograma<\/li>\n<\/ul>\n<p>El siguientes es el cronograma de la convocatoria 875 Publindex 2020<\/p>\n<p>&nbsp;<\/p>\n<table>\n<tbody>\n<tr>\n<td>&nbsp;<\/p>\n<p><strong>ACTIVIDAD \u00a0\u00a0\u00a0\u00a0\u00a0\u00a0\u00a0 <\/strong><\/td>\n<td><strong>FECHA L\u00cdMITE \u00a0\u00a0 <\/strong><\/td>\n<\/tr>\n<tr>\n<td>Fecha l\u00edmite para remitir inquietudes o solicitudes respecto al registro, vinculaci\u00f3n, actualizaci\u00f3n y correcci\u00f3n de informaci\u00f3n registrada en los aplicativos Publindex, CvLAC e InstituLAC de la Plataforma ScienTI<\/td>\n<td>17 de agosto de 2020<\/td>\n<\/tr>\n<tr>\n<td>Fecha de cierre para la actualizaci\u00f3n y correcci\u00f3n de la informaci\u00f3n registrada en los aplicativos Publindex y CvLAC de la Plataforma ScienTI; y para el aval institucional de las revistas a trav\u00e9s del InstituLAC<\/td>\n<td>20 de agosto de 2020<\/p>\n<p>4:00 p.m.<\/td>\n<\/tr>\n<tr>\n<td>Verificaci\u00f3n de criterios Fase 2 y 3<\/td>\n<td>27 de agosto al 22 de octubre de 2020<\/td>\n<\/tr>\n<tr>\n<td>Publicaci\u00f3n de resultados preliminares en el aplicativo Publindex<\/td>\n<td>11 de noviembre de 2020<\/td>\n<\/tr>\n<tr>\n<td>Recepci\u00f3n de solicitudes de aclaraciones a trav\u00e9s del aplicativo Publindex<\/td>\n<td>11 al 13 de noviembre de 2020<\/td>\n<\/tr>\n<tr>\n<td>Respuesta a solicitud de aclaraciones a trav\u00e9s del aplicativo Publindex<\/td>\n<td>29 de diciembre de 2020<\/td>\n<\/tr>\n<tr>\n<td>Publicaci\u00f3n de resultados finales: listado de revistas indexadas por categor\u00edas en el portal web de Minciencias \/M\u00f3dulo de Convocatorias<\/td>\n<td>29 de diciembre de 2020<\/td>\n<\/tr>\n<\/tbody>\n<\/table>\n<p>&nbsp;<\/p>\n<p><strong><b>Informes: <\/b><\/strong>Oficina de Comunicaciones y Prensa Universidad de Caldas.<\/p>\n<p><strong><b>Redacci\u00f3n:<\/b><\/strong>\u00a0Mateo Buritic\u00e1 Giraldo<\/p>\n","protected":false},"excerpt":{"rendered":"<p>INDEXACI\u00d3N DE REVISTAS CIENT\u00cdFICAS La Vicerrector\u00eda de Investigaciones y Posgrados presenta la Convocatoria 875 &#8211; 2020 11\/06\/2020 &nbsp; La Vicerrector\u00eda de Investigaciones y Posgrados de la Universidad de Caldas en conjunto con la Oficina de Revistas Cient\u00edficas, llevaron a cabo un evento online a trav\u00e9s de la plataforma Meet, en la cual socializaron la estrategia [&hellip;]<\/p>\n","protected":false},"author":2,"featured_media":56463,"comment_status":"closed","ping_status":"open","sticky":false,"template":"","format":"standard","meta":{"footnotes":"","_members_access_role":[],"_members_access_error":""},"categories":[48,53],"tags":[52,1185,1195],"class_list":["post-56461","post","type-post","status-publish","format-standard","has-post-thumbnail","hentry","category-actualidad","category-universidad-al-dia","tag-revistas","tag-grupo-de-investigacion-territorialidades","tag-publindex"],"yoast_head":"<!-- This site is optimized with the Yoast SEO plugin v28.3 - https:\/\/yoast.com\/product\/yoast-seo-wordpress\/ -->\n<title>La Vicerrector\u00eda de Investigaciones y Posgrados presenta la Convocatoria 875 - 2020 .<\/title>\n<meta name=\"robots\" content=\"index, follow, max-snippet:-1, max-image-preview:large, max-video-preview:-1\" \/>\n<link rel=\"canonical\" href=\"https:\/\/www.ucaldas.edu.co\/portal\/la-vicerrectoria-de-investigaciones-y-posgrados-presenta-la-convocatoria-875-2020\/\" \/>\n<script type=\"application\/ld+json\" class=\"yoast-schema-graph\">{\"@context\":\"https:\\\/\\\/schema.org\",\"@graph\":[{\"@type\":\"Article\",\"@id\":\"https:\\\/\\\/www.ucaldas.edu.co\\\/portal\\\/la-vicerrectoria-de-investigaciones-y-posgrados-presenta-la-convocatoria-875-2020\\\/#article\",\"isPartOf\":{\"@id\":\"https:\\\/\\\/www.ucaldas.edu.co\\\/portal\\\/la-vicerrectoria-de-investigaciones-y-posgrados-presenta-la-convocatoria-875-2020\\\/\"},\"author\":{\"name\":\"ofiprensa\",\"@id\":\"https:\\\/\\\/www.ucaldas.edu.co\\\/portal\\\/#\\\/schema\\\/person\\\/a1b482e23449158b4bc319926c074fdf\"},\"headline\":\"La Vicerrector\u00eda de Investigaciones y Posgrados presenta la Convocatoria 875 &#8211; 2020\",\"datePublished\":\"2020-06-12T00:23:23+00:00\",\"mainEntityOfPage\":{\"@id\":\"https:\\\/\\\/www.ucaldas.edu.co\\\/portal\\\/la-vicerrectoria-de-investigaciones-y-posgrados-presenta-la-convocatoria-875-2020\\\/\"},\"wordCount\":586,\"publisher\":{\"@id\":\"https:\\\/\\\/www.ucaldas.edu.co\\\/portal\\\/#organization\"},\"image\":{\"@id\":\"https:\\\/\\\/www.ucaldas.edu.co\\\/portal\\\/la-vicerrectoria-de-investigaciones-y-posgrados-presenta-la-convocatoria-875-2020\\\/#primaryimage\"},\"thumbnailUrl\":\"https:\\\/\\\/www.ucaldas.edu.co\\\/portal\\\/wp-content\\\/uploads\\\/2020\\\/06\\\/inves.jpg\",\"keywords\":[\"revistas\",\"Grupo de Investigaci\u00f3n Territorialidades\",\"Publindex\"],\"articleSection\":[\"Actualidad\",\"Universidad al D\u00eda\"],\"inLanguage\":\"es\"},{\"@type\":\"WebPage\",\"@id\":\"https:\\\/\\\/www.ucaldas.edu.co\\\/portal\\\/la-vicerrectoria-de-investigaciones-y-posgrados-presenta-la-convocatoria-875-2020\\\/\",\"url\":\"https:\\\/\\\/www.ucaldas.edu.co\\\/portal\\\/la-vicerrectoria-de-investigaciones-y-posgrados-presenta-la-convocatoria-875-2020\\\/\",\"name\":\"La Vicerrector\u00eda de Investigaciones y Posgrados presenta la Convocatoria 875 - 2020 .\",\"isPartOf\":{\"@id\":\"https:\\\/\\\/www.ucaldas.edu.co\\\/portal\\\/#website\"},\"primaryImageOfPage\":{\"@id\":\"https:\\\/\\\/www.ucaldas.edu.co\\\/portal\\\/la-vicerrectoria-de-investigaciones-y-posgrados-presenta-la-convocatoria-875-2020\\\/#primaryimage\"},\"image\":{\"@id\":\"https:\\\/\\\/www.ucaldas.edu.co\\\/portal\\\/la-vicerrectoria-de-investigaciones-y-posgrados-presenta-la-convocatoria-875-2020\\\/#primaryimage\"},\"thumbnailUrl\":\"https:\\\/\\\/www.ucaldas.edu.co\\\/portal\\\/wp-content\\\/uploads\\\/2020\\\/06\\\/inves.jpg\",\"datePublished\":\"2020-06-12T00:23:23+00:00\",\"breadcrumb\":{\"@id\":\"https:\\\/\\\/www.ucaldas.edu.co\\\/portal\\\/la-vicerrectoria-de-investigaciones-y-posgrados-presenta-la-convocatoria-875-2020\\\/#breadcrumb\"},\"inLanguage\":\"es\",\"potentialAction\":[{\"@type\":\"ReadAction\",\"target\":[\"https:\\\/\\\/www.ucaldas.edu.co\\\/portal\\\/la-vicerrectoria-de-investigaciones-y-posgrados-presenta-la-convocatoria-875-2020\\\/\"]}]},{\"@type\":\"ImageObject\",\"inLanguage\":\"es\",\"@id\":\"https:\\\/\\\/www.ucaldas.edu.co\\\/portal\\\/la-vicerrectoria-de-investigaciones-y-posgrados-presenta-la-convocatoria-875-2020\\\/#primaryimage\",\"url\":\"https:\\\/\\\/www.ucaldas.edu.co\\\/portal\\\/wp-content\\\/uploads\\\/2020\\\/06\\\/inves.jpg\",\"contentUrl\":\"https:\\\/\\\/www.ucaldas.edu.co\\\/portal\\\/wp-content\\\/uploads\\\/2020\\\/06\\\/inves.jpg\",\"width\":700,\"height\":400},{\"@type\":\"BreadcrumbList\",\"@id\":\"https:\\\/\\\/www.ucaldas.edu.co\\\/portal\\\/la-vicerrectoria-de-investigaciones-y-posgrados-presenta-la-convocatoria-875-2020\\\/#breadcrumb\",\"itemListElement\":[{\"@type\":\"ListItem\",\"position\":1,\"name\":\"Portada\",\"item\":\"https:\\\/\\\/www.ucaldas.edu.co\\\/portal\\\/\"},{\"@type\":\"ListItem\",\"position\":2,\"name\":\"La Vicerrector\u00eda de Investigaciones y Posgrados presenta la Convocatoria 875 &#8211; 2020\"}]},{\"@type\":\"WebSite\",\"@id\":\"https:\\\/\\\/www.ucaldas.edu.co\\\/portal\\\/#website\",\"url\":\"https:\\\/\\\/www.ucaldas.edu.co\\\/portal\\\/\",\"name\":\"Universidad de Caldas\",\"description\":\"\",\"publisher\":{\"@id\":\"https:\\\/\\\/www.ucaldas.edu.co\\\/portal\\\/#organization\"},\"alternateName\":\"U. de Caldas\",\"potentialAction\":[{\"@type\":\"SearchAction\",\"target\":{\"@type\":\"EntryPoint\",\"urlTemplate\":\"https:\\\/\\\/www.ucaldas.edu.co\\\/portal\\\/?s={search_term_string}\"},\"query-input\":{\"@type\":\"PropertyValueSpecification\",\"valueRequired\":true,\"valueName\":\"search_term_string\"}}],\"inLanguage\":\"es\"},{\"@type\":\"Organization\",\"@id\":\"https:\\\/\\\/www.ucaldas.edu.co\\\/portal\\\/#organization\",\"name\":\"Universidad de Caldas\",\"alternateName\":\"U. de Caldas\",\"url\":\"https:\\\/\\\/www.ucaldas.edu.co\\\/portal\\\/\",\"logo\":{\"@type\":\"ImageObject\",\"inLanguage\":\"es\",\"@id\":\"https:\\\/\\\/www.ucaldas.edu.co\\\/portal\\\/#\\\/schema\\\/logo\\\/image\\\/\",\"url\":\"https:\\\/\\\/www.ucaldas.edu.co\\\/portal\\\/wp-content\\\/uploads\\\/2023\\\/11\\\/Logo_horizontal_oscuroU-2023.png\",\"contentUrl\":\"https:\\\/\\\/www.ucaldas.edu.co\\\/portal\\\/wp-content\\\/uploads\\\/2023\\\/11\\\/Logo_horizontal_oscuroU-2023.png\",\"width\":263,\"height\":101,\"caption\":\"Universidad de Caldas\"},\"image\":{\"@id\":\"https:\\\/\\\/www.ucaldas.edu.co\\\/portal\\\/#\\\/schema\\\/logo\\\/image\\\/\"},\"sameAs\":[\"https:\\\/\\\/www.facebook.com\\\/udecaldas\",\"https:\\\/\\\/x.com\\\/udecaldas\",\"https:\\\/\\\/www.youtube.com\\\/universidadcaldas\",\"https:\\\/\\\/www.instagram.com\\\/udecaldas\\\/\"]},{\"@type\":\"Person\",\"@id\":\"https:\\\/\\\/www.ucaldas.edu.co\\\/portal\\\/#\\\/schema\\\/person\\\/a1b482e23449158b4bc319926c074fdf\",\"name\":\"ofiprensa\",\"image\":{\"@type\":\"ImageObject\",\"inLanguage\":\"es\",\"@id\":\"https:\\\/\\\/www.ucaldas.edu.co\\\/portal\\\/wp-content\\\/litespeed\\\/avatar\\\/09ea5085e600095a7a811142c6944527.jpg?ver=1787779368\",\"url\":\"https:\\\/\\\/www.ucaldas.edu.co\\\/portal\\\/wp-content\\\/litespeed\\\/avatar\\\/09ea5085e600095a7a811142c6944527.jpg?ver=1787779368\",\"contentUrl\":\"https:\\\/\\\/www.ucaldas.edu.co\\\/portal\\\/wp-content\\\/litespeed\\\/avatar\\\/09ea5085e600095a7a811142c6944527.jpg?ver=1787779368\",\"caption\":\"ofiprensa\"},\"url\":\"https:\\\/\\\/www.ucaldas.edu.co\\\/portal\\\/author\\\/ofiprensa\\\/\"}]}<\/script>\n<!-- \/ Yoast SEO plugin. -->","yoast_head_json":{"title":"La Vicerrector\u00eda de Investigaciones y Posgrados presenta la Convocatoria 875 - 2020 .","robots":{"index":"index","follow":"follow","max-snippet":"max-snippet:-1","max-image-preview":"max-image-preview:large","max-video-preview":"max-video-preview:-1"},"canonical":"https:\/\/www.ucaldas.edu.co\/portal\/la-vicerrectoria-de-investigaciones-y-posgrados-presenta-la-convocatoria-875-2020\/","schema":{"@context":"https:\/\/schema.org","@graph":[{"@type":"Article","@id":"https:\/\/www.ucaldas.edu.co\/portal\/la-vicerrectoria-de-investigaciones-y-posgrados-presenta-la-convocatoria-875-2020\/#article","isPartOf":{"@id":"https:\/\/www.ucaldas.edu.co\/portal\/la-vicerrectoria-de-investigaciones-y-posgrados-presenta-la-convocatoria-875-2020\/"},"author":{"name":"ofiprensa","@id":"https:\/\/www.ucaldas.edu.co\/portal\/#\/schema\/person\/a1b482e23449158b4bc319926c074fdf"},"headline":"La Vicerrector\u00eda de Investigaciones y Posgrados presenta la Convocatoria 875 &#8211; 2020","datePublished":"2020-06-12T00:23:23+00:00","mainEntityOfPage":{"@id":"https:\/\/www.ucaldas.edu.co\/portal\/la-vicerrectoria-de-investigaciones-y-posgrados-presenta-la-convocatoria-875-2020\/"},"wordCount":586,"publisher":{"@id":"https:\/\/www.ucaldas.edu.co\/portal\/#organization"},"image":{"@id":"https:\/\/www.ucaldas.edu.co\/portal\/la-vicerrectoria-de-investigaciones-y-posgrados-presenta-la-convocatoria-875-2020\/#primaryimage"},"thumbnailUrl":"https:\/\/www.ucaldas.edu.co\/portal\/wp-content\/uploads\/2020\/06\/inves.jpg","keywords":["revistas","Grupo de Investigaci\u00f3n Territorialidades","Publindex"],"articleSection":["Actualidad","Universidad al D\u00eda"],"inLanguage":"es"},{"@type":"WebPage","@id":"https:\/\/www.ucaldas.edu.co\/portal\/la-vicerrectoria-de-investigaciones-y-posgrados-presenta-la-convocatoria-875-2020\/","url":"https:\/\/www.ucaldas.edu.co\/portal\/la-vicerrectoria-de-investigaciones-y-posgrados-presenta-la-convocatoria-875-2020\/","name":"La Vicerrector\u00eda de Investigaciones y Posgrados presenta la Convocatoria 875 - 2020 .","isPartOf":{"@id":"https:\/\/www.ucaldas.edu.co\/portal\/#website"},"primaryImageOfPage":{"@id":"https:\/\/www.ucaldas.edu.co\/portal\/la-vicerrectoria-de-investigaciones-y-posgrados-presenta-la-convocatoria-875-2020\/#primaryimage"},"image":{"@id":"https:\/\/www.ucaldas.edu.co\/portal\/la-vicerrectoria-de-investigaciones-y-posgrados-presenta-la-convocatoria-875-2020\/#primaryimage"},"thumbnailUrl":"https:\/\/www.ucaldas.edu.co\/portal\/wp-content\/uploads\/2020\/06\/inves.jpg","datePublished":"2020-06-12T00:23:23+00:00","breadcrumb":{"@id":"https:\/\/www.ucaldas.edu.co\/portal\/la-vicerrectoria-de-investigaciones-y-posgrados-presenta-la-convocatoria-875-2020\/#breadcrumb"},"inLanguage":"es","potentialAction":[{"@type":"ReadAction","target":["https:\/\/www.ucaldas.edu.co\/portal\/la-vicerrectoria-de-investigaciones-y-posgrados-presenta-la-convocatoria-875-2020\/"]}]},{"@type":"ImageObject","inLanguage":"es","@id":"https:\/\/www.ucaldas.edu.co\/portal\/la-vicerrectoria-de-investigaciones-y-posgrados-presenta-la-convocatoria-875-2020\/#primaryimage","url":"https:\/\/www.ucaldas.edu.co\/portal\/wp-content\/uploads\/2020\/06\/inves.jpg","contentUrl":"https:\/\/www.ucaldas.edu.co\/portal\/wp-content\/uploads\/2020\/06\/inves.jpg","width":700,"height":400},{"@type":"BreadcrumbList","@id":"https:\/\/www.ucaldas.edu.co\/portal\/la-vicerrectoria-de-investigaciones-y-posgrados-presenta-la-convocatoria-875-2020\/#breadcrumb","itemListElement":[{"@type":"ListItem","position":1,"name":"Portada","item":"https:\/\/www.ucaldas.edu.co\/portal\/"},{"@type":"ListItem","position":2,"name":"La Vicerrector\u00eda de Investigaciones y Posgrados presenta la Convocatoria 875 &#8211; 2020"}]},{"@type":"WebSite","@id":"https:\/\/www.ucaldas.edu.co\/portal\/#website","url":"https:\/\/www.ucaldas.edu.co\/portal\/","name":"Universidad de Caldas","description":"","publisher":{"@id":"https:\/\/www.ucaldas.edu.co\/portal\/#organization"},"alternateName":"U. de Caldas","potentialAction":[{"@type":"SearchAction","target":{"@type":"EntryPoint","urlTemplate":"https:\/\/www.ucaldas.edu.co\/portal\/?s={search_term_string}"},"query-input":{"@type":"PropertyValueSpecification","valueRequired":true,"valueName":"search_term_string"}}],"inLanguage":"es"},{"@type":"Organization","@id":"https:\/\/www.ucaldas.edu.co\/portal\/#organization","name":"Universidad de Caldas","alternateName":"U. de Caldas","url":"https:\/\/www.ucaldas.edu.co\/portal\/","logo":{"@type":"ImageObject","inLanguage":"es","@id":"https:\/\/www.ucaldas.edu.co\/portal\/#\/schema\/logo\/image\/","url":"https:\/\/www.ucaldas.edu.co\/portal\/wp-content\/uploads\/2023\/11\/Logo_horizontal_oscuroU-2023.png","contentUrl":"https:\/\/www.ucaldas.edu.co\/portal\/wp-content\/uploads\/2023\/11\/Logo_horizontal_oscuroU-2023.png","width":263,"height":101,"caption":"Universidad de Caldas"},"image":{"@id":"https:\/\/www.ucaldas.edu.co\/portal\/#\/schema\/logo\/image\/"},"sameAs":["https:\/\/www.facebook.com\/udecaldas","https:\/\/x.com\/udecaldas","https:\/\/www.youtube.com\/universidadcaldas","https:\/\/www.instagram.com\/udecaldas\/"]},{"@type":"Person","@id":"https:\/\/www.ucaldas.edu.co\/portal\/#\/schema\/person\/a1b482e23449158b4bc319926c074fdf","name":"ofiprensa","image":{"@type":"ImageObject","inLanguage":"es","@id":"https:\/\/www.ucaldas.edu.co\/portal\/wp-content\/litespeed\/avatar\/09ea5085e600095a7a811142c6944527.jpg?ver=1787779368","url":"https:\/\/www.ucaldas.edu.co\/portal\/wp-content\/litespeed\/avatar\/09ea5085e600095a7a811142c6944527.jpg?ver=1787779368","contentUrl":"https:\/\/www.ucaldas.edu.co\/portal\/wp-content\/litespeed\/avatar\/09ea5085e600095a7a811142c6944527.jpg?ver=1787779368","caption":"ofiprensa"},"url":"https:\/\/www.ucaldas.edu.co\/portal\/author\/ofiprensa\/"}]}},"_links":{"self":[{"href":"https:\/\/www.ucaldas.edu.co\/portal\/wp-json\/wp\/v2\/posts\/56461","targetHints":{"allow":["GET"]}}],"collection":[{"href":"https:\/\/www.ucaldas.edu.co\/portal\/wp-json\/wp\/v2\/posts"}],"about":[{"href":"https:\/\/www.ucaldas.edu.co\/portal\/wp-json\/wp\/v2\/types\/post"}],"author":[{"embeddable":true,"href":"https:\/\/www.ucaldas.edu.co\/portal\/wp-json\/wp\/v2\/users\/2"}],"replies":[{"embeddable":true,"href":"https:\/\/www.ucaldas.edu.co\/portal\/wp-json\/wp\/v2\/comments?post=56461"}],"version-history":[{"count":0,"href":"https:\/\/www.ucaldas.edu.co\/portal\/wp-json\/wp\/v2\/posts\/56461\/revisions"}],"wp:featuredmedia":[{"embeddable":true,"href":"https:\/\/www.ucaldas.edu.co\/portal\/wp-json\/wp\/v2\/media\/56463"}],"wp:attachment":[{"href":"https:\/\/www.ucaldas.edu.co\/portal\/wp-json\/wp\/v2\/media?parent=56461"}],"wp:term":[{"taxonomy":"category","embeddable":true,"href":"https:\/\/www.ucaldas.edu.co\/portal\/wp-json\/wp\/v2\/categories?post=56461"},{"taxonomy":"post_tag","embeddable":true,"href":"https:\/\/www.ucaldas.edu.co\/portal\/wp-json\/wp\/v2\/tags?post=56461"}],"curies":[{"name":"wp","href":"https:\/\/api.w.org\/{rel}","templated":true}]}}