{"id":56444,"date":"2020-06-10T23:49:39","date_gmt":"2020-06-10T23:49:39","guid":{"rendered":"https:\/\/www.ucaldas.edu.co\/portal\/?p=56444"},"modified":"2020-06-10T23:50:00","modified_gmt":"2020-06-10T23:50:00","slug":"100-mil-caldenses-residentes-en-el-pais-y-en-exterior-ser-beneficiados-con-los-servicios-de-telesalud","status":"publish","type":"post","link":"https:\/\/www.ucaldas.edu.co\/portal\/100-mil-caldenses-residentes-en-el-pais-y-en-exterior-ser-beneficiados-con-los-servicios-de-telesalud\/","title":{"rendered":"100 mil caldenses residentes en el pa\u00eds y en exterior beneficiados con los servicios de Telesalud"},"content":{"rendered":"<p style=\"text-align: center;\">ALIANZA CON LA GOBERNACI\u00d3N DE CALDAS Y TERRITORIAL DE SALUD<\/p>\n<p style=\"text-align: center;\"><strong><b>100 mil caldenses residentes en el pa\u00eds y en exterior\u00a0 beneficiados con los servicios de Telesalud <\/b><\/strong><\/p>\n<p style=\"text-align: right;\">10\/06\/2020<\/p>\n<p><img loading=\"lazy\" decoding=\"async\" class=\"alignnone size-full wp-image-56445 aligncenter\" src=\"https:\/\/www.ucaldas.edu.co\/portal\/wp-content\/uploads\/2020\/06\/WhatsApp-Image-2020-06-10-at-5.54.07-PM.jpeg\" alt=\"\" width=\"700\" height=\"400\" srcset=\"https:\/\/www.ucaldas.edu.co\/portal\/wp-content\/uploads\/2020\/06\/WhatsApp-Image-2020-06-10-at-5.54.07-PM.jpeg 700w, https:\/\/www.ucaldas.edu.co\/portal\/wp-content\/uploads\/2020\/06\/WhatsApp-Image-2020-06-10-at-5.54.07-PM-300x171.jpeg 300w\" sizes=\"auto, (max-width: 700px) 100vw, 700px\" \/><\/p>\n<p>&nbsp;<\/p>\n<p>Desde el reporte del primer caso en el departamento, el Gobierno de Caldas y Telesalud Universidad de Caldas unieron esfuerzos para hacerle frente a la emergencia por COVID-19. Acercar los servicios de salud a los caldenses a trav\u00e9s de la tecnolog\u00eda y aportar al mejoramiento de la calidad de vida, ha sido la premisa de la alianza que ha permitido beneficiar a\u00a0100 mil personas.<\/p>\n<p><!--more--><\/p>\n<p>\u201cEl impacto de la telemedicina y del uso responsable de las tecnolog\u00edas\u00a0 en Caldas es muy positivo y\u00a0 le apuesta a seguir llevando beneficios a la poblaci\u00f3n del departamento\u201d,\u00a0indic\u00f3 el Director de Telesalud, Esteban Granada.<\/p>\n<p>Quien \u00a0adem\u00e1s manifest\u00f3 que \u00a0gracias a estas acciones hoy se puede decir que m\u00e1s de 100 mil usuarios han evitado desplazarse a centros de salud, hospitales\u00a0 y otro tipo de lugares para una atenci\u00f3n y orientaci\u00f3n en salud, evitando el contagio por contacto.<\/p>\n<p>Los caldenses han accedido a los diferentes servicios que ofrece Telesalud como son teleorientaci\u00f3n, telemedicina, telepsiquiatr\u00eda, telepsicolog\u00eda, educaci\u00f3n virtual y registro COVID.<\/p>\n<p>Uno de los servicios que m\u00e1s ha aportado a la contenci\u00f3n del virus son las telorientaciones y atenciones de telemedicina que han evitado el contagio por contacto, toda vez que las personas acceden desde sus hogares a la atenci\u00f3n. Para lo cual, la Directora Territorial de Salud de Caldas, Jimena Aristiz\u00e1bal L\u00f3pez expres\u00f3: \u201cSabemos que las personas no pueden desplazarse y han estado confinadas por el COVID, \u00a0la idea es tratarlos en casa y la telemedicina es una herramienta muy valiosa en este momento para poder hacer seguimiento y atenci\u00f3n a todo tipo de enfermedades\u201d.<\/p>\n<p>La \u00a0Directora Territorial extendi\u00f3 invitaci\u00f3n a consultar los servicios y puntualiz\u00f3: \u201cEs\u00a0una herramienta muy \u00fatil, \u00a0funciona y est\u00e1 disponible de forma gratuita para todos los caldenses gracias al convenio de Telesalud, Gobernaci\u00f3n de Caldas y Territorial de Salud. Invitamos a las personas a que utilicen los servicios, \u00a0las l\u00edneas y chat m\u00e9dico para que se dejen orientar\u00a0y as\u00ed evitar un sobrediagn\u00f3stico y automedicaci\u00f3n\u201d.<\/p>\n<p>Seg\u00fan el reporte, la mayor\u00eda de las consultas provienen de \u00a0municipios de Caldas, sin embargo, a nivel Nacional, han accedido desde los departamentos de Risaralda, Quind\u00edo, Bogot\u00e1, Antioquia, Valle del Cauca, Norte de Santander, Nari\u00f1o y C\u00f3rdoba. A nivel internacional predominan las solicitudes de consulta desde Estados Unidos, Chile, Malta, Argentina, M\u00e9xico y Espa\u00f1a.<\/p>\n<p>&nbsp;<\/p>\n<p>Los caldenses pueden acceder a atenciones m\u00e9dicas escribiendo v\u00eda WhatsApp al 323 473 6101 y para atenciones psicol\u00f3gicas al 310 880 7467.<\/p>\n<p>&nbsp;<\/p>\n<p><strong><b>Anexos:<\/b><\/strong><\/p>\n<p><a href=\"https:\/\/co.ivoox.com\/es\/100-mil-caldenses-residentes-pais-y-audios-mp3_rf_51944201_1.html\"><strong><u><b>Director de Telesalud, Esteban Granada <\/b><\/u><\/strong><\/a><\/p>\n<p><strong><b>\u00a0<\/b><\/strong><\/p>\n<p><strong><b>Informes:<\/b><\/strong>\u00a0Oficina de Prensa de la Universidad de Caldas<\/p>\n<p><strong><b>Redacci\u00f3n:<\/b><\/strong>\u00a0Julieth Osorio Torres<\/p>\n<p>&nbsp;<\/p>\n","protected":false},"excerpt":{"rendered":"<p>ALIANZA CON LA GOBERNACI\u00d3N DE CALDAS Y TERRITORIAL DE SALUD 100 mil caldenses residentes en el pa\u00eds y en exterior\u00a0 beneficiados con los servicios de Telesalud 10\/06\/2020 &nbsp; Desde el reporte del primer caso en el departamento, el Gobierno de Caldas y Telesalud Universidad de Caldas unieron esfuerzos para hacerle frente a la emergencia por [&hellip;]<\/p>\n","protected":false},"author":2,"featured_media":56445,"comment_status":"closed","ping_status":"open","sticky":false,"template":"","format":"standard","meta":{"footnotes":""},"categories":[48,53,624],"tags":[187,275,1095,1930,2830],"class_list":["post-56444","post","type-post","status-publish","format-standard","has-post-thumbnail","hentry","category-actualidad","category-universidad-al-dia","category-ucaldas-activa","tag-vicerrectoria-de-proyeccion-universitaria","tag-telesalud","tag-beneficios","tag-alianza","tag-telemedicina"],"yoast_head":"<!-- This site is optimized with the Yoast SEO plugin v27.5 - https:\/\/yoast.com\/product\/yoast-seo-wordpress\/ -->\n<title>100 mil caldenses residentes en el pa\u00eds y en exterior beneficiados con los servicios de Telesalud .<\/title>\n<meta name=\"robots\" content=\"index, follow, max-snippet:-1, max-image-preview:large, max-video-preview:-1\" \/>\n<link rel=\"canonical\" href=\"https:\/\/www.ucaldas.edu.co\/portal\/100-mil-caldenses-residentes-en-el-pais-y-en-exterior-ser-beneficiados-con-los-servicios-de-telesalud\/\" \/>\n<script type=\"application\/ld+json\" class=\"yoast-schema-graph\">{\"@context\":\"https:\\\/\\\/schema.org\",\"@graph\":[{\"@type\":\"Article\",\"@id\":\"https:\\\/\\\/www.ucaldas.edu.co\\\/portal\\\/100-mil-caldenses-residentes-en-el-pais-y-en-exterior-ser-beneficiados-con-los-servicios-de-telesalud\\\/#article\",\"isPartOf\":{\"@id\":\"https:\\\/\\\/www.ucaldas.edu.co\\\/portal\\\/100-mil-caldenses-residentes-en-el-pais-y-en-exterior-ser-beneficiados-con-los-servicios-de-telesalud\\\/\"},\"author\":{\"name\":\"ofiprensa\",\"@id\":\"https:\\\/\\\/www.ucaldas.edu.co\\\/portal\\\/#\\\/schema\\\/person\\\/a1b482e23449158b4bc319926c074fdf\"},\"headline\":\"100 mil caldenses residentes en el pa\u00eds y en exterior beneficiados con los servicios de Telesalud\",\"datePublished\":\"2020-06-10T23:49:39+00:00\",\"dateModified\":\"2020-06-10T23:50:00+00:00\",\"mainEntityOfPage\":{\"@id\":\"https:\\\/\\\/www.ucaldas.edu.co\\\/portal\\\/100-mil-caldenses-residentes-en-el-pais-y-en-exterior-ser-beneficiados-con-los-servicios-de-telesalud\\\/\"},\"wordCount\":495,\"publisher\":{\"@id\":\"https:\\\/\\\/www.ucaldas.edu.co\\\/portal\\\/#organization\"},\"image\":{\"@id\":\"https:\\\/\\\/www.ucaldas.edu.co\\\/portal\\\/100-mil-caldenses-residentes-en-el-pais-y-en-exterior-ser-beneficiados-con-los-servicios-de-telesalud\\\/#primaryimage\"},\"thumbnailUrl\":\"https:\\\/\\\/www.ucaldas.edu.co\\\/portal\\\/wp-content\\\/uploads\\\/2020\\\/06\\\/WhatsApp-Image-2020-06-10-at-5.54.07-PM.jpeg\",\"keywords\":[\"vicerrector\u00eda de Proyecci\u00f3n Universitaria\",\"Telesalud\",\"Beneficios\",\"alianza\",\"telemedicina\"],\"articleSection\":[\"Actualidad\",\"Universidad al D\u00eda\",\"UCaldas Activa\"],\"inLanguage\":\"es\"},{\"@type\":\"WebPage\",\"@id\":\"https:\\\/\\\/www.ucaldas.edu.co\\\/portal\\\/100-mil-caldenses-residentes-en-el-pais-y-en-exterior-ser-beneficiados-con-los-servicios-de-telesalud\\\/\",\"url\":\"https:\\\/\\\/www.ucaldas.edu.co\\\/portal\\\/100-mil-caldenses-residentes-en-el-pais-y-en-exterior-ser-beneficiados-con-los-servicios-de-telesalud\\\/\",\"name\":\"100 mil caldenses residentes en el pa\u00eds y en exterior beneficiados con los servicios de Telesalud .\",\"isPartOf\":{\"@id\":\"https:\\\/\\\/www.ucaldas.edu.co\\\/portal\\\/#website\"},\"primaryImageOfPage\":{\"@id\":\"https:\\\/\\\/www.ucaldas.edu.co\\\/portal\\\/100-mil-caldenses-residentes-en-el-pais-y-en-exterior-ser-beneficiados-con-los-servicios-de-telesalud\\\/#primaryimage\"},\"image\":{\"@id\":\"https:\\\/\\\/www.ucaldas.edu.co\\\/portal\\\/100-mil-caldenses-residentes-en-el-pais-y-en-exterior-ser-beneficiados-con-los-servicios-de-telesalud\\\/#primaryimage\"},\"thumbnailUrl\":\"https:\\\/\\\/www.ucaldas.edu.co\\\/portal\\\/wp-content\\\/uploads\\\/2020\\\/06\\\/WhatsApp-Image-2020-06-10-at-5.54.07-PM.jpeg\",\"datePublished\":\"2020-06-10T23:49:39+00:00\",\"dateModified\":\"2020-06-10T23:50:00+00:00\",\"breadcrumb\":{\"@id\":\"https:\\\/\\\/www.ucaldas.edu.co\\\/portal\\\/100-mil-caldenses-residentes-en-el-pais-y-en-exterior-ser-beneficiados-con-los-servicios-de-telesalud\\\/#breadcrumb\"},\"inLanguage\":\"es\",\"potentialAction\":[{\"@type\":\"ReadAction\",\"target\":[\"https:\\\/\\\/www.ucaldas.edu.co\\\/portal\\\/100-mil-caldenses-residentes-en-el-pais-y-en-exterior-ser-beneficiados-con-los-servicios-de-telesalud\\\/\"]}]},{\"@type\":\"ImageObject\",\"inLanguage\":\"es\",\"@id\":\"https:\\\/\\\/www.ucaldas.edu.co\\\/portal\\\/100-mil-caldenses-residentes-en-el-pais-y-en-exterior-ser-beneficiados-con-los-servicios-de-telesalud\\\/#primaryimage\",\"url\":\"https:\\\/\\\/www.ucaldas.edu.co\\\/portal\\\/wp-content\\\/uploads\\\/2020\\\/06\\\/WhatsApp-Image-2020-06-10-at-5.54.07-PM.jpeg\",\"contentUrl\":\"https:\\\/\\\/www.ucaldas.edu.co\\\/portal\\\/wp-content\\\/uploads\\\/2020\\\/06\\\/WhatsApp-Image-2020-06-10-at-5.54.07-PM.jpeg\",\"width\":700,\"height\":400},{\"@type\":\"BreadcrumbList\",\"@id\":\"https:\\\/\\\/www.ucaldas.edu.co\\\/portal\\\/100-mil-caldenses-residentes-en-el-pais-y-en-exterior-ser-beneficiados-con-los-servicios-de-telesalud\\\/#breadcrumb\",\"itemListElement\":[{\"@type\":\"ListItem\",\"position\":1,\"name\":\"Portada\",\"item\":\"https:\\\/\\\/www.ucaldas.edu.co\\\/portal\\\/\"},{\"@type\":\"ListItem\",\"position\":2,\"name\":\"100 mil caldenses residentes en el pa\u00eds y en exterior beneficiados con los servicios de Telesalud\"}]},{\"@type\":\"WebSite\",\"@id\":\"https:\\\/\\\/www.ucaldas.edu.co\\\/portal\\\/#website\",\"url\":\"https:\\\/\\\/www.ucaldas.edu.co\\\/portal\\\/\",\"name\":\"Universidad de Caldas\",\"description\":\"\",\"publisher\":{\"@id\":\"https:\\\/\\\/www.ucaldas.edu.co\\\/portal\\\/#organization\"},\"alternateName\":\"U. de Caldas\",\"potentialAction\":[{\"@type\":\"SearchAction\",\"target\":{\"@type\":\"EntryPoint\",\"urlTemplate\":\"https:\\\/\\\/www.ucaldas.edu.co\\\/portal\\\/?s={search_term_string}\"},\"query-input\":{\"@type\":\"PropertyValueSpecification\",\"valueRequired\":true,\"valueName\":\"search_term_string\"}}],\"inLanguage\":\"es\"},{\"@type\":\"Organization\",\"@id\":\"https:\\\/\\\/www.ucaldas.edu.co\\\/portal\\\/#organization\",\"name\":\"Universidad de Caldas\",\"alternateName\":\"U. de Caldas\",\"url\":\"https:\\\/\\\/www.ucaldas.edu.co\\\/portal\\\/\",\"logo\":{\"@type\":\"ImageObject\",\"inLanguage\":\"es\",\"@id\":\"https:\\\/\\\/www.ucaldas.edu.co\\\/portal\\\/#\\\/schema\\\/logo\\\/image\\\/\",\"url\":\"https:\\\/\\\/www.ucaldas.edu.co\\\/portal\\\/wp-content\\\/uploads\\\/2023\\\/11\\\/Logo_horizontal_oscuroU-2023.png\",\"contentUrl\":\"https:\\\/\\\/www.ucaldas.edu.co\\\/portal\\\/wp-content\\\/uploads\\\/2023\\\/11\\\/Logo_horizontal_oscuroU-2023.png\",\"width\":263,\"height\":101,\"caption\":\"Universidad de Caldas\"},\"image\":{\"@id\":\"https:\\\/\\\/www.ucaldas.edu.co\\\/portal\\\/#\\\/schema\\\/logo\\\/image\\\/\"},\"sameAs\":[\"https:\\\/\\\/www.facebook.com\\\/udecaldas\",\"https:\\\/\\\/x.com\\\/udecaldas\",\"https:\\\/\\\/www.youtube.com\\\/universidadcaldas\",\"https:\\\/\\\/www.instagram.com\\\/udecaldas\\\/\"]},{\"@type\":\"Person\",\"@id\":\"https:\\\/\\\/www.ucaldas.edu.co\\\/portal\\\/#\\\/schema\\\/person\\\/a1b482e23449158b4bc319926c074fdf\",\"name\":\"ofiprensa\",\"image\":{\"@type\":\"ImageObject\",\"inLanguage\":\"es\",\"@id\":\"https:\\\/\\\/www.ucaldas.edu.co\\\/portal\\\/wp-content\\\/litespeed\\\/avatar\\\/09ea5085e600095a7a811142c6944527.jpg?ver=1777497608\",\"url\":\"https:\\\/\\\/www.ucaldas.edu.co\\\/portal\\\/wp-content\\\/litespeed\\\/avatar\\\/09ea5085e600095a7a811142c6944527.jpg?ver=1777497608\",\"contentUrl\":\"https:\\\/\\\/www.ucaldas.edu.co\\\/portal\\\/wp-content\\\/litespeed\\\/avatar\\\/09ea5085e600095a7a811142c6944527.jpg?ver=1777497608\",\"caption\":\"ofiprensa\"},\"url\":\"https:\\\/\\\/www.ucaldas.edu.co\\\/portal\\\/author\\\/ofiprensa\\\/\"}]}<\/script>\n<!-- \/ Yoast SEO plugin. -->","yoast_head_json":{"title":"100 mil caldenses residentes en el pa\u00eds y en exterior beneficiados con los servicios de Telesalud .","robots":{"index":"index","follow":"follow","max-snippet":"max-snippet:-1","max-image-preview":"max-image-preview:large","max-video-preview":"max-video-preview:-1"},"canonical":"https:\/\/www.ucaldas.edu.co\/portal\/100-mil-caldenses-residentes-en-el-pais-y-en-exterior-ser-beneficiados-con-los-servicios-de-telesalud\/","schema":{"@context":"https:\/\/schema.org","@graph":[{"@type":"Article","@id":"https:\/\/www.ucaldas.edu.co\/portal\/100-mil-caldenses-residentes-en-el-pais-y-en-exterior-ser-beneficiados-con-los-servicios-de-telesalud\/#article","isPartOf":{"@id":"https:\/\/www.ucaldas.edu.co\/portal\/100-mil-caldenses-residentes-en-el-pais-y-en-exterior-ser-beneficiados-con-los-servicios-de-telesalud\/"},"author":{"name":"ofiprensa","@id":"https:\/\/www.ucaldas.edu.co\/portal\/#\/schema\/person\/a1b482e23449158b4bc319926c074fdf"},"headline":"100 mil caldenses residentes en el pa\u00eds y en exterior beneficiados con los servicios de Telesalud","datePublished":"2020-06-10T23:49:39+00:00","dateModified":"2020-06-10T23:50:00+00:00","mainEntityOfPage":{"@id":"https:\/\/www.ucaldas.edu.co\/portal\/100-mil-caldenses-residentes-en-el-pais-y-en-exterior-ser-beneficiados-con-los-servicios-de-telesalud\/"},"wordCount":495,"publisher":{"@id":"https:\/\/www.ucaldas.edu.co\/portal\/#organization"},"image":{"@id":"https:\/\/www.ucaldas.edu.co\/portal\/100-mil-caldenses-residentes-en-el-pais-y-en-exterior-ser-beneficiados-con-los-servicios-de-telesalud\/#primaryimage"},"thumbnailUrl":"https:\/\/www.ucaldas.edu.co\/portal\/wp-content\/uploads\/2020\/06\/WhatsApp-Image-2020-06-10-at-5.54.07-PM.jpeg","keywords":["vicerrector\u00eda de Proyecci\u00f3n Universitaria","Telesalud","Beneficios","alianza","telemedicina"],"articleSection":["Actualidad","Universidad al D\u00eda","UCaldas Activa"],"inLanguage":"es"},{"@type":"WebPage","@id":"https:\/\/www.ucaldas.edu.co\/portal\/100-mil-caldenses-residentes-en-el-pais-y-en-exterior-ser-beneficiados-con-los-servicios-de-telesalud\/","url":"https:\/\/www.ucaldas.edu.co\/portal\/100-mil-caldenses-residentes-en-el-pais-y-en-exterior-ser-beneficiados-con-los-servicios-de-telesalud\/","name":"100 mil caldenses residentes en el pa\u00eds y en exterior beneficiados con los servicios de Telesalud .","isPartOf":{"@id":"https:\/\/www.ucaldas.edu.co\/portal\/#website"},"primaryImageOfPage":{"@id":"https:\/\/www.ucaldas.edu.co\/portal\/100-mil-caldenses-residentes-en-el-pais-y-en-exterior-ser-beneficiados-con-los-servicios-de-telesalud\/#primaryimage"},"image":{"@id":"https:\/\/www.ucaldas.edu.co\/portal\/100-mil-caldenses-residentes-en-el-pais-y-en-exterior-ser-beneficiados-con-los-servicios-de-telesalud\/#primaryimage"},"thumbnailUrl":"https:\/\/www.ucaldas.edu.co\/portal\/wp-content\/uploads\/2020\/06\/WhatsApp-Image-2020-06-10-at-5.54.07-PM.jpeg","datePublished":"2020-06-10T23:49:39+00:00","dateModified":"2020-06-10T23:50:00+00:00","breadcrumb":{"@id":"https:\/\/www.ucaldas.edu.co\/portal\/100-mil-caldenses-residentes-en-el-pais-y-en-exterior-ser-beneficiados-con-los-servicios-de-telesalud\/#breadcrumb"},"inLanguage":"es","potentialAction":[{"@type":"ReadAction","target":["https:\/\/www.ucaldas.edu.co\/portal\/100-mil-caldenses-residentes-en-el-pais-y-en-exterior-ser-beneficiados-con-los-servicios-de-telesalud\/"]}]},{"@type":"ImageObject","inLanguage":"es","@id":"https:\/\/www.ucaldas.edu.co\/portal\/100-mil-caldenses-residentes-en-el-pais-y-en-exterior-ser-beneficiados-con-los-servicios-de-telesalud\/#primaryimage","url":"https:\/\/www.ucaldas.edu.co\/portal\/wp-content\/uploads\/2020\/06\/WhatsApp-Image-2020-06-10-at-5.54.07-PM.jpeg","contentUrl":"https:\/\/www.ucaldas.edu.co\/portal\/wp-content\/uploads\/2020\/06\/WhatsApp-Image-2020-06-10-at-5.54.07-PM.jpeg","width":700,"height":400},{"@type":"BreadcrumbList","@id":"https:\/\/www.ucaldas.edu.co\/portal\/100-mil-caldenses-residentes-en-el-pais-y-en-exterior-ser-beneficiados-con-los-servicios-de-telesalud\/#breadcrumb","itemListElement":[{"@type":"ListItem","position":1,"name":"Portada","item":"https:\/\/www.ucaldas.edu.co\/portal\/"},{"@type":"ListItem","position":2,"name":"100 mil caldenses residentes en el pa\u00eds y en exterior beneficiados con los servicios de Telesalud"}]},{"@type":"WebSite","@id":"https:\/\/www.ucaldas.edu.co\/portal\/#website","url":"https:\/\/www.ucaldas.edu.co\/portal\/","name":"Universidad de Caldas","description":"","publisher":{"@id":"https:\/\/www.ucaldas.edu.co\/portal\/#organization"},"alternateName":"U. de Caldas","potentialAction":[{"@type":"SearchAction","target":{"@type":"EntryPoint","urlTemplate":"https:\/\/www.ucaldas.edu.co\/portal\/?s={search_term_string}"},"query-input":{"@type":"PropertyValueSpecification","valueRequired":true,"valueName":"search_term_string"}}],"inLanguage":"es"},{"@type":"Organization","@id":"https:\/\/www.ucaldas.edu.co\/portal\/#organization","name":"Universidad de Caldas","alternateName":"U. de Caldas","url":"https:\/\/www.ucaldas.edu.co\/portal\/","logo":{"@type":"ImageObject","inLanguage":"es","@id":"https:\/\/www.ucaldas.edu.co\/portal\/#\/schema\/logo\/image\/","url":"https:\/\/www.ucaldas.edu.co\/portal\/wp-content\/uploads\/2023\/11\/Logo_horizontal_oscuroU-2023.png","contentUrl":"https:\/\/www.ucaldas.edu.co\/portal\/wp-content\/uploads\/2023\/11\/Logo_horizontal_oscuroU-2023.png","width":263,"height":101,"caption":"Universidad de Caldas"},"image":{"@id":"https:\/\/www.ucaldas.edu.co\/portal\/#\/schema\/logo\/image\/"},"sameAs":["https:\/\/www.facebook.com\/udecaldas","https:\/\/x.com\/udecaldas","https:\/\/www.youtube.com\/universidadcaldas","https:\/\/www.instagram.com\/udecaldas\/"]},{"@type":"Person","@id":"https:\/\/www.ucaldas.edu.co\/portal\/#\/schema\/person\/a1b482e23449158b4bc319926c074fdf","name":"ofiprensa","image":{"@type":"ImageObject","inLanguage":"es","@id":"https:\/\/www.ucaldas.edu.co\/portal\/wp-content\/litespeed\/avatar\/09ea5085e600095a7a811142c6944527.jpg?ver=1777497608","url":"https:\/\/www.ucaldas.edu.co\/portal\/wp-content\/litespeed\/avatar\/09ea5085e600095a7a811142c6944527.jpg?ver=1777497608","contentUrl":"https:\/\/www.ucaldas.edu.co\/portal\/wp-content\/litespeed\/avatar\/09ea5085e600095a7a811142c6944527.jpg?ver=1777497608","caption":"ofiprensa"},"url":"https:\/\/www.ucaldas.edu.co\/portal\/author\/ofiprensa\/"}]}},"_links":{"self":[{"href":"https:\/\/www.ucaldas.edu.co\/portal\/wp-json\/wp\/v2\/posts\/56444","targetHints":{"allow":["GET"]}}],"collection":[{"href":"https:\/\/www.ucaldas.edu.co\/portal\/wp-json\/wp\/v2\/posts"}],"about":[{"href":"https:\/\/www.ucaldas.edu.co\/portal\/wp-json\/wp\/v2\/types\/post"}],"author":[{"embeddable":true,"href":"https:\/\/www.ucaldas.edu.co\/portal\/wp-json\/wp\/v2\/users\/2"}],"replies":[{"embeddable":true,"href":"https:\/\/www.ucaldas.edu.co\/portal\/wp-json\/wp\/v2\/comments?post=56444"}],"version-history":[{"count":0,"href":"https:\/\/www.ucaldas.edu.co\/portal\/wp-json\/wp\/v2\/posts\/56444\/revisions"}],"wp:featuredmedia":[{"embeddable":true,"href":"https:\/\/www.ucaldas.edu.co\/portal\/wp-json\/wp\/v2\/media\/56445"}],"wp:attachment":[{"href":"https:\/\/www.ucaldas.edu.co\/portal\/wp-json\/wp\/v2\/media?parent=56444"}],"wp:term":[{"taxonomy":"category","embeddable":true,"href":"https:\/\/www.ucaldas.edu.co\/portal\/wp-json\/wp\/v2\/categories?post=56444"},{"taxonomy":"post_tag","embeddable":true,"href":"https:\/\/www.ucaldas.edu.co\/portal\/wp-json\/wp\/v2\/tags?post=56444"}],"curies":[{"name":"wp","href":"https:\/\/api.w.org\/{rel}","templated":true}]}}