{"id":56253,"date":"2020-06-01T23:46:53","date_gmt":"2020-06-01T23:46:53","guid":{"rendered":"https:\/\/www.ucaldas.edu.co\/portal\/?p=56253"},"modified":"2020-06-01T23:46:53","modified_gmt":"2020-06-01T23:46:53","slug":"se-acerca-el-decimo-noveno-festival-internacional-de-la-imagen-2020-version-online","status":"publish","type":"post","link":"https:\/\/www.ucaldas.edu.co\/portal\/se-acerca-el-decimo-noveno-festival-internacional-de-la-imagen-2020-version-online\/","title":{"rendered":"Se acerca el d\u00e9cimo noveno \u00a0Festival Internacional de la Imagen 2020 versi\u00f3n online"},"content":{"rendered":"<p style=\"text-align: center;\">DEL 15 AL 19 DE JUNIO\u00a0DE 2020<\/p>\n<p style=\"text-align: center;\"><strong><b>Se acerca el <\/b><\/strong><strong><b>d\u00e9cimo noveno <\/b><\/strong><strong><b>\u00a0Festival Internacional de la Imagen 2020 versi\u00f3n online<\/b><\/strong><\/p>\n<p style=\"text-align: right;\">01\/06\/2020<\/p>\n<p><img loading=\"lazy\" decoding=\"async\" class=\"alignnone size-full wp-image-56254 aligncenter\" src=\"https:\/\/www.ucaldas.edu.co\/portal\/wp-content\/uploads\/2020\/06\/imagen.jpg\" alt=\"\" width=\"700\" height=\"400\" srcset=\"https:\/\/www.ucaldas.edu.co\/portal\/wp-content\/uploads\/2020\/06\/imagen.jpg 700w, https:\/\/www.ucaldas.edu.co\/portal\/wp-content\/uploads\/2020\/06\/imagen-300x171.jpg 300w\" sizes=\"auto, (max-width: 700px) 100vw, 700px\" \/><\/p>\n<p>&nbsp;<\/p>\n<p>Se encuentran abiertas las inscripciones para ser parte del Festival Internacional de la Imagen 2020, que para esta oportunidad se celebrar\u00e1 en el entorno virtual del 15 al 19 de junio.<\/p>\n<p><!--more--><\/p>\n<p>La versi\u00f3n virtual se realiza debido a la contingencia actual a nivel mundial. Sin embargo, esta nueva modalidad permitir\u00e1 la interacci\u00f3n con participantes desde diferentes lugares del mundo a trav\u00e9s de plataformas online.<\/p>\n<p>&nbsp;<\/p>\n<p>Felipe C\u00e9sar Londo\u00f1o L\u00f3pez, director del Festival, comenta que el tema central de la versi\u00f3n XIX del Festival Internacional de la Imagen + PDC 2020 (Participatory Design Conference) ser\u00e1 \u201cParticipaci\u00f3n(es) otra(s)\u201d, con el cual se quiere invitar a la comunidad del dise\u00f1o participativo a pensar m\u00e1s sobre los diversos significados y ontolog\u00edas que la intervenci\u00f3n y el dise\u00f1o pueden asumir.<\/p>\n<p>&nbsp;<\/p>\n<p>Esta versi\u00f3n del ImageFest invita a pensar en preguntas como: \u00bfQu\u00e9 formas, concepciones y entendimientos de participaci\u00f3n, colaboraci\u00f3n, intervenci\u00f3n, dise\u00f1o y tecnolog\u00eda podemos utilizar para cuestionar puntos de vista esencialistas sobre dise\u00f1o participativo? \u00bfSon coherentes las concepciones actuales con las comprensiones y realidades plurales? \u00bfDe qu\u00e9 no nos hemos dado cuenta antes? \u00bfDe qui\u00e9n m\u00e1s podemos aprender?<\/p>\n<p>Londo\u00f1o asevera que este a\u00f1o recibieron propuestas internacionales para participar de Australia, Canad\u00e1, pa\u00edses europeos y n\u00f3rdicos. Agrega que se busca aprovechar las Tecnolog\u00edas de la Informaci\u00f3n y las Comunicaciones para el evento, que tambi\u00e9n contar\u00e1 con nuevas plataformas poco usuales que se presentar\u00e1n pr\u00f3ximamente en la web del festival.<\/p>\n<p>El ImagenFest contar\u00e1 con la participaci\u00f3n de invitados como Bruno Tackels de B\u00e9lgica, Dylan Cote de Francia, Michela Pelusio de Italia, Patxi Araujo de Espa\u00f1a, Elizabeth Lorenzi de Noruega, Ricardo Dal Farra de Canad\u00e1, entre otros.<\/p>\n<p>Los interesados en asistir a los eventos que realiza el Festival lo pueden hacer diligenciando el formulario de inscripci\u00f3n y luego seleccionar el pasaporte virtual que m\u00e1s se acomode a su perfil.<\/p>\n<p>A continuaci\u00f3n les presentamos los pasaportes y su precio:<\/p>\n<p>&nbsp;<\/p>\n<table>\n<tbody>\n<tr>\n<td width=\"450\"><strong><b>PASAPORTE<\/b><\/strong><\/td>\n<td width=\"148\"><strong><b>PRECIO<\/b><\/strong><\/td>\n<\/tr>\n<tr>\n<td width=\"450\">Pasaporte 1: \u00a0Profesionales y practicantes que residen fuera de Latinoam\u00e9rica.<\/p>\n<p>&nbsp;<\/td>\n<td width=\"148\">210 USD<\/td>\n<\/tr>\n<tr>\n<td width=\"450\">Pasaporte 2: \u00a0Profesionales y practicantes que residen en Latinoam\u00e9rica (incluido Colombia).<\/p>\n<p>&nbsp;<\/td>\n<td width=\"148\">70 USD<\/td>\n<\/tr>\n<tr>\n<td width=\"450\">Pasaporte 3: \u00a0Estudiantes que residen fuera de Latinoam\u00e9rica.<\/p>\n<p>&nbsp;<\/td>\n<td width=\"148\">55 USD<\/td>\n<\/tr>\n<tr>\n<td width=\"450\">Pasaporte 4: \u00a0Estudiantes que residen en Latinoam\u00e9rica (incluido Colombia).<\/td>\n<td width=\"148\">35 USD<\/td>\n<\/tr>\n<\/tbody>\n<\/table>\n<p>&nbsp;<\/p>\n<p><strong><b>Anexos:<\/b><\/strong><\/p>\n<p><a href=\"http:\/\/festivaldelaimagen.com\/es\/suscripciones\/\"><strong><u><b>Link de inscripciones.<\/b><\/u><\/strong><\/a><\/p>\n<p><a href=\"https:\/\/www.ucaldas.edu.co\/portal\/wp-content\/uploads\/2020\/06\/felipe-cesar.mp3\"><strong><u><b>Audio <\/b><\/u><\/strong><strong><u><b>Director Festival internacional de la Imagen <\/b><\/u><\/strong><strong><u><b>Felipe Cesar<\/b><\/u><\/strong><strong><u><b>\u00a0Londo\u00f1o L\u00f3pez<\/b><\/u><\/strong><strong><u><b>.<\/b><\/u><\/strong><\/a><\/p>\n<p>&nbsp;<\/p>\n<p><strong><b>Informes: <\/b><\/strong>Oficina de Comunicaciones y Prensa Universidad de Caldas.<\/p>\n<p><strong><b>Redacci\u00f3n:<\/b><\/strong>\u00a0Mateo Buritic\u00e1 Giraldo<\/p>\n<p>&nbsp;<\/p>\n","protected":false},"excerpt":{"rendered":"<p>DEL 15 AL 19 DE JUNIO\u00a0DE 2020 Se acerca el d\u00e9cimo noveno \u00a0Festival Internacional de la Imagen 2020 versi\u00f3n online 01\/06\/2020 &nbsp; Se encuentran abiertas las inscripciones para ser parte del Festival Internacional de la Imagen 2020, que para esta oportunidad se celebrar\u00e1 en el entorno virtual del 15 al 19 de junio.<\/p>\n","protected":false},"author":2,"featured_media":56254,"comment_status":"closed","ping_status":"open","sticky":false,"template":"","format":"standard","meta":{"footnotes":""},"categories":[48,53,62],"tags":[837,4851],"class_list":["post-56253","post","type-post","status-publish","format-standard","has-post-thumbnail","hentry","category-actualidad","category-universidad-al-dia","category-eventos","tag-festival-internacional-de-la-imagen","tag-imagenfest-festival"],"yoast_head":"<!-- This site is optimized with the Yoast SEO plugin v27.5 - https:\/\/yoast.com\/product\/yoast-seo-wordpress\/ -->\n<title>Se acerca el d\u00e9cimo noveno \u00a0Festival Internacional de la Imagen 2020 versi\u00f3n online .<\/title>\n<meta name=\"robots\" content=\"index, follow, max-snippet:-1, max-image-preview:large, max-video-preview:-1\" \/>\n<link rel=\"canonical\" href=\"https:\/\/www.ucaldas.edu.co\/portal\/se-acerca-el-decimo-noveno-festival-internacional-de-la-imagen-2020-version-online\/\" \/>\n<script type=\"application\/ld+json\" class=\"yoast-schema-graph\">{\"@context\":\"https:\\\/\\\/schema.org\",\"@graph\":[{\"@type\":\"Article\",\"@id\":\"https:\\\/\\\/www.ucaldas.edu.co\\\/portal\\\/se-acerca-el-decimo-noveno-festival-internacional-de-la-imagen-2020-version-online\\\/#article\",\"isPartOf\":{\"@id\":\"https:\\\/\\\/www.ucaldas.edu.co\\\/portal\\\/se-acerca-el-decimo-noveno-festival-internacional-de-la-imagen-2020-version-online\\\/\"},\"author\":{\"name\":\"ofiprensa\",\"@id\":\"https:\\\/\\\/www.ucaldas.edu.co\\\/portal\\\/#\\\/schema\\\/person\\\/a1b482e23449158b4bc319926c074fdf\"},\"headline\":\"Se acerca el d\u00e9cimo noveno \u00a0Festival Internacional de la Imagen 2020 versi\u00f3n online\",\"datePublished\":\"2020-06-01T23:46:53+00:00\",\"mainEntityOfPage\":{\"@id\":\"https:\\\/\\\/www.ucaldas.edu.co\\\/portal\\\/se-acerca-el-decimo-noveno-festival-internacional-de-la-imagen-2020-version-online\\\/\"},\"wordCount\":460,\"publisher\":{\"@id\":\"https:\\\/\\\/www.ucaldas.edu.co\\\/portal\\\/#organization\"},\"image\":{\"@id\":\"https:\\\/\\\/www.ucaldas.edu.co\\\/portal\\\/se-acerca-el-decimo-noveno-festival-internacional-de-la-imagen-2020-version-online\\\/#primaryimage\"},\"thumbnailUrl\":\"https:\\\/\\\/www.ucaldas.edu.co\\\/portal\\\/wp-content\\\/uploads\\\/2020\\\/06\\\/imagen.jpg\",\"keywords\":[\"Festival Internacional de la Imagen\",\"imagenfest. Festival\"],\"articleSection\":[\"Actualidad\",\"Universidad al D\u00eda\",\"Eventos\"],\"inLanguage\":\"es\"},{\"@type\":\"WebPage\",\"@id\":\"https:\\\/\\\/www.ucaldas.edu.co\\\/portal\\\/se-acerca-el-decimo-noveno-festival-internacional-de-la-imagen-2020-version-online\\\/\",\"url\":\"https:\\\/\\\/www.ucaldas.edu.co\\\/portal\\\/se-acerca-el-decimo-noveno-festival-internacional-de-la-imagen-2020-version-online\\\/\",\"name\":\"Se acerca el d\u00e9cimo noveno \u00a0Festival Internacional de la Imagen 2020 versi\u00f3n online .\",\"isPartOf\":{\"@id\":\"https:\\\/\\\/www.ucaldas.edu.co\\\/portal\\\/#website\"},\"primaryImageOfPage\":{\"@id\":\"https:\\\/\\\/www.ucaldas.edu.co\\\/portal\\\/se-acerca-el-decimo-noveno-festival-internacional-de-la-imagen-2020-version-online\\\/#primaryimage\"},\"image\":{\"@id\":\"https:\\\/\\\/www.ucaldas.edu.co\\\/portal\\\/se-acerca-el-decimo-noveno-festival-internacional-de-la-imagen-2020-version-online\\\/#primaryimage\"},\"thumbnailUrl\":\"https:\\\/\\\/www.ucaldas.edu.co\\\/portal\\\/wp-content\\\/uploads\\\/2020\\\/06\\\/imagen.jpg\",\"datePublished\":\"2020-06-01T23:46:53+00:00\",\"breadcrumb\":{\"@id\":\"https:\\\/\\\/www.ucaldas.edu.co\\\/portal\\\/se-acerca-el-decimo-noveno-festival-internacional-de-la-imagen-2020-version-online\\\/#breadcrumb\"},\"inLanguage\":\"es\",\"potentialAction\":[{\"@type\":\"ReadAction\",\"target\":[\"https:\\\/\\\/www.ucaldas.edu.co\\\/portal\\\/se-acerca-el-decimo-noveno-festival-internacional-de-la-imagen-2020-version-online\\\/\"]}]},{\"@type\":\"ImageObject\",\"inLanguage\":\"es\",\"@id\":\"https:\\\/\\\/www.ucaldas.edu.co\\\/portal\\\/se-acerca-el-decimo-noveno-festival-internacional-de-la-imagen-2020-version-online\\\/#primaryimage\",\"url\":\"https:\\\/\\\/www.ucaldas.edu.co\\\/portal\\\/wp-content\\\/uploads\\\/2020\\\/06\\\/imagen.jpg\",\"contentUrl\":\"https:\\\/\\\/www.ucaldas.edu.co\\\/portal\\\/wp-content\\\/uploads\\\/2020\\\/06\\\/imagen.jpg\",\"width\":700,\"height\":400},{\"@type\":\"BreadcrumbList\",\"@id\":\"https:\\\/\\\/www.ucaldas.edu.co\\\/portal\\\/se-acerca-el-decimo-noveno-festival-internacional-de-la-imagen-2020-version-online\\\/#breadcrumb\",\"itemListElement\":[{\"@type\":\"ListItem\",\"position\":1,\"name\":\"Portada\",\"item\":\"https:\\\/\\\/www.ucaldas.edu.co\\\/portal\\\/\"},{\"@type\":\"ListItem\",\"position\":2,\"name\":\"Se acerca el d\u00e9cimo noveno \u00a0Festival Internacional de la Imagen 2020 versi\u00f3n online\"}]},{\"@type\":\"WebSite\",\"@id\":\"https:\\\/\\\/www.ucaldas.edu.co\\\/portal\\\/#website\",\"url\":\"https:\\\/\\\/www.ucaldas.edu.co\\\/portal\\\/\",\"name\":\"Universidad de Caldas\",\"description\":\"\",\"publisher\":{\"@id\":\"https:\\\/\\\/www.ucaldas.edu.co\\\/portal\\\/#organization\"},\"alternateName\":\"U. de Caldas\",\"potentialAction\":[{\"@type\":\"SearchAction\",\"target\":{\"@type\":\"EntryPoint\",\"urlTemplate\":\"https:\\\/\\\/www.ucaldas.edu.co\\\/portal\\\/?s={search_term_string}\"},\"query-input\":{\"@type\":\"PropertyValueSpecification\",\"valueRequired\":true,\"valueName\":\"search_term_string\"}}],\"inLanguage\":\"es\"},{\"@type\":\"Organization\",\"@id\":\"https:\\\/\\\/www.ucaldas.edu.co\\\/portal\\\/#organization\",\"name\":\"Universidad de Caldas\",\"alternateName\":\"U. de Caldas\",\"url\":\"https:\\\/\\\/www.ucaldas.edu.co\\\/portal\\\/\",\"logo\":{\"@type\":\"ImageObject\",\"inLanguage\":\"es\",\"@id\":\"https:\\\/\\\/www.ucaldas.edu.co\\\/portal\\\/#\\\/schema\\\/logo\\\/image\\\/\",\"url\":\"https:\\\/\\\/www.ucaldas.edu.co\\\/portal\\\/wp-content\\\/uploads\\\/2023\\\/11\\\/Logo_horizontal_oscuroU-2023.png\",\"contentUrl\":\"https:\\\/\\\/www.ucaldas.edu.co\\\/portal\\\/wp-content\\\/uploads\\\/2023\\\/11\\\/Logo_horizontal_oscuroU-2023.png\",\"width\":263,\"height\":101,\"caption\":\"Universidad de Caldas\"},\"image\":{\"@id\":\"https:\\\/\\\/www.ucaldas.edu.co\\\/portal\\\/#\\\/schema\\\/logo\\\/image\\\/\"},\"sameAs\":[\"https:\\\/\\\/www.facebook.com\\\/udecaldas\",\"https:\\\/\\\/x.com\\\/udecaldas\",\"https:\\\/\\\/www.youtube.com\\\/universidadcaldas\",\"https:\\\/\\\/www.instagram.com\\\/udecaldas\\\/\"]},{\"@type\":\"Person\",\"@id\":\"https:\\\/\\\/www.ucaldas.edu.co\\\/portal\\\/#\\\/schema\\\/person\\\/a1b482e23449158b4bc319926c074fdf\",\"name\":\"ofiprensa\",\"image\":{\"@type\":\"ImageObject\",\"inLanguage\":\"es\",\"@id\":\"https:\\\/\\\/www.ucaldas.edu.co\\\/portal\\\/wp-content\\\/litespeed\\\/avatar\\\/09ea5085e600095a7a811142c6944527.jpg?ver=1777497608\",\"url\":\"https:\\\/\\\/www.ucaldas.edu.co\\\/portal\\\/wp-content\\\/litespeed\\\/avatar\\\/09ea5085e600095a7a811142c6944527.jpg?ver=1777497608\",\"contentUrl\":\"https:\\\/\\\/www.ucaldas.edu.co\\\/portal\\\/wp-content\\\/litespeed\\\/avatar\\\/09ea5085e600095a7a811142c6944527.jpg?ver=1777497608\",\"caption\":\"ofiprensa\"},\"url\":\"https:\\\/\\\/www.ucaldas.edu.co\\\/portal\\\/author\\\/ofiprensa\\\/\"}]}<\/script>\n<!-- \/ Yoast SEO plugin. -->","yoast_head_json":{"title":"Se acerca el d\u00e9cimo noveno \u00a0Festival Internacional de la Imagen 2020 versi\u00f3n online .","robots":{"index":"index","follow":"follow","max-snippet":"max-snippet:-1","max-image-preview":"max-image-preview:large","max-video-preview":"max-video-preview:-1"},"canonical":"https:\/\/www.ucaldas.edu.co\/portal\/se-acerca-el-decimo-noveno-festival-internacional-de-la-imagen-2020-version-online\/","schema":{"@context":"https:\/\/schema.org","@graph":[{"@type":"Article","@id":"https:\/\/www.ucaldas.edu.co\/portal\/se-acerca-el-decimo-noveno-festival-internacional-de-la-imagen-2020-version-online\/#article","isPartOf":{"@id":"https:\/\/www.ucaldas.edu.co\/portal\/se-acerca-el-decimo-noveno-festival-internacional-de-la-imagen-2020-version-online\/"},"author":{"name":"ofiprensa","@id":"https:\/\/www.ucaldas.edu.co\/portal\/#\/schema\/person\/a1b482e23449158b4bc319926c074fdf"},"headline":"Se acerca el d\u00e9cimo noveno \u00a0Festival Internacional de la Imagen 2020 versi\u00f3n online","datePublished":"2020-06-01T23:46:53+00:00","mainEntityOfPage":{"@id":"https:\/\/www.ucaldas.edu.co\/portal\/se-acerca-el-decimo-noveno-festival-internacional-de-la-imagen-2020-version-online\/"},"wordCount":460,"publisher":{"@id":"https:\/\/www.ucaldas.edu.co\/portal\/#organization"},"image":{"@id":"https:\/\/www.ucaldas.edu.co\/portal\/se-acerca-el-decimo-noveno-festival-internacional-de-la-imagen-2020-version-online\/#primaryimage"},"thumbnailUrl":"https:\/\/www.ucaldas.edu.co\/portal\/wp-content\/uploads\/2020\/06\/imagen.jpg","keywords":["Festival Internacional de la Imagen","imagenfest. Festival"],"articleSection":["Actualidad","Universidad al D\u00eda","Eventos"],"inLanguage":"es"},{"@type":"WebPage","@id":"https:\/\/www.ucaldas.edu.co\/portal\/se-acerca-el-decimo-noveno-festival-internacional-de-la-imagen-2020-version-online\/","url":"https:\/\/www.ucaldas.edu.co\/portal\/se-acerca-el-decimo-noveno-festival-internacional-de-la-imagen-2020-version-online\/","name":"Se acerca el d\u00e9cimo noveno \u00a0Festival Internacional de la Imagen 2020 versi\u00f3n online .","isPartOf":{"@id":"https:\/\/www.ucaldas.edu.co\/portal\/#website"},"primaryImageOfPage":{"@id":"https:\/\/www.ucaldas.edu.co\/portal\/se-acerca-el-decimo-noveno-festival-internacional-de-la-imagen-2020-version-online\/#primaryimage"},"image":{"@id":"https:\/\/www.ucaldas.edu.co\/portal\/se-acerca-el-decimo-noveno-festival-internacional-de-la-imagen-2020-version-online\/#primaryimage"},"thumbnailUrl":"https:\/\/www.ucaldas.edu.co\/portal\/wp-content\/uploads\/2020\/06\/imagen.jpg","datePublished":"2020-06-01T23:46:53+00:00","breadcrumb":{"@id":"https:\/\/www.ucaldas.edu.co\/portal\/se-acerca-el-decimo-noveno-festival-internacional-de-la-imagen-2020-version-online\/#breadcrumb"},"inLanguage":"es","potentialAction":[{"@type":"ReadAction","target":["https:\/\/www.ucaldas.edu.co\/portal\/se-acerca-el-decimo-noveno-festival-internacional-de-la-imagen-2020-version-online\/"]}]},{"@type":"ImageObject","inLanguage":"es","@id":"https:\/\/www.ucaldas.edu.co\/portal\/se-acerca-el-decimo-noveno-festival-internacional-de-la-imagen-2020-version-online\/#primaryimage","url":"https:\/\/www.ucaldas.edu.co\/portal\/wp-content\/uploads\/2020\/06\/imagen.jpg","contentUrl":"https:\/\/www.ucaldas.edu.co\/portal\/wp-content\/uploads\/2020\/06\/imagen.jpg","width":700,"height":400},{"@type":"BreadcrumbList","@id":"https:\/\/www.ucaldas.edu.co\/portal\/se-acerca-el-decimo-noveno-festival-internacional-de-la-imagen-2020-version-online\/#breadcrumb","itemListElement":[{"@type":"ListItem","position":1,"name":"Portada","item":"https:\/\/www.ucaldas.edu.co\/portal\/"},{"@type":"ListItem","position":2,"name":"Se acerca el d\u00e9cimo noveno \u00a0Festival Internacional de la Imagen 2020 versi\u00f3n online"}]},{"@type":"WebSite","@id":"https:\/\/www.ucaldas.edu.co\/portal\/#website","url":"https:\/\/www.ucaldas.edu.co\/portal\/","name":"Universidad de Caldas","description":"","publisher":{"@id":"https:\/\/www.ucaldas.edu.co\/portal\/#organization"},"alternateName":"U. de Caldas","potentialAction":[{"@type":"SearchAction","target":{"@type":"EntryPoint","urlTemplate":"https:\/\/www.ucaldas.edu.co\/portal\/?s={search_term_string}"},"query-input":{"@type":"PropertyValueSpecification","valueRequired":true,"valueName":"search_term_string"}}],"inLanguage":"es"},{"@type":"Organization","@id":"https:\/\/www.ucaldas.edu.co\/portal\/#organization","name":"Universidad de Caldas","alternateName":"U. de Caldas","url":"https:\/\/www.ucaldas.edu.co\/portal\/","logo":{"@type":"ImageObject","inLanguage":"es","@id":"https:\/\/www.ucaldas.edu.co\/portal\/#\/schema\/logo\/image\/","url":"https:\/\/www.ucaldas.edu.co\/portal\/wp-content\/uploads\/2023\/11\/Logo_horizontal_oscuroU-2023.png","contentUrl":"https:\/\/www.ucaldas.edu.co\/portal\/wp-content\/uploads\/2023\/11\/Logo_horizontal_oscuroU-2023.png","width":263,"height":101,"caption":"Universidad de Caldas"},"image":{"@id":"https:\/\/www.ucaldas.edu.co\/portal\/#\/schema\/logo\/image\/"},"sameAs":["https:\/\/www.facebook.com\/udecaldas","https:\/\/x.com\/udecaldas","https:\/\/www.youtube.com\/universidadcaldas","https:\/\/www.instagram.com\/udecaldas\/"]},{"@type":"Person","@id":"https:\/\/www.ucaldas.edu.co\/portal\/#\/schema\/person\/a1b482e23449158b4bc319926c074fdf","name":"ofiprensa","image":{"@type":"ImageObject","inLanguage":"es","@id":"https:\/\/www.ucaldas.edu.co\/portal\/wp-content\/litespeed\/avatar\/09ea5085e600095a7a811142c6944527.jpg?ver=1777497608","url":"https:\/\/www.ucaldas.edu.co\/portal\/wp-content\/litespeed\/avatar\/09ea5085e600095a7a811142c6944527.jpg?ver=1777497608","contentUrl":"https:\/\/www.ucaldas.edu.co\/portal\/wp-content\/litespeed\/avatar\/09ea5085e600095a7a811142c6944527.jpg?ver=1777497608","caption":"ofiprensa"},"url":"https:\/\/www.ucaldas.edu.co\/portal\/author\/ofiprensa\/"}]}},"_links":{"self":[{"href":"https:\/\/www.ucaldas.edu.co\/portal\/wp-json\/wp\/v2\/posts\/56253","targetHints":{"allow":["GET"]}}],"collection":[{"href":"https:\/\/www.ucaldas.edu.co\/portal\/wp-json\/wp\/v2\/posts"}],"about":[{"href":"https:\/\/www.ucaldas.edu.co\/portal\/wp-json\/wp\/v2\/types\/post"}],"author":[{"embeddable":true,"href":"https:\/\/www.ucaldas.edu.co\/portal\/wp-json\/wp\/v2\/users\/2"}],"replies":[{"embeddable":true,"href":"https:\/\/www.ucaldas.edu.co\/portal\/wp-json\/wp\/v2\/comments?post=56253"}],"version-history":[{"count":0,"href":"https:\/\/www.ucaldas.edu.co\/portal\/wp-json\/wp\/v2\/posts\/56253\/revisions"}],"wp:featuredmedia":[{"embeddable":true,"href":"https:\/\/www.ucaldas.edu.co\/portal\/wp-json\/wp\/v2\/media\/56254"}],"wp:attachment":[{"href":"https:\/\/www.ucaldas.edu.co\/portal\/wp-json\/wp\/v2\/media?parent=56253"}],"wp:term":[{"taxonomy":"category","embeddable":true,"href":"https:\/\/www.ucaldas.edu.co\/portal\/wp-json\/wp\/v2\/categories?post=56253"},{"taxonomy":"post_tag","embeddable":true,"href":"https:\/\/www.ucaldas.edu.co\/portal\/wp-json\/wp\/v2\/tags?post=56253"}],"curies":[{"name":"wp","href":"https:\/\/api.w.org\/{rel}","templated":true}]}}