{"id":56216,"date":"2020-05-29T23:50:28","date_gmt":"2020-05-29T23:50:28","guid":{"rendered":"https:\/\/www.ucaldas.edu.co\/portal\/?p=56216"},"modified":"2020-05-29T23:50:28","modified_gmt":"2020-05-29T23:50:28","slug":"facultad-de-artes-y-humanidades-abre-convocatoria-para-monitorias-con-plazas-libres","status":"publish","type":"post","link":"https:\/\/www.ucaldas.edu.co\/portal\/facultad-de-artes-y-humanidades-abre-convocatoria-para-monitorias-con-plazas-libres\/","title":{"rendered":"Facultad de Artes y Humanidades abre convocatoria para monitorias con plazas libres"},"content":{"rendered":"<p style=\"text-align: center;\">DEL 8 AL 22 DE JUNIO<\/p>\n<p style=\"text-align: center;\"><strong><b>Facultad de Artes y Humanidades abre convocatoria para monitorias con plazas libres<\/b><\/strong><\/p>\n<p style=\"text-align: right;\">29\/05\/2020<\/p>\n<p><img loading=\"lazy\" decoding=\"async\" class=\"alignnone size-full wp-image-56217 aligncenter\" src=\"https:\/\/www.ucaldas.edu.co\/portal\/wp-content\/uploads\/2020\/05\/monitoria.jpg\" alt=\"\" width=\"700\" height=\"400\" srcset=\"https:\/\/www.ucaldas.edu.co\/portal\/wp-content\/uploads\/2020\/05\/monitoria.jpg 700w, https:\/\/www.ucaldas.edu.co\/portal\/wp-content\/uploads\/2020\/05\/monitoria-300x171.jpg 300w\" sizes=\"auto, (max-width: 700px) 100vw, 700px\" \/><\/p>\n<p>La Facultad de Artes y Humanidades de la Universidad de Caldas abre convocatoria para estudiantes de pregrado para ocupar 3 plazas disponibles para la realizaci\u00f3n de monitorias en Docencia, Investigaci\u00f3n y Proyecci\u00f3n.<\/p>\n<p><!--more--><\/p>\n<p>Los estudiantes interesados deben cumplir con los requisitos presentados a continuaci\u00f3n:<\/p>\n<ul>\n<li>Que sea estudiante regular de la Universidad y que tenga activa su matr\u00edcula.<\/li>\n<li>Haber obtenido un promedio acumulado igual o superior a 3.7.<\/li>\n<li>Tener aptitudes y competencias claramente demostradas en el \u00e1rea en la cual va a realizar su actividad, certificadas por el profesor y por el director de la dependencia a la que prestara\u0301 sus servicios o por el coordinador de las propuestas de investigaci\u00f3n o proyecci\u00f3n.<\/li>\n<li>No tener sanciones disciplinarias.<\/li>\n<li>No haber obtenido descuento por parte del Comit\u00e9 de matr\u00edculas de conformidad con lo se\u00f1alado en el Art\u00edculo9o del Acuerdo 029 de 2016 del Consejo Superior.<\/li>\n<\/ul>\n<p>El aspirante a monitor, solamente se podr\u00e1 presentar a una monitoria Acad\u00e9mica al interior de la Universidad de Caldas. Adem\u00e1s, deber\u00e1 presentar la siguiente documentaci\u00f3n:<\/p>\n<ul>\n<li>Oficio donde exprese su inter\u00e9s de participar en la convocatoria, definiendo claramente la monitoria en la cual desea postularse<\/li>\n<li>Formulario de inscripci\u00f3n totalmente diligenciado.<\/li>\n<li>Una fotocopia de la c\u00e9dula.<\/li>\n<li>Fotocopia del recibo de pago de la matr\u00edcula.<\/li>\n<li>Impresi\u00f3n de todas las materias vistas y sus respectivas notas y promedio.<\/li>\n<li>Carta del docente en donde prestara\u0301 los servicios, en la cual se certifique la idoneidad del estudiante para ser monitor docente.<\/li>\n<\/ul>\n<p>&nbsp;<\/p>\n<p>Estas son las vacantes de monitorias disponibles:<\/p>\n<table>\n<tbody>\n<tr>\n<td width=\"413\">Departamento de Estudios Educativos: Teor\u00eda del curr\u00edculo G5K0540<\/p>\n<p>&nbsp;<\/td>\n<td width=\"184\">1 monitor<\/td>\n<\/tr>\n<tr>\n<td width=\"413\">Departamento de Estudios Educativos: Did\u00e1ctica especial de la qu\u00edmica G5K0174<\/p>\n<p>&nbsp;<\/td>\n<td width=\"184\">1 monitor<\/td>\n<\/tr>\n<tr>\n<td width=\"413\">Departamento de Lenguas Extranjeras: English IV G5F0044<\/p>\n<p>&nbsp;<\/td>\n<td width=\"184\">1 monitor<\/td>\n<\/tr>\n<\/tbody>\n<\/table>\n<p>&nbsp;<\/p>\n<p>Este es el cronograma de la convocatoria:<\/p>\n<p><strong><b>\u00a0<\/b><\/strong><\/p>\n<table>\n<tbody>\n<tr>\n<td width=\"158\"><strong><b>ETAPA<\/b><\/strong><\/td>\n<td width=\"189\"><strong><b>FECHA<\/b><\/strong><\/td>\n<td width=\"256\"><strong><b>LUGAR<\/b><\/strong><\/td>\n<\/tr>\n<tr>\n<td width=\"158\">Inscripci\u00f3n de aspirantes y recepci\u00f3n de documentos<\/td>\n<td width=\"189\">Del 8 de junio de 2020 a las 8:00 a.m. al 22 de junio de 2020 a las 2:00 p.m.<\/td>\n<td width=\"256\">Departamento de Estudios Educativos: <a href=\"departamento.estudioseducativos@ucaldas.edu.co\">departamento.estudioseducativos@ucaldas.edu.co<\/a><\/p>\n<p>Departamento de Lenguas Extranjeras: <a href=\"lenguas.extranjeras@ucaldas.edu.co\">lenguas.extranjeras@ucaldas.edu.co<\/a><\/td>\n<\/tr>\n<tr>\n<td width=\"158\">Revisi\u00f3n de documentaci\u00f3n requerida en cumplimiento de los requisitos del acuerdo 011 del 03 de mayo 2005 y la presente resoluci\u00f3n.<\/td>\n<td width=\"189\">22 al 25 de junio de 2020 a las 3 p.m.<\/td>\n<td width=\"256\">Directores de Departamento y Secretar\u00eda de Facultad de Artes y Humanidades<\/td>\n<\/tr>\n<tr>\n<td width=\"158\">Decisi\u00f3n Consejo de Facultad para adjudicar los cupos de monitorias<\/td>\n<td width=\"189\">Sesi\u00f3n siguiente del Consejo de Facultad<\/td>\n<td width=\"256\">Por definir en consonancia a la situaci\u00f3n actual<\/td>\n<\/tr>\n<tr>\n<td width=\"158\">Publicaci\u00f3n de resultados.<\/td>\n<td width=\"189\">Un (1) d\u00eda siguiente a la decisi\u00f3n del Consejo de Facultad<\/td>\n<td width=\"256\">Secretar\u00eda Facultad de Artes y Humanidades de la Universidad de Caldas y Correo Electr\u00f3nico <a href=\"todoucaldas@ucaldas.edu.co\">todoucaldas@ucaldas.edu.co<\/a><\/td>\n<\/tr>\n<tr>\n<td width=\"158\">Env\u00edo de resultados a oficina de Bienestar Universitario<\/td>\n<td width=\"189\">Un (1) d\u00eda siguiente a la decisi\u00f3n del Consejo de Facultad<\/td>\n<td width=\"256\">Decanatura de la Facultad de Artes y Humanidades.<\/td>\n<\/tr>\n<\/tbody>\n<\/table>\n<p>&nbsp;<\/p>\n<p><a href=\"https:\/\/www.ucaldas.edu.co\/portal\/wp-content\/uploads\/2020\/05\/convocatoria-Dep-Lenguas-y-Estudios-E.docx.pdf\"><strong><u><b>Conozca aqu\u00ed la convocatoria.<\/b><\/u><\/strong><\/a><\/p>\n<p>&nbsp;<\/p>\n<p><strong><b>Informes: <\/b><\/strong>Oficina de Comunicaciones y Prensa Universidad de Caldas.<\/p>\n<p><strong><b>Redacci\u00f3n:<\/b><\/strong>\u00a0Mateo Buritic\u00e1 Giraldo<\/p>\n<p>&nbsp;<\/p>\n","protected":false},"excerpt":{"rendered":"<p>DEL 8 AL 22 DE JUNIO Facultad de Artes y Humanidades abre convocatoria para monitorias con plazas libres 29\/05\/2020 La Facultad de Artes y Humanidades de la Universidad de Caldas abre convocatoria para estudiantes de pregrado para ocupar 3 plazas disponibles para la realizaci\u00f3n de monitorias en Docencia, Investigaci\u00f3n y Proyecci\u00f3n.<\/p>\n","protected":false},"author":2,"featured_media":56217,"comment_status":"closed","ping_status":"open","sticky":false,"template":"","format":"standard","meta":{"footnotes":""},"categories":[48,53,617],"tags":[1795,4841],"class_list":["post-56216","post","type-post","status-publish","format-standard","has-post-thumbnail","hentry","category-actualidad","category-universidad-al-dia","category-ucaldas-colaborativa","tag-monitoria","tag-facultad-artes-y-humanidades"],"yoast_head":"<!-- This site is optimized with the Yoast SEO plugin v27.5 - https:\/\/yoast.com\/product\/yoast-seo-wordpress\/ -->\n<title>Facultad de Artes y Humanidades abre convocatoria para monitorias con plazas libres .<\/title>\n<meta name=\"robots\" content=\"index, follow, max-snippet:-1, max-image-preview:large, max-video-preview:-1\" \/>\n<link rel=\"canonical\" href=\"https:\/\/www.ucaldas.edu.co\/portal\/facultad-de-artes-y-humanidades-abre-convocatoria-para-monitorias-con-plazas-libres\/\" \/>\n<script type=\"application\/ld+json\" class=\"yoast-schema-graph\">{\"@context\":\"https:\\\/\\\/schema.org\",\"@graph\":[{\"@type\":\"Article\",\"@id\":\"https:\\\/\\\/www.ucaldas.edu.co\\\/portal\\\/facultad-de-artes-y-humanidades-abre-convocatoria-para-monitorias-con-plazas-libres\\\/#article\",\"isPartOf\":{\"@id\":\"https:\\\/\\\/www.ucaldas.edu.co\\\/portal\\\/facultad-de-artes-y-humanidades-abre-convocatoria-para-monitorias-con-plazas-libres\\\/\"},\"author\":{\"name\":\"ofiprensa\",\"@id\":\"https:\\\/\\\/www.ucaldas.edu.co\\\/portal\\\/#\\\/schema\\\/person\\\/a1b482e23449158b4bc319926c074fdf\"},\"headline\":\"Facultad de Artes y Humanidades abre convocatoria para monitorias con plazas libres\",\"datePublished\":\"2020-05-29T23:50:28+00:00\",\"mainEntityOfPage\":{\"@id\":\"https:\\\/\\\/www.ucaldas.edu.co\\\/portal\\\/facultad-de-artes-y-humanidades-abre-convocatoria-para-monitorias-con-plazas-libres\\\/\"},\"wordCount\":533,\"publisher\":{\"@id\":\"https:\\\/\\\/www.ucaldas.edu.co\\\/portal\\\/#organization\"},\"image\":{\"@id\":\"https:\\\/\\\/www.ucaldas.edu.co\\\/portal\\\/facultad-de-artes-y-humanidades-abre-convocatoria-para-monitorias-con-plazas-libres\\\/#primaryimage\"},\"thumbnailUrl\":\"https:\\\/\\\/www.ucaldas.edu.co\\\/portal\\\/wp-content\\\/uploads\\\/2020\\\/05\\\/monitoria.jpg\",\"keywords\":[\"monitor\u00eda\",\"facultad artes y humanidades\"],\"articleSection\":[\"Actualidad\",\"Universidad al D\u00eda\",\"UCaldas Colaborativa\"],\"inLanguage\":\"es\"},{\"@type\":\"WebPage\",\"@id\":\"https:\\\/\\\/www.ucaldas.edu.co\\\/portal\\\/facultad-de-artes-y-humanidades-abre-convocatoria-para-monitorias-con-plazas-libres\\\/\",\"url\":\"https:\\\/\\\/www.ucaldas.edu.co\\\/portal\\\/facultad-de-artes-y-humanidades-abre-convocatoria-para-monitorias-con-plazas-libres\\\/\",\"name\":\"Facultad de Artes y Humanidades abre convocatoria para monitorias con plazas libres .\",\"isPartOf\":{\"@id\":\"https:\\\/\\\/www.ucaldas.edu.co\\\/portal\\\/#website\"},\"primaryImageOfPage\":{\"@id\":\"https:\\\/\\\/www.ucaldas.edu.co\\\/portal\\\/facultad-de-artes-y-humanidades-abre-convocatoria-para-monitorias-con-plazas-libres\\\/#primaryimage\"},\"image\":{\"@id\":\"https:\\\/\\\/www.ucaldas.edu.co\\\/portal\\\/facultad-de-artes-y-humanidades-abre-convocatoria-para-monitorias-con-plazas-libres\\\/#primaryimage\"},\"thumbnailUrl\":\"https:\\\/\\\/www.ucaldas.edu.co\\\/portal\\\/wp-content\\\/uploads\\\/2020\\\/05\\\/monitoria.jpg\",\"datePublished\":\"2020-05-29T23:50:28+00:00\",\"breadcrumb\":{\"@id\":\"https:\\\/\\\/www.ucaldas.edu.co\\\/portal\\\/facultad-de-artes-y-humanidades-abre-convocatoria-para-monitorias-con-plazas-libres\\\/#breadcrumb\"},\"inLanguage\":\"es\",\"potentialAction\":[{\"@type\":\"ReadAction\",\"target\":[\"https:\\\/\\\/www.ucaldas.edu.co\\\/portal\\\/facultad-de-artes-y-humanidades-abre-convocatoria-para-monitorias-con-plazas-libres\\\/\"]}]},{\"@type\":\"ImageObject\",\"inLanguage\":\"es\",\"@id\":\"https:\\\/\\\/www.ucaldas.edu.co\\\/portal\\\/facultad-de-artes-y-humanidades-abre-convocatoria-para-monitorias-con-plazas-libres\\\/#primaryimage\",\"url\":\"https:\\\/\\\/www.ucaldas.edu.co\\\/portal\\\/wp-content\\\/uploads\\\/2020\\\/05\\\/monitoria.jpg\",\"contentUrl\":\"https:\\\/\\\/www.ucaldas.edu.co\\\/portal\\\/wp-content\\\/uploads\\\/2020\\\/05\\\/monitoria.jpg\",\"width\":700,\"height\":400},{\"@type\":\"BreadcrumbList\",\"@id\":\"https:\\\/\\\/www.ucaldas.edu.co\\\/portal\\\/facultad-de-artes-y-humanidades-abre-convocatoria-para-monitorias-con-plazas-libres\\\/#breadcrumb\",\"itemListElement\":[{\"@type\":\"ListItem\",\"position\":1,\"name\":\"Portada\",\"item\":\"https:\\\/\\\/www.ucaldas.edu.co\\\/portal\\\/\"},{\"@type\":\"ListItem\",\"position\":2,\"name\":\"Facultad de Artes y Humanidades abre convocatoria para monitorias con plazas libres\"}]},{\"@type\":\"WebSite\",\"@id\":\"https:\\\/\\\/www.ucaldas.edu.co\\\/portal\\\/#website\",\"url\":\"https:\\\/\\\/www.ucaldas.edu.co\\\/portal\\\/\",\"name\":\"Universidad de Caldas\",\"description\":\"\",\"publisher\":{\"@id\":\"https:\\\/\\\/www.ucaldas.edu.co\\\/portal\\\/#organization\"},\"alternateName\":\"U. de Caldas\",\"potentialAction\":[{\"@type\":\"SearchAction\",\"target\":{\"@type\":\"EntryPoint\",\"urlTemplate\":\"https:\\\/\\\/www.ucaldas.edu.co\\\/portal\\\/?s={search_term_string}\"},\"query-input\":{\"@type\":\"PropertyValueSpecification\",\"valueRequired\":true,\"valueName\":\"search_term_string\"}}],\"inLanguage\":\"es\"},{\"@type\":\"Organization\",\"@id\":\"https:\\\/\\\/www.ucaldas.edu.co\\\/portal\\\/#organization\",\"name\":\"Universidad de Caldas\",\"alternateName\":\"U. de Caldas\",\"url\":\"https:\\\/\\\/www.ucaldas.edu.co\\\/portal\\\/\",\"logo\":{\"@type\":\"ImageObject\",\"inLanguage\":\"es\",\"@id\":\"https:\\\/\\\/www.ucaldas.edu.co\\\/portal\\\/#\\\/schema\\\/logo\\\/image\\\/\",\"url\":\"https:\\\/\\\/www.ucaldas.edu.co\\\/portal\\\/wp-content\\\/uploads\\\/2023\\\/11\\\/Logo_horizontal_oscuroU-2023.png\",\"contentUrl\":\"https:\\\/\\\/www.ucaldas.edu.co\\\/portal\\\/wp-content\\\/uploads\\\/2023\\\/11\\\/Logo_horizontal_oscuroU-2023.png\",\"width\":263,\"height\":101,\"caption\":\"Universidad de Caldas\"},\"image\":{\"@id\":\"https:\\\/\\\/www.ucaldas.edu.co\\\/portal\\\/#\\\/schema\\\/logo\\\/image\\\/\"},\"sameAs\":[\"https:\\\/\\\/www.facebook.com\\\/udecaldas\",\"https:\\\/\\\/x.com\\\/udecaldas\",\"https:\\\/\\\/www.youtube.com\\\/universidadcaldas\",\"https:\\\/\\\/www.instagram.com\\\/udecaldas\\\/\"]},{\"@type\":\"Person\",\"@id\":\"https:\\\/\\\/www.ucaldas.edu.co\\\/portal\\\/#\\\/schema\\\/person\\\/a1b482e23449158b4bc319926c074fdf\",\"name\":\"ofiprensa\",\"image\":{\"@type\":\"ImageObject\",\"inLanguage\":\"es\",\"@id\":\"https:\\\/\\\/www.ucaldas.edu.co\\\/portal\\\/wp-content\\\/litespeed\\\/avatar\\\/09ea5085e600095a7a811142c6944527.jpg?ver=1777497608\",\"url\":\"https:\\\/\\\/www.ucaldas.edu.co\\\/portal\\\/wp-content\\\/litespeed\\\/avatar\\\/09ea5085e600095a7a811142c6944527.jpg?ver=1777497608\",\"contentUrl\":\"https:\\\/\\\/www.ucaldas.edu.co\\\/portal\\\/wp-content\\\/litespeed\\\/avatar\\\/09ea5085e600095a7a811142c6944527.jpg?ver=1777497608\",\"caption\":\"ofiprensa\"},\"url\":\"https:\\\/\\\/www.ucaldas.edu.co\\\/portal\\\/author\\\/ofiprensa\\\/\"}]}<\/script>\n<!-- \/ Yoast SEO plugin. -->","yoast_head_json":{"title":"Facultad de Artes y Humanidades abre convocatoria para monitorias con plazas libres .","robots":{"index":"index","follow":"follow","max-snippet":"max-snippet:-1","max-image-preview":"max-image-preview:large","max-video-preview":"max-video-preview:-1"},"canonical":"https:\/\/www.ucaldas.edu.co\/portal\/facultad-de-artes-y-humanidades-abre-convocatoria-para-monitorias-con-plazas-libres\/","schema":{"@context":"https:\/\/schema.org","@graph":[{"@type":"Article","@id":"https:\/\/www.ucaldas.edu.co\/portal\/facultad-de-artes-y-humanidades-abre-convocatoria-para-monitorias-con-plazas-libres\/#article","isPartOf":{"@id":"https:\/\/www.ucaldas.edu.co\/portal\/facultad-de-artes-y-humanidades-abre-convocatoria-para-monitorias-con-plazas-libres\/"},"author":{"name":"ofiprensa","@id":"https:\/\/www.ucaldas.edu.co\/portal\/#\/schema\/person\/a1b482e23449158b4bc319926c074fdf"},"headline":"Facultad de Artes y Humanidades abre convocatoria para monitorias con plazas libres","datePublished":"2020-05-29T23:50:28+00:00","mainEntityOfPage":{"@id":"https:\/\/www.ucaldas.edu.co\/portal\/facultad-de-artes-y-humanidades-abre-convocatoria-para-monitorias-con-plazas-libres\/"},"wordCount":533,"publisher":{"@id":"https:\/\/www.ucaldas.edu.co\/portal\/#organization"},"image":{"@id":"https:\/\/www.ucaldas.edu.co\/portal\/facultad-de-artes-y-humanidades-abre-convocatoria-para-monitorias-con-plazas-libres\/#primaryimage"},"thumbnailUrl":"https:\/\/www.ucaldas.edu.co\/portal\/wp-content\/uploads\/2020\/05\/monitoria.jpg","keywords":["monitor\u00eda","facultad artes y humanidades"],"articleSection":["Actualidad","Universidad al D\u00eda","UCaldas Colaborativa"],"inLanguage":"es"},{"@type":"WebPage","@id":"https:\/\/www.ucaldas.edu.co\/portal\/facultad-de-artes-y-humanidades-abre-convocatoria-para-monitorias-con-plazas-libres\/","url":"https:\/\/www.ucaldas.edu.co\/portal\/facultad-de-artes-y-humanidades-abre-convocatoria-para-monitorias-con-plazas-libres\/","name":"Facultad de Artes y Humanidades abre convocatoria para monitorias con plazas libres .","isPartOf":{"@id":"https:\/\/www.ucaldas.edu.co\/portal\/#website"},"primaryImageOfPage":{"@id":"https:\/\/www.ucaldas.edu.co\/portal\/facultad-de-artes-y-humanidades-abre-convocatoria-para-monitorias-con-plazas-libres\/#primaryimage"},"image":{"@id":"https:\/\/www.ucaldas.edu.co\/portal\/facultad-de-artes-y-humanidades-abre-convocatoria-para-monitorias-con-plazas-libres\/#primaryimage"},"thumbnailUrl":"https:\/\/www.ucaldas.edu.co\/portal\/wp-content\/uploads\/2020\/05\/monitoria.jpg","datePublished":"2020-05-29T23:50:28+00:00","breadcrumb":{"@id":"https:\/\/www.ucaldas.edu.co\/portal\/facultad-de-artes-y-humanidades-abre-convocatoria-para-monitorias-con-plazas-libres\/#breadcrumb"},"inLanguage":"es","potentialAction":[{"@type":"ReadAction","target":["https:\/\/www.ucaldas.edu.co\/portal\/facultad-de-artes-y-humanidades-abre-convocatoria-para-monitorias-con-plazas-libres\/"]}]},{"@type":"ImageObject","inLanguage":"es","@id":"https:\/\/www.ucaldas.edu.co\/portal\/facultad-de-artes-y-humanidades-abre-convocatoria-para-monitorias-con-plazas-libres\/#primaryimage","url":"https:\/\/www.ucaldas.edu.co\/portal\/wp-content\/uploads\/2020\/05\/monitoria.jpg","contentUrl":"https:\/\/www.ucaldas.edu.co\/portal\/wp-content\/uploads\/2020\/05\/monitoria.jpg","width":700,"height":400},{"@type":"BreadcrumbList","@id":"https:\/\/www.ucaldas.edu.co\/portal\/facultad-de-artes-y-humanidades-abre-convocatoria-para-monitorias-con-plazas-libres\/#breadcrumb","itemListElement":[{"@type":"ListItem","position":1,"name":"Portada","item":"https:\/\/www.ucaldas.edu.co\/portal\/"},{"@type":"ListItem","position":2,"name":"Facultad de Artes y Humanidades abre convocatoria para monitorias con plazas libres"}]},{"@type":"WebSite","@id":"https:\/\/www.ucaldas.edu.co\/portal\/#website","url":"https:\/\/www.ucaldas.edu.co\/portal\/","name":"Universidad de Caldas","description":"","publisher":{"@id":"https:\/\/www.ucaldas.edu.co\/portal\/#organization"},"alternateName":"U. de Caldas","potentialAction":[{"@type":"SearchAction","target":{"@type":"EntryPoint","urlTemplate":"https:\/\/www.ucaldas.edu.co\/portal\/?s={search_term_string}"},"query-input":{"@type":"PropertyValueSpecification","valueRequired":true,"valueName":"search_term_string"}}],"inLanguage":"es"},{"@type":"Organization","@id":"https:\/\/www.ucaldas.edu.co\/portal\/#organization","name":"Universidad de Caldas","alternateName":"U. de Caldas","url":"https:\/\/www.ucaldas.edu.co\/portal\/","logo":{"@type":"ImageObject","inLanguage":"es","@id":"https:\/\/www.ucaldas.edu.co\/portal\/#\/schema\/logo\/image\/","url":"https:\/\/www.ucaldas.edu.co\/portal\/wp-content\/uploads\/2023\/11\/Logo_horizontal_oscuroU-2023.png","contentUrl":"https:\/\/www.ucaldas.edu.co\/portal\/wp-content\/uploads\/2023\/11\/Logo_horizontal_oscuroU-2023.png","width":263,"height":101,"caption":"Universidad de Caldas"},"image":{"@id":"https:\/\/www.ucaldas.edu.co\/portal\/#\/schema\/logo\/image\/"},"sameAs":["https:\/\/www.facebook.com\/udecaldas","https:\/\/x.com\/udecaldas","https:\/\/www.youtube.com\/universidadcaldas","https:\/\/www.instagram.com\/udecaldas\/"]},{"@type":"Person","@id":"https:\/\/www.ucaldas.edu.co\/portal\/#\/schema\/person\/a1b482e23449158b4bc319926c074fdf","name":"ofiprensa","image":{"@type":"ImageObject","inLanguage":"es","@id":"https:\/\/www.ucaldas.edu.co\/portal\/wp-content\/litespeed\/avatar\/09ea5085e600095a7a811142c6944527.jpg?ver=1777497608","url":"https:\/\/www.ucaldas.edu.co\/portal\/wp-content\/litespeed\/avatar\/09ea5085e600095a7a811142c6944527.jpg?ver=1777497608","contentUrl":"https:\/\/www.ucaldas.edu.co\/portal\/wp-content\/litespeed\/avatar\/09ea5085e600095a7a811142c6944527.jpg?ver=1777497608","caption":"ofiprensa"},"url":"https:\/\/www.ucaldas.edu.co\/portal\/author\/ofiprensa\/"}]}},"_links":{"self":[{"href":"https:\/\/www.ucaldas.edu.co\/portal\/wp-json\/wp\/v2\/posts\/56216","targetHints":{"allow":["GET"]}}],"collection":[{"href":"https:\/\/www.ucaldas.edu.co\/portal\/wp-json\/wp\/v2\/posts"}],"about":[{"href":"https:\/\/www.ucaldas.edu.co\/portal\/wp-json\/wp\/v2\/types\/post"}],"author":[{"embeddable":true,"href":"https:\/\/www.ucaldas.edu.co\/portal\/wp-json\/wp\/v2\/users\/2"}],"replies":[{"embeddable":true,"href":"https:\/\/www.ucaldas.edu.co\/portal\/wp-json\/wp\/v2\/comments?post=56216"}],"version-history":[{"count":0,"href":"https:\/\/www.ucaldas.edu.co\/portal\/wp-json\/wp\/v2\/posts\/56216\/revisions"}],"wp:featuredmedia":[{"embeddable":true,"href":"https:\/\/www.ucaldas.edu.co\/portal\/wp-json\/wp\/v2\/media\/56217"}],"wp:attachment":[{"href":"https:\/\/www.ucaldas.edu.co\/portal\/wp-json\/wp\/v2\/media?parent=56216"}],"wp:term":[{"taxonomy":"category","embeddable":true,"href":"https:\/\/www.ucaldas.edu.co\/portal\/wp-json\/wp\/v2\/categories?post=56216"},{"taxonomy":"post_tag","embeddable":true,"href":"https:\/\/www.ucaldas.edu.co\/portal\/wp-json\/wp\/v2\/tags?post=56216"}],"curies":[{"name":"wp","href":"https:\/\/api.w.org\/{rel}","templated":true}]}}