{"id":56213,"date":"2020-05-29T15:58:30","date_gmt":"2020-05-29T15:58:30","guid":{"rendered":"https:\/\/www.ucaldas.edu.co\/portal\/?p=56213"},"modified":"2020-05-29T15:58:30","modified_gmt":"2020-05-29T15:58:30","slug":"respuesta-al-derecho-de-peticion-elevado-ante-esta-corporacion-por-la-asamblea-general-de-profesores-aspu-y-apuc","status":"publish","type":"post","link":"https:\/\/www.ucaldas.edu.co\/portal\/respuesta-al-derecho-de-peticion-elevado-ante-esta-corporacion-por-la-asamblea-general-de-profesores-aspu-y-apuc\/","title":{"rendered":"Respuesta al derecho de petici\u00f3n elevado ante esta corporaci\u00f3n por la Asamblea General  de profesores, ASPU y APUC"},"content":{"rendered":"<p style=\"text-align: center;\">COMUNICADO 003 CONSEJO ACAD\u00c9MICO<\/p>\n<p style=\"text-align: center;\"><strong><b>Respuesta al derecho de petici\u00f3n elevado ante esta corporaci\u00f3n por la Asamblea General<\/b><\/strong><\/p>\n<p style=\"text-align: center;\"><strong><b> de profesores, ASPU y APUC<\/b><\/strong><\/p>\n<p style=\"text-align: right;\">29\/05\/2020<\/p>\n<p><img loading=\"lazy\" decoding=\"async\" class=\"alignnone size-full wp-image-56214\" src=\"https:\/\/www.ucaldas.edu.co\/portal\/wp-content\/uploads\/2020\/05\/Consejo-Acad\u00e9mico.png\" alt=\"\" width=\"1024\" height=\"512\" srcset=\"https:\/\/www.ucaldas.edu.co\/portal\/wp-content\/uploads\/2020\/05\/Consejo-Acad\u00e9mico.png 1024w, https:\/\/www.ucaldas.edu.co\/portal\/wp-content\/uploads\/2020\/05\/Consejo-Acad\u00e9mico-300x150.png 300w, https:\/\/www.ucaldas.edu.co\/portal\/wp-content\/uploads\/2020\/05\/Consejo-Acad\u00e9mico-768x384.png 768w\" sizes=\"auto, (max-width: 1024px) 100vw, 1024px\" \/><\/p>\n<p>PARA: COMUNIDAD UNIVERSITARIA.<\/p>\n<p>ASUNTO: RESPUESTA AL DERECHO DE PETICI\u00d3N ELEVADO ANTE ESTA CORPORACI\u00d3N POR LA ASAMBLEA GENERAL DE PROFESORES, ASPU Y APUC, MEDIANTE COMUNICADO 09. FECHA: MANIZALES, 28 DE MAYO DE 2020.<\/p>\n<p>El Consejo Acad\u00e9mico de la Universidad de Caldas, reunido en sesi\u00f3n ordinaria el pasado 28 de mayo de 2020, decidi\u00f3 por mayor\u00eda dar respuesta al derecho de petici\u00f3n contenido en el comunicado 09, radicado ante esta Corporaci\u00f3n el pasado 14 de mayo, como sigue:<\/p>\n<ul style=\"list-style-type: circle;\">\n<li>Frente a la solicitud de \u201cRatificar la aprobaci\u00f3n del proyecto de acuerdo enviado inicialmente por el Consejo Acad\u00e9mico, Acuerdo 20, al Consejo Superior\u201d.<\/li>\n<\/ul>\n<p>El referido Acuerdo 20 fue revisado por el Consejo Acad\u00e9mico, despu\u00e9s de lo cual se expidi\u00f3 el Acuerdo 23 de 2020, remitido al Consejo Superior a t\u00edtulo de recomendaci\u00f3n y adoptado por esta \u00faltima Corporaci\u00f3n mediante el Acuerdo 16 de 2020. Dicha revisi\u00f3n del Acuerdo 20 conoce su causa en un informe presentado por la Vicerrector\u00eda Administrativa de la Instituci\u00f3n, el cual evidencia que iniciativas tales como la disminuci\u00f3n de la labor acad\u00e9mica de los profesores o la disminuci\u00f3n del n\u00famero de estudiantes por grupo tienen implicaciones negativas en el presupuesto que la Universidad de Caldas que no se est\u00e1 en condiciones de soportar.<\/p>\n<p>As\u00ed bien, considerando que la situaci\u00f3n financiera de la Universidad no ha variado y que incluso se tiene previsto un incremento del faltante presupuestal por efecto de la emergencia sanitaria, esto por raz\u00f3n de los ingresos propios que de seguro ya no se recibir\u00e1n y los gastos que ha tra\u00eddo consigo la atenci\u00f3n de dicha emergencia, seg\u00fan proyecta la Administraci\u00f3n, el Consejo Acad\u00e9mico mantiene en firme las decisiones tomadas en su Acuerdo 23 de 2020, que ha dejado sin efectos su Acuerdo 20, convencido de que con ello se contribuye a buscar el equilibrio financiero de la Universidad, al tiempo que no violenta los derechos de ning\u00fan miembro de la comunidad universitaria, sino todo lo contrario.<\/p>\n<ul style=\"list-style-type: circle;\">\n<li>Frente a la solicitud de \u201cImplementar las categor\u00edas de escalaf\u00f3n para los Docentes hora c\u00e1tedra las cuales est\u00e1n consignadas en el Acuerdo 044 del Consejo Superior desarrolladas en el 2017 y que a\u00fan no han sido aplicadas. Responsabilizamos total y completamente al Vicerrector Acad\u00e9mico por no haber convocado a la comisi\u00f3n creada para tal efecto hace a\u00f1os e igualmente al Consejo Acad\u00e9mico por dilatar este proceso .<\/li>\n<\/ul>\n<p>En efecto, mediante el Acuerdo Nro. 32 de octubre de 2019, el Consejo Acad\u00e9mico cre\u00f3 una comisi\u00f3n para que elaborara y presentara \u201cuna propuesta de Acuerdo sobre la reglamentaci\u00f3n del Acuerdo Nro. 44 de 2017 respecto a las equivalencias de remuneraci\u00f3n salarial de los profesores catedr\u00e1ticos\u201d. Dicha comisi\u00f3n se encuentra conformada por el Vicerrector Acad\u00e9mico, Marco Tulio Jaramillo Salazar; la Decana de la Facultad de Ingenier\u00edas, Mar\u00eda Helena Mej\u00eda Salazar; y el Representante Suplente de los Profesores, Germ\u00e1n Camilo D\u00edaz Fajardo.<\/p>\n<p>Frente a la consulta realizada por la Corporaci\u00f3n con respecto al avance de la propuesta, el Vicerrector Acad\u00e9mico asumi\u00f3 la vocer\u00eda de la comisi\u00f3n e inform\u00f3 que ya hab\u00eda enviado a los otros dos integrantes un proyecto de acuerdo para estudio.<\/p>\n<p>De igual modo, afirm\u00f3 el compromiso de radicar para la pr\u00f3xima sesi\u00f3n del Consejo el documento respectivo. En tal sentido, el Consejo Acad\u00e9mico incluir\u00e1 el punto en el orden del d\u00eda de su pr\u00f3xima sesi\u00f3n y proceder\u00e1 al an\u00e1lisis respectivo, relativo a los aspectos t\u00e9cnicos, jur\u00eddicos y financieros del proyecto, para luego decidir sobre el asunto.<\/p>\n<ul style=\"list-style-type: circle;\">\n<li>Frente a la solicitud de \u201cConstruir alternativas que permitan analizar la complejidad de cada una de las actividades acad\u00e9micas para hacer las modificaciones necesarias junto con los colectivos docentes, y de esa manera no generar mayor esfuerzo, trabajo y estr\u00e9s laboral a los profesores\u201d.<\/li>\n<\/ul>\n<p>En la actualidad es posible \u201canalizar la complejidad de cada una de las actividades acad\u00e9micas para hacer las modificaciones necesarias junto con los colectivos docentes, y de esa manera no generar mayor esfuerzo, trabajo y estr\u00e9s laboral a los profesores\u201d, esto en virtud de las disposiciones contenidas en el Acuerdo 16 de 2020 del Consejo Superior y en el Acuerdo 24 del Consejo Acad\u00e9mico.<\/p>\n<p>En lo que respecta al Acuerdo 16 de 2020 del Consejo Superior, su art\u00edculo segundo determina:<\/p>\n<p><strong> ART\u00cdCULO 2\u00b0.<\/strong> A los profesores de planta, ocasionales y catedr\u00e1ticos que tengan a su cargo asignaturas que definitivamente no puedan desarrollarse, de manera parcial o total, con ocasi\u00f3n del coronavirus SARSCoV-2, en primer lugar se le reasignar\u00e1 docencia directa de actividades acad\u00e9micas que s\u00ed puedan desarrollarse y en segundo lugar, de ser necesario, se le asignar\u00e1n actividades similares o equivalentes referidas en el presente Acuerdo, con una intensidad horaria semanal igual a la prevista en la labor acad\u00e9mica derivada de las asignaturas correspondientes, por ahora, hasta el 30 de junio de 2020.<\/p>\n<p>La realizaci\u00f3n de actividades similares o equivalentes implicar\u00e1 el cumplimiento del objeto propio de la vinculaci\u00f3n del docente, de all\u00ed que las actividades acad\u00e9micas que no puedan desarrollarse no constituyen horas debidas a la Instituci\u00f3n. En ning\u00fan caso la realizaci\u00f3n de estas actividades similares o equivalentes significar\u00e1 para los estudiantes una sustituci\u00f3n de sus actividades acad\u00e9micas inscritas.<\/p>\n<p><strong>PAR\u00c1GRAFO<\/strong>. La reasignaci\u00f3n de la docencia directa y las horas de las actividades similares o equivalentes se propondr\u00e1n desde los colectivos docentes y ser\u00e1n aprobadas en los Consejos de Facultad respectivos.<\/p>\n<p>Por su parte, en el art\u00edculo primero del Acuerdo 24 de 2020 del Consejo Acad\u00e9mico puede leerse:<\/p>\n<p><strong>ART\u00cdCULO 1\u00ba<\/strong>. No proponer la modificaci\u00f3n del n\u00famero de horas de docencia directa destinado a los docentes de planta, ocasionales y catedr\u00e1ticos. Sin embargo, la docencia directa podr\u00e1 ser redistribuida entre dichos docentes.<\/p>\n<p>La interacci\u00f3n profesor-estudiante podr\u00e1 ser reducida en una relaci\u00f3n de 8 horas de docencia directa por 40 horas de trabajo independiente de los estudiantes.<\/p>\n<p>Es as\u00ed como puede indicarse que la relaci\u00f3n presencialidad &#8211; no presencialidad puede ser reducida, al tiempo que la docencia directa puede ser redistribuida entre los profesores por el colectivo docente, sin importar el tipo de vinculaci\u00f3n de aqu\u00e9llos.<\/p>\n<ul style=\"list-style-type: circle;\">\n<li>Frente a la solicitud de \u201cQue los docentes tengan m\u00e1ximo 4 cursos completos cuando el total de estudiantes supere los 100\u201d.<\/li>\n<\/ul>\n<p>Un informe presentado por la Vicerrector\u00eda Administrativa de la Instituci\u00f3n evidencia que iniciativas tales como la disminuci\u00f3n de cursos por profesor cuando el total de sus estudiantes supere los 100, tienen implicaciones negativas en el presupuesto que la Universidad de Caldas que no se est\u00e1 en condiciones de soportar en el momento. As\u00ed bien, considerando la dif\u00edcil situaci\u00f3n financiera de la Universidad y la previsi\u00f3n de un incremento del d\u00e9ficit, esto por raz\u00f3n de los ingresos propios que seguramente ya no se recibir\u00e1n y los gastos que ha tra\u00eddo consigo la atenci\u00f3n de la emergencia, seg\u00fan proyecta la Administraci\u00f3n, el Consejo Acad\u00e9mico encuentra improcedente acceder a la solicitud, considerando que con ello se busca mantener el un equilibrio financiero de la Universidad, al tiempo que no violenta los derechos de ning\u00fan miembro de la comunidad universitaria, sino todo lo contrario.<\/p>\n<ul style=\"list-style-type: circle;\">\n<li>Frente a la solicitud de \u201cQue se modifique o suspenda la evaluaci\u00f3n docente en este periodo de contingencia\u201d. El Consejo Acad\u00e9mico expidi\u00f3 el Acuerdo 23 de 2020, remitido al Consejo Superior a t\u00edtulo de recomendaci\u00f3n y adoptado por esta \u00faltima Corporaci\u00f3n mediante el Acuerdo 16 de 2020.<\/li>\n<\/ul>\n<p>Este Acuerdo 16 del Consejo Superior, en su art\u00edculo 4, determina que \u201cel proceso de evaluaci\u00f3n docente ser\u00e1 suspendido hasta que se levanten las restricciones para desarrollar actividades acad\u00e9micas presenciales durante el a\u00f1o 2020\u201d.<\/p>\n<p>Me despido informando que todos los Acuerdos referidos en el presente documento se encuentran disponibles en el normograma institucional. Los informes de la Vicerrector\u00eda Administrativa est\u00e1n en poder de sus representantes ante el Consejo Acad\u00e9mico, pero sin duda podr\u00e1n enviados a quien los solicite.<\/p>\n<p>&nbsp;<\/p>\n<p>Con atenci\u00f3n,<\/p>\n<p>&nbsp;<\/p>\n<p style=\"text-align: center;\"><strong>JUAN GUILLERMO CORREA GARC\u00cdA<\/strong><\/p>\n<p style=\"text-align: center;\">Secretario del Consejo Secretario General<\/p>\n<p style=\"text-align: center;\">Universidad de Caldas<\/p>\n<p>&nbsp;<\/p>\n<p>Descargue comunicado completo <a href=\"https:\/\/www.ucaldas.edu.co\/portal\/comunicado-03-de-2020_repuesta-asambleapdf-2\/\"><strong><u><b>aqu\u00ed<\/b><\/u><\/strong><\/a><\/p>\n<p><strong><b>Informes: <\/b><\/strong>Oficina de Comunicaciones y Prensa Universidad de Caldas.<\/p>\n","protected":false},"excerpt":{"rendered":"<p>COMUNICADO 003 CONSEJO ACAD\u00c9MICO Respuesta al derecho de petici\u00f3n elevado ante esta corporaci\u00f3n por la Asamblea General de profesores, ASPU y APUC 29\/05\/2020 PARA: COMUNIDAD UNIVERSITARIA. ASUNTO: RESPUESTA AL DERECHO DE PETICI\u00d3N ELEVADO ANTE ESTA CORPORACI\u00d3N POR LA ASAMBLEA GENERAL DE PROFESORES, ASPU Y APUC, MEDIANTE COMUNICADO 09. FECHA: MANIZALES, 28 DE MAYO DE 2020. [&hellip;]<\/p>\n","protected":false},"author":2,"featured_media":56214,"comment_status":"closed","ping_status":"open","sticky":false,"template":"","format":"standard","meta":{"footnotes":""},"categories":[48,53],"tags":[1117,3237,4238],"class_list":["post-56213","post","type-post","status-publish","format-standard","has-post-thumbnail","hentry","category-actualidad","category-universidad-al-dia","tag-consejo-academico","tag-informacion-oficial","tag-comunicado-oficial"],"yoast_head":"<!-- This site is optimized with the Yoast SEO plugin v27.5 - https:\/\/yoast.com\/product\/yoast-seo-wordpress\/ -->\n<title>Respuesta al derecho de petici\u00f3n elevado ante esta corporaci\u00f3n por la Asamblea General de profesores, ASPU y APUC .<\/title>\n<meta name=\"robots\" content=\"index, follow, max-snippet:-1, max-image-preview:large, max-video-preview:-1\" \/>\n<link rel=\"canonical\" href=\"https:\/\/www.ucaldas.edu.co\/portal\/respuesta-al-derecho-de-peticion-elevado-ante-esta-corporacion-por-la-asamblea-general-de-profesores-aspu-y-apuc\/\" \/>\n<script type=\"application\/ld+json\" class=\"yoast-schema-graph\">{\"@context\":\"https:\\\/\\\/schema.org\",\"@graph\":[{\"@type\":\"Article\",\"@id\":\"https:\\\/\\\/www.ucaldas.edu.co\\\/portal\\\/respuesta-al-derecho-de-peticion-elevado-ante-esta-corporacion-por-la-asamblea-general-de-profesores-aspu-y-apuc\\\/#article\",\"isPartOf\":{\"@id\":\"https:\\\/\\\/www.ucaldas.edu.co\\\/portal\\\/respuesta-al-derecho-de-peticion-elevado-ante-esta-corporacion-por-la-asamblea-general-de-profesores-aspu-y-apuc\\\/\"},\"author\":{\"name\":\"ofiprensa\",\"@id\":\"https:\\\/\\\/www.ucaldas.edu.co\\\/portal\\\/#\\\/schema\\\/person\\\/a1b482e23449158b4bc319926c074fdf\"},\"headline\":\"Respuesta al derecho de petici\u00f3n elevado ante esta corporaci\u00f3n por la Asamblea General de profesores, ASPU y APUC\",\"datePublished\":\"2020-05-29T15:58:30+00:00\",\"mainEntityOfPage\":{\"@id\":\"https:\\\/\\\/www.ucaldas.edu.co\\\/portal\\\/respuesta-al-derecho-de-peticion-elevado-ante-esta-corporacion-por-la-asamblea-general-de-profesores-aspu-y-apuc\\\/\"},\"wordCount\":1425,\"publisher\":{\"@id\":\"https:\\\/\\\/www.ucaldas.edu.co\\\/portal\\\/#organization\"},\"image\":{\"@id\":\"https:\\\/\\\/www.ucaldas.edu.co\\\/portal\\\/respuesta-al-derecho-de-peticion-elevado-ante-esta-corporacion-por-la-asamblea-general-de-profesores-aspu-y-apuc\\\/#primaryimage\"},\"thumbnailUrl\":\"https:\\\/\\\/www.ucaldas.edu.co\\\/portal\\\/wp-content\\\/uploads\\\/2020\\\/05\\\/Consejo-Acad\u00e9mico.png\",\"keywords\":[\"Consejo Acad\u00e9mico\",\"Informaci\u00f3n Oficial\",\"Comunicado Oficial\"],\"articleSection\":[\"Actualidad\",\"Universidad al D\u00eda\"],\"inLanguage\":\"es\"},{\"@type\":\"WebPage\",\"@id\":\"https:\\\/\\\/www.ucaldas.edu.co\\\/portal\\\/respuesta-al-derecho-de-peticion-elevado-ante-esta-corporacion-por-la-asamblea-general-de-profesores-aspu-y-apuc\\\/\",\"url\":\"https:\\\/\\\/www.ucaldas.edu.co\\\/portal\\\/respuesta-al-derecho-de-peticion-elevado-ante-esta-corporacion-por-la-asamblea-general-de-profesores-aspu-y-apuc\\\/\",\"name\":\"Respuesta al derecho de petici\u00f3n elevado ante esta corporaci\u00f3n por la Asamblea General de profesores, ASPU y APUC .\",\"isPartOf\":{\"@id\":\"https:\\\/\\\/www.ucaldas.edu.co\\\/portal\\\/#website\"},\"primaryImageOfPage\":{\"@id\":\"https:\\\/\\\/www.ucaldas.edu.co\\\/portal\\\/respuesta-al-derecho-de-peticion-elevado-ante-esta-corporacion-por-la-asamblea-general-de-profesores-aspu-y-apuc\\\/#primaryimage\"},\"image\":{\"@id\":\"https:\\\/\\\/www.ucaldas.edu.co\\\/portal\\\/respuesta-al-derecho-de-peticion-elevado-ante-esta-corporacion-por-la-asamblea-general-de-profesores-aspu-y-apuc\\\/#primaryimage\"},\"thumbnailUrl\":\"https:\\\/\\\/www.ucaldas.edu.co\\\/portal\\\/wp-content\\\/uploads\\\/2020\\\/05\\\/Consejo-Acad\u00e9mico.png\",\"datePublished\":\"2020-05-29T15:58:30+00:00\",\"breadcrumb\":{\"@id\":\"https:\\\/\\\/www.ucaldas.edu.co\\\/portal\\\/respuesta-al-derecho-de-peticion-elevado-ante-esta-corporacion-por-la-asamblea-general-de-profesores-aspu-y-apuc\\\/#breadcrumb\"},\"inLanguage\":\"es\",\"potentialAction\":[{\"@type\":\"ReadAction\",\"target\":[\"https:\\\/\\\/www.ucaldas.edu.co\\\/portal\\\/respuesta-al-derecho-de-peticion-elevado-ante-esta-corporacion-por-la-asamblea-general-de-profesores-aspu-y-apuc\\\/\"]}]},{\"@type\":\"ImageObject\",\"inLanguage\":\"es\",\"@id\":\"https:\\\/\\\/www.ucaldas.edu.co\\\/portal\\\/respuesta-al-derecho-de-peticion-elevado-ante-esta-corporacion-por-la-asamblea-general-de-profesores-aspu-y-apuc\\\/#primaryimage\",\"url\":\"https:\\\/\\\/www.ucaldas.edu.co\\\/portal\\\/wp-content\\\/uploads\\\/2020\\\/05\\\/Consejo-Acad\u00e9mico.png\",\"contentUrl\":\"https:\\\/\\\/www.ucaldas.edu.co\\\/portal\\\/wp-content\\\/uploads\\\/2020\\\/05\\\/Consejo-Acad\u00e9mico.png\",\"width\":1024,\"height\":512},{\"@type\":\"BreadcrumbList\",\"@id\":\"https:\\\/\\\/www.ucaldas.edu.co\\\/portal\\\/respuesta-al-derecho-de-peticion-elevado-ante-esta-corporacion-por-la-asamblea-general-de-profesores-aspu-y-apuc\\\/#breadcrumb\",\"itemListElement\":[{\"@type\":\"ListItem\",\"position\":1,\"name\":\"Portada\",\"item\":\"https:\\\/\\\/www.ucaldas.edu.co\\\/portal\\\/\"},{\"@type\":\"ListItem\",\"position\":2,\"name\":\"Respuesta al derecho de petici\u00f3n elevado ante esta corporaci\u00f3n por la Asamblea General de profesores, ASPU y APUC\"}]},{\"@type\":\"WebSite\",\"@id\":\"https:\\\/\\\/www.ucaldas.edu.co\\\/portal\\\/#website\",\"url\":\"https:\\\/\\\/www.ucaldas.edu.co\\\/portal\\\/\",\"name\":\"Universidad de Caldas\",\"description\":\"\",\"publisher\":{\"@id\":\"https:\\\/\\\/www.ucaldas.edu.co\\\/portal\\\/#organization\"},\"alternateName\":\"U. de Caldas\",\"potentialAction\":[{\"@type\":\"SearchAction\",\"target\":{\"@type\":\"EntryPoint\",\"urlTemplate\":\"https:\\\/\\\/www.ucaldas.edu.co\\\/portal\\\/?s={search_term_string}\"},\"query-input\":{\"@type\":\"PropertyValueSpecification\",\"valueRequired\":true,\"valueName\":\"search_term_string\"}}],\"inLanguage\":\"es\"},{\"@type\":\"Organization\",\"@id\":\"https:\\\/\\\/www.ucaldas.edu.co\\\/portal\\\/#organization\",\"name\":\"Universidad de Caldas\",\"alternateName\":\"U. de Caldas\",\"url\":\"https:\\\/\\\/www.ucaldas.edu.co\\\/portal\\\/\",\"logo\":{\"@type\":\"ImageObject\",\"inLanguage\":\"es\",\"@id\":\"https:\\\/\\\/www.ucaldas.edu.co\\\/portal\\\/#\\\/schema\\\/logo\\\/image\\\/\",\"url\":\"https:\\\/\\\/www.ucaldas.edu.co\\\/portal\\\/wp-content\\\/uploads\\\/2023\\\/11\\\/Logo_horizontal_oscuroU-2023.png\",\"contentUrl\":\"https:\\\/\\\/www.ucaldas.edu.co\\\/portal\\\/wp-content\\\/uploads\\\/2023\\\/11\\\/Logo_horizontal_oscuroU-2023.png\",\"width\":263,\"height\":101,\"caption\":\"Universidad de Caldas\"},\"image\":{\"@id\":\"https:\\\/\\\/www.ucaldas.edu.co\\\/portal\\\/#\\\/schema\\\/logo\\\/image\\\/\"},\"sameAs\":[\"https:\\\/\\\/www.facebook.com\\\/udecaldas\",\"https:\\\/\\\/x.com\\\/udecaldas\",\"https:\\\/\\\/www.youtube.com\\\/universidadcaldas\",\"https:\\\/\\\/www.instagram.com\\\/udecaldas\\\/\"]},{\"@type\":\"Person\",\"@id\":\"https:\\\/\\\/www.ucaldas.edu.co\\\/portal\\\/#\\\/schema\\\/person\\\/a1b482e23449158b4bc319926c074fdf\",\"name\":\"ofiprensa\",\"image\":{\"@type\":\"ImageObject\",\"inLanguage\":\"es\",\"@id\":\"https:\\\/\\\/www.ucaldas.edu.co\\\/portal\\\/wp-content\\\/litespeed\\\/avatar\\\/09ea5085e600095a7a811142c6944527.jpg?ver=1777497608\",\"url\":\"https:\\\/\\\/www.ucaldas.edu.co\\\/portal\\\/wp-content\\\/litespeed\\\/avatar\\\/09ea5085e600095a7a811142c6944527.jpg?ver=1777497608\",\"contentUrl\":\"https:\\\/\\\/www.ucaldas.edu.co\\\/portal\\\/wp-content\\\/litespeed\\\/avatar\\\/09ea5085e600095a7a811142c6944527.jpg?ver=1777497608\",\"caption\":\"ofiprensa\"},\"url\":\"https:\\\/\\\/www.ucaldas.edu.co\\\/portal\\\/author\\\/ofiprensa\\\/\"}]}<\/script>\n<!-- \/ Yoast SEO plugin. -->","yoast_head_json":{"title":"Respuesta al derecho de petici\u00f3n elevado ante esta corporaci\u00f3n por la Asamblea General de profesores, ASPU y APUC .","robots":{"index":"index","follow":"follow","max-snippet":"max-snippet:-1","max-image-preview":"max-image-preview:large","max-video-preview":"max-video-preview:-1"},"canonical":"https:\/\/www.ucaldas.edu.co\/portal\/respuesta-al-derecho-de-peticion-elevado-ante-esta-corporacion-por-la-asamblea-general-de-profesores-aspu-y-apuc\/","schema":{"@context":"https:\/\/schema.org","@graph":[{"@type":"Article","@id":"https:\/\/www.ucaldas.edu.co\/portal\/respuesta-al-derecho-de-peticion-elevado-ante-esta-corporacion-por-la-asamblea-general-de-profesores-aspu-y-apuc\/#article","isPartOf":{"@id":"https:\/\/www.ucaldas.edu.co\/portal\/respuesta-al-derecho-de-peticion-elevado-ante-esta-corporacion-por-la-asamblea-general-de-profesores-aspu-y-apuc\/"},"author":{"name":"ofiprensa","@id":"https:\/\/www.ucaldas.edu.co\/portal\/#\/schema\/person\/a1b482e23449158b4bc319926c074fdf"},"headline":"Respuesta al derecho de petici\u00f3n elevado ante esta corporaci\u00f3n por la Asamblea General de profesores, ASPU y APUC","datePublished":"2020-05-29T15:58:30+00:00","mainEntityOfPage":{"@id":"https:\/\/www.ucaldas.edu.co\/portal\/respuesta-al-derecho-de-peticion-elevado-ante-esta-corporacion-por-la-asamblea-general-de-profesores-aspu-y-apuc\/"},"wordCount":1425,"publisher":{"@id":"https:\/\/www.ucaldas.edu.co\/portal\/#organization"},"image":{"@id":"https:\/\/www.ucaldas.edu.co\/portal\/respuesta-al-derecho-de-peticion-elevado-ante-esta-corporacion-por-la-asamblea-general-de-profesores-aspu-y-apuc\/#primaryimage"},"thumbnailUrl":"https:\/\/www.ucaldas.edu.co\/portal\/wp-content\/uploads\/2020\/05\/Consejo-Acad\u00e9mico.png","keywords":["Consejo Acad\u00e9mico","Informaci\u00f3n Oficial","Comunicado Oficial"],"articleSection":["Actualidad","Universidad al D\u00eda"],"inLanguage":"es"},{"@type":"WebPage","@id":"https:\/\/www.ucaldas.edu.co\/portal\/respuesta-al-derecho-de-peticion-elevado-ante-esta-corporacion-por-la-asamblea-general-de-profesores-aspu-y-apuc\/","url":"https:\/\/www.ucaldas.edu.co\/portal\/respuesta-al-derecho-de-peticion-elevado-ante-esta-corporacion-por-la-asamblea-general-de-profesores-aspu-y-apuc\/","name":"Respuesta al derecho de petici\u00f3n elevado ante esta corporaci\u00f3n por la Asamblea General de profesores, ASPU y APUC .","isPartOf":{"@id":"https:\/\/www.ucaldas.edu.co\/portal\/#website"},"primaryImageOfPage":{"@id":"https:\/\/www.ucaldas.edu.co\/portal\/respuesta-al-derecho-de-peticion-elevado-ante-esta-corporacion-por-la-asamblea-general-de-profesores-aspu-y-apuc\/#primaryimage"},"image":{"@id":"https:\/\/www.ucaldas.edu.co\/portal\/respuesta-al-derecho-de-peticion-elevado-ante-esta-corporacion-por-la-asamblea-general-de-profesores-aspu-y-apuc\/#primaryimage"},"thumbnailUrl":"https:\/\/www.ucaldas.edu.co\/portal\/wp-content\/uploads\/2020\/05\/Consejo-Acad\u00e9mico.png","datePublished":"2020-05-29T15:58:30+00:00","breadcrumb":{"@id":"https:\/\/www.ucaldas.edu.co\/portal\/respuesta-al-derecho-de-peticion-elevado-ante-esta-corporacion-por-la-asamblea-general-de-profesores-aspu-y-apuc\/#breadcrumb"},"inLanguage":"es","potentialAction":[{"@type":"ReadAction","target":["https:\/\/www.ucaldas.edu.co\/portal\/respuesta-al-derecho-de-peticion-elevado-ante-esta-corporacion-por-la-asamblea-general-de-profesores-aspu-y-apuc\/"]}]},{"@type":"ImageObject","inLanguage":"es","@id":"https:\/\/www.ucaldas.edu.co\/portal\/respuesta-al-derecho-de-peticion-elevado-ante-esta-corporacion-por-la-asamblea-general-de-profesores-aspu-y-apuc\/#primaryimage","url":"https:\/\/www.ucaldas.edu.co\/portal\/wp-content\/uploads\/2020\/05\/Consejo-Acad\u00e9mico.png","contentUrl":"https:\/\/www.ucaldas.edu.co\/portal\/wp-content\/uploads\/2020\/05\/Consejo-Acad\u00e9mico.png","width":1024,"height":512},{"@type":"BreadcrumbList","@id":"https:\/\/www.ucaldas.edu.co\/portal\/respuesta-al-derecho-de-peticion-elevado-ante-esta-corporacion-por-la-asamblea-general-de-profesores-aspu-y-apuc\/#breadcrumb","itemListElement":[{"@type":"ListItem","position":1,"name":"Portada","item":"https:\/\/www.ucaldas.edu.co\/portal\/"},{"@type":"ListItem","position":2,"name":"Respuesta al derecho de petici\u00f3n elevado ante esta corporaci\u00f3n por la Asamblea General de profesores, ASPU y APUC"}]},{"@type":"WebSite","@id":"https:\/\/www.ucaldas.edu.co\/portal\/#website","url":"https:\/\/www.ucaldas.edu.co\/portal\/","name":"Universidad de Caldas","description":"","publisher":{"@id":"https:\/\/www.ucaldas.edu.co\/portal\/#organization"},"alternateName":"U. de Caldas","potentialAction":[{"@type":"SearchAction","target":{"@type":"EntryPoint","urlTemplate":"https:\/\/www.ucaldas.edu.co\/portal\/?s={search_term_string}"},"query-input":{"@type":"PropertyValueSpecification","valueRequired":true,"valueName":"search_term_string"}}],"inLanguage":"es"},{"@type":"Organization","@id":"https:\/\/www.ucaldas.edu.co\/portal\/#organization","name":"Universidad de Caldas","alternateName":"U. de Caldas","url":"https:\/\/www.ucaldas.edu.co\/portal\/","logo":{"@type":"ImageObject","inLanguage":"es","@id":"https:\/\/www.ucaldas.edu.co\/portal\/#\/schema\/logo\/image\/","url":"https:\/\/www.ucaldas.edu.co\/portal\/wp-content\/uploads\/2023\/11\/Logo_horizontal_oscuroU-2023.png","contentUrl":"https:\/\/www.ucaldas.edu.co\/portal\/wp-content\/uploads\/2023\/11\/Logo_horizontal_oscuroU-2023.png","width":263,"height":101,"caption":"Universidad de Caldas"},"image":{"@id":"https:\/\/www.ucaldas.edu.co\/portal\/#\/schema\/logo\/image\/"},"sameAs":["https:\/\/www.facebook.com\/udecaldas","https:\/\/x.com\/udecaldas","https:\/\/www.youtube.com\/universidadcaldas","https:\/\/www.instagram.com\/udecaldas\/"]},{"@type":"Person","@id":"https:\/\/www.ucaldas.edu.co\/portal\/#\/schema\/person\/a1b482e23449158b4bc319926c074fdf","name":"ofiprensa","image":{"@type":"ImageObject","inLanguage":"es","@id":"https:\/\/www.ucaldas.edu.co\/portal\/wp-content\/litespeed\/avatar\/09ea5085e600095a7a811142c6944527.jpg?ver=1777497608","url":"https:\/\/www.ucaldas.edu.co\/portal\/wp-content\/litespeed\/avatar\/09ea5085e600095a7a811142c6944527.jpg?ver=1777497608","contentUrl":"https:\/\/www.ucaldas.edu.co\/portal\/wp-content\/litespeed\/avatar\/09ea5085e600095a7a811142c6944527.jpg?ver=1777497608","caption":"ofiprensa"},"url":"https:\/\/www.ucaldas.edu.co\/portal\/author\/ofiprensa\/"}]}},"_links":{"self":[{"href":"https:\/\/www.ucaldas.edu.co\/portal\/wp-json\/wp\/v2\/posts\/56213","targetHints":{"allow":["GET"]}}],"collection":[{"href":"https:\/\/www.ucaldas.edu.co\/portal\/wp-json\/wp\/v2\/posts"}],"about":[{"href":"https:\/\/www.ucaldas.edu.co\/portal\/wp-json\/wp\/v2\/types\/post"}],"author":[{"embeddable":true,"href":"https:\/\/www.ucaldas.edu.co\/portal\/wp-json\/wp\/v2\/users\/2"}],"replies":[{"embeddable":true,"href":"https:\/\/www.ucaldas.edu.co\/portal\/wp-json\/wp\/v2\/comments?post=56213"}],"version-history":[{"count":0,"href":"https:\/\/www.ucaldas.edu.co\/portal\/wp-json\/wp\/v2\/posts\/56213\/revisions"}],"wp:featuredmedia":[{"embeddable":true,"href":"https:\/\/www.ucaldas.edu.co\/portal\/wp-json\/wp\/v2\/media\/56214"}],"wp:attachment":[{"href":"https:\/\/www.ucaldas.edu.co\/portal\/wp-json\/wp\/v2\/media?parent=56213"}],"wp:term":[{"taxonomy":"category","embeddable":true,"href":"https:\/\/www.ucaldas.edu.co\/portal\/wp-json\/wp\/v2\/categories?post=56213"},{"taxonomy":"post_tag","embeddable":true,"href":"https:\/\/www.ucaldas.edu.co\/portal\/wp-json\/wp\/v2\/tags?post=56213"}],"curies":[{"name":"wp","href":"https:\/\/api.w.org\/{rel}","templated":true}]}}