{"id":56185,"date":"2020-05-28T23:54:57","date_gmt":"2020-05-28T23:54:57","guid":{"rendered":"https:\/\/www.ucaldas.edu.co\/portal\/?p=56185"},"modified":"2020-05-28T23:59:09","modified_gmt":"2020-05-28T23:59:09","slug":"caldas-sea-uno-de-los-departamento-con-menos-casos-de-covid-19-por-cada-100-000-habitantes","status":"publish","type":"post","link":"https:\/\/www.ucaldas.edu.co\/portal\/caldas-sea-uno-de-los-departamento-con-menos-casos-de-covid-19-por-cada-100-000-habitantes\/","title":{"rendered":"Caldas  uno de los departamento con menos casos de COVID-19 por cada 100.000 habitantes"},"content":{"rendered":"<p style=\"text-align: center;\">GRACIAS A MEDIDAS DE AISLAMIENTO Y ATENCIONES DE TELEMEDICINA<\/p>\n<p style=\"text-align: center;\"><strong><b>Caldas\u00a0 uno de los departamento con menos casos de COVID-19 por cada 100.000 habitantes <\/b><\/strong><\/p>\n<p style=\"text-align: right;\">28\/05\/2020<\/p>\n<p><img loading=\"lazy\" decoding=\"async\" class=\"wp-image-56186 aligncenter\" src=\"https:\/\/www.ucaldas.edu.co\/portal\/wp-content\/uploads\/2020\/05\/TC_GR_01.png\" alt=\"\" width=\"705\" height=\"705\" srcset=\"https:\/\/www.ucaldas.edu.co\/portal\/wp-content\/uploads\/2020\/05\/TC_GR_01.png 1200w, https:\/\/www.ucaldas.edu.co\/portal\/wp-content\/uploads\/2020\/05\/TC_GR_01-150x150.png 150w, https:\/\/www.ucaldas.edu.co\/portal\/wp-content\/uploads\/2020\/05\/TC_GR_01-300x300.png 300w, https:\/\/www.ucaldas.edu.co\/portal\/wp-content\/uploads\/2020\/05\/TC_GR_01-768x768.png 768w, https:\/\/www.ucaldas.edu.co\/portal\/wp-content\/uploads\/2020\/05\/TC_GR_01-1024x1024.png 1024w\" sizes=\"auto, (max-width: 705px) 100vw, 705px\" \/><\/p>\n<p>Las medidas de aislamiento oportunas establecidas en la regi\u00f3n y las atenciones de telemedicina brindadas a los caldenses a trav\u00e9s de Telesalud han incidido en el buen comportamiento de la curva epidemiol\u00f3gica y posicionan a Caldas entre \u00a0los departamento con menos casos de COVID-19 por cada 100.000 habitantes registrados. Esta conclusi\u00f3n se da despu\u00e9s de un an\u00e1lisis del equipo de expertos de Telesalud, en convenio con la Gobernaci\u00f3n.<\/p>\n<p><!--more--><\/p>\n<p>El an\u00e1lisis se realiz\u00f3 con informaci\u00f3n del periodo comprendido entre el 10 de marzo y el 10 mayo del 2020. Al respecto, Santiago Loaiza, m\u00e9dico de Telesalud, expres\u00f3: \u201cEl foco m\u00e1s grande de contagios se observa en Bogot\u00e1. Para Caldas el primer caso se detect\u00f3\u00a0 el 15 de marzo y a partir de ah\u00ed el aumento ha sido lento. Sin embargo, a partir del 27 de abril, cuando se empezaron a flexibilizar las medidas, los casos empezaron a aumentar en una proporci\u00f3n de 10 casos por cada 100.000 habitantes\u201d.<\/p>\n<p>Por su parte, Juan David Salazar, m\u00e9dico de Telesalud, indic\u00f3 que entre los estudios \u00a0realizados se estableci\u00f3 el comparativo de casos probables \u00a0y casos confirmados\u00a0 para Caldas de 18 de marzo al 10 de mayo. \u201cCaldas ha sido uno de los departamentos m\u00e1s juiciosos en la implementaci\u00f3n de medidas de aislamiento y\u00a0 se observa en los an\u00e1lisis que durante las medidas establecidas hasta el 27 de abril, la tendencia de sintom\u00e1ticos respiratorios\u00a0 y positivos descendi\u00f3 paulatinamente. Con la reactivaci\u00f3n de algunos sectores de la econom\u00eda se evidencia un incremento porcentual\u201d puntualiz\u00f3.<\/p>\n<p>Durante el confinamiento obligatorio, Telesalud ha dispuesto una serie de servicios para que los caldenses accedan desde sus casas, lo que ha aportado a la disminuci\u00f3n de contagios por contacto.\u00a0 \u201cCon nuestros servicios hemos evitado que cientos de personas tengan que movilizarse, hemos atendido personas a trav\u00e9s de su celular desde su propia casa y as\u00ed hemos evitado que se expongan en centros de urgencias. En total m\u00e1s de 86 mil caldenses han sido beneficiarios directos\u201d, expres\u00f3 Marcela Tabares, l\u00edder de Telemedicina de Telesalud.<\/p>\n<p>Al comparar a Caldas con los departamentos lim\u00edtrofes se evidencia que se presenta unas de las menores proporciones de casos de COVID-19 por cada 100.000 habitantes. Adem\u00e1s,\u00a0 con la aplicaci\u00f3n REGISTRO COVID, disponible para todo el departamento desde Telesalud, se vigila el comportamiento de la enfermedad en tiempo real para la toma de\u00a0 medidas tempranas de las autoridades competentes, lo que contribuye a un buen manejo de la emergencia en Caldas.<\/p>\n<p>&nbsp;<\/p>\n<p><strong><b>Anexos:<\/b><\/strong><\/p>\n<p><a href=\"https:\/\/co.ivoox.com\/es\/balance-telesalud-departamento-caldas-audios-mp3_rf_51533491_1.html\"><strong><u><b>Juan David Salazar, m\u00e9dico de Telesalud<\/b><\/u><\/strong><\/a><\/p>\n<p><a href=\"https:\/\/co.ivoox.com\/es\/primeros-100-atencion-telesalud-caldas-audios-mp3_rf_51534072_1.html\"><strong><u><b>Marcela Tabares, l\u00edder de Telemedicina de Telesalud.<\/b><\/u><\/strong><\/a><\/p>\n<p><a href=\"https:\/\/co.ivoox.com\/es\/analisis-indicadores-covid-19-caldas-audios-mp3_rf_51534550_1.html\"><strong><u><b>Santiago Loaiza, m\u00e9dico de Telesalud<\/b><\/u><\/strong><\/a><\/p>\n<p><strong><b>\u00a0<\/b><\/strong><\/p>\n<p><strong><b>Informes: <\/b><\/strong>Oficina de Comunicaciones y Prensa Universidad de Caldas.<\/p>\n<p><strong><b>Redacci\u00f3n:<\/b><\/strong>\u00a0Julieth Osorio Torres<\/p>\n<p>&nbsp;<\/p>\n","protected":false},"excerpt":{"rendered":"<p>GRACIAS A MEDIDAS DE AISLAMIENTO Y ATENCIONES DE TELEMEDICINA Caldas\u00a0 uno de los departamento con menos casos de COVID-19 por cada 100.000 habitantes 28\/05\/2020 Las medidas de aislamiento oportunas establecidas en la regi\u00f3n y las atenciones de telemedicina brindadas a los caldenses a trav\u00e9s de Telesalud han incidido en el buen comportamiento de la curva [&hellip;]<\/p>\n","protected":false},"author":2,"featured_media":56186,"comment_status":"closed","ping_status":"open","sticky":false,"template":"","format":"standard","meta":{"footnotes":""},"categories":[48,53],"tags":[73,275,2920,4652],"class_list":["post-56185","post","type-post","status-publish","format-standard","has-post-thumbnail","hentry","category-actualidad","category-universidad-al-dia","tag-proyeccion","tag-telesalud","tag-epidemiologia","tag-covid-19"],"yoast_head":"<!-- This site is optimized with the Yoast SEO plugin v27.5 - https:\/\/yoast.com\/product\/yoast-seo-wordpress\/ -->\n<title>Caldas uno de los departamento con menos casos de COVID-19 por cada 100.000 habitantes .<\/title>\n<meta name=\"robots\" content=\"index, follow, max-snippet:-1, max-image-preview:large, max-video-preview:-1\" \/>\n<link rel=\"canonical\" href=\"https:\/\/www.ucaldas.edu.co\/portal\/caldas-sea-uno-de-los-departamento-con-menos-casos-de-covid-19-por-cada-100-000-habitantes\/\" \/>\n<script type=\"application\/ld+json\" class=\"yoast-schema-graph\">{\"@context\":\"https:\\\/\\\/schema.org\",\"@graph\":[{\"@type\":\"Article\",\"@id\":\"https:\\\/\\\/www.ucaldas.edu.co\\\/portal\\\/caldas-sea-uno-de-los-departamento-con-menos-casos-de-covid-19-por-cada-100-000-habitantes\\\/#article\",\"isPartOf\":{\"@id\":\"https:\\\/\\\/www.ucaldas.edu.co\\\/portal\\\/caldas-sea-uno-de-los-departamento-con-menos-casos-de-covid-19-por-cada-100-000-habitantes\\\/\"},\"author\":{\"name\":\"ofiprensa\",\"@id\":\"https:\\\/\\\/www.ucaldas.edu.co\\\/portal\\\/#\\\/schema\\\/person\\\/a1b482e23449158b4bc319926c074fdf\"},\"headline\":\"Caldas uno de los departamento con menos casos de COVID-19 por cada 100.000 habitantes\",\"datePublished\":\"2020-05-28T23:54:57+00:00\",\"dateModified\":\"2020-05-28T23:59:09+00:00\",\"mainEntityOfPage\":{\"@id\":\"https:\\\/\\\/www.ucaldas.edu.co\\\/portal\\\/caldas-sea-uno-de-los-departamento-con-menos-casos-de-covid-19-por-cada-100-000-habitantes\\\/\"},\"wordCount\":489,\"publisher\":{\"@id\":\"https:\\\/\\\/www.ucaldas.edu.co\\\/portal\\\/#organization\"},\"image\":{\"@id\":\"https:\\\/\\\/www.ucaldas.edu.co\\\/portal\\\/caldas-sea-uno-de-los-departamento-con-menos-casos-de-covid-19-por-cada-100-000-habitantes\\\/#primaryimage\"},\"thumbnailUrl\":\"https:\\\/\\\/www.ucaldas.edu.co\\\/portal\\\/wp-content\\\/uploads\\\/2020\\\/05\\\/TC_GR_01.png\",\"keywords\":[\"Proyecci\u00f3n\",\"Telesalud\",\"epidemiolog\u00eda\",\"covid-19\"],\"articleSection\":[\"Actualidad\",\"Universidad al D\u00eda\"],\"inLanguage\":\"es\"},{\"@type\":\"WebPage\",\"@id\":\"https:\\\/\\\/www.ucaldas.edu.co\\\/portal\\\/caldas-sea-uno-de-los-departamento-con-menos-casos-de-covid-19-por-cada-100-000-habitantes\\\/\",\"url\":\"https:\\\/\\\/www.ucaldas.edu.co\\\/portal\\\/caldas-sea-uno-de-los-departamento-con-menos-casos-de-covid-19-por-cada-100-000-habitantes\\\/\",\"name\":\"Caldas uno de los departamento con menos casos de COVID-19 por cada 100.000 habitantes .\",\"isPartOf\":{\"@id\":\"https:\\\/\\\/www.ucaldas.edu.co\\\/portal\\\/#website\"},\"primaryImageOfPage\":{\"@id\":\"https:\\\/\\\/www.ucaldas.edu.co\\\/portal\\\/caldas-sea-uno-de-los-departamento-con-menos-casos-de-covid-19-por-cada-100-000-habitantes\\\/#primaryimage\"},\"image\":{\"@id\":\"https:\\\/\\\/www.ucaldas.edu.co\\\/portal\\\/caldas-sea-uno-de-los-departamento-con-menos-casos-de-covid-19-por-cada-100-000-habitantes\\\/#primaryimage\"},\"thumbnailUrl\":\"https:\\\/\\\/www.ucaldas.edu.co\\\/portal\\\/wp-content\\\/uploads\\\/2020\\\/05\\\/TC_GR_01.png\",\"datePublished\":\"2020-05-28T23:54:57+00:00\",\"dateModified\":\"2020-05-28T23:59:09+00:00\",\"breadcrumb\":{\"@id\":\"https:\\\/\\\/www.ucaldas.edu.co\\\/portal\\\/caldas-sea-uno-de-los-departamento-con-menos-casos-de-covid-19-por-cada-100-000-habitantes\\\/#breadcrumb\"},\"inLanguage\":\"es\",\"potentialAction\":[{\"@type\":\"ReadAction\",\"target\":[\"https:\\\/\\\/www.ucaldas.edu.co\\\/portal\\\/caldas-sea-uno-de-los-departamento-con-menos-casos-de-covid-19-por-cada-100-000-habitantes\\\/\"]}]},{\"@type\":\"ImageObject\",\"inLanguage\":\"es\",\"@id\":\"https:\\\/\\\/www.ucaldas.edu.co\\\/portal\\\/caldas-sea-uno-de-los-departamento-con-menos-casos-de-covid-19-por-cada-100-000-habitantes\\\/#primaryimage\",\"url\":\"https:\\\/\\\/www.ucaldas.edu.co\\\/portal\\\/wp-content\\\/uploads\\\/2020\\\/05\\\/TC_GR_01.png\",\"contentUrl\":\"https:\\\/\\\/www.ucaldas.edu.co\\\/portal\\\/wp-content\\\/uploads\\\/2020\\\/05\\\/TC_GR_01.png\",\"width\":1200,\"height\":1200},{\"@type\":\"BreadcrumbList\",\"@id\":\"https:\\\/\\\/www.ucaldas.edu.co\\\/portal\\\/caldas-sea-uno-de-los-departamento-con-menos-casos-de-covid-19-por-cada-100-000-habitantes\\\/#breadcrumb\",\"itemListElement\":[{\"@type\":\"ListItem\",\"position\":1,\"name\":\"Portada\",\"item\":\"https:\\\/\\\/www.ucaldas.edu.co\\\/portal\\\/\"},{\"@type\":\"ListItem\",\"position\":2,\"name\":\"Caldas uno de los departamento con menos casos de COVID-19 por cada 100.000 habitantes\"}]},{\"@type\":\"WebSite\",\"@id\":\"https:\\\/\\\/www.ucaldas.edu.co\\\/portal\\\/#website\",\"url\":\"https:\\\/\\\/www.ucaldas.edu.co\\\/portal\\\/\",\"name\":\"Universidad de Caldas\",\"description\":\"\",\"publisher\":{\"@id\":\"https:\\\/\\\/www.ucaldas.edu.co\\\/portal\\\/#organization\"},\"alternateName\":\"U. de Caldas\",\"potentialAction\":[{\"@type\":\"SearchAction\",\"target\":{\"@type\":\"EntryPoint\",\"urlTemplate\":\"https:\\\/\\\/www.ucaldas.edu.co\\\/portal\\\/?s={search_term_string}\"},\"query-input\":{\"@type\":\"PropertyValueSpecification\",\"valueRequired\":true,\"valueName\":\"search_term_string\"}}],\"inLanguage\":\"es\"},{\"@type\":\"Organization\",\"@id\":\"https:\\\/\\\/www.ucaldas.edu.co\\\/portal\\\/#organization\",\"name\":\"Universidad de Caldas\",\"alternateName\":\"U. de Caldas\",\"url\":\"https:\\\/\\\/www.ucaldas.edu.co\\\/portal\\\/\",\"logo\":{\"@type\":\"ImageObject\",\"inLanguage\":\"es\",\"@id\":\"https:\\\/\\\/www.ucaldas.edu.co\\\/portal\\\/#\\\/schema\\\/logo\\\/image\\\/\",\"url\":\"https:\\\/\\\/www.ucaldas.edu.co\\\/portal\\\/wp-content\\\/uploads\\\/2023\\\/11\\\/Logo_horizontal_oscuroU-2023.png\",\"contentUrl\":\"https:\\\/\\\/www.ucaldas.edu.co\\\/portal\\\/wp-content\\\/uploads\\\/2023\\\/11\\\/Logo_horizontal_oscuroU-2023.png\",\"width\":263,\"height\":101,\"caption\":\"Universidad de Caldas\"},\"image\":{\"@id\":\"https:\\\/\\\/www.ucaldas.edu.co\\\/portal\\\/#\\\/schema\\\/logo\\\/image\\\/\"},\"sameAs\":[\"https:\\\/\\\/www.facebook.com\\\/udecaldas\",\"https:\\\/\\\/x.com\\\/udecaldas\",\"https:\\\/\\\/www.youtube.com\\\/universidadcaldas\",\"https:\\\/\\\/www.instagram.com\\\/udecaldas\\\/\"]},{\"@type\":\"Person\",\"@id\":\"https:\\\/\\\/www.ucaldas.edu.co\\\/portal\\\/#\\\/schema\\\/person\\\/a1b482e23449158b4bc319926c074fdf\",\"name\":\"ofiprensa\",\"image\":{\"@type\":\"ImageObject\",\"inLanguage\":\"es\",\"@id\":\"https:\\\/\\\/www.ucaldas.edu.co\\\/portal\\\/wp-content\\\/litespeed\\\/avatar\\\/09ea5085e600095a7a811142c6944527.jpg?ver=1777497608\",\"url\":\"https:\\\/\\\/www.ucaldas.edu.co\\\/portal\\\/wp-content\\\/litespeed\\\/avatar\\\/09ea5085e600095a7a811142c6944527.jpg?ver=1777497608\",\"contentUrl\":\"https:\\\/\\\/www.ucaldas.edu.co\\\/portal\\\/wp-content\\\/litespeed\\\/avatar\\\/09ea5085e600095a7a811142c6944527.jpg?ver=1777497608\",\"caption\":\"ofiprensa\"},\"url\":\"https:\\\/\\\/www.ucaldas.edu.co\\\/portal\\\/author\\\/ofiprensa\\\/\"}]}<\/script>\n<!-- \/ Yoast SEO plugin. -->","yoast_head_json":{"title":"Caldas uno de los departamento con menos casos de COVID-19 por cada 100.000 habitantes .","robots":{"index":"index","follow":"follow","max-snippet":"max-snippet:-1","max-image-preview":"max-image-preview:large","max-video-preview":"max-video-preview:-1"},"canonical":"https:\/\/www.ucaldas.edu.co\/portal\/caldas-sea-uno-de-los-departamento-con-menos-casos-de-covid-19-por-cada-100-000-habitantes\/","schema":{"@context":"https:\/\/schema.org","@graph":[{"@type":"Article","@id":"https:\/\/www.ucaldas.edu.co\/portal\/caldas-sea-uno-de-los-departamento-con-menos-casos-de-covid-19-por-cada-100-000-habitantes\/#article","isPartOf":{"@id":"https:\/\/www.ucaldas.edu.co\/portal\/caldas-sea-uno-de-los-departamento-con-menos-casos-de-covid-19-por-cada-100-000-habitantes\/"},"author":{"name":"ofiprensa","@id":"https:\/\/www.ucaldas.edu.co\/portal\/#\/schema\/person\/a1b482e23449158b4bc319926c074fdf"},"headline":"Caldas uno de los departamento con menos casos de COVID-19 por cada 100.000 habitantes","datePublished":"2020-05-28T23:54:57+00:00","dateModified":"2020-05-28T23:59:09+00:00","mainEntityOfPage":{"@id":"https:\/\/www.ucaldas.edu.co\/portal\/caldas-sea-uno-de-los-departamento-con-menos-casos-de-covid-19-por-cada-100-000-habitantes\/"},"wordCount":489,"publisher":{"@id":"https:\/\/www.ucaldas.edu.co\/portal\/#organization"},"image":{"@id":"https:\/\/www.ucaldas.edu.co\/portal\/caldas-sea-uno-de-los-departamento-con-menos-casos-de-covid-19-por-cada-100-000-habitantes\/#primaryimage"},"thumbnailUrl":"https:\/\/www.ucaldas.edu.co\/portal\/wp-content\/uploads\/2020\/05\/TC_GR_01.png","keywords":["Proyecci\u00f3n","Telesalud","epidemiolog\u00eda","covid-19"],"articleSection":["Actualidad","Universidad al D\u00eda"],"inLanguage":"es"},{"@type":"WebPage","@id":"https:\/\/www.ucaldas.edu.co\/portal\/caldas-sea-uno-de-los-departamento-con-menos-casos-de-covid-19-por-cada-100-000-habitantes\/","url":"https:\/\/www.ucaldas.edu.co\/portal\/caldas-sea-uno-de-los-departamento-con-menos-casos-de-covid-19-por-cada-100-000-habitantes\/","name":"Caldas uno de los departamento con menos casos de COVID-19 por cada 100.000 habitantes .","isPartOf":{"@id":"https:\/\/www.ucaldas.edu.co\/portal\/#website"},"primaryImageOfPage":{"@id":"https:\/\/www.ucaldas.edu.co\/portal\/caldas-sea-uno-de-los-departamento-con-menos-casos-de-covid-19-por-cada-100-000-habitantes\/#primaryimage"},"image":{"@id":"https:\/\/www.ucaldas.edu.co\/portal\/caldas-sea-uno-de-los-departamento-con-menos-casos-de-covid-19-por-cada-100-000-habitantes\/#primaryimage"},"thumbnailUrl":"https:\/\/www.ucaldas.edu.co\/portal\/wp-content\/uploads\/2020\/05\/TC_GR_01.png","datePublished":"2020-05-28T23:54:57+00:00","dateModified":"2020-05-28T23:59:09+00:00","breadcrumb":{"@id":"https:\/\/www.ucaldas.edu.co\/portal\/caldas-sea-uno-de-los-departamento-con-menos-casos-de-covid-19-por-cada-100-000-habitantes\/#breadcrumb"},"inLanguage":"es","potentialAction":[{"@type":"ReadAction","target":["https:\/\/www.ucaldas.edu.co\/portal\/caldas-sea-uno-de-los-departamento-con-menos-casos-de-covid-19-por-cada-100-000-habitantes\/"]}]},{"@type":"ImageObject","inLanguage":"es","@id":"https:\/\/www.ucaldas.edu.co\/portal\/caldas-sea-uno-de-los-departamento-con-menos-casos-de-covid-19-por-cada-100-000-habitantes\/#primaryimage","url":"https:\/\/www.ucaldas.edu.co\/portal\/wp-content\/uploads\/2020\/05\/TC_GR_01.png","contentUrl":"https:\/\/www.ucaldas.edu.co\/portal\/wp-content\/uploads\/2020\/05\/TC_GR_01.png","width":1200,"height":1200},{"@type":"BreadcrumbList","@id":"https:\/\/www.ucaldas.edu.co\/portal\/caldas-sea-uno-de-los-departamento-con-menos-casos-de-covid-19-por-cada-100-000-habitantes\/#breadcrumb","itemListElement":[{"@type":"ListItem","position":1,"name":"Portada","item":"https:\/\/www.ucaldas.edu.co\/portal\/"},{"@type":"ListItem","position":2,"name":"Caldas uno de los departamento con menos casos de COVID-19 por cada 100.000 habitantes"}]},{"@type":"WebSite","@id":"https:\/\/www.ucaldas.edu.co\/portal\/#website","url":"https:\/\/www.ucaldas.edu.co\/portal\/","name":"Universidad de Caldas","description":"","publisher":{"@id":"https:\/\/www.ucaldas.edu.co\/portal\/#organization"},"alternateName":"U. de Caldas","potentialAction":[{"@type":"SearchAction","target":{"@type":"EntryPoint","urlTemplate":"https:\/\/www.ucaldas.edu.co\/portal\/?s={search_term_string}"},"query-input":{"@type":"PropertyValueSpecification","valueRequired":true,"valueName":"search_term_string"}}],"inLanguage":"es"},{"@type":"Organization","@id":"https:\/\/www.ucaldas.edu.co\/portal\/#organization","name":"Universidad de Caldas","alternateName":"U. de Caldas","url":"https:\/\/www.ucaldas.edu.co\/portal\/","logo":{"@type":"ImageObject","inLanguage":"es","@id":"https:\/\/www.ucaldas.edu.co\/portal\/#\/schema\/logo\/image\/","url":"https:\/\/www.ucaldas.edu.co\/portal\/wp-content\/uploads\/2023\/11\/Logo_horizontal_oscuroU-2023.png","contentUrl":"https:\/\/www.ucaldas.edu.co\/portal\/wp-content\/uploads\/2023\/11\/Logo_horizontal_oscuroU-2023.png","width":263,"height":101,"caption":"Universidad de Caldas"},"image":{"@id":"https:\/\/www.ucaldas.edu.co\/portal\/#\/schema\/logo\/image\/"},"sameAs":["https:\/\/www.facebook.com\/udecaldas","https:\/\/x.com\/udecaldas","https:\/\/www.youtube.com\/universidadcaldas","https:\/\/www.instagram.com\/udecaldas\/"]},{"@type":"Person","@id":"https:\/\/www.ucaldas.edu.co\/portal\/#\/schema\/person\/a1b482e23449158b4bc319926c074fdf","name":"ofiprensa","image":{"@type":"ImageObject","inLanguage":"es","@id":"https:\/\/www.ucaldas.edu.co\/portal\/wp-content\/litespeed\/avatar\/09ea5085e600095a7a811142c6944527.jpg?ver=1777497608","url":"https:\/\/www.ucaldas.edu.co\/portal\/wp-content\/litespeed\/avatar\/09ea5085e600095a7a811142c6944527.jpg?ver=1777497608","contentUrl":"https:\/\/www.ucaldas.edu.co\/portal\/wp-content\/litespeed\/avatar\/09ea5085e600095a7a811142c6944527.jpg?ver=1777497608","caption":"ofiprensa"},"url":"https:\/\/www.ucaldas.edu.co\/portal\/author\/ofiprensa\/"}]}},"_links":{"self":[{"href":"https:\/\/www.ucaldas.edu.co\/portal\/wp-json\/wp\/v2\/posts\/56185","targetHints":{"allow":["GET"]}}],"collection":[{"href":"https:\/\/www.ucaldas.edu.co\/portal\/wp-json\/wp\/v2\/posts"}],"about":[{"href":"https:\/\/www.ucaldas.edu.co\/portal\/wp-json\/wp\/v2\/types\/post"}],"author":[{"embeddable":true,"href":"https:\/\/www.ucaldas.edu.co\/portal\/wp-json\/wp\/v2\/users\/2"}],"replies":[{"embeddable":true,"href":"https:\/\/www.ucaldas.edu.co\/portal\/wp-json\/wp\/v2\/comments?post=56185"}],"version-history":[{"count":0,"href":"https:\/\/www.ucaldas.edu.co\/portal\/wp-json\/wp\/v2\/posts\/56185\/revisions"}],"wp:featuredmedia":[{"embeddable":true,"href":"https:\/\/www.ucaldas.edu.co\/portal\/wp-json\/wp\/v2\/media\/56186"}],"wp:attachment":[{"href":"https:\/\/www.ucaldas.edu.co\/portal\/wp-json\/wp\/v2\/media?parent=56185"}],"wp:term":[{"taxonomy":"category","embeddable":true,"href":"https:\/\/www.ucaldas.edu.co\/portal\/wp-json\/wp\/v2\/categories?post=56185"},{"taxonomy":"post_tag","embeddable":true,"href":"https:\/\/www.ucaldas.edu.co\/portal\/wp-json\/wp\/v2\/tags?post=56185"}],"curies":[{"name":"wp","href":"https:\/\/api.w.org\/{rel}","templated":true}]}}