{"id":56143,"date":"2020-05-27T22:44:13","date_gmt":"2020-05-27T22:44:13","guid":{"rendered":"https:\/\/www.ucaldas.edu.co\/portal\/?p=56143"},"modified":"2020-05-27T22:44:13","modified_gmt":"2020-05-27T22:44:13","slug":"recuerda-inscribirte-al-programa-jovenes-en-accion","status":"publish","type":"post","link":"https:\/\/www.ucaldas.edu.co\/portal\/recuerda-inscribirte-al-programa-jovenes-en-accion\/","title":{"rendered":"Recuerda inscribirte al programa J\u00f3venes en Acci\u00f3n"},"content":{"rendered":"<p style=\"text-align: center;\">INSCRIPCIONES HASTA EL 12 DE JUNIO<\/p>\n<p style=\"text-align: center;\"><strong><b>Recuerda inscribirte al programa J\u00f3venes en Acci\u00f3n<\/b><\/strong><\/p>\n<p style=\"text-align: right;\">27\/05\/2020<\/p>\n<p><img loading=\"lazy\" decoding=\"async\" class=\"alignnone size-full wp-image-56144 aligncenter\" src=\"https:\/\/www.ucaldas.edu.co\/portal\/wp-content\/uploads\/2020\/05\/jovenes-accio\u0301n-1.jpg\" alt=\"\" width=\"700\" height=\"400\" srcset=\"https:\/\/www.ucaldas.edu.co\/portal\/wp-content\/uploads\/2020\/05\/jovenes-accio\u0301n-1.jpg 700w, https:\/\/www.ucaldas.edu.co\/portal\/wp-content\/uploads\/2020\/05\/jovenes-accio\u0301n-1-300x171.jpg 300w\" sizes=\"auto, (max-width: 700px) 100vw, 700px\" \/><\/p>\n<p>&nbsp;<\/p>\n<p>El programa J\u00f3venes en Acci\u00f3n extendi\u00f3 el plazo de inscripciones hasta el pr\u00f3ximo 12 de junio del presente a\u00f1o, que recordemos busca entregar un incentivo econ\u00f3mico a poblaci\u00f3n joven en condici\u00f3n de vulnerabilidad con sus estudios de Educaci\u00f3n Superior.<\/p>\n<p>Los interesados en participar, deben cumplir con los siguientes requisitos:<\/p>\n<ul>\n<li>Ser bachiller.<\/li>\n<li>Tener entre 14 y 28 a\u00f1os. Este requisito solo es para postulaci\u00f3n, por lo tanto, aquellas personas que son mayores a 28 a\u00f1os y ya est\u00e1n vinculados, no saldr\u00e1n del programa.<\/li>\n<li>No tener un t\u00edtulo profesional previo.<\/li>\n<li>Pertenecer a poblaci\u00f3n vulnerable y estar registrado en alguno de los siguientes programas: Registro administrativo del programa Familias en Acci\u00f3n; Red para la superaci\u00f3n de la pobreza extrema UNIDOS; SISBEN vigente de acuerdo al puntaje igual o menor a 54,86 ciudad capital, ciudades medias 51,57, Zona rural 37,8; Registro \u00danico de Victimas en situaci\u00f3n de desplazamiento en estado \u201cincluido\u201d o la que haga sus veces; Listados censales ind\u00edgenas; Listas censales del ICBF para j\u00f3venes con medida de protecci\u00f3n.<\/li>\n<\/ul>\n<p>Para esta oportunidad, el programa agreg\u00f3 nuevas caracter\u00edsticas que beneficiar\u00e1n a los j\u00f3venes inscritos. Dentro de dichos aspectos se encuentra la ampliaci\u00f3n de la formaci\u00f3n en SENA e IES (presencial, distancia tradicional y virtual), tambi\u00e9n se cre\u00f3 el estado \u2018Aplazado\u2019 para los participantes inscritos que soliciten posponer el tiempo de acompa\u00f1amiento por una vez durante su permanencia en el Programa y m\u00e1ximo hasta por un a\u00f1o calendario.<\/p>\n<p>Otro aspecto nuevo del programa en este a\u00f1o es que el beneficiario podr\u00e1 cambiar una (1) vez de programa de formaci\u00f3n o de instituci\u00f3n educativa, siempre y cuando el nivel educativo sea igual o superior al cursado, acci\u00f3n que se deber\u00e1 realizar en los primeros dos (2) periodos acad\u00e9micos de IES.<\/p>\n<p>&nbsp;<\/p>\n<p>Para m\u00e1s informaci\u00f3n puede acceder a la p\u00e1gina web <a href=\"http:\/\/www.prosperidadsocial.gov.co\"><strong><u><b>www.prosperidadsocial.gov.co<\/b><\/u><\/strong><\/a><\/p>\n<p>&nbsp;<\/p>\n<p><strong><b>Informes: <\/b><\/strong>Oficina de Comunicaciones y Prensa Universidad de Caldas.<\/p>\n<p><strong><b>Redacci\u00f3n:<\/b><\/strong>\u00a0Mateo Buritic\u00e1 Giraldo<\/p>\n<p>&nbsp;<\/p>\n","protected":false},"excerpt":{"rendered":"<p>INSCRIPCIONES HASTA EL 12 DE JUNIO Recuerda inscribirte al programa J\u00f3venes en Acci\u00f3n 27\/05\/2020 &nbsp; El programa J\u00f3venes en Acci\u00f3n extendi\u00f3 el plazo de inscripciones hasta el pr\u00f3ximo 12 de junio del presente a\u00f1o, que recordemos busca entregar un incentivo econ\u00f3mico a poblaci\u00f3n joven en condici\u00f3n de vulnerabilidad con sus estudios de Educaci\u00f3n Superior. Los [&hellip;]<\/p>\n","protected":false},"author":2,"featured_media":56144,"comment_status":"closed","ping_status":"open","sticky":false,"template":"","format":"standard","meta":{"footnotes":""},"categories":[48,53],"tags":[3343,3417,4836],"class_list":["post-56143","post","type-post","status-publish","format-standard","has-post-thumbnail","hentry","category-actualidad","category-universidad-al-dia","tag-jovenes-en-accion","tag-subsidios","tag-incentivos-educacion"],"yoast_head":"<!-- This site is optimized with the Yoast SEO plugin v27.4 - https:\/\/yoast.com\/product\/yoast-seo-wordpress\/ -->\n<title>Recuerda inscribirte al programa J\u00f3venes en Acci\u00f3n .<\/title>\n<meta name=\"robots\" content=\"index, follow, max-snippet:-1, max-image-preview:large, max-video-preview:-1\" \/>\n<link rel=\"canonical\" href=\"https:\/\/www.ucaldas.edu.co\/portal\/recuerda-inscribirte-al-programa-jovenes-en-accion\/\" \/>\n<script type=\"application\/ld+json\" class=\"yoast-schema-graph\">{\"@context\":\"https:\\\/\\\/schema.org\",\"@graph\":[{\"@type\":\"Article\",\"@id\":\"https:\\\/\\\/www.ucaldas.edu.co\\\/portal\\\/recuerda-inscribirte-al-programa-jovenes-en-accion\\\/#article\",\"isPartOf\":{\"@id\":\"https:\\\/\\\/www.ucaldas.edu.co\\\/portal\\\/recuerda-inscribirte-al-programa-jovenes-en-accion\\\/\"},\"author\":{\"name\":\"ofiprensa\",\"@id\":\"https:\\\/\\\/www.ucaldas.edu.co\\\/portal\\\/#\\\/schema\\\/person\\\/a1b482e23449158b4bc319926c074fdf\"},\"headline\":\"Recuerda inscribirte al programa J\u00f3venes en Acci\u00f3n\",\"datePublished\":\"2020-05-27T22:44:13+00:00\",\"mainEntityOfPage\":{\"@id\":\"https:\\\/\\\/www.ucaldas.edu.co\\\/portal\\\/recuerda-inscribirte-al-programa-jovenes-en-accion\\\/\"},\"wordCount\":367,\"publisher\":{\"@id\":\"https:\\\/\\\/www.ucaldas.edu.co\\\/portal\\\/#organization\"},\"image\":{\"@id\":\"https:\\\/\\\/www.ucaldas.edu.co\\\/portal\\\/recuerda-inscribirte-al-programa-jovenes-en-accion\\\/#primaryimage\"},\"thumbnailUrl\":\"https:\\\/\\\/www.ucaldas.edu.co\\\/portal\\\/wp-content\\\/uploads\\\/2020\\\/05\\\/jovenes-accio\u0301n-1.jpg\",\"keywords\":[\"J\u00f3venes en acci\u00f3n\",\"subsidios\",\"incentivos educaci\u00f3n\"],\"articleSection\":[\"Actualidad\",\"Universidad al D\u00eda\"],\"inLanguage\":\"es\"},{\"@type\":\"WebPage\",\"@id\":\"https:\\\/\\\/www.ucaldas.edu.co\\\/portal\\\/recuerda-inscribirte-al-programa-jovenes-en-accion\\\/\",\"url\":\"https:\\\/\\\/www.ucaldas.edu.co\\\/portal\\\/recuerda-inscribirte-al-programa-jovenes-en-accion\\\/\",\"name\":\"Recuerda inscribirte al programa J\u00f3venes en Acci\u00f3n .\",\"isPartOf\":{\"@id\":\"https:\\\/\\\/www.ucaldas.edu.co\\\/portal\\\/#website\"},\"primaryImageOfPage\":{\"@id\":\"https:\\\/\\\/www.ucaldas.edu.co\\\/portal\\\/recuerda-inscribirte-al-programa-jovenes-en-accion\\\/#primaryimage\"},\"image\":{\"@id\":\"https:\\\/\\\/www.ucaldas.edu.co\\\/portal\\\/recuerda-inscribirte-al-programa-jovenes-en-accion\\\/#primaryimage\"},\"thumbnailUrl\":\"https:\\\/\\\/www.ucaldas.edu.co\\\/portal\\\/wp-content\\\/uploads\\\/2020\\\/05\\\/jovenes-accio\u0301n-1.jpg\",\"datePublished\":\"2020-05-27T22:44:13+00:00\",\"breadcrumb\":{\"@id\":\"https:\\\/\\\/www.ucaldas.edu.co\\\/portal\\\/recuerda-inscribirte-al-programa-jovenes-en-accion\\\/#breadcrumb\"},\"inLanguage\":\"es\",\"potentialAction\":[{\"@type\":\"ReadAction\",\"target\":[\"https:\\\/\\\/www.ucaldas.edu.co\\\/portal\\\/recuerda-inscribirte-al-programa-jovenes-en-accion\\\/\"]}]},{\"@type\":\"ImageObject\",\"inLanguage\":\"es\",\"@id\":\"https:\\\/\\\/www.ucaldas.edu.co\\\/portal\\\/recuerda-inscribirte-al-programa-jovenes-en-accion\\\/#primaryimage\",\"url\":\"https:\\\/\\\/www.ucaldas.edu.co\\\/portal\\\/wp-content\\\/uploads\\\/2020\\\/05\\\/jovenes-accio\u0301n-1.jpg\",\"contentUrl\":\"https:\\\/\\\/www.ucaldas.edu.co\\\/portal\\\/wp-content\\\/uploads\\\/2020\\\/05\\\/jovenes-accio\u0301n-1.jpg\",\"width\":700,\"height\":400},{\"@type\":\"BreadcrumbList\",\"@id\":\"https:\\\/\\\/www.ucaldas.edu.co\\\/portal\\\/recuerda-inscribirte-al-programa-jovenes-en-accion\\\/#breadcrumb\",\"itemListElement\":[{\"@type\":\"ListItem\",\"position\":1,\"name\":\"Portada\",\"item\":\"https:\\\/\\\/www.ucaldas.edu.co\\\/portal\\\/\"},{\"@type\":\"ListItem\",\"position\":2,\"name\":\"Recuerda inscribirte al programa J\u00f3venes en Acci\u00f3n\"}]},{\"@type\":\"WebSite\",\"@id\":\"https:\\\/\\\/www.ucaldas.edu.co\\\/portal\\\/#website\",\"url\":\"https:\\\/\\\/www.ucaldas.edu.co\\\/portal\\\/\",\"name\":\"Universidad de Caldas\",\"description\":\"\",\"publisher\":{\"@id\":\"https:\\\/\\\/www.ucaldas.edu.co\\\/portal\\\/#organization\"},\"alternateName\":\"U. de Caldas\",\"potentialAction\":[{\"@type\":\"SearchAction\",\"target\":{\"@type\":\"EntryPoint\",\"urlTemplate\":\"https:\\\/\\\/www.ucaldas.edu.co\\\/portal\\\/?s={search_term_string}\"},\"query-input\":{\"@type\":\"PropertyValueSpecification\",\"valueRequired\":true,\"valueName\":\"search_term_string\"}}],\"inLanguage\":\"es\"},{\"@type\":\"Organization\",\"@id\":\"https:\\\/\\\/www.ucaldas.edu.co\\\/portal\\\/#organization\",\"name\":\"Universidad de Caldas\",\"alternateName\":\"U. de Caldas\",\"url\":\"https:\\\/\\\/www.ucaldas.edu.co\\\/portal\\\/\",\"logo\":{\"@type\":\"ImageObject\",\"inLanguage\":\"es\",\"@id\":\"https:\\\/\\\/www.ucaldas.edu.co\\\/portal\\\/#\\\/schema\\\/logo\\\/image\\\/\",\"url\":\"https:\\\/\\\/www.ucaldas.edu.co\\\/portal\\\/wp-content\\\/uploads\\\/2023\\\/11\\\/Logo_horizontal_oscuroU-2023.png\",\"contentUrl\":\"https:\\\/\\\/www.ucaldas.edu.co\\\/portal\\\/wp-content\\\/uploads\\\/2023\\\/11\\\/Logo_horizontal_oscuroU-2023.png\",\"width\":263,\"height\":101,\"caption\":\"Universidad de Caldas\"},\"image\":{\"@id\":\"https:\\\/\\\/www.ucaldas.edu.co\\\/portal\\\/#\\\/schema\\\/logo\\\/image\\\/\"},\"sameAs\":[\"https:\\\/\\\/www.facebook.com\\\/udecaldas\",\"https:\\\/\\\/x.com\\\/udecaldas\",\"https:\\\/\\\/www.youtube.com\\\/universidadcaldas\",\"https:\\\/\\\/www.instagram.com\\\/udecaldas\\\/\"]},{\"@type\":\"Person\",\"@id\":\"https:\\\/\\\/www.ucaldas.edu.co\\\/portal\\\/#\\\/schema\\\/person\\\/a1b482e23449158b4bc319926c074fdf\",\"name\":\"ofiprensa\",\"image\":{\"@type\":\"ImageObject\",\"inLanguage\":\"es\",\"@id\":\"https:\\\/\\\/www.ucaldas.edu.co\\\/portal\\\/wp-content\\\/litespeed\\\/avatar\\\/09ea5085e600095a7a811142c6944527.jpg?ver=1776892805\",\"url\":\"https:\\\/\\\/www.ucaldas.edu.co\\\/portal\\\/wp-content\\\/litespeed\\\/avatar\\\/09ea5085e600095a7a811142c6944527.jpg?ver=1776892805\",\"contentUrl\":\"https:\\\/\\\/www.ucaldas.edu.co\\\/portal\\\/wp-content\\\/litespeed\\\/avatar\\\/09ea5085e600095a7a811142c6944527.jpg?ver=1776892805\",\"caption\":\"ofiprensa\"},\"url\":\"https:\\\/\\\/www.ucaldas.edu.co\\\/portal\\\/author\\\/ofiprensa\\\/\"}]}<\/script>\n<!-- \/ Yoast SEO plugin. -->","yoast_head_json":{"title":"Recuerda inscribirte al programa J\u00f3venes en Acci\u00f3n .","robots":{"index":"index","follow":"follow","max-snippet":"max-snippet:-1","max-image-preview":"max-image-preview:large","max-video-preview":"max-video-preview:-1"},"canonical":"https:\/\/www.ucaldas.edu.co\/portal\/recuerda-inscribirte-al-programa-jovenes-en-accion\/","schema":{"@context":"https:\/\/schema.org","@graph":[{"@type":"Article","@id":"https:\/\/www.ucaldas.edu.co\/portal\/recuerda-inscribirte-al-programa-jovenes-en-accion\/#article","isPartOf":{"@id":"https:\/\/www.ucaldas.edu.co\/portal\/recuerda-inscribirte-al-programa-jovenes-en-accion\/"},"author":{"name":"ofiprensa","@id":"https:\/\/www.ucaldas.edu.co\/portal\/#\/schema\/person\/a1b482e23449158b4bc319926c074fdf"},"headline":"Recuerda inscribirte al programa J\u00f3venes en Acci\u00f3n","datePublished":"2020-05-27T22:44:13+00:00","mainEntityOfPage":{"@id":"https:\/\/www.ucaldas.edu.co\/portal\/recuerda-inscribirte-al-programa-jovenes-en-accion\/"},"wordCount":367,"publisher":{"@id":"https:\/\/www.ucaldas.edu.co\/portal\/#organization"},"image":{"@id":"https:\/\/www.ucaldas.edu.co\/portal\/recuerda-inscribirte-al-programa-jovenes-en-accion\/#primaryimage"},"thumbnailUrl":"https:\/\/www.ucaldas.edu.co\/portal\/wp-content\/uploads\/2020\/05\/jovenes-accio\u0301n-1.jpg","keywords":["J\u00f3venes en acci\u00f3n","subsidios","incentivos educaci\u00f3n"],"articleSection":["Actualidad","Universidad al D\u00eda"],"inLanguage":"es"},{"@type":"WebPage","@id":"https:\/\/www.ucaldas.edu.co\/portal\/recuerda-inscribirte-al-programa-jovenes-en-accion\/","url":"https:\/\/www.ucaldas.edu.co\/portal\/recuerda-inscribirte-al-programa-jovenes-en-accion\/","name":"Recuerda inscribirte al programa J\u00f3venes en Acci\u00f3n .","isPartOf":{"@id":"https:\/\/www.ucaldas.edu.co\/portal\/#website"},"primaryImageOfPage":{"@id":"https:\/\/www.ucaldas.edu.co\/portal\/recuerda-inscribirte-al-programa-jovenes-en-accion\/#primaryimage"},"image":{"@id":"https:\/\/www.ucaldas.edu.co\/portal\/recuerda-inscribirte-al-programa-jovenes-en-accion\/#primaryimage"},"thumbnailUrl":"https:\/\/www.ucaldas.edu.co\/portal\/wp-content\/uploads\/2020\/05\/jovenes-accio\u0301n-1.jpg","datePublished":"2020-05-27T22:44:13+00:00","breadcrumb":{"@id":"https:\/\/www.ucaldas.edu.co\/portal\/recuerda-inscribirte-al-programa-jovenes-en-accion\/#breadcrumb"},"inLanguage":"es","potentialAction":[{"@type":"ReadAction","target":["https:\/\/www.ucaldas.edu.co\/portal\/recuerda-inscribirte-al-programa-jovenes-en-accion\/"]}]},{"@type":"ImageObject","inLanguage":"es","@id":"https:\/\/www.ucaldas.edu.co\/portal\/recuerda-inscribirte-al-programa-jovenes-en-accion\/#primaryimage","url":"https:\/\/www.ucaldas.edu.co\/portal\/wp-content\/uploads\/2020\/05\/jovenes-accio\u0301n-1.jpg","contentUrl":"https:\/\/www.ucaldas.edu.co\/portal\/wp-content\/uploads\/2020\/05\/jovenes-accio\u0301n-1.jpg","width":700,"height":400},{"@type":"BreadcrumbList","@id":"https:\/\/www.ucaldas.edu.co\/portal\/recuerda-inscribirte-al-programa-jovenes-en-accion\/#breadcrumb","itemListElement":[{"@type":"ListItem","position":1,"name":"Portada","item":"https:\/\/www.ucaldas.edu.co\/portal\/"},{"@type":"ListItem","position":2,"name":"Recuerda inscribirte al programa J\u00f3venes en Acci\u00f3n"}]},{"@type":"WebSite","@id":"https:\/\/www.ucaldas.edu.co\/portal\/#website","url":"https:\/\/www.ucaldas.edu.co\/portal\/","name":"Universidad de Caldas","description":"","publisher":{"@id":"https:\/\/www.ucaldas.edu.co\/portal\/#organization"},"alternateName":"U. de Caldas","potentialAction":[{"@type":"SearchAction","target":{"@type":"EntryPoint","urlTemplate":"https:\/\/www.ucaldas.edu.co\/portal\/?s={search_term_string}"},"query-input":{"@type":"PropertyValueSpecification","valueRequired":true,"valueName":"search_term_string"}}],"inLanguage":"es"},{"@type":"Organization","@id":"https:\/\/www.ucaldas.edu.co\/portal\/#organization","name":"Universidad de Caldas","alternateName":"U. de Caldas","url":"https:\/\/www.ucaldas.edu.co\/portal\/","logo":{"@type":"ImageObject","inLanguage":"es","@id":"https:\/\/www.ucaldas.edu.co\/portal\/#\/schema\/logo\/image\/","url":"https:\/\/www.ucaldas.edu.co\/portal\/wp-content\/uploads\/2023\/11\/Logo_horizontal_oscuroU-2023.png","contentUrl":"https:\/\/www.ucaldas.edu.co\/portal\/wp-content\/uploads\/2023\/11\/Logo_horizontal_oscuroU-2023.png","width":263,"height":101,"caption":"Universidad de Caldas"},"image":{"@id":"https:\/\/www.ucaldas.edu.co\/portal\/#\/schema\/logo\/image\/"},"sameAs":["https:\/\/www.facebook.com\/udecaldas","https:\/\/x.com\/udecaldas","https:\/\/www.youtube.com\/universidadcaldas","https:\/\/www.instagram.com\/udecaldas\/"]},{"@type":"Person","@id":"https:\/\/www.ucaldas.edu.co\/portal\/#\/schema\/person\/a1b482e23449158b4bc319926c074fdf","name":"ofiprensa","image":{"@type":"ImageObject","inLanguage":"es","@id":"https:\/\/www.ucaldas.edu.co\/portal\/wp-content\/litespeed\/avatar\/09ea5085e600095a7a811142c6944527.jpg?ver=1776892805","url":"https:\/\/www.ucaldas.edu.co\/portal\/wp-content\/litespeed\/avatar\/09ea5085e600095a7a811142c6944527.jpg?ver=1776892805","contentUrl":"https:\/\/www.ucaldas.edu.co\/portal\/wp-content\/litespeed\/avatar\/09ea5085e600095a7a811142c6944527.jpg?ver=1776892805","caption":"ofiprensa"},"url":"https:\/\/www.ucaldas.edu.co\/portal\/author\/ofiprensa\/"}]}},"_links":{"self":[{"href":"https:\/\/www.ucaldas.edu.co\/portal\/wp-json\/wp\/v2\/posts\/56143","targetHints":{"allow":["GET"]}}],"collection":[{"href":"https:\/\/www.ucaldas.edu.co\/portal\/wp-json\/wp\/v2\/posts"}],"about":[{"href":"https:\/\/www.ucaldas.edu.co\/portal\/wp-json\/wp\/v2\/types\/post"}],"author":[{"embeddable":true,"href":"https:\/\/www.ucaldas.edu.co\/portal\/wp-json\/wp\/v2\/users\/2"}],"replies":[{"embeddable":true,"href":"https:\/\/www.ucaldas.edu.co\/portal\/wp-json\/wp\/v2\/comments?post=56143"}],"version-history":[{"count":0,"href":"https:\/\/www.ucaldas.edu.co\/portal\/wp-json\/wp\/v2\/posts\/56143\/revisions"}],"wp:featuredmedia":[{"embeddable":true,"href":"https:\/\/www.ucaldas.edu.co\/portal\/wp-json\/wp\/v2\/media\/56144"}],"wp:attachment":[{"href":"https:\/\/www.ucaldas.edu.co\/portal\/wp-json\/wp\/v2\/media?parent=56143"}],"wp:term":[{"taxonomy":"category","embeddable":true,"href":"https:\/\/www.ucaldas.edu.co\/portal\/wp-json\/wp\/v2\/categories?post=56143"},{"taxonomy":"post_tag","embeddable":true,"href":"https:\/\/www.ucaldas.edu.co\/portal\/wp-json\/wp\/v2\/tags?post=56143"}],"curies":[{"name":"wp","href":"https:\/\/api.w.org\/{rel}","templated":true}]}}