{"id":5613,"date":"2010-05-03T17:17:53","date_gmt":"2010-05-03T22:17:53","guid":{"rendered":"https:\/\/www.ucaldas.edu.co\/portal\/?p=5613"},"modified":"2010-05-03T17:17:53","modified_gmt":"2010-05-03T22:17:53","slug":"sistema-universitario-estatal-apoya-la-reforma-a-la-ley-3092","status":"publish","type":"post","link":"https:\/\/www.ucaldas.edu.co\/portal\/sistema-universitario-estatal-apoya-la-reforma-a-la-ley-3092\/","title":{"rendered":"Sistema Universitario Estatal apoya la reforma a la Ley 30\/92"},"content":{"rendered":"<p>&nbsp;<\/p>\n<p>Lo estableci\u00f3 en un comunicado<\/p>\n<hr id=\"system-readmore\" \/>\n<p>&nbsp;<\/p>\n<table border=\"0\">\n<tbody>\n<tr>\n<td><img loading=\"lazy\" decoding=\"async\" style=\"border: 0px\" alt=\"SUE\" src=\"http:\/\/www.ucaldas.edu.co\/\/images\/sue.jpg\" width=\"148\" height=\"105\" border=\"0\" \/><\/td>\n<td>El Sistema Universitario Estatal (SUE), compuesto por las 21 universidades p\u00fablicas del pa\u00eds, manifest\u00f3 su aval al proyecto de ley que busca reformar a la Ley 30\/92, por medio de la cual se organiza el servicio p\u00fablico de la Educaci\u00f3n Superior, que radic\u00f3 hace unas tres semanas el Gobierno Nacional ante el Congreso de la Rep\u00fablica.<\/p>\n<p>&nbsp;<\/p>\n<p>En un comunicado a la opini\u00f3n p\u00fablica, el SUE explic\u00f3 que este proyecto \u201ccontribuir\u00e1 progresivamente a compensar los crecientes costos en el funcionamiento de las universidades p\u00fablicas, corregir las limitaciones del Modelo de Financiaci\u00f3n de la Ley 30 sin afectar su esencia y promover nuevos desarrollos de la Educaci\u00f3n Superior P\u00fablica\u201d.<\/td>\n<\/tr>\n<\/tbody>\n<\/table>\n<p>&nbsp;<\/p>\n<p>Tambi\u00e9n expresaron su voluntad de promover y participar en el debate nacional sobre el futuro de las universidades p\u00fablicas, su pertinencia, internacionalizaci\u00f3n, el fomento a la innovaci\u00f3n, la investigaci\u00f3n y la creatividad, entre otros aspectos que apuntan a mejora de la calidad de la educaci\u00f3n superior p\u00fablica.<\/p>\n<p>&nbsp;<\/p>\n<p>Consulte el comunicado completo en el enlace: <a href=\"http:\/\/desarrollo.ucaldas.edu.co\/archivo\/docs\/COMUNICADO_SUE_LEY_30.pdf\" target=\"_blank\">Convocatoria.<\/a><\/p>\n<p>&nbsp;<\/p>\n<p>Mayores informes, en la Oficina de Prensa de la Universidad de Caldas, tel\u00e9fono 878 15 00 extensi\u00f3n 11 167 y 878 15 03.<\/p>\n","protected":false},"excerpt":{"rendered":"<p>&nbsp; Lo estableci\u00f3 en un comunicado &nbsp; El Sistema Universitario Estatal (SUE), compuesto por las 21 universidades p\u00fablicas del pa\u00eds, manifest\u00f3 su aval al proyecto de ley que busca reformar a la Ley 30\/92, por medio de la cual se organiza el servicio p\u00fablico de la Educaci\u00f3n Superior, que radic\u00f3 hace unas tres semanas el [&hellip;]<\/p>\n","protected":false},"author":2,"featured_media":0,"comment_status":"closed","ping_status":"closed","sticky":false,"template":"","format":"standard","meta":{"footnotes":""},"categories":[48,53],"tags":[],"class_list":["post-5613","post","type-post","status-publish","format-standard","hentry","category-actualidad","category-universidad-al-dia"],"yoast_head":"<!-- This site is optimized with the Yoast SEO plugin v27.5 - https:\/\/yoast.com\/product\/yoast-seo-wordpress\/ -->\n<title>Sistema Universitario Estatal apoya la reforma a la Ley 30\/92 .<\/title>\n<meta name=\"robots\" content=\"index, follow, max-snippet:-1, max-image-preview:large, max-video-preview:-1\" \/>\n<link rel=\"canonical\" href=\"https:\/\/www.ucaldas.edu.co\/portal\/sistema-universitario-estatal-apoya-la-reforma-a-la-ley-3092\/\" \/>\n<script type=\"application\/ld+json\" class=\"yoast-schema-graph\">{\"@context\":\"https:\\\/\\\/schema.org\",\"@graph\":[{\"@type\":\"Article\",\"@id\":\"https:\\\/\\\/www.ucaldas.edu.co\\\/portal\\\/sistema-universitario-estatal-apoya-la-reforma-a-la-ley-3092\\\/#article\",\"isPartOf\":{\"@id\":\"https:\\\/\\\/www.ucaldas.edu.co\\\/portal\\\/sistema-universitario-estatal-apoya-la-reforma-a-la-ley-3092\\\/\"},\"author\":{\"name\":\"ofiprensa\",\"@id\":\"https:\\\/\\\/www.ucaldas.edu.co\\\/portal\\\/#\\\/schema\\\/person\\\/a1b482e23449158b4bc319926c074fdf\"},\"headline\":\"Sistema Universitario Estatal apoya la reforma a la Ley 30\\\/92\",\"datePublished\":\"2010-05-03T22:17:53+00:00\",\"mainEntityOfPage\":{\"@id\":\"https:\\\/\\\/www.ucaldas.edu.co\\\/portal\\\/sistema-universitario-estatal-apoya-la-reforma-a-la-ley-3092\\\/\"},\"wordCount\":214,\"publisher\":{\"@id\":\"https:\\\/\\\/www.ucaldas.edu.co\\\/portal\\\/#organization\"},\"image\":{\"@id\":\"https:\\\/\\\/www.ucaldas.edu.co\\\/portal\\\/sistema-universitario-estatal-apoya-la-reforma-a-la-ley-3092\\\/#primaryimage\"},\"thumbnailUrl\":\"http:\\\/\\\/www.ucaldas.edu.co\\\/\\\/images\\\/sue.jpg\",\"articleSection\":[\"Actualidad\",\"Universidad al D\u00eda\"],\"inLanguage\":\"es\"},{\"@type\":\"WebPage\",\"@id\":\"https:\\\/\\\/www.ucaldas.edu.co\\\/portal\\\/sistema-universitario-estatal-apoya-la-reforma-a-la-ley-3092\\\/\",\"url\":\"https:\\\/\\\/www.ucaldas.edu.co\\\/portal\\\/sistema-universitario-estatal-apoya-la-reforma-a-la-ley-3092\\\/\",\"name\":\"Sistema Universitario Estatal apoya la reforma a la Ley 30\\\/92 .\",\"isPartOf\":{\"@id\":\"https:\\\/\\\/www.ucaldas.edu.co\\\/portal\\\/#website\"},\"primaryImageOfPage\":{\"@id\":\"https:\\\/\\\/www.ucaldas.edu.co\\\/portal\\\/sistema-universitario-estatal-apoya-la-reforma-a-la-ley-3092\\\/#primaryimage\"},\"image\":{\"@id\":\"https:\\\/\\\/www.ucaldas.edu.co\\\/portal\\\/sistema-universitario-estatal-apoya-la-reforma-a-la-ley-3092\\\/#primaryimage\"},\"thumbnailUrl\":\"http:\\\/\\\/www.ucaldas.edu.co\\\/\\\/images\\\/sue.jpg\",\"datePublished\":\"2010-05-03T22:17:53+00:00\",\"breadcrumb\":{\"@id\":\"https:\\\/\\\/www.ucaldas.edu.co\\\/portal\\\/sistema-universitario-estatal-apoya-la-reforma-a-la-ley-3092\\\/#breadcrumb\"},\"inLanguage\":\"es\",\"potentialAction\":[{\"@type\":\"ReadAction\",\"target\":[\"https:\\\/\\\/www.ucaldas.edu.co\\\/portal\\\/sistema-universitario-estatal-apoya-la-reforma-a-la-ley-3092\\\/\"]}]},{\"@type\":\"ImageObject\",\"inLanguage\":\"es\",\"@id\":\"https:\\\/\\\/www.ucaldas.edu.co\\\/portal\\\/sistema-universitario-estatal-apoya-la-reforma-a-la-ley-3092\\\/#primaryimage\",\"url\":\"http:\\\/\\\/www.ucaldas.edu.co\\\/\\\/images\\\/sue.jpg\",\"contentUrl\":\"http:\\\/\\\/www.ucaldas.edu.co\\\/\\\/images\\\/sue.jpg\"},{\"@type\":\"BreadcrumbList\",\"@id\":\"https:\\\/\\\/www.ucaldas.edu.co\\\/portal\\\/sistema-universitario-estatal-apoya-la-reforma-a-la-ley-3092\\\/#breadcrumb\",\"itemListElement\":[{\"@type\":\"ListItem\",\"position\":1,\"name\":\"Portada\",\"item\":\"https:\\\/\\\/www.ucaldas.edu.co\\\/portal\\\/\"},{\"@type\":\"ListItem\",\"position\":2,\"name\":\"Sistema Universitario Estatal apoya la reforma a la Ley 30\\\/92\"}]},{\"@type\":\"WebSite\",\"@id\":\"https:\\\/\\\/www.ucaldas.edu.co\\\/portal\\\/#website\",\"url\":\"https:\\\/\\\/www.ucaldas.edu.co\\\/portal\\\/\",\"name\":\"Universidad de Caldas\",\"description\":\"\",\"publisher\":{\"@id\":\"https:\\\/\\\/www.ucaldas.edu.co\\\/portal\\\/#organization\"},\"alternateName\":\"U. de Caldas\",\"potentialAction\":[{\"@type\":\"SearchAction\",\"target\":{\"@type\":\"EntryPoint\",\"urlTemplate\":\"https:\\\/\\\/www.ucaldas.edu.co\\\/portal\\\/?s={search_term_string}\"},\"query-input\":{\"@type\":\"PropertyValueSpecification\",\"valueRequired\":true,\"valueName\":\"search_term_string\"}}],\"inLanguage\":\"es\"},{\"@type\":\"Organization\",\"@id\":\"https:\\\/\\\/www.ucaldas.edu.co\\\/portal\\\/#organization\",\"name\":\"Universidad de Caldas\",\"alternateName\":\"U. de Caldas\",\"url\":\"https:\\\/\\\/www.ucaldas.edu.co\\\/portal\\\/\",\"logo\":{\"@type\":\"ImageObject\",\"inLanguage\":\"es\",\"@id\":\"https:\\\/\\\/www.ucaldas.edu.co\\\/portal\\\/#\\\/schema\\\/logo\\\/image\\\/\",\"url\":\"https:\\\/\\\/www.ucaldas.edu.co\\\/portal\\\/wp-content\\\/uploads\\\/2023\\\/11\\\/Logo_horizontal_oscuroU-2023.png\",\"contentUrl\":\"https:\\\/\\\/www.ucaldas.edu.co\\\/portal\\\/wp-content\\\/uploads\\\/2023\\\/11\\\/Logo_horizontal_oscuroU-2023.png\",\"width\":263,\"height\":101,\"caption\":\"Universidad de Caldas\"},\"image\":{\"@id\":\"https:\\\/\\\/www.ucaldas.edu.co\\\/portal\\\/#\\\/schema\\\/logo\\\/image\\\/\"},\"sameAs\":[\"https:\\\/\\\/www.facebook.com\\\/udecaldas\",\"https:\\\/\\\/x.com\\\/udecaldas\",\"https:\\\/\\\/www.youtube.com\\\/universidadcaldas\",\"https:\\\/\\\/www.instagram.com\\\/udecaldas\\\/\"]},{\"@type\":\"Person\",\"@id\":\"https:\\\/\\\/www.ucaldas.edu.co\\\/portal\\\/#\\\/schema\\\/person\\\/a1b482e23449158b4bc319926c074fdf\",\"name\":\"ofiprensa\",\"image\":{\"@type\":\"ImageObject\",\"inLanguage\":\"es\",\"@id\":\"https:\\\/\\\/www.ucaldas.edu.co\\\/portal\\\/wp-content\\\/litespeed\\\/avatar\\\/09ea5085e600095a7a811142c6944527.jpg?ver=1777497608\",\"url\":\"https:\\\/\\\/www.ucaldas.edu.co\\\/portal\\\/wp-content\\\/litespeed\\\/avatar\\\/09ea5085e600095a7a811142c6944527.jpg?ver=1777497608\",\"contentUrl\":\"https:\\\/\\\/www.ucaldas.edu.co\\\/portal\\\/wp-content\\\/litespeed\\\/avatar\\\/09ea5085e600095a7a811142c6944527.jpg?ver=1777497608\",\"caption\":\"ofiprensa\"},\"url\":\"https:\\\/\\\/www.ucaldas.edu.co\\\/portal\\\/author\\\/ofiprensa\\\/\"}]}<\/script>\n<!-- \/ Yoast SEO plugin. -->","yoast_head_json":{"title":"Sistema Universitario Estatal apoya la reforma a la Ley 30\/92 .","robots":{"index":"index","follow":"follow","max-snippet":"max-snippet:-1","max-image-preview":"max-image-preview:large","max-video-preview":"max-video-preview:-1"},"canonical":"https:\/\/www.ucaldas.edu.co\/portal\/sistema-universitario-estatal-apoya-la-reforma-a-la-ley-3092\/","schema":{"@context":"https:\/\/schema.org","@graph":[{"@type":"Article","@id":"https:\/\/www.ucaldas.edu.co\/portal\/sistema-universitario-estatal-apoya-la-reforma-a-la-ley-3092\/#article","isPartOf":{"@id":"https:\/\/www.ucaldas.edu.co\/portal\/sistema-universitario-estatal-apoya-la-reforma-a-la-ley-3092\/"},"author":{"name":"ofiprensa","@id":"https:\/\/www.ucaldas.edu.co\/portal\/#\/schema\/person\/a1b482e23449158b4bc319926c074fdf"},"headline":"Sistema Universitario Estatal apoya la reforma a la Ley 30\/92","datePublished":"2010-05-03T22:17:53+00:00","mainEntityOfPage":{"@id":"https:\/\/www.ucaldas.edu.co\/portal\/sistema-universitario-estatal-apoya-la-reforma-a-la-ley-3092\/"},"wordCount":214,"publisher":{"@id":"https:\/\/www.ucaldas.edu.co\/portal\/#organization"},"image":{"@id":"https:\/\/www.ucaldas.edu.co\/portal\/sistema-universitario-estatal-apoya-la-reforma-a-la-ley-3092\/#primaryimage"},"thumbnailUrl":"http:\/\/www.ucaldas.edu.co\/\/images\/sue.jpg","articleSection":["Actualidad","Universidad al D\u00eda"],"inLanguage":"es"},{"@type":"WebPage","@id":"https:\/\/www.ucaldas.edu.co\/portal\/sistema-universitario-estatal-apoya-la-reforma-a-la-ley-3092\/","url":"https:\/\/www.ucaldas.edu.co\/portal\/sistema-universitario-estatal-apoya-la-reforma-a-la-ley-3092\/","name":"Sistema Universitario Estatal apoya la reforma a la Ley 30\/92 .","isPartOf":{"@id":"https:\/\/www.ucaldas.edu.co\/portal\/#website"},"primaryImageOfPage":{"@id":"https:\/\/www.ucaldas.edu.co\/portal\/sistema-universitario-estatal-apoya-la-reforma-a-la-ley-3092\/#primaryimage"},"image":{"@id":"https:\/\/www.ucaldas.edu.co\/portal\/sistema-universitario-estatal-apoya-la-reforma-a-la-ley-3092\/#primaryimage"},"thumbnailUrl":"http:\/\/www.ucaldas.edu.co\/\/images\/sue.jpg","datePublished":"2010-05-03T22:17:53+00:00","breadcrumb":{"@id":"https:\/\/www.ucaldas.edu.co\/portal\/sistema-universitario-estatal-apoya-la-reforma-a-la-ley-3092\/#breadcrumb"},"inLanguage":"es","potentialAction":[{"@type":"ReadAction","target":["https:\/\/www.ucaldas.edu.co\/portal\/sistema-universitario-estatal-apoya-la-reforma-a-la-ley-3092\/"]}]},{"@type":"ImageObject","inLanguage":"es","@id":"https:\/\/www.ucaldas.edu.co\/portal\/sistema-universitario-estatal-apoya-la-reforma-a-la-ley-3092\/#primaryimage","url":"http:\/\/www.ucaldas.edu.co\/\/images\/sue.jpg","contentUrl":"http:\/\/www.ucaldas.edu.co\/\/images\/sue.jpg"},{"@type":"BreadcrumbList","@id":"https:\/\/www.ucaldas.edu.co\/portal\/sistema-universitario-estatal-apoya-la-reforma-a-la-ley-3092\/#breadcrumb","itemListElement":[{"@type":"ListItem","position":1,"name":"Portada","item":"https:\/\/www.ucaldas.edu.co\/portal\/"},{"@type":"ListItem","position":2,"name":"Sistema Universitario Estatal apoya la reforma a la Ley 30\/92"}]},{"@type":"WebSite","@id":"https:\/\/www.ucaldas.edu.co\/portal\/#website","url":"https:\/\/www.ucaldas.edu.co\/portal\/","name":"Universidad de Caldas","description":"","publisher":{"@id":"https:\/\/www.ucaldas.edu.co\/portal\/#organization"},"alternateName":"U. de Caldas","potentialAction":[{"@type":"SearchAction","target":{"@type":"EntryPoint","urlTemplate":"https:\/\/www.ucaldas.edu.co\/portal\/?s={search_term_string}"},"query-input":{"@type":"PropertyValueSpecification","valueRequired":true,"valueName":"search_term_string"}}],"inLanguage":"es"},{"@type":"Organization","@id":"https:\/\/www.ucaldas.edu.co\/portal\/#organization","name":"Universidad de Caldas","alternateName":"U. de Caldas","url":"https:\/\/www.ucaldas.edu.co\/portal\/","logo":{"@type":"ImageObject","inLanguage":"es","@id":"https:\/\/www.ucaldas.edu.co\/portal\/#\/schema\/logo\/image\/","url":"https:\/\/www.ucaldas.edu.co\/portal\/wp-content\/uploads\/2023\/11\/Logo_horizontal_oscuroU-2023.png","contentUrl":"https:\/\/www.ucaldas.edu.co\/portal\/wp-content\/uploads\/2023\/11\/Logo_horizontal_oscuroU-2023.png","width":263,"height":101,"caption":"Universidad de Caldas"},"image":{"@id":"https:\/\/www.ucaldas.edu.co\/portal\/#\/schema\/logo\/image\/"},"sameAs":["https:\/\/www.facebook.com\/udecaldas","https:\/\/x.com\/udecaldas","https:\/\/www.youtube.com\/universidadcaldas","https:\/\/www.instagram.com\/udecaldas\/"]},{"@type":"Person","@id":"https:\/\/www.ucaldas.edu.co\/portal\/#\/schema\/person\/a1b482e23449158b4bc319926c074fdf","name":"ofiprensa","image":{"@type":"ImageObject","inLanguage":"es","@id":"https:\/\/www.ucaldas.edu.co\/portal\/wp-content\/litespeed\/avatar\/09ea5085e600095a7a811142c6944527.jpg?ver=1777497608","url":"https:\/\/www.ucaldas.edu.co\/portal\/wp-content\/litespeed\/avatar\/09ea5085e600095a7a811142c6944527.jpg?ver=1777497608","contentUrl":"https:\/\/www.ucaldas.edu.co\/portal\/wp-content\/litespeed\/avatar\/09ea5085e600095a7a811142c6944527.jpg?ver=1777497608","caption":"ofiprensa"},"url":"https:\/\/www.ucaldas.edu.co\/portal\/author\/ofiprensa\/"}]}},"_links":{"self":[{"href":"https:\/\/www.ucaldas.edu.co\/portal\/wp-json\/wp\/v2\/posts\/5613","targetHints":{"allow":["GET"]}}],"collection":[{"href":"https:\/\/www.ucaldas.edu.co\/portal\/wp-json\/wp\/v2\/posts"}],"about":[{"href":"https:\/\/www.ucaldas.edu.co\/portal\/wp-json\/wp\/v2\/types\/post"}],"author":[{"embeddable":true,"href":"https:\/\/www.ucaldas.edu.co\/portal\/wp-json\/wp\/v2\/users\/2"}],"replies":[{"embeddable":true,"href":"https:\/\/www.ucaldas.edu.co\/portal\/wp-json\/wp\/v2\/comments?post=5613"}],"version-history":[{"count":0,"href":"https:\/\/www.ucaldas.edu.co\/portal\/wp-json\/wp\/v2\/posts\/5613\/revisions"}],"wp:attachment":[{"href":"https:\/\/www.ucaldas.edu.co\/portal\/wp-json\/wp\/v2\/media?parent=5613"}],"wp:term":[{"taxonomy":"category","embeddable":true,"href":"https:\/\/www.ucaldas.edu.co\/portal\/wp-json\/wp\/v2\/categories?post=5613"},{"taxonomy":"post_tag","embeddable":true,"href":"https:\/\/www.ucaldas.edu.co\/portal\/wp-json\/wp\/v2\/tags?post=5613"}],"curies":[{"name":"wp","href":"https:\/\/api.w.org\/{rel}","templated":true}]}}