{"id":56000,"date":"2020-05-21T00:16:19","date_gmt":"2020-05-21T00:16:19","guid":{"rendered":"https:\/\/www.ucaldas.edu.co\/portal\/?p=56000"},"modified":"2020-05-22T00:09:20","modified_gmt":"2020-05-22T00:09:20","slug":"telesalud-amplia-sus-atenciones-y-los-caldenses-podran-consultar-ante-cualquier-sintomatologia","status":"publish","type":"post","link":"https:\/\/www.ucaldas.edu.co\/portal\/telesalud-amplia-sus-atenciones-y-los-caldenses-podran-consultar-ante-cualquier-sintomatologia\/","title":{"rendered":"Telesalud ampl\u00eda sus atenciones y los caldenses podr\u00e1n\u00a0consultar ante cualquier sintomatolog\u00eda"},"content":{"rendered":"<p style=\"text-align: center;\">CON EL COMPROMISO DE SEGUIR ACERCANDO LOS SERVICIOS DE SALUD A LA POBLACI\u00d3N<\/p>\n<p style=\"text-align: center;\"><strong><b>Telesalud ampl\u00eda sus atenciones y los caldenses podr\u00e1n<\/b><\/strong><strong><b>\u00a0<\/b><\/strong><strong><b>consultar ante cualquier sintomatolog\u00eda<\/b><\/strong><\/p>\n<p style=\"text-align: right;\">19\/05\/2020<\/p>\n<p><img loading=\"lazy\" decoding=\"async\" class=\"wp-image-56001 aligncenter\" src=\"https:\/\/www.ucaldas.edu.co\/portal\/wp-content\/uploads\/2020\/05\/Telesalud-1.jpeg\" alt=\"\" width=\"624\" height=\"624\" srcset=\"https:\/\/www.ucaldas.edu.co\/portal\/wp-content\/uploads\/2020\/05\/Telesalud-1.jpeg 1200w, https:\/\/www.ucaldas.edu.co\/portal\/wp-content\/uploads\/2020\/05\/Telesalud-1-150x150.jpeg 150w, https:\/\/www.ucaldas.edu.co\/portal\/wp-content\/uploads\/2020\/05\/Telesalud-1-300x300.jpeg 300w, https:\/\/www.ucaldas.edu.co\/portal\/wp-content\/uploads\/2020\/05\/Telesalud-1-768x768.jpeg 768w, https:\/\/www.ucaldas.edu.co\/portal\/wp-content\/uploads\/2020\/05\/Telesalud-1-1024x1024.jpeg 1024w\" sizes=\"auto, (max-width: 624px) 100vw, 624px\" \/><\/p>\n<p>Ahora los caldenses pueden acceder a los servicios de Telesalud Universidad de Caldas en su modalidad de telemedicina y teleorientaci\u00f3n ante cualquier sintomatolog\u00eda diferente a COVID-19. \u00a0Telesalud desde el reporte del primer caso de COVID-19 ha enfocado sus servicios a la atenci\u00f3n de pacientes sintom\u00e1ticos relacionados con COVID-19 y ahora con el apoyo del Gobierno de Caldas se implementa esta nueva estrategia de atenci\u00f3n.<\/p>\n<p><!--more--><\/p>\n<p>Desde Telesalud se da un parte de tranquilidad a la poblaci\u00f3n ya que se ha logrado contener de una forma apropiada y positiva el virus. \u201cTenemos conocimiento pleno en \u00a0que zonas hay circulaci\u00f3n libre del virus, que zonas la sintomatolog\u00eda es menor y la consulta de pacientes por COVID-19 es menor\u201d indic\u00f3 Esteban Granada, Director de Telesalud<\/p>\n<p>El directivo agreg\u00f3: \u201cAhora buscamos que la poblaci\u00f3n en general que en este momento est\u00e1 sufriendo sintomatolog\u00eda diferente y no relacionada con COVID-19 como hipertensi\u00f3n, diabetes, \u00a0enfermedades cr\u00f3nicas, enfermedades en \u00a0los menores de edad y afectaciones psicol\u00f3gicas, entre otras, consulten a trav\u00e9s de las plataformas de telemedicina y teleorientaci\u00f3n de Telesalud\u201d expres\u00f3 Esteban Granada, Director de Telesalud.<\/p>\n<p>Desde Telesalud Universidad de Caldas se tiene capacidad tecnolog\u00eda, talento humano capacitado con especialistas de diferentes \u00e1reas de la salud y diferentes formas de atender a la poblaci\u00f3n y brindar una atenci\u00f3n general e integral a la comunidad del departamento de Caldas.<\/p>\n<p>A trav\u00e9s de las plataformas de telemedicina \u00a0resolvemos mas del 97% de los casos de una forma \u00a0exitosa, por eso invitamos a la comunidad a consultar a trav\u00e9s de los diferentes medios dispuesto, eviten desplazarse hasta un centro de urgencias o un centro de salud y de esta forma prevenir el contagio y exponerse \u00a0al virus.<\/p>\n<p><strong><b>Anexos:<\/b><\/strong><\/p>\n<p><a href=\"https:\/\/co.ivoox.com\/es\/telesalud-amplia-sus-atenciones-caldenses-podran-audios-mp3_rf_51237903_1.html\"><strong><u><b>Esteban Granada, Director de Telesalud<\/b><\/u><\/strong><\/a><\/p>\n<p>&nbsp;<\/p>\n<p><strong><b>Informes:<\/b><\/strong>\u00a0Oficina de Prensa de la Universidad de Caldas<\/p>\n<p><strong><b>Redacci\u00f3n:<\/b><\/strong>\u00a0Julieth Osorio Torres<\/p>\n<p>&nbsp;<\/p>\n","protected":false},"excerpt":{"rendered":"<p>CON EL COMPROMISO DE SEGUIR ACERCANDO LOS SERVICIOS DE SALUD A LA POBLACI\u00d3N Telesalud ampl\u00eda sus atenciones y los caldenses podr\u00e1n\u00a0consultar ante cualquier sintomatolog\u00eda 19\/05\/2020 Ahora los caldenses pueden acceder a los servicios de Telesalud Universidad de Caldas en su modalidad de telemedicina y teleorientaci\u00f3n ante cualquier sintomatolog\u00eda diferente a COVID-19. \u00a0Telesalud desde el reporte [&hellip;]<\/p>\n","protected":false},"author":2,"featured_media":56001,"comment_status":"closed","ping_status":"open","sticky":false,"template":"","format":"standard","meta":{"footnotes":""},"categories":[48,53],"tags":[4652,73,275,2830],"class_list":["post-56000","post","type-post","status-publish","format-standard","has-post-thumbnail","hentry","category-actualidad","category-universidad-al-dia","tag-covid-19","tag-proyeccion","tag-telesalud","tag-telemedicina"],"yoast_head":"<!-- This site is optimized with the Yoast SEO plugin v27.5 - https:\/\/yoast.com\/product\/yoast-seo-wordpress\/ -->\n<title>Telesalud ampl\u00eda sus atenciones y los caldenses podr\u00e1n\u00a0consultar ante cualquier sintomatolog\u00eda .<\/title>\n<meta name=\"robots\" content=\"index, follow, max-snippet:-1, max-image-preview:large, max-video-preview:-1\" \/>\n<link rel=\"canonical\" href=\"https:\/\/www.ucaldas.edu.co\/portal\/telesalud-amplia-sus-atenciones-y-los-caldenses-podran-consultar-ante-cualquier-sintomatologia\/\" \/>\n<script type=\"application\/ld+json\" class=\"yoast-schema-graph\">{\"@context\":\"https:\\\/\\\/schema.org\",\"@graph\":[{\"@type\":\"Article\",\"@id\":\"https:\\\/\\\/www.ucaldas.edu.co\\\/portal\\\/telesalud-amplia-sus-atenciones-y-los-caldenses-podran-consultar-ante-cualquier-sintomatologia\\\/#article\",\"isPartOf\":{\"@id\":\"https:\\\/\\\/www.ucaldas.edu.co\\\/portal\\\/telesalud-amplia-sus-atenciones-y-los-caldenses-podran-consultar-ante-cualquier-sintomatologia\\\/\"},\"author\":{\"name\":\"ofiprensa\",\"@id\":\"https:\\\/\\\/www.ucaldas.edu.co\\\/portal\\\/#\\\/schema\\\/person\\\/a1b482e23449158b4bc319926c074fdf\"},\"headline\":\"Telesalud ampl\u00eda sus atenciones y los caldenses podr\u00e1n\u00a0consultar ante cualquier sintomatolog\u00eda\",\"datePublished\":\"2020-05-21T00:16:19+00:00\",\"dateModified\":\"2020-05-22T00:09:20+00:00\",\"mainEntityOfPage\":{\"@id\":\"https:\\\/\\\/www.ucaldas.edu.co\\\/portal\\\/telesalud-amplia-sus-atenciones-y-los-caldenses-podran-consultar-ante-cualquier-sintomatologia\\\/\"},\"wordCount\":361,\"publisher\":{\"@id\":\"https:\\\/\\\/www.ucaldas.edu.co\\\/portal\\\/#organization\"},\"image\":{\"@id\":\"https:\\\/\\\/www.ucaldas.edu.co\\\/portal\\\/telesalud-amplia-sus-atenciones-y-los-caldenses-podran-consultar-ante-cualquier-sintomatologia\\\/#primaryimage\"},\"thumbnailUrl\":\"https:\\\/\\\/www.ucaldas.edu.co\\\/portal\\\/wp-content\\\/uploads\\\/2020\\\/05\\\/Telesalud-1.jpeg\",\"keywords\":[\"covid-19\",\"Proyecci\u00f3n\",\"Telesalud\",\"telemedicina\"],\"articleSection\":[\"Actualidad\",\"Universidad al D\u00eda\"],\"inLanguage\":\"es\"},{\"@type\":\"WebPage\",\"@id\":\"https:\\\/\\\/www.ucaldas.edu.co\\\/portal\\\/telesalud-amplia-sus-atenciones-y-los-caldenses-podran-consultar-ante-cualquier-sintomatologia\\\/\",\"url\":\"https:\\\/\\\/www.ucaldas.edu.co\\\/portal\\\/telesalud-amplia-sus-atenciones-y-los-caldenses-podran-consultar-ante-cualquier-sintomatologia\\\/\",\"name\":\"Telesalud ampl\u00eda sus atenciones y los caldenses podr\u00e1n\u00a0consultar ante cualquier sintomatolog\u00eda .\",\"isPartOf\":{\"@id\":\"https:\\\/\\\/www.ucaldas.edu.co\\\/portal\\\/#website\"},\"primaryImageOfPage\":{\"@id\":\"https:\\\/\\\/www.ucaldas.edu.co\\\/portal\\\/telesalud-amplia-sus-atenciones-y-los-caldenses-podran-consultar-ante-cualquier-sintomatologia\\\/#primaryimage\"},\"image\":{\"@id\":\"https:\\\/\\\/www.ucaldas.edu.co\\\/portal\\\/telesalud-amplia-sus-atenciones-y-los-caldenses-podran-consultar-ante-cualquier-sintomatologia\\\/#primaryimage\"},\"thumbnailUrl\":\"https:\\\/\\\/www.ucaldas.edu.co\\\/portal\\\/wp-content\\\/uploads\\\/2020\\\/05\\\/Telesalud-1.jpeg\",\"datePublished\":\"2020-05-21T00:16:19+00:00\",\"dateModified\":\"2020-05-22T00:09:20+00:00\",\"breadcrumb\":{\"@id\":\"https:\\\/\\\/www.ucaldas.edu.co\\\/portal\\\/telesalud-amplia-sus-atenciones-y-los-caldenses-podran-consultar-ante-cualquier-sintomatologia\\\/#breadcrumb\"},\"inLanguage\":\"es\",\"potentialAction\":[{\"@type\":\"ReadAction\",\"target\":[\"https:\\\/\\\/www.ucaldas.edu.co\\\/portal\\\/telesalud-amplia-sus-atenciones-y-los-caldenses-podran-consultar-ante-cualquier-sintomatologia\\\/\"]}]},{\"@type\":\"ImageObject\",\"inLanguage\":\"es\",\"@id\":\"https:\\\/\\\/www.ucaldas.edu.co\\\/portal\\\/telesalud-amplia-sus-atenciones-y-los-caldenses-podran-consultar-ante-cualquier-sintomatologia\\\/#primaryimage\",\"url\":\"https:\\\/\\\/www.ucaldas.edu.co\\\/portal\\\/wp-content\\\/uploads\\\/2020\\\/05\\\/Telesalud-1.jpeg\",\"contentUrl\":\"https:\\\/\\\/www.ucaldas.edu.co\\\/portal\\\/wp-content\\\/uploads\\\/2020\\\/05\\\/Telesalud-1.jpeg\",\"width\":1200,\"height\":1200},{\"@type\":\"BreadcrumbList\",\"@id\":\"https:\\\/\\\/www.ucaldas.edu.co\\\/portal\\\/telesalud-amplia-sus-atenciones-y-los-caldenses-podran-consultar-ante-cualquier-sintomatologia\\\/#breadcrumb\",\"itemListElement\":[{\"@type\":\"ListItem\",\"position\":1,\"name\":\"Portada\",\"item\":\"https:\\\/\\\/www.ucaldas.edu.co\\\/portal\\\/\"},{\"@type\":\"ListItem\",\"position\":2,\"name\":\"Telesalud ampl\u00eda sus atenciones y los caldenses podr\u00e1n\u00a0consultar ante cualquier sintomatolog\u00eda\"}]},{\"@type\":\"WebSite\",\"@id\":\"https:\\\/\\\/www.ucaldas.edu.co\\\/portal\\\/#website\",\"url\":\"https:\\\/\\\/www.ucaldas.edu.co\\\/portal\\\/\",\"name\":\"Universidad de Caldas\",\"description\":\"\",\"publisher\":{\"@id\":\"https:\\\/\\\/www.ucaldas.edu.co\\\/portal\\\/#organization\"},\"alternateName\":\"U. de Caldas\",\"potentialAction\":[{\"@type\":\"SearchAction\",\"target\":{\"@type\":\"EntryPoint\",\"urlTemplate\":\"https:\\\/\\\/www.ucaldas.edu.co\\\/portal\\\/?s={search_term_string}\"},\"query-input\":{\"@type\":\"PropertyValueSpecification\",\"valueRequired\":true,\"valueName\":\"search_term_string\"}}],\"inLanguage\":\"es\"},{\"@type\":\"Organization\",\"@id\":\"https:\\\/\\\/www.ucaldas.edu.co\\\/portal\\\/#organization\",\"name\":\"Universidad de Caldas\",\"alternateName\":\"U. de Caldas\",\"url\":\"https:\\\/\\\/www.ucaldas.edu.co\\\/portal\\\/\",\"logo\":{\"@type\":\"ImageObject\",\"inLanguage\":\"es\",\"@id\":\"https:\\\/\\\/www.ucaldas.edu.co\\\/portal\\\/#\\\/schema\\\/logo\\\/image\\\/\",\"url\":\"https:\\\/\\\/www.ucaldas.edu.co\\\/portal\\\/wp-content\\\/uploads\\\/2023\\\/11\\\/Logo_horizontal_oscuroU-2023.png\",\"contentUrl\":\"https:\\\/\\\/www.ucaldas.edu.co\\\/portal\\\/wp-content\\\/uploads\\\/2023\\\/11\\\/Logo_horizontal_oscuroU-2023.png\",\"width\":263,\"height\":101,\"caption\":\"Universidad de Caldas\"},\"image\":{\"@id\":\"https:\\\/\\\/www.ucaldas.edu.co\\\/portal\\\/#\\\/schema\\\/logo\\\/image\\\/\"},\"sameAs\":[\"https:\\\/\\\/www.facebook.com\\\/udecaldas\",\"https:\\\/\\\/x.com\\\/udecaldas\",\"https:\\\/\\\/www.youtube.com\\\/universidadcaldas\",\"https:\\\/\\\/www.instagram.com\\\/udecaldas\\\/\"]},{\"@type\":\"Person\",\"@id\":\"https:\\\/\\\/www.ucaldas.edu.co\\\/portal\\\/#\\\/schema\\\/person\\\/a1b482e23449158b4bc319926c074fdf\",\"name\":\"ofiprensa\",\"image\":{\"@type\":\"ImageObject\",\"inLanguage\":\"es\",\"@id\":\"https:\\\/\\\/www.ucaldas.edu.co\\\/portal\\\/wp-content\\\/litespeed\\\/avatar\\\/09ea5085e600095a7a811142c6944527.jpg?ver=1777497608\",\"url\":\"https:\\\/\\\/www.ucaldas.edu.co\\\/portal\\\/wp-content\\\/litespeed\\\/avatar\\\/09ea5085e600095a7a811142c6944527.jpg?ver=1777497608\",\"contentUrl\":\"https:\\\/\\\/www.ucaldas.edu.co\\\/portal\\\/wp-content\\\/litespeed\\\/avatar\\\/09ea5085e600095a7a811142c6944527.jpg?ver=1777497608\",\"caption\":\"ofiprensa\"},\"url\":\"https:\\\/\\\/www.ucaldas.edu.co\\\/portal\\\/author\\\/ofiprensa\\\/\"}]}<\/script>\n<!-- \/ Yoast SEO plugin. -->","yoast_head_json":{"title":"Telesalud ampl\u00eda sus atenciones y los caldenses podr\u00e1n\u00a0consultar ante cualquier sintomatolog\u00eda .","robots":{"index":"index","follow":"follow","max-snippet":"max-snippet:-1","max-image-preview":"max-image-preview:large","max-video-preview":"max-video-preview:-1"},"canonical":"https:\/\/www.ucaldas.edu.co\/portal\/telesalud-amplia-sus-atenciones-y-los-caldenses-podran-consultar-ante-cualquier-sintomatologia\/","schema":{"@context":"https:\/\/schema.org","@graph":[{"@type":"Article","@id":"https:\/\/www.ucaldas.edu.co\/portal\/telesalud-amplia-sus-atenciones-y-los-caldenses-podran-consultar-ante-cualquier-sintomatologia\/#article","isPartOf":{"@id":"https:\/\/www.ucaldas.edu.co\/portal\/telesalud-amplia-sus-atenciones-y-los-caldenses-podran-consultar-ante-cualquier-sintomatologia\/"},"author":{"name":"ofiprensa","@id":"https:\/\/www.ucaldas.edu.co\/portal\/#\/schema\/person\/a1b482e23449158b4bc319926c074fdf"},"headline":"Telesalud ampl\u00eda sus atenciones y los caldenses podr\u00e1n\u00a0consultar ante cualquier sintomatolog\u00eda","datePublished":"2020-05-21T00:16:19+00:00","dateModified":"2020-05-22T00:09:20+00:00","mainEntityOfPage":{"@id":"https:\/\/www.ucaldas.edu.co\/portal\/telesalud-amplia-sus-atenciones-y-los-caldenses-podran-consultar-ante-cualquier-sintomatologia\/"},"wordCount":361,"publisher":{"@id":"https:\/\/www.ucaldas.edu.co\/portal\/#organization"},"image":{"@id":"https:\/\/www.ucaldas.edu.co\/portal\/telesalud-amplia-sus-atenciones-y-los-caldenses-podran-consultar-ante-cualquier-sintomatologia\/#primaryimage"},"thumbnailUrl":"https:\/\/www.ucaldas.edu.co\/portal\/wp-content\/uploads\/2020\/05\/Telesalud-1.jpeg","keywords":["covid-19","Proyecci\u00f3n","Telesalud","telemedicina"],"articleSection":["Actualidad","Universidad al D\u00eda"],"inLanguage":"es"},{"@type":"WebPage","@id":"https:\/\/www.ucaldas.edu.co\/portal\/telesalud-amplia-sus-atenciones-y-los-caldenses-podran-consultar-ante-cualquier-sintomatologia\/","url":"https:\/\/www.ucaldas.edu.co\/portal\/telesalud-amplia-sus-atenciones-y-los-caldenses-podran-consultar-ante-cualquier-sintomatologia\/","name":"Telesalud ampl\u00eda sus atenciones y los caldenses podr\u00e1n\u00a0consultar ante cualquier sintomatolog\u00eda .","isPartOf":{"@id":"https:\/\/www.ucaldas.edu.co\/portal\/#website"},"primaryImageOfPage":{"@id":"https:\/\/www.ucaldas.edu.co\/portal\/telesalud-amplia-sus-atenciones-y-los-caldenses-podran-consultar-ante-cualquier-sintomatologia\/#primaryimage"},"image":{"@id":"https:\/\/www.ucaldas.edu.co\/portal\/telesalud-amplia-sus-atenciones-y-los-caldenses-podran-consultar-ante-cualquier-sintomatologia\/#primaryimage"},"thumbnailUrl":"https:\/\/www.ucaldas.edu.co\/portal\/wp-content\/uploads\/2020\/05\/Telesalud-1.jpeg","datePublished":"2020-05-21T00:16:19+00:00","dateModified":"2020-05-22T00:09:20+00:00","breadcrumb":{"@id":"https:\/\/www.ucaldas.edu.co\/portal\/telesalud-amplia-sus-atenciones-y-los-caldenses-podran-consultar-ante-cualquier-sintomatologia\/#breadcrumb"},"inLanguage":"es","potentialAction":[{"@type":"ReadAction","target":["https:\/\/www.ucaldas.edu.co\/portal\/telesalud-amplia-sus-atenciones-y-los-caldenses-podran-consultar-ante-cualquier-sintomatologia\/"]}]},{"@type":"ImageObject","inLanguage":"es","@id":"https:\/\/www.ucaldas.edu.co\/portal\/telesalud-amplia-sus-atenciones-y-los-caldenses-podran-consultar-ante-cualquier-sintomatologia\/#primaryimage","url":"https:\/\/www.ucaldas.edu.co\/portal\/wp-content\/uploads\/2020\/05\/Telesalud-1.jpeg","contentUrl":"https:\/\/www.ucaldas.edu.co\/portal\/wp-content\/uploads\/2020\/05\/Telesalud-1.jpeg","width":1200,"height":1200},{"@type":"BreadcrumbList","@id":"https:\/\/www.ucaldas.edu.co\/portal\/telesalud-amplia-sus-atenciones-y-los-caldenses-podran-consultar-ante-cualquier-sintomatologia\/#breadcrumb","itemListElement":[{"@type":"ListItem","position":1,"name":"Portada","item":"https:\/\/www.ucaldas.edu.co\/portal\/"},{"@type":"ListItem","position":2,"name":"Telesalud ampl\u00eda sus atenciones y los caldenses podr\u00e1n\u00a0consultar ante cualquier sintomatolog\u00eda"}]},{"@type":"WebSite","@id":"https:\/\/www.ucaldas.edu.co\/portal\/#website","url":"https:\/\/www.ucaldas.edu.co\/portal\/","name":"Universidad de Caldas","description":"","publisher":{"@id":"https:\/\/www.ucaldas.edu.co\/portal\/#organization"},"alternateName":"U. de Caldas","potentialAction":[{"@type":"SearchAction","target":{"@type":"EntryPoint","urlTemplate":"https:\/\/www.ucaldas.edu.co\/portal\/?s={search_term_string}"},"query-input":{"@type":"PropertyValueSpecification","valueRequired":true,"valueName":"search_term_string"}}],"inLanguage":"es"},{"@type":"Organization","@id":"https:\/\/www.ucaldas.edu.co\/portal\/#organization","name":"Universidad de Caldas","alternateName":"U. de Caldas","url":"https:\/\/www.ucaldas.edu.co\/portal\/","logo":{"@type":"ImageObject","inLanguage":"es","@id":"https:\/\/www.ucaldas.edu.co\/portal\/#\/schema\/logo\/image\/","url":"https:\/\/www.ucaldas.edu.co\/portal\/wp-content\/uploads\/2023\/11\/Logo_horizontal_oscuroU-2023.png","contentUrl":"https:\/\/www.ucaldas.edu.co\/portal\/wp-content\/uploads\/2023\/11\/Logo_horizontal_oscuroU-2023.png","width":263,"height":101,"caption":"Universidad de Caldas"},"image":{"@id":"https:\/\/www.ucaldas.edu.co\/portal\/#\/schema\/logo\/image\/"},"sameAs":["https:\/\/www.facebook.com\/udecaldas","https:\/\/x.com\/udecaldas","https:\/\/www.youtube.com\/universidadcaldas","https:\/\/www.instagram.com\/udecaldas\/"]},{"@type":"Person","@id":"https:\/\/www.ucaldas.edu.co\/portal\/#\/schema\/person\/a1b482e23449158b4bc319926c074fdf","name":"ofiprensa","image":{"@type":"ImageObject","inLanguage":"es","@id":"https:\/\/www.ucaldas.edu.co\/portal\/wp-content\/litespeed\/avatar\/09ea5085e600095a7a811142c6944527.jpg?ver=1777497608","url":"https:\/\/www.ucaldas.edu.co\/portal\/wp-content\/litespeed\/avatar\/09ea5085e600095a7a811142c6944527.jpg?ver=1777497608","contentUrl":"https:\/\/www.ucaldas.edu.co\/portal\/wp-content\/litespeed\/avatar\/09ea5085e600095a7a811142c6944527.jpg?ver=1777497608","caption":"ofiprensa"},"url":"https:\/\/www.ucaldas.edu.co\/portal\/author\/ofiprensa\/"}]}},"_links":{"self":[{"href":"https:\/\/www.ucaldas.edu.co\/portal\/wp-json\/wp\/v2\/posts\/56000","targetHints":{"allow":["GET"]}}],"collection":[{"href":"https:\/\/www.ucaldas.edu.co\/portal\/wp-json\/wp\/v2\/posts"}],"about":[{"href":"https:\/\/www.ucaldas.edu.co\/portal\/wp-json\/wp\/v2\/types\/post"}],"author":[{"embeddable":true,"href":"https:\/\/www.ucaldas.edu.co\/portal\/wp-json\/wp\/v2\/users\/2"}],"replies":[{"embeddable":true,"href":"https:\/\/www.ucaldas.edu.co\/portal\/wp-json\/wp\/v2\/comments?post=56000"}],"version-history":[{"count":0,"href":"https:\/\/www.ucaldas.edu.co\/portal\/wp-json\/wp\/v2\/posts\/56000\/revisions"}],"wp:featuredmedia":[{"embeddable":true,"href":"https:\/\/www.ucaldas.edu.co\/portal\/wp-json\/wp\/v2\/media\/56001"}],"wp:attachment":[{"href":"https:\/\/www.ucaldas.edu.co\/portal\/wp-json\/wp\/v2\/media?parent=56000"}],"wp:term":[{"taxonomy":"category","embeddable":true,"href":"https:\/\/www.ucaldas.edu.co\/portal\/wp-json\/wp\/v2\/categories?post=56000"},{"taxonomy":"post_tag","embeddable":true,"href":"https:\/\/www.ucaldas.edu.co\/portal\/wp-json\/wp\/v2\/tags?post=56000"}],"curies":[{"name":"wp","href":"https:\/\/api.w.org\/{rel}","templated":true}]}}