{"id":55966,"date":"2020-05-20T01:03:46","date_gmt":"2020-05-20T01:03:46","guid":{"rendered":"https:\/\/www.ucaldas.edu.co\/portal\/?p=55966"},"modified":"2020-05-20T01:03:46","modified_gmt":"2020-05-20T01:03:46","slug":"familias-buscan-apoyo-en-el-centro-de-acompanamiento-a-las-familias","status":"publish","type":"post","link":"https:\/\/www.ucaldas.edu.co\/portal\/familias-buscan-apoyo-en-el-centro-de-acompanamiento-a-las-familias\/","title":{"rendered":"Familias buscan apoyo en el Centro de Acompa\u00f1amiento a las Familias"},"content":{"rendered":"<p style=\"text-align: center;\">ACOMPA\u00d1AMIENTO PSICOSOCIAL A LAS FAMILIAS EN EL DEPARTAMENTO DE CALDAS<\/p>\n<p style=\"text-align: center;\"><strong><b>Familias buscan apoyo en el Centro de Acompa\u00f1amiento a las Familias<\/b><\/strong><\/p>\n<p style=\"text-align: right;\">19\/05\/2020<\/p>\n<p><img loading=\"lazy\" decoding=\"async\" class=\"alignnone size-full wp-image-55967 aligncenter\" src=\"https:\/\/www.ucaldas.edu.co\/portal\/wp-content\/uploads\/2020\/05\/CAF-1.jpg\" alt=\"\" width=\"700\" height=\"400\" srcset=\"https:\/\/www.ucaldas.edu.co\/portal\/wp-content\/uploads\/2020\/05\/CAF-1.jpg 700w, https:\/\/www.ucaldas.edu.co\/portal\/wp-content\/uploads\/2020\/05\/CAF-1-300x171.jpg 300w\" sizes=\"auto, (max-width: 700px) 100vw, 700px\" \/><\/p>\n<p>El Centro de Acompa\u00f1amiento a las Familias de la Universidad de Caldas, tiene dispuesta una estrategia virtual que pretende continuar con el acompa\u00f1amiento de casos nuevos y anteriores, a trav\u00e9s de correo electr\u00f3nico y llamadas telef\u00f3nicas.<\/p>\n<p><!--more--><\/p>\n<p>El CAF ofrece orientaci\u00f3n y acompa\u00f1amiento psicosocial gratuito a familias que lo requieran, con la \u00fanica condici\u00f3n de las personas implicadas quieran cambiar su situaci\u00f3n actual. Carolina Charlaca Carmona, directora del Centro de Acompa\u00f1amiento a las Familias, comenta que los cambios laborales y familiares que ahora se presentan por el confinamiento, sumado a la informaci\u00f3n sobre la pandemia, hace que se generen afectaciones en las relaciones cercanas y se produzcan estas situaciones de conflicto.<\/p>\n<p>Chalarca\u00a0afirma que el CAF es un espacio de puertas abiertas, dispuesto para las familias sin discriminaci\u00f3n de estrato, condici\u00f3n socio-econ\u00f3mica, g\u00e9nero, ni etnia; que adem\u00e1s no tiene ning\u00fan costo para quienes deseen pedir ayuda.<\/p>\n<p>El Centro de Acompa\u00f1amiento a las Familias es un proyecto a la Facultad de Ciencias Jur\u00eddicas y Sociales y el departamento de Estudios de Familia de la Universidad de Caldas, que inicio su trabajo en el a\u00f1o 2013 con la comunidad universitaria y posteriormente comenz\u00f3 su labor con el departamento de Caldas.<\/p>\n<p>El centro cuenta con un equipo de psic\u00f3logos de \u00faltimos semestres de la Universidad de Manizales y la Universidad Cat\u00f3lica Luis Amig\u00f3, quienes son asesorados por profesionales especialistas en intervenci\u00f3n familiar.<\/p>\n<p>&nbsp;<\/p>\n<table>\n<tbody>\n<tr>\n<td width=\"603\"><strong><b>PARA DESTACAR<\/b><\/strong><\/p>\n<p>Si desea m\u00e1s informaci\u00f3n, puede comunicarse a los siguientes correos electr\u00f3nicos:<\/p>\n<p><a href=\"atencionvirtual.caf@ucaldas.edu.co\">atencionvirtual.caf@ucaldas.edu.co<\/a><\/p>\n<p><a href=\"centro.familia@ucaldas.edu.co\">centro.familia@ucaldas.edu.co<\/a><\/td>\n<\/tr>\n<\/tbody>\n<\/table>\n<p>&nbsp;<\/p>\n<p><strong><b>Informes: <\/b><\/strong>Oficina de Comunicaciones y Prensa Universidad de Caldas.<\/p>\n<p><strong><b>Redacci\u00f3n:<\/b><\/strong>\u00a0Mateo Buritic\u00e1 Giraldo<\/p>\n<p>&nbsp;<\/p>\n","protected":false},"excerpt":{"rendered":"<p>ACOMPA\u00d1AMIENTO PSICOSOCIAL A LAS FAMILIAS EN EL DEPARTAMENTO DE CALDAS Familias buscan apoyo en el Centro de Acompa\u00f1amiento a las Familias 19\/05\/2020 El Centro de Acompa\u00f1amiento a las Familias de la Universidad de Caldas, tiene dispuesta una estrategia virtual que pretende continuar con el acompa\u00f1amiento de casos nuevos y anteriores, a trav\u00e9s de correo electr\u00f3nico [&hellip;]<\/p>\n","protected":false},"author":2,"featured_media":55967,"comment_status":"closed","ping_status":"open","sticky":false,"template":"","format":"standard","meta":{"footnotes":""},"categories":[48,53],"tags":[75,117,1720,3697,4818],"class_list":["post-55966","post","type-post","status-publish","format-standard","has-post-thumbnail","hentry","category-actualidad","category-universidad-al-dia","tag-conflicto","tag-caldas","tag-violencia","tag-familias","tag-caf"],"yoast_head":"<!-- This site is optimized with the Yoast SEO plugin v27.5 - https:\/\/yoast.com\/product\/yoast-seo-wordpress\/ -->\n<title>Familias buscan apoyo en el Centro de Acompa\u00f1amiento a las Familias .<\/title>\n<meta name=\"robots\" content=\"index, follow, max-snippet:-1, max-image-preview:large, max-video-preview:-1\" \/>\n<link rel=\"canonical\" href=\"https:\/\/www.ucaldas.edu.co\/portal\/familias-buscan-apoyo-en-el-centro-de-acompanamiento-a-las-familias\/\" \/>\n<script type=\"application\/ld+json\" class=\"yoast-schema-graph\">{\"@context\":\"https:\\\/\\\/schema.org\",\"@graph\":[{\"@type\":\"Article\",\"@id\":\"https:\\\/\\\/www.ucaldas.edu.co\\\/portal\\\/familias-buscan-apoyo-en-el-centro-de-acompanamiento-a-las-familias\\\/#article\",\"isPartOf\":{\"@id\":\"https:\\\/\\\/www.ucaldas.edu.co\\\/portal\\\/familias-buscan-apoyo-en-el-centro-de-acompanamiento-a-las-familias\\\/\"},\"author\":{\"name\":\"ofiprensa\",\"@id\":\"https:\\\/\\\/www.ucaldas.edu.co\\\/portal\\\/#\\\/schema\\\/person\\\/a1b482e23449158b4bc319926c074fdf\"},\"headline\":\"Familias buscan apoyo en el Centro de Acompa\u00f1amiento a las Familias\",\"datePublished\":\"2020-05-20T01:03:46+00:00\",\"mainEntityOfPage\":{\"@id\":\"https:\\\/\\\/www.ucaldas.edu.co\\\/portal\\\/familias-buscan-apoyo-en-el-centro-de-acompanamiento-a-las-familias\\\/\"},\"wordCount\":328,\"publisher\":{\"@id\":\"https:\\\/\\\/www.ucaldas.edu.co\\\/portal\\\/#organization\"},\"image\":{\"@id\":\"https:\\\/\\\/www.ucaldas.edu.co\\\/portal\\\/familias-buscan-apoyo-en-el-centro-de-acompanamiento-a-las-familias\\\/#primaryimage\"},\"thumbnailUrl\":\"https:\\\/\\\/www.ucaldas.edu.co\\\/portal\\\/wp-content\\\/uploads\\\/2020\\\/05\\\/CAF-1.jpg\",\"keywords\":[\"conflicto\",\"Caldas\",\"violencia\",\"familias\",\"caf\"],\"articleSection\":[\"Actualidad\",\"Universidad al D\u00eda\"],\"inLanguage\":\"es\"},{\"@type\":\"WebPage\",\"@id\":\"https:\\\/\\\/www.ucaldas.edu.co\\\/portal\\\/familias-buscan-apoyo-en-el-centro-de-acompanamiento-a-las-familias\\\/\",\"url\":\"https:\\\/\\\/www.ucaldas.edu.co\\\/portal\\\/familias-buscan-apoyo-en-el-centro-de-acompanamiento-a-las-familias\\\/\",\"name\":\"Familias buscan apoyo en el Centro de Acompa\u00f1amiento a las Familias .\",\"isPartOf\":{\"@id\":\"https:\\\/\\\/www.ucaldas.edu.co\\\/portal\\\/#website\"},\"primaryImageOfPage\":{\"@id\":\"https:\\\/\\\/www.ucaldas.edu.co\\\/portal\\\/familias-buscan-apoyo-en-el-centro-de-acompanamiento-a-las-familias\\\/#primaryimage\"},\"image\":{\"@id\":\"https:\\\/\\\/www.ucaldas.edu.co\\\/portal\\\/familias-buscan-apoyo-en-el-centro-de-acompanamiento-a-las-familias\\\/#primaryimage\"},\"thumbnailUrl\":\"https:\\\/\\\/www.ucaldas.edu.co\\\/portal\\\/wp-content\\\/uploads\\\/2020\\\/05\\\/CAF-1.jpg\",\"datePublished\":\"2020-05-20T01:03:46+00:00\",\"breadcrumb\":{\"@id\":\"https:\\\/\\\/www.ucaldas.edu.co\\\/portal\\\/familias-buscan-apoyo-en-el-centro-de-acompanamiento-a-las-familias\\\/#breadcrumb\"},\"inLanguage\":\"es\",\"potentialAction\":[{\"@type\":\"ReadAction\",\"target\":[\"https:\\\/\\\/www.ucaldas.edu.co\\\/portal\\\/familias-buscan-apoyo-en-el-centro-de-acompanamiento-a-las-familias\\\/\"]}]},{\"@type\":\"ImageObject\",\"inLanguage\":\"es\",\"@id\":\"https:\\\/\\\/www.ucaldas.edu.co\\\/portal\\\/familias-buscan-apoyo-en-el-centro-de-acompanamiento-a-las-familias\\\/#primaryimage\",\"url\":\"https:\\\/\\\/www.ucaldas.edu.co\\\/portal\\\/wp-content\\\/uploads\\\/2020\\\/05\\\/CAF-1.jpg\",\"contentUrl\":\"https:\\\/\\\/www.ucaldas.edu.co\\\/portal\\\/wp-content\\\/uploads\\\/2020\\\/05\\\/CAF-1.jpg\",\"width\":700,\"height\":400},{\"@type\":\"BreadcrumbList\",\"@id\":\"https:\\\/\\\/www.ucaldas.edu.co\\\/portal\\\/familias-buscan-apoyo-en-el-centro-de-acompanamiento-a-las-familias\\\/#breadcrumb\",\"itemListElement\":[{\"@type\":\"ListItem\",\"position\":1,\"name\":\"Portada\",\"item\":\"https:\\\/\\\/www.ucaldas.edu.co\\\/portal\\\/\"},{\"@type\":\"ListItem\",\"position\":2,\"name\":\"Familias buscan apoyo en el Centro de Acompa\u00f1amiento a las Familias\"}]},{\"@type\":\"WebSite\",\"@id\":\"https:\\\/\\\/www.ucaldas.edu.co\\\/portal\\\/#website\",\"url\":\"https:\\\/\\\/www.ucaldas.edu.co\\\/portal\\\/\",\"name\":\"Universidad de Caldas\",\"description\":\"\",\"publisher\":{\"@id\":\"https:\\\/\\\/www.ucaldas.edu.co\\\/portal\\\/#organization\"},\"alternateName\":\"U. de Caldas\",\"potentialAction\":[{\"@type\":\"SearchAction\",\"target\":{\"@type\":\"EntryPoint\",\"urlTemplate\":\"https:\\\/\\\/www.ucaldas.edu.co\\\/portal\\\/?s={search_term_string}\"},\"query-input\":{\"@type\":\"PropertyValueSpecification\",\"valueRequired\":true,\"valueName\":\"search_term_string\"}}],\"inLanguage\":\"es\"},{\"@type\":\"Organization\",\"@id\":\"https:\\\/\\\/www.ucaldas.edu.co\\\/portal\\\/#organization\",\"name\":\"Universidad de Caldas\",\"alternateName\":\"U. de Caldas\",\"url\":\"https:\\\/\\\/www.ucaldas.edu.co\\\/portal\\\/\",\"logo\":{\"@type\":\"ImageObject\",\"inLanguage\":\"es\",\"@id\":\"https:\\\/\\\/www.ucaldas.edu.co\\\/portal\\\/#\\\/schema\\\/logo\\\/image\\\/\",\"url\":\"https:\\\/\\\/www.ucaldas.edu.co\\\/portal\\\/wp-content\\\/uploads\\\/2023\\\/11\\\/Logo_horizontal_oscuroU-2023.png\",\"contentUrl\":\"https:\\\/\\\/www.ucaldas.edu.co\\\/portal\\\/wp-content\\\/uploads\\\/2023\\\/11\\\/Logo_horizontal_oscuroU-2023.png\",\"width\":263,\"height\":101,\"caption\":\"Universidad de Caldas\"},\"image\":{\"@id\":\"https:\\\/\\\/www.ucaldas.edu.co\\\/portal\\\/#\\\/schema\\\/logo\\\/image\\\/\"},\"sameAs\":[\"https:\\\/\\\/www.facebook.com\\\/udecaldas\",\"https:\\\/\\\/x.com\\\/udecaldas\",\"https:\\\/\\\/www.youtube.com\\\/universidadcaldas\",\"https:\\\/\\\/www.instagram.com\\\/udecaldas\\\/\"]},{\"@type\":\"Person\",\"@id\":\"https:\\\/\\\/www.ucaldas.edu.co\\\/portal\\\/#\\\/schema\\\/person\\\/a1b482e23449158b4bc319926c074fdf\",\"name\":\"ofiprensa\",\"image\":{\"@type\":\"ImageObject\",\"inLanguage\":\"es\",\"@id\":\"https:\\\/\\\/www.ucaldas.edu.co\\\/portal\\\/wp-content\\\/litespeed\\\/avatar\\\/09ea5085e600095a7a811142c6944527.jpg?ver=1777497608\",\"url\":\"https:\\\/\\\/www.ucaldas.edu.co\\\/portal\\\/wp-content\\\/litespeed\\\/avatar\\\/09ea5085e600095a7a811142c6944527.jpg?ver=1777497608\",\"contentUrl\":\"https:\\\/\\\/www.ucaldas.edu.co\\\/portal\\\/wp-content\\\/litespeed\\\/avatar\\\/09ea5085e600095a7a811142c6944527.jpg?ver=1777497608\",\"caption\":\"ofiprensa\"},\"url\":\"https:\\\/\\\/www.ucaldas.edu.co\\\/portal\\\/author\\\/ofiprensa\\\/\"}]}<\/script>\n<!-- \/ Yoast SEO plugin. -->","yoast_head_json":{"title":"Familias buscan apoyo en el Centro de Acompa\u00f1amiento a las Familias .","robots":{"index":"index","follow":"follow","max-snippet":"max-snippet:-1","max-image-preview":"max-image-preview:large","max-video-preview":"max-video-preview:-1"},"canonical":"https:\/\/www.ucaldas.edu.co\/portal\/familias-buscan-apoyo-en-el-centro-de-acompanamiento-a-las-familias\/","schema":{"@context":"https:\/\/schema.org","@graph":[{"@type":"Article","@id":"https:\/\/www.ucaldas.edu.co\/portal\/familias-buscan-apoyo-en-el-centro-de-acompanamiento-a-las-familias\/#article","isPartOf":{"@id":"https:\/\/www.ucaldas.edu.co\/portal\/familias-buscan-apoyo-en-el-centro-de-acompanamiento-a-las-familias\/"},"author":{"name":"ofiprensa","@id":"https:\/\/www.ucaldas.edu.co\/portal\/#\/schema\/person\/a1b482e23449158b4bc319926c074fdf"},"headline":"Familias buscan apoyo en el Centro de Acompa\u00f1amiento a las Familias","datePublished":"2020-05-20T01:03:46+00:00","mainEntityOfPage":{"@id":"https:\/\/www.ucaldas.edu.co\/portal\/familias-buscan-apoyo-en-el-centro-de-acompanamiento-a-las-familias\/"},"wordCount":328,"publisher":{"@id":"https:\/\/www.ucaldas.edu.co\/portal\/#organization"},"image":{"@id":"https:\/\/www.ucaldas.edu.co\/portal\/familias-buscan-apoyo-en-el-centro-de-acompanamiento-a-las-familias\/#primaryimage"},"thumbnailUrl":"https:\/\/www.ucaldas.edu.co\/portal\/wp-content\/uploads\/2020\/05\/CAF-1.jpg","keywords":["conflicto","Caldas","violencia","familias","caf"],"articleSection":["Actualidad","Universidad al D\u00eda"],"inLanguage":"es"},{"@type":"WebPage","@id":"https:\/\/www.ucaldas.edu.co\/portal\/familias-buscan-apoyo-en-el-centro-de-acompanamiento-a-las-familias\/","url":"https:\/\/www.ucaldas.edu.co\/portal\/familias-buscan-apoyo-en-el-centro-de-acompanamiento-a-las-familias\/","name":"Familias buscan apoyo en el Centro de Acompa\u00f1amiento a las Familias .","isPartOf":{"@id":"https:\/\/www.ucaldas.edu.co\/portal\/#website"},"primaryImageOfPage":{"@id":"https:\/\/www.ucaldas.edu.co\/portal\/familias-buscan-apoyo-en-el-centro-de-acompanamiento-a-las-familias\/#primaryimage"},"image":{"@id":"https:\/\/www.ucaldas.edu.co\/portal\/familias-buscan-apoyo-en-el-centro-de-acompanamiento-a-las-familias\/#primaryimage"},"thumbnailUrl":"https:\/\/www.ucaldas.edu.co\/portal\/wp-content\/uploads\/2020\/05\/CAF-1.jpg","datePublished":"2020-05-20T01:03:46+00:00","breadcrumb":{"@id":"https:\/\/www.ucaldas.edu.co\/portal\/familias-buscan-apoyo-en-el-centro-de-acompanamiento-a-las-familias\/#breadcrumb"},"inLanguage":"es","potentialAction":[{"@type":"ReadAction","target":["https:\/\/www.ucaldas.edu.co\/portal\/familias-buscan-apoyo-en-el-centro-de-acompanamiento-a-las-familias\/"]}]},{"@type":"ImageObject","inLanguage":"es","@id":"https:\/\/www.ucaldas.edu.co\/portal\/familias-buscan-apoyo-en-el-centro-de-acompanamiento-a-las-familias\/#primaryimage","url":"https:\/\/www.ucaldas.edu.co\/portal\/wp-content\/uploads\/2020\/05\/CAF-1.jpg","contentUrl":"https:\/\/www.ucaldas.edu.co\/portal\/wp-content\/uploads\/2020\/05\/CAF-1.jpg","width":700,"height":400},{"@type":"BreadcrumbList","@id":"https:\/\/www.ucaldas.edu.co\/portal\/familias-buscan-apoyo-en-el-centro-de-acompanamiento-a-las-familias\/#breadcrumb","itemListElement":[{"@type":"ListItem","position":1,"name":"Portada","item":"https:\/\/www.ucaldas.edu.co\/portal\/"},{"@type":"ListItem","position":2,"name":"Familias buscan apoyo en el Centro de Acompa\u00f1amiento a las Familias"}]},{"@type":"WebSite","@id":"https:\/\/www.ucaldas.edu.co\/portal\/#website","url":"https:\/\/www.ucaldas.edu.co\/portal\/","name":"Universidad de Caldas","description":"","publisher":{"@id":"https:\/\/www.ucaldas.edu.co\/portal\/#organization"},"alternateName":"U. de Caldas","potentialAction":[{"@type":"SearchAction","target":{"@type":"EntryPoint","urlTemplate":"https:\/\/www.ucaldas.edu.co\/portal\/?s={search_term_string}"},"query-input":{"@type":"PropertyValueSpecification","valueRequired":true,"valueName":"search_term_string"}}],"inLanguage":"es"},{"@type":"Organization","@id":"https:\/\/www.ucaldas.edu.co\/portal\/#organization","name":"Universidad de Caldas","alternateName":"U. de Caldas","url":"https:\/\/www.ucaldas.edu.co\/portal\/","logo":{"@type":"ImageObject","inLanguage":"es","@id":"https:\/\/www.ucaldas.edu.co\/portal\/#\/schema\/logo\/image\/","url":"https:\/\/www.ucaldas.edu.co\/portal\/wp-content\/uploads\/2023\/11\/Logo_horizontal_oscuroU-2023.png","contentUrl":"https:\/\/www.ucaldas.edu.co\/portal\/wp-content\/uploads\/2023\/11\/Logo_horizontal_oscuroU-2023.png","width":263,"height":101,"caption":"Universidad de Caldas"},"image":{"@id":"https:\/\/www.ucaldas.edu.co\/portal\/#\/schema\/logo\/image\/"},"sameAs":["https:\/\/www.facebook.com\/udecaldas","https:\/\/x.com\/udecaldas","https:\/\/www.youtube.com\/universidadcaldas","https:\/\/www.instagram.com\/udecaldas\/"]},{"@type":"Person","@id":"https:\/\/www.ucaldas.edu.co\/portal\/#\/schema\/person\/a1b482e23449158b4bc319926c074fdf","name":"ofiprensa","image":{"@type":"ImageObject","inLanguage":"es","@id":"https:\/\/www.ucaldas.edu.co\/portal\/wp-content\/litespeed\/avatar\/09ea5085e600095a7a811142c6944527.jpg?ver=1777497608","url":"https:\/\/www.ucaldas.edu.co\/portal\/wp-content\/litespeed\/avatar\/09ea5085e600095a7a811142c6944527.jpg?ver=1777497608","contentUrl":"https:\/\/www.ucaldas.edu.co\/portal\/wp-content\/litespeed\/avatar\/09ea5085e600095a7a811142c6944527.jpg?ver=1777497608","caption":"ofiprensa"},"url":"https:\/\/www.ucaldas.edu.co\/portal\/author\/ofiprensa\/"}]}},"_links":{"self":[{"href":"https:\/\/www.ucaldas.edu.co\/portal\/wp-json\/wp\/v2\/posts\/55966","targetHints":{"allow":["GET"]}}],"collection":[{"href":"https:\/\/www.ucaldas.edu.co\/portal\/wp-json\/wp\/v2\/posts"}],"about":[{"href":"https:\/\/www.ucaldas.edu.co\/portal\/wp-json\/wp\/v2\/types\/post"}],"author":[{"embeddable":true,"href":"https:\/\/www.ucaldas.edu.co\/portal\/wp-json\/wp\/v2\/users\/2"}],"replies":[{"embeddable":true,"href":"https:\/\/www.ucaldas.edu.co\/portal\/wp-json\/wp\/v2\/comments?post=55966"}],"version-history":[{"count":0,"href":"https:\/\/www.ucaldas.edu.co\/portal\/wp-json\/wp\/v2\/posts\/55966\/revisions"}],"wp:featuredmedia":[{"embeddable":true,"href":"https:\/\/www.ucaldas.edu.co\/portal\/wp-json\/wp\/v2\/media\/55967"}],"wp:attachment":[{"href":"https:\/\/www.ucaldas.edu.co\/portal\/wp-json\/wp\/v2\/media?parent=55966"}],"wp:term":[{"taxonomy":"category","embeddable":true,"href":"https:\/\/www.ucaldas.edu.co\/portal\/wp-json\/wp\/v2\/categories?post=55966"},{"taxonomy":"post_tag","embeddable":true,"href":"https:\/\/www.ucaldas.edu.co\/portal\/wp-json\/wp\/v2\/tags?post=55966"}],"curies":[{"name":"wp","href":"https:\/\/api.w.org\/{rel}","templated":true}]}}